{"id":591,"date":"2016-08-06T12:01:38","date_gmt":"2016-08-06T10:01:38","guid":{"rendered":"http:\/\/e-novatio.com\/?p=591"},"modified":"2016-08-06T12:01:38","modified_gmt":"2016-08-06T10:01:38","slug":"delphine-batho-plonge-la-nuit-dans-le-noir","status":"publish","type":"post","link":"https:\/\/territorialchallenges.com\/de\/2016\/08\/06\/delphine-batho-plonge-la-nuit-dans-le-noir\/591\/","title":{"rendered":"Delphine Batho taucht die Nacht in Dunkelheit"},"content":{"rendered":"<p>(24. Juni 2013) Das Dekret des Umweltministers vom 25. Januar 2013 zur Abschaltung der n\u00e4chtlichen Beleuchtung in Nichtwohngeb\u00e4uden zur Begrenzung von Lichtverschmutzung und Lichtverbrauch tritt am 1. Juli in Kraft. Es ist nicht sicher, ob Delphine Batho alle Bedenken hinsichtlich einer Entscheidung ber\u00fccksichtigt hat, die die Beleuchtungsgewohnheiten ver\u00e4ndern wird. \u201e...Die... <\/p>\n<div class=\"pmpro_content_message\">Artikel nur f\u00fcr Abonnenten sichtbar.<br \/><a href=\"https:\/\/territorialchallenges.com\/wp-login.php\">Verbindung<\/a><br \/><a href=\"https:\/\/territorialchallenges.com\/de\/wp-login.php\/?action=register\">Registrieren<\/a><\/div>","protected":false},"excerpt":{"rendered":"<p>(24 juin 2013) L&rsquo;arr\u00eat\u00e9 du 25\/01\/2013 de la ministre de l&rsquo;Ecologie,\u00a0relatif\u00a0\u00e0 l&rsquo;extinction de\u00a0l&rsquo;\u00e9clairage nocturne des b\u00e2timents non r\u00e9sidentiels,\u00a0afin de limiter les nuisances lumineuses et les consommations, entre en application \u00e0 partir du\u00a01er\u00a0juillet.\u00a0Il n&rsquo;est pas si s\u00fbr que Delphine Batho a pris\u00a0en compte\u00a0toutes les pr\u00e9occupations d&rsquo;une d\u00e9cision qui va bouleverser des habitudes en mati\u00e8re d&rsquo;\u00e9clairage. \u00ab\u00a0&#8230;La... <\/p>\n<div class=\"pmpro_content_message\">Artikel nur f\u00fcr Abonnenten sichtbar.<br \/><a href=\"https:\/\/territorialchallenges.com\/wp-login.php\">Verbindung<\/a><br \/><a href=\"https:\/\/territorialchallenges.com\/de\/wp-login.php\/?action=register\">Registrieren<\/a><\/div>","protected":false},"author":11,"featured_media":0,"comment_status":"open","ping_status":"open","sticky":true,"template":"","format":"standard","meta":{"pmpro_default_level":0,"footnotes":""},"categories":[123],"tags":[],"blocksy_meta":"","yoast_head":"<!-- This site is optimized with the Yoast SEO plugin v21.5 - https:\/\/yoast.com\/wordpress\/plugins\/seo\/ -->\n<title>Delphine Batho plonge la nuit dans le noir - Territorial Challenges<\/title>\n<meta name=\"robots\" content=\"index, follow, max-snippet:-1, max-image-preview:large, max-video-preview:-1\" \/>\n<link rel=\"canonical\" href=\"https:\/\/territorialchallenges.com\/de\/2016\/08\/06\/delphine-batho-plonge-la-nuit-dans-le-noir\/591\/\" \/>\n<meta property=\"og:locale\" content=\"de_DE\" \/>\n<meta property=\"og:type\" content=\"article\" \/>\n<meta property=\"og:title\" content=\"Delphine Batho plonge la nuit dans le noir - Territorial Challenges\" \/>\n<meta property=\"og:description\" content=\"(24 juin 2013) L&rsquo;arr\u00eat\u00e9 du 25\/01\/2013 de la ministre de l&rsquo;Ecologie,\u00a0relatif\u00a0\u00e0 l&rsquo;extinction de\u00a0l&rsquo;\u00e9clairage nocturne des b\u00e2timents non r\u00e9sidentiels,\u00a0afin de limiter les nuisances lumineuses et les consommations, entre en application \u00e0 partir du\u00a01er\u00a0juillet.\u00a0Il n&rsquo;est pas si s\u00fbr que Delphine Batho a pris\u00a0en compte\u00a0toutes les pr\u00e9occupations d&rsquo;une d\u00e9cision qui va bouleverser des habitudes en mati\u00e8re d&rsquo;\u00e9clairage. \u00ab\u00a0&#8230;La [&hellip;]\" \/>\n<meta property=\"og:url\" content=\"https:\/\/territorialchallenges.com\/de\/2016\/08\/06\/delphine-batho-plonge-la-nuit-dans-le-noir\/591\/\" \/>\n<meta property=\"og:site_name\" content=\"Territorial Challenges\" \/>\n<meta property=\"article:published_time\" content=\"2016-08-06T10:01:38+00:00\" \/>\n<meta name=\"author\" content=\"ni.abdi\" \/>\n<meta name=\"twitter:card\" content=\"summary_large_image\" \/>\n<meta name=\"twitter:creator\" content=\"@Ni.abdi\" \/>\n<meta name=\"twitter:label1\" content=\"Verfasst von\" \/>\n\t<meta name=\"twitter:data1\" content=\"ni.abdi\" \/>\n\t<meta name=\"twitter:label2\" content=\"Gesch\u00e4tzte Lesezeit\" \/>\n\t<meta name=\"twitter:data2\" content=\"4\u00a0Minuten\" \/>\n<script type=\"application\/ld+json\" class=\"yoast-schema-graph\">{\"@context\":\"https:\/\/schema.org\",\"@graph\":[{\"@type\":\"Article\",\"@id\":\"https:\/\/territorialchallenges.com\/2016\/08\/06\/delphine-batho-plonge-la-nuit-dans-le-noir\/591\/#article\",\"isPartOf\":{\"@id\":\"https:\/\/territorialchallenges.com\/2016\/08\/06\/delphine-batho-plonge-la-nuit-dans-le-noir\/591\/\"},\"author\":{\"name\":\"ni.abdi\",\"@id\":\"https:\/\/territorialchallenges.com\/#\/schema\/person\/098f145c7c61a021c425e010f840080f\"},\"headline\":\"Delphine Batho plonge la nuit dans le noir\",\"datePublished\":\"2016-08-06T10:01:38+00:00\",\"dateModified\":\"2016-08-06T10:01:38+00:00\",\"mainEntityOfPage\":{\"@id\":\"https:\/\/territorialchallenges.com\/2016\/08\/06\/delphine-batho-plonge-la-nuit-dans-le-noir\/591\/\"},\"wordCount\":849,\"commentCount\":0,\"publisher\":{\"@id\":\"https:\/\/territorialchallenges.com\/#organization\"},\"articleSection\":[\"Archives - Editos\"],\"inLanguage\":\"de\"},{\"@type\":\"WebPage\",\"@id\":\"https:\/\/territorialchallenges.com\/2016\/08\/06\/delphine-batho-plonge-la-nuit-dans-le-noir\/591\/\",\"url\":\"https:\/\/territorialchallenges.com\/2016\/08\/06\/delphine-batho-plonge-la-nuit-dans-le-noir\/591\/\",\"name\":\"Delphine Batho plonge la nuit dans le noir - Territorial Challenges\",\"isPartOf\":{\"@id\":\"https:\/\/territorialchallenges.com\/#website\"},\"datePublished\":\"2016-08-06T10:01:38+00:00\",\"dateModified\":\"2016-08-06T10:01:38+00:00\",\"breadcrumb\":{\"@id\":\"https:\/\/territorialchallenges.com\/2016\/08\/06\/delphine-batho-plonge-la-nuit-dans-le-noir\/591\/#breadcrumb\"},\"inLanguage\":\"de\",\"potentialAction\":[{\"@type\":\"ReadAction\",\"target\":[\"https:\/\/territorialchallenges.com\/2016\/08\/06\/delphine-batho-plonge-la-nuit-dans-le-noir\/591\/\"]}]},{\"@type\":\"BreadcrumbList\",\"@id\":\"https:\/\/territorialchallenges.com\/2016\/08\/06\/delphine-batho-plonge-la-nuit-dans-le-noir\/591\/#breadcrumb\",\"itemListElement\":[{\"@type\":\"ListItem\",\"position\":1,\"name\":\"Home\",\"item\":\"https:\/\/territorialchallenges.com\/\"},{\"@type\":\"ListItem\",\"position\":2,\"name\":\"Delphine Batho plonge la nuit dans le noir\"}]},{\"@type\":\"WebSite\",\"@id\":\"https:\/\/territorialchallenges.com\/#website\",\"url\":\"https:\/\/territorialchallenges.com\/\",\"name\":\"Territorial Challenges\",\"description\":\"Veille Internationale - Strat\u00e9gie Intelligentes - Bonnes pratiques\",\"publisher\":{\"@id\":\"https:\/\/territorialchallenges.com\/#organization\"},\"potentialAction\":[{\"@type\":\"SearchAction\",\"target\":{\"@type\":\"EntryPoint\",\"urlTemplate\":\"https:\/\/territorialchallenges.com\/?s={search_term_string}\"},\"query-input\":\"required name=search_term_string\"}],\"inLanguage\":\"de\"},{\"@type\":\"Organization\",\"@id\":\"https:\/\/territorialchallenges.com\/#organization\",\"name\":\"Territorial Challenges\",\"url\":\"https:\/\/territorialchallenges.com\/\",\"logo\":{\"@type\":\"ImageObject\",\"inLanguage\":\"de\",\"@id\":\"https:\/\/territorialchallenges.com\/#\/schema\/logo\/image\/\",\"url\":\"https:\/\/territorialchallenges.com\/wp-content\/uploads\/2023\/10\/logo-1.png\",\"contentUrl\":\"https:\/\/territorialchallenges.com\/wp-content\/uploads\/2023\/10\/logo-1.png\",\"width\":1832,\"height\":576,\"caption\":\"Territorial Challenges\"},\"image\":{\"@id\":\"https:\/\/territorialchallenges.com\/#\/schema\/logo\/image\/\"}},{\"@type\":\"Person\",\"@id\":\"https:\/\/territorialchallenges.com\/#\/schema\/person\/098f145c7c61a021c425e010f840080f\",\"name\":\"ni.abdi\",\"image\":{\"@type\":\"ImageObject\",\"inLanguage\":\"de\",\"@id\":\"https:\/\/territorialchallenges.com\/#\/schema\/person\/image\/\",\"url\":\"https:\/\/secure.gravatar.com\/avatar\/2a2f2491f3c80039986ba989b1e4b510?s=96&d=identicon&r=g\",\"contentUrl\":\"https:\/\/secure.gravatar.com\/avatar\/2a2f2491f3c80039986ba989b1e4b510?s=96&d=identicon&r=g\",\"caption\":\"ni.abdi\"},\"sameAs\":[\"https:\/\/twitter.com\/Ni.abdi\"],\"url\":\"https:\/\/territorialchallenges.com\/de\/author\/ni-abdi\/\"}]}<\/script>\n<!-- \/ Yoast SEO plugin. -->","yoast_head_json":{"title":"Delphine Batho plonge la nuit dans le noir - Territorial Challenges","robots":{"index":"index","follow":"follow","max-snippet":"max-snippet:-1","max-image-preview":"max-image-preview:large","max-video-preview":"max-video-preview:-1"},"canonical":"https:\/\/territorialchallenges.com\/de\/2016\/08\/06\/delphine-batho-plonge-la-nuit-dans-le-noir\/591\/","og_locale":"de_DE","og_type":"article","og_title":"Delphine Batho plonge la nuit dans le noir - Territorial Challenges","og_description":"(24 juin 2013) L&rsquo;arr\u00eat\u00e9 du 25\/01\/2013 de la ministre de l&rsquo;Ecologie,\u00a0relatif\u00a0\u00e0 l&rsquo;extinction de\u00a0l&rsquo;\u00e9clairage nocturne des b\u00e2timents non r\u00e9sidentiels,\u00a0afin de limiter les nuisances lumineuses et les consommations, entre en application \u00e0 partir du\u00a01er\u00a0juillet.\u00a0Il n&rsquo;est pas si s\u00fbr que Delphine Batho a pris\u00a0en compte\u00a0toutes les pr\u00e9occupations d&rsquo;une d\u00e9cision qui va bouleverser des habitudes en mati\u00e8re d&rsquo;\u00e9clairage. \u00ab\u00a0&#8230;La [&hellip;]","og_url":"https:\/\/territorialchallenges.com\/de\/2016\/08\/06\/delphine-batho-plonge-la-nuit-dans-le-noir\/591\/","og_site_name":"Territorial Challenges","article_published_time":"2016-08-06T10:01:38+00:00","author":"ni.abdi","twitter_card":"summary_large_image","twitter_creator":"@Ni.abdi","twitter_misc":{"Verfasst von":"ni.abdi","Gesch\u00e4tzte Lesezeit":"4\u00a0Minuten"},"schema":{"@context":"https:\/\/schema.org","@graph":[{"@type":"Article","@id":"https:\/\/territorialchallenges.com\/2016\/08\/06\/delphine-batho-plonge-la-nuit-dans-le-noir\/591\/#article","isPartOf":{"@id":"https:\/\/territorialchallenges.com\/2016\/08\/06\/delphine-batho-plonge-la-nuit-dans-le-noir\/591\/"},"author":{"name":"ni.abdi","@id":"https:\/\/territorialchallenges.com\/#\/schema\/person\/098f145c7c61a021c425e010f840080f"},"headline":"Delphine Batho plonge la nuit dans le noir","datePublished":"2016-08-06T10:01:38+00:00","dateModified":"2016-08-06T10:01:38+00:00","mainEntityOfPage":{"@id":"https:\/\/territorialchallenges.com\/2016\/08\/06\/delphine-batho-plonge-la-nuit-dans-le-noir\/591\/"},"wordCount":849,"commentCount":0,"publisher":{"@id":"https:\/\/territorialchallenges.com\/#organization"},"articleSection":["Archives - Editos"],"inLanguage":"de"},{"@type":"WebPage","@id":"https:\/\/territorialchallenges.com\/2016\/08\/06\/delphine-batho-plonge-la-nuit-dans-le-noir\/591\/","url":"https:\/\/territorialchallenges.com\/2016\/08\/06\/delphine-batho-plonge-la-nuit-dans-le-noir\/591\/","name":"Delphine Batho plonge la nuit dans le noir - Territorial Challenges","isPartOf":{"@id":"https:\/\/territorialchallenges.com\/#website"},"datePublished":"2016-08-06T10:01:38+00:00","dateModified":"2016-08-06T10:01:38+00:00","breadcrumb":{"@id":"https:\/\/territorialchallenges.com\/2016\/08\/06\/delphine-batho-plonge-la-nuit-dans-le-noir\/591\/#breadcrumb"},"inLanguage":"de","potentialAction":[{"@type":"ReadAction","target":["https:\/\/territorialchallenges.com\/2016\/08\/06\/delphine-batho-plonge-la-nuit-dans-le-noir\/591\/"]}]},{"@type":"BreadcrumbList","@id":"https:\/\/territorialchallenges.com\/2016\/08\/06\/delphine-batho-plonge-la-nuit-dans-le-noir\/591\/#breadcrumb","itemListElement":[{"@type":"ListItem","position":1,"name":"Home","item":"https:\/\/territorialchallenges.com\/"},{"@type":"ListItem","position":2,"name":"Delphine Batho plonge la nuit dans le noir"}]},{"@type":"WebSite","@id":"https:\/\/territorialchallenges.com\/#website","url":"https:\/\/territorialchallenges.com\/","name":"Territoriale Herausforderungen","description":"Internationales Monitoring \u2013 Intelligente Strategien \u2013 Best Practices","publisher":{"@id":"https:\/\/territorialchallenges.com\/#organization"},"potentialAction":[{"@type":"SearchAction","target":{"@type":"EntryPoint","urlTemplate":"https:\/\/territorialchallenges.com\/?s={search_term_string}"},"query-input":"required name=search_term_string"}],"inLanguage":"de"},{"@type":"Organization","@id":"https:\/\/territorialchallenges.com\/#organization","name":"Territoriale Herausforderungen","url":"https:\/\/territorialchallenges.com\/","logo":{"@type":"ImageObject","inLanguage":"de","@id":"https:\/\/territorialchallenges.com\/#\/schema\/logo\/image\/","url":"https:\/\/territorialchallenges.com\/wp-content\/uploads\/2023\/10\/logo-1.png","contentUrl":"https:\/\/territorialchallenges.com\/wp-content\/uploads\/2023\/10\/logo-1.png","width":1832,"height":576,"caption":"Territorial Challenges"},"image":{"@id":"https:\/\/territorialchallenges.com\/#\/schema\/logo\/image\/"}},{"@type":"Person","@id":"https:\/\/territorialchallenges.com\/#\/schema\/person\/098f145c7c61a021c425e010f840080f","name":"ni.abdi","image":{"@type":"ImageObject","inLanguage":"de","@id":"https:\/\/territorialchallenges.com\/#\/schema\/person\/image\/","url":"https:\/\/secure.gravatar.com\/avatar\/2a2f2491f3c80039986ba989b1e4b510?s=96&d=identicon&r=g","contentUrl":"https:\/\/secure.gravatar.com\/avatar\/2a2f2491f3c80039986ba989b1e4b510?s=96&d=identicon&r=g","caption":"ni.abdi"},"sameAs":["https:\/\/twitter.com\/Ni.abdi"],"url":"https:\/\/territorialchallenges.com\/de\/author\/ni-abdi\/"}]}},"_links":{"self":[{"href":"https:\/\/territorialchallenges.com\/de\/wp-json\/wp\/v2\/posts\/591"}],"collection":[{"href":"https:\/\/territorialchallenges.com\/de\/wp-json\/wp\/v2\/posts"}],"about":[{"href":"https:\/\/territorialchallenges.com\/de\/wp-json\/wp\/v2\/types\/post"}],"author":[{"embeddable":true,"href":"https:\/\/territorialchallenges.com\/de\/wp-json\/wp\/v2\/users\/11"}],"replies":[{"embeddable":true,"href":"https:\/\/territorialchallenges.com\/de\/wp-json\/wp\/v2\/comments?post=591"}],"version-history":[{"count":0,"href":"https:\/\/territorialchallenges.com\/de\/wp-json\/wp\/v2\/posts\/591\/revisions"}],"wp:attachment":[{"href":"https:\/\/territorialchallenges.com\/de\/wp-json\/wp\/v2\/media?parent=591"}],"wp:term":[{"taxonomy":"category","embeddable":true,"href":"https:\/\/territorialchallenges.com\/de\/wp-json\/wp\/v2\/categories?post=591"},{"taxonomy":"post_tag","embeddable":true,"href":"https:\/\/territorialchallenges.com\/de\/wp-json\/wp\/v2\/tags?post=591"}],"curies":[{"name":"wp","href":"https:\/\/api.w.org\/{rel}","templated":true}]}}