{"id":569,"date":"2016-08-06T01:27:14","date_gmt":"2016-08-05T23:27:14","guid":{"rendered":"http:\/\/e-novatio.com\/?p=569"},"modified":"2016-08-06T01:27:14","modified_gmt":"2016-08-05T23:27:14","slug":"transition-energetique-les-francais-manquent-dinteret-pour-la-reglementation-batiment-responsable-2020","status":"publish","type":"post","link":"https:\/\/territorialchallenges.com\/de\/2016\/08\/06\/transition-energetique-les-francais-manquent-dinteret-pour-la-reglementation-batiment-responsable-2020\/569\/","title":{"rendered":"Energiewende: Den Franzosen fehlt das Interesse an den Responsible Building Regulations 2020"},"content":{"rendered":"<p>(8. April 2013) 200.000 Menschen besuchten am 29., 30. und 31. M\u00e4rz eine der 450 St\u00e4tten, die in Frankreich im Rahmen der ersten Energietage er\u00f6ffnet wurden. Zum Vergleich: Bei den beiden Tagen des Kulturerbes im Jahr 2011 waren es 12 Millionen Besucher... Kann man davon ausgehen, dass die Franzosen sich mehr um die Zukunft sorgen... <\/p>\n<div class=\"pmpro_content_message\">Artikel nur f\u00fcr Abonnenten sichtbar.<br \/><a href=\"https:\/\/territorialchallenges.com\/wp-login.php\">Verbindung<\/a><br \/><a href=\"https:\/\/territorialchallenges.com\/de\/wp-login.php\/?action=register\">Registrieren<\/a><\/div>","protected":false},"excerpt":{"rendered":"<p>(08 avril 2013) 200 000 personnes ont visit\u00e9 un des 450 sites ouverts en France, les 29, 30 et 31 mars \u00e0 l\u2019occasion des premi\u00e8res Journ\u00e9es de l\u2019Energie. Par comparaison, pour les deux Journ\u00e9es du Patrimoine de l\u2018\u00e9dition 2011, ils \u00e9taient 12 millions de visiteurs&#8230; Peut-on consid\u00e9rer que les Fran\u00e7ais sont plus pr\u00e9occup\u00e9s du devenir... <\/p>\n<div class=\"pmpro_content_message\">Artikel nur f\u00fcr Abonnenten sichtbar.<br \/><a href=\"https:\/\/territorialchallenges.com\/wp-login.php\">Verbindung<\/a><br \/><a href=\"https:\/\/territorialchallenges.com\/de\/wp-login.php\/?action=register\">Registrieren<\/a><\/div>","protected":false},"author":11,"featured_media":0,"comment_status":"open","ping_status":"open","sticky":true,"template":"","format":"standard","meta":{"pmpro_default_level":0,"footnotes":""},"categories":[123],"tags":[],"blocksy_meta":"","yoast_head":"<!-- This site is optimized with the Yoast SEO plugin v21.5 - https:\/\/yoast.com\/wordpress\/plugins\/seo\/ -->\n<title>Transition \u00e9nerg\u00e9tique : les Fran\u00e7ais manquent d&#039;int\u00e9r\u00eat pour la R\u00e9glementation B\u00e2timent Responsable 2020 - Territorial Challenges<\/title>\n<meta name=\"robots\" content=\"index, follow, max-snippet:-1, max-image-preview:large, max-video-preview:-1\" \/>\n<link rel=\"canonical\" href=\"https:\/\/territorialchallenges.com\/de\/2016\/08\/06\/transition-energetique-les-francais-manquent-dinteret-pour-la-reglementation-batiment-responsable-2020\/569\/\" \/>\n<meta property=\"og:locale\" content=\"de_DE\" \/>\n<meta property=\"og:type\" content=\"article\" \/>\n<meta property=\"og:title\" content=\"Transition \u00e9nerg\u00e9tique : les Fran\u00e7ais manquent d&#039;int\u00e9r\u00eat pour la R\u00e9glementation B\u00e2timent Responsable 2020 - Territorial Challenges\" \/>\n<meta property=\"og:description\" content=\"(08 avril 2013) 200 000 personnes ont visit\u00e9 un des 450 sites ouverts en France, les 29, 30 et 31 mars \u00e0 l\u2019occasion des premi\u00e8res Journ\u00e9es de l\u2019Energie. Par comparaison, pour les deux Journ\u00e9es du Patrimoine de l\u2018\u00e9dition 2011, ils \u00e9taient 12 millions de visiteurs&#8230; Peut-on consid\u00e9rer que les Fran\u00e7ais sont plus pr\u00e9occup\u00e9s du devenir [&hellip;]\" \/>\n<meta property=\"og:url\" content=\"https:\/\/territorialchallenges.com\/de\/2016\/08\/06\/transition-energetique-les-francais-manquent-dinteret-pour-la-reglementation-batiment-responsable-2020\/569\/\" \/>\n<meta property=\"og:site_name\" content=\"Territorial Challenges\" \/>\n<meta property=\"article:published_time\" content=\"2016-08-05T23:27:14+00:00\" \/>\n<meta name=\"author\" content=\"ni.abdi\" \/>\n<meta name=\"twitter:card\" content=\"summary_large_image\" \/>\n<meta name=\"twitter:creator\" content=\"@Ni.abdi\" \/>\n<meta name=\"twitter:label1\" content=\"Verfasst von\" \/>\n\t<meta name=\"twitter:data1\" content=\"ni.abdi\" \/>\n\t<meta name=\"twitter:label2\" content=\"Gesch\u00e4tzte Lesezeit\" \/>\n\t<meta name=\"twitter:data2\" content=\"3\u00a0Minuten\" \/>\n<script type=\"application\/ld+json\" class=\"yoast-schema-graph\">{\"@context\":\"https:\/\/schema.org\",\"@graph\":[{\"@type\":\"Article\",\"@id\":\"https:\/\/territorialchallenges.com\/2016\/08\/06\/transition-energetique-les-francais-manquent-dinteret-pour-la-reglementation-batiment-responsable-2020\/569\/#article\",\"isPartOf\":{\"@id\":\"https:\/\/territorialchallenges.com\/2016\/08\/06\/transition-energetique-les-francais-manquent-dinteret-pour-la-reglementation-batiment-responsable-2020\/569\/\"},\"author\":{\"name\":\"ni.abdi\",\"@id\":\"https:\/\/territorialchallenges.com\/#\/schema\/person\/098f145c7c61a021c425e010f840080f\"},\"headline\":\"Transition \u00e9nerg\u00e9tique : les Fran\u00e7ais manquent d&rsquo;int\u00e9r\u00eat pour la R\u00e9glementation B\u00e2timent Responsable 2020\",\"datePublished\":\"2016-08-05T23:27:14+00:00\",\"dateModified\":\"2016-08-05T23:27:14+00:00\",\"mainEntityOfPage\":{\"@id\":\"https:\/\/territorialchallenges.com\/2016\/08\/06\/transition-energetique-les-francais-manquent-dinteret-pour-la-reglementation-batiment-responsable-2020\/569\/\"},\"wordCount\":619,\"commentCount\":0,\"publisher\":{\"@id\":\"https:\/\/territorialchallenges.com\/#organization\"},\"articleSection\":[\"Archives - Editos\"],\"inLanguage\":\"de\"},{\"@type\":\"WebPage\",\"@id\":\"https:\/\/territorialchallenges.com\/2016\/08\/06\/transition-energetique-les-francais-manquent-dinteret-pour-la-reglementation-batiment-responsable-2020\/569\/\",\"url\":\"https:\/\/territorialchallenges.com\/2016\/08\/06\/transition-energetique-les-francais-manquent-dinteret-pour-la-reglementation-batiment-responsable-2020\/569\/\",\"name\":\"Transition \u00e9nerg\u00e9tique : les Fran\u00e7ais manquent d'int\u00e9r\u00eat pour la R\u00e9glementation B\u00e2timent Responsable 2020 - Territorial Challenges\",\"isPartOf\":{\"@id\":\"https:\/\/territorialchallenges.com\/#website\"},\"datePublished\":\"2016-08-05T23:27:14+00:00\",\"dateModified\":\"2016-08-05T23:27:14+00:00\",\"breadcrumb\":{\"@id\":\"https:\/\/territorialchallenges.com\/2016\/08\/06\/transition-energetique-les-francais-manquent-dinteret-pour-la-reglementation-batiment-responsable-2020\/569\/#breadcrumb\"},\"inLanguage\":\"de\",\"potentialAction\":[{\"@type\":\"ReadAction\",\"target\":[\"https:\/\/territorialchallenges.com\/2016\/08\/06\/transition-energetique-les-francais-manquent-dinteret-pour-la-reglementation-batiment-responsable-2020\/569\/\"]}]},{\"@type\":\"BreadcrumbList\",\"@id\":\"https:\/\/territorialchallenges.com\/2016\/08\/06\/transition-energetique-les-francais-manquent-dinteret-pour-la-reglementation-batiment-responsable-2020\/569\/#breadcrumb\",\"itemListElement\":[{\"@type\":\"ListItem\",\"position\":1,\"name\":\"Home\",\"item\":\"https:\/\/territorialchallenges.com\/\"},{\"@type\":\"ListItem\",\"position\":2,\"name\":\"Transition \u00e9nerg\u00e9tique : les Fran\u00e7ais manquent d&rsquo;int\u00e9r\u00eat pour la R\u00e9glementation B\u00e2timent Responsable 2020\"}]},{\"@type\":\"WebSite\",\"@id\":\"https:\/\/territorialchallenges.com\/#website\",\"url\":\"https:\/\/territorialchallenges.com\/\",\"name\":\"Territorial Challenges\",\"description\":\"Veille Internationale - Strat\u00e9gie Intelligentes - Bonnes pratiques\",\"publisher\":{\"@id\":\"https:\/\/territorialchallenges.com\/#organization\"},\"potentialAction\":[{\"@type\":\"SearchAction\",\"target\":{\"@type\":\"EntryPoint\",\"urlTemplate\":\"https:\/\/territorialchallenges.com\/?s={search_term_string}\"},\"query-input\":\"required name=search_term_string\"}],\"inLanguage\":\"de\"},{\"@type\":\"Organization\",\"@id\":\"https:\/\/territorialchallenges.com\/#organization\",\"name\":\"Territorial Challenges\",\"url\":\"https:\/\/territorialchallenges.com\/\",\"logo\":{\"@type\":\"ImageObject\",\"inLanguage\":\"de\",\"@id\":\"https:\/\/territorialchallenges.com\/#\/schema\/logo\/image\/\",\"url\":\"https:\/\/territorialchallenges.com\/wp-content\/uploads\/2023\/10\/logo-1.png\",\"contentUrl\":\"https:\/\/territorialchallenges.com\/wp-content\/uploads\/2023\/10\/logo-1.png\",\"width\":1832,\"height\":576,\"caption\":\"Territorial Challenges\"},\"image\":{\"@id\":\"https:\/\/territorialchallenges.com\/#\/schema\/logo\/image\/\"}},{\"@type\":\"Person\",\"@id\":\"https:\/\/territorialchallenges.com\/#\/schema\/person\/098f145c7c61a021c425e010f840080f\",\"name\":\"ni.abdi\",\"image\":{\"@type\":\"ImageObject\",\"inLanguage\":\"de\",\"@id\":\"https:\/\/territorialchallenges.com\/#\/schema\/person\/image\/\",\"url\":\"https:\/\/secure.gravatar.com\/avatar\/2a2f2491f3c80039986ba989b1e4b510?s=96&d=identicon&r=g\",\"contentUrl\":\"https:\/\/secure.gravatar.com\/avatar\/2a2f2491f3c80039986ba989b1e4b510?s=96&d=identicon&r=g\",\"caption\":\"ni.abdi\"},\"sameAs\":[\"https:\/\/twitter.com\/Ni.abdi\"],\"url\":\"https:\/\/territorialchallenges.com\/de\/author\/ni-abdi\/\"}]}<\/script>\n<!-- \/ Yoast SEO plugin. -->","yoast_head_json":{"title":"Transition \u00e9nerg\u00e9tique : les Fran\u00e7ais manquent d'int\u00e9r\u00eat pour la R\u00e9glementation B\u00e2timent Responsable 2020 - Territorial Challenges","robots":{"index":"index","follow":"follow","max-snippet":"max-snippet:-1","max-image-preview":"max-image-preview:large","max-video-preview":"max-video-preview:-1"},"canonical":"https:\/\/territorialchallenges.com\/de\/2016\/08\/06\/transition-energetique-les-francais-manquent-dinteret-pour-la-reglementation-batiment-responsable-2020\/569\/","og_locale":"de_DE","og_type":"article","og_title":"Transition \u00e9nerg\u00e9tique : les Fran\u00e7ais manquent d'int\u00e9r\u00eat pour la R\u00e9glementation B\u00e2timent Responsable 2020 - Territorial Challenges","og_description":"(08 avril 2013) 200 000 personnes ont visit\u00e9 un des 450 sites ouverts en France, les 29, 30 et 31 mars \u00e0 l\u2019occasion des premi\u00e8res Journ\u00e9es de l\u2019Energie. Par comparaison, pour les deux Journ\u00e9es du Patrimoine de l\u2018\u00e9dition 2011, ils \u00e9taient 12 millions de visiteurs&#8230; Peut-on consid\u00e9rer que les Fran\u00e7ais sont plus pr\u00e9occup\u00e9s du devenir [&hellip;]","og_url":"https:\/\/territorialchallenges.com\/de\/2016\/08\/06\/transition-energetique-les-francais-manquent-dinteret-pour-la-reglementation-batiment-responsable-2020\/569\/","og_site_name":"Territorial Challenges","article_published_time":"2016-08-05T23:27:14+00:00","author":"ni.abdi","twitter_card":"summary_large_image","twitter_creator":"@Ni.abdi","twitter_misc":{"Verfasst von":"ni.abdi","Gesch\u00e4tzte Lesezeit":"3\u00a0Minuten"},"schema":{"@context":"https:\/\/schema.org","@graph":[{"@type":"Article","@id":"https:\/\/territorialchallenges.com\/2016\/08\/06\/transition-energetique-les-francais-manquent-dinteret-pour-la-reglementation-batiment-responsable-2020\/569\/#article","isPartOf":{"@id":"https:\/\/territorialchallenges.com\/2016\/08\/06\/transition-energetique-les-francais-manquent-dinteret-pour-la-reglementation-batiment-responsable-2020\/569\/"},"author":{"name":"ni.abdi","@id":"https:\/\/territorialchallenges.com\/#\/schema\/person\/098f145c7c61a021c425e010f840080f"},"headline":"Transition \u00e9nerg\u00e9tique : les Fran\u00e7ais manquent d&rsquo;int\u00e9r\u00eat pour la R\u00e9glementation B\u00e2timent Responsable 2020","datePublished":"2016-08-05T23:27:14+00:00","dateModified":"2016-08-05T23:27:14+00:00","mainEntityOfPage":{"@id":"https:\/\/territorialchallenges.com\/2016\/08\/06\/transition-energetique-les-francais-manquent-dinteret-pour-la-reglementation-batiment-responsable-2020\/569\/"},"wordCount":619,"commentCount":0,"publisher":{"@id":"https:\/\/territorialchallenges.com\/#organization"},"articleSection":["Archives - Editos"],"inLanguage":"de"},{"@type":"WebPage","@id":"https:\/\/territorialchallenges.com\/2016\/08\/06\/transition-energetique-les-francais-manquent-dinteret-pour-la-reglementation-batiment-responsable-2020\/569\/","url":"https:\/\/territorialchallenges.com\/2016\/08\/06\/transition-energetique-les-francais-manquent-dinteret-pour-la-reglementation-batiment-responsable-2020\/569\/","name":"Transition \u00e9nerg\u00e9tique : les Fran\u00e7ais manquent d'int\u00e9r\u00eat pour la R\u00e9glementation B\u00e2timent Responsable 2020 - Territorial Challenges","isPartOf":{"@id":"https:\/\/territorialchallenges.com\/#website"},"datePublished":"2016-08-05T23:27:14+00:00","dateModified":"2016-08-05T23:27:14+00:00","breadcrumb":{"@id":"https:\/\/territorialchallenges.com\/2016\/08\/06\/transition-energetique-les-francais-manquent-dinteret-pour-la-reglementation-batiment-responsable-2020\/569\/#breadcrumb"},"inLanguage":"de","potentialAction":[{"@type":"ReadAction","target":["https:\/\/territorialchallenges.com\/2016\/08\/06\/transition-energetique-les-francais-manquent-dinteret-pour-la-reglementation-batiment-responsable-2020\/569\/"]}]},{"@type":"BreadcrumbList","@id":"https:\/\/territorialchallenges.com\/2016\/08\/06\/transition-energetique-les-francais-manquent-dinteret-pour-la-reglementation-batiment-responsable-2020\/569\/#breadcrumb","itemListElement":[{"@type":"ListItem","position":1,"name":"Home","item":"https:\/\/territorialchallenges.com\/"},{"@type":"ListItem","position":2,"name":"Transition \u00e9nerg\u00e9tique : les Fran\u00e7ais manquent d&rsquo;int\u00e9r\u00eat pour la R\u00e9glementation B\u00e2timent Responsable 2020"}]},{"@type":"WebSite","@id":"https:\/\/territorialchallenges.com\/#website","url":"https:\/\/territorialchallenges.com\/","name":"Territoriale Herausforderungen","description":"Internationales Monitoring \u2013 Intelligente Strategien \u2013 Best Practices","publisher":{"@id":"https:\/\/territorialchallenges.com\/#organization"},"potentialAction":[{"@type":"SearchAction","target":{"@type":"EntryPoint","urlTemplate":"https:\/\/territorialchallenges.com\/?s={search_term_string}"},"query-input":"required name=search_term_string"}],"inLanguage":"de"},{"@type":"Organization","@id":"https:\/\/territorialchallenges.com\/#organization","name":"Territoriale Herausforderungen","url":"https:\/\/territorialchallenges.com\/","logo":{"@type":"ImageObject","inLanguage":"de","@id":"https:\/\/territorialchallenges.com\/#\/schema\/logo\/image\/","url":"https:\/\/territorialchallenges.com\/wp-content\/uploads\/2023\/10\/logo-1.png","contentUrl":"https:\/\/territorialchallenges.com\/wp-content\/uploads\/2023\/10\/logo-1.png","width":1832,"height":576,"caption":"Territorial Challenges"},"image":{"@id":"https:\/\/territorialchallenges.com\/#\/schema\/logo\/image\/"}},{"@type":"Person","@id":"https:\/\/territorialchallenges.com\/#\/schema\/person\/098f145c7c61a021c425e010f840080f","name":"ni.abdi","image":{"@type":"ImageObject","inLanguage":"de","@id":"https:\/\/territorialchallenges.com\/#\/schema\/person\/image\/","url":"https:\/\/secure.gravatar.com\/avatar\/2a2f2491f3c80039986ba989b1e4b510?s=96&d=identicon&r=g","contentUrl":"https:\/\/secure.gravatar.com\/avatar\/2a2f2491f3c80039986ba989b1e4b510?s=96&d=identicon&r=g","caption":"ni.abdi"},"sameAs":["https:\/\/twitter.com\/Ni.abdi"],"url":"https:\/\/territorialchallenges.com\/de\/author\/ni-abdi\/"}]}},"_links":{"self":[{"href":"https:\/\/territorialchallenges.com\/de\/wp-json\/wp\/v2\/posts\/569"}],"collection":[{"href":"https:\/\/territorialchallenges.com\/de\/wp-json\/wp\/v2\/posts"}],"about":[{"href":"https:\/\/territorialchallenges.com\/de\/wp-json\/wp\/v2\/types\/post"}],"author":[{"embeddable":true,"href":"https:\/\/territorialchallenges.com\/de\/wp-json\/wp\/v2\/users\/11"}],"replies":[{"embeddable":true,"href":"https:\/\/territorialchallenges.com\/de\/wp-json\/wp\/v2\/comments?post=569"}],"version-history":[{"count":0,"href":"https:\/\/territorialchallenges.com\/de\/wp-json\/wp\/v2\/posts\/569\/revisions"}],"wp:attachment":[{"href":"https:\/\/territorialchallenges.com\/de\/wp-json\/wp\/v2\/media?parent=569"}],"wp:term":[{"taxonomy":"category","embeddable":true,"href":"https:\/\/territorialchallenges.com\/de\/wp-json\/wp\/v2\/categories?post=569"},{"taxonomy":"post_tag","embeddable":true,"href":"https:\/\/territorialchallenges.com\/de\/wp-json\/wp\/v2\/tags?post=569"}],"curies":[{"name":"wp","href":"https:\/\/api.w.org\/{rel}","templated":true}]}}