{"id":559,"date":"2016-08-06T00:50:17","date_gmt":"2016-08-05T22:50:17","guid":{"rendered":"http:\/\/e-novatio.com\/?p=559"},"modified":"2016-08-06T00:50:17","modified_gmt":"2016-08-05T22:50:17","slug":"accueil-et-si-le-statisticien-etait-le-metier-davenir-dans-la-filiere-electrique","status":"publish","type":"post","link":"https:\/\/territorialchallenges.com\/de\/2016\/08\/06\/accueil-et-si-le-statisticien-etait-le-metier-davenir-dans-la-filiere-electrique\/559\/","title":{"rendered":"Was w\u00e4re, wenn der Statistiker der Beruf der Zukunft in der Elektrobranche w\u00e4re?"},"content":{"rendered":"<p>(28. Februar 2013) Die politische Agenda f\u00fcr die Energiewende, die die Installation intelligenter Z\u00e4hler in franz\u00f6sischen Haushalten fordert, ber\u00fccksichtigt keine m\u00f6gliche Neustrukturierung der Energieberufe. Der Aufstieg des Statistikers zum neuen Architekten der Stromversorgung. Professor Hal Varian, Chef\u00f6konom des Giganten Google, ist nicht... <\/p>\n<div class=\"pmpro_content_message\">Artikel nur f\u00fcr Abonnenten sichtbar.<br \/><a href=\"https:\/\/territorialchallenges.com\/wp-login.php\">Verbindung<\/a><br \/><a href=\"https:\/\/territorialchallenges.com\/de\/wp-login.php\/?action=register\">Registrieren<\/a><\/div>","protected":false},"excerpt":{"rendered":"<p>(28 f\u00e9vrier 2013) Le calendrier politique de la transition \u00e9nerg\u00e9tique qui pousse \u00e0 l&rsquo;\u00e9quipement des foyers fran\u00e7ais en compteurs intelligents, ne se doute pas d&rsquo;une possible nouvelle configuration des m\u00e9tiers de l&rsquo;\u00e9nergie. L&rsquo;av\u00e8nement du statisticien comme nouvel artisan de l&rsquo;offre \u00e9lectrique. Le professeur Hal Varian, \u00e9conomiste en chef du g\u00e9ant Google ne s&rsquo;y est pas... <\/p>\n<div class=\"pmpro_content_message\">Artikel nur f\u00fcr Abonnenten sichtbar.<br \/><a href=\"https:\/\/territorialchallenges.com\/wp-login.php\">Verbindung<\/a><br \/><a href=\"https:\/\/territorialchallenges.com\/de\/wp-login.php\/?action=register\">Registrieren<\/a><\/div>","protected":false},"author":11,"featured_media":0,"comment_status":"open","ping_status":"open","sticky":true,"template":"","format":"standard","meta":{"pmpro_default_level":0,"footnotes":""},"categories":[123],"tags":[],"blocksy_meta":"","yoast_head":"<!-- This site is optimized with the Yoast SEO plugin v21.5 - https:\/\/yoast.com\/wordpress\/plugins\/seo\/ -->\n<title>Et si le statisticien \u00e9tait le m\u00e9tier d&#039;avenir dans la fili\u00e8re \u00e9lectrique ? - Territorial Challenges<\/title>\n<meta name=\"robots\" content=\"index, follow, max-snippet:-1, max-image-preview:large, max-video-preview:-1\" \/>\n<link rel=\"canonical\" href=\"https:\/\/territorialchallenges.com\/de\/2016\/08\/06\/accueil-et-si-le-statisticien-etait-le-metier-davenir-dans-la-filiere-electrique\/559\/\" \/>\n<meta property=\"og:locale\" content=\"de_DE\" \/>\n<meta property=\"og:type\" content=\"article\" \/>\n<meta property=\"og:title\" content=\"Et si le statisticien \u00e9tait le m\u00e9tier d&#039;avenir dans la fili\u00e8re \u00e9lectrique ? - Territorial Challenges\" \/>\n<meta property=\"og:description\" content=\"(28 f\u00e9vrier 2013) Le calendrier politique de la transition \u00e9nerg\u00e9tique qui pousse \u00e0 l&rsquo;\u00e9quipement des foyers fran\u00e7ais en compteurs intelligents, ne se doute pas d&rsquo;une possible nouvelle configuration des m\u00e9tiers de l&rsquo;\u00e9nergie. L&rsquo;av\u00e8nement du statisticien comme nouvel artisan de l&rsquo;offre \u00e9lectrique. Le professeur Hal Varian, \u00e9conomiste en chef du g\u00e9ant Google ne s&rsquo;y est pas [&hellip;]\" \/>\n<meta property=\"og:url\" content=\"https:\/\/territorialchallenges.com\/de\/2016\/08\/06\/accueil-et-si-le-statisticien-etait-le-metier-davenir-dans-la-filiere-electrique\/559\/\" \/>\n<meta property=\"og:site_name\" content=\"Territorial Challenges\" \/>\n<meta property=\"article:published_time\" content=\"2016-08-05T22:50:17+00:00\" \/>\n<meta name=\"author\" content=\"ni.abdi\" \/>\n<meta name=\"twitter:card\" content=\"summary_large_image\" \/>\n<meta name=\"twitter:creator\" content=\"@Ni.abdi\" \/>\n<meta name=\"twitter:label1\" content=\"Verfasst von\" \/>\n\t<meta name=\"twitter:data1\" content=\"ni.abdi\" \/>\n\t<meta name=\"twitter:label2\" content=\"Gesch\u00e4tzte Lesezeit\" \/>\n\t<meta name=\"twitter:data2\" content=\"3\u00a0Minuten\" \/>\n<script type=\"application\/ld+json\" class=\"yoast-schema-graph\">{\"@context\":\"https:\/\/schema.org\",\"@graph\":[{\"@type\":\"Article\",\"@id\":\"https:\/\/territorialchallenges.com\/2016\/08\/06\/accueil-et-si-le-statisticien-etait-le-metier-davenir-dans-la-filiere-electrique\/559\/#article\",\"isPartOf\":{\"@id\":\"https:\/\/territorialchallenges.com\/2016\/08\/06\/accueil-et-si-le-statisticien-etait-le-metier-davenir-dans-la-filiere-electrique\/559\/\"},\"author\":{\"name\":\"ni.abdi\",\"@id\":\"https:\/\/territorialchallenges.com\/#\/schema\/person\/098f145c7c61a021c425e010f840080f\"},\"headline\":\"Et si le statisticien \u00e9tait le m\u00e9tier d&rsquo;avenir dans la fili\u00e8re \u00e9lectrique ?\",\"datePublished\":\"2016-08-05T22:50:17+00:00\",\"dateModified\":\"2016-08-05T22:50:17+00:00\",\"mainEntityOfPage\":{\"@id\":\"https:\/\/territorialchallenges.com\/2016\/08\/06\/accueil-et-si-le-statisticien-etait-le-metier-davenir-dans-la-filiere-electrique\/559\/\"},\"wordCount\":634,\"commentCount\":0,\"publisher\":{\"@id\":\"https:\/\/territorialchallenges.com\/#organization\"},\"articleSection\":[\"Archives - Editos\"],\"inLanguage\":\"de\"},{\"@type\":\"WebPage\",\"@id\":\"https:\/\/territorialchallenges.com\/2016\/08\/06\/accueil-et-si-le-statisticien-etait-le-metier-davenir-dans-la-filiere-electrique\/559\/\",\"url\":\"https:\/\/territorialchallenges.com\/2016\/08\/06\/accueil-et-si-le-statisticien-etait-le-metier-davenir-dans-la-filiere-electrique\/559\/\",\"name\":\"Et si le statisticien \u00e9tait le m\u00e9tier d'avenir dans la fili\u00e8re \u00e9lectrique ? - Territorial Challenges\",\"isPartOf\":{\"@id\":\"https:\/\/territorialchallenges.com\/#website\"},\"datePublished\":\"2016-08-05T22:50:17+00:00\",\"dateModified\":\"2016-08-05T22:50:17+00:00\",\"breadcrumb\":{\"@id\":\"https:\/\/territorialchallenges.com\/2016\/08\/06\/accueil-et-si-le-statisticien-etait-le-metier-davenir-dans-la-filiere-electrique\/559\/#breadcrumb\"},\"inLanguage\":\"de\",\"potentialAction\":[{\"@type\":\"ReadAction\",\"target\":[\"https:\/\/territorialchallenges.com\/2016\/08\/06\/accueil-et-si-le-statisticien-etait-le-metier-davenir-dans-la-filiere-electrique\/559\/\"]}]},{\"@type\":\"BreadcrumbList\",\"@id\":\"https:\/\/territorialchallenges.com\/2016\/08\/06\/accueil-et-si-le-statisticien-etait-le-metier-davenir-dans-la-filiere-electrique\/559\/#breadcrumb\",\"itemListElement\":[{\"@type\":\"ListItem\",\"position\":1,\"name\":\"Home\",\"item\":\"https:\/\/territorialchallenges.com\/\"},{\"@type\":\"ListItem\",\"position\":2,\"name\":\"Et si le statisticien \u00e9tait le m\u00e9tier d&rsquo;avenir dans la fili\u00e8re \u00e9lectrique ?\"}]},{\"@type\":\"WebSite\",\"@id\":\"https:\/\/territorialchallenges.com\/#website\",\"url\":\"https:\/\/territorialchallenges.com\/\",\"name\":\"Territorial Challenges\",\"description\":\"Veille Internationale - Strat\u00e9gie Intelligentes - Bonnes pratiques\",\"publisher\":{\"@id\":\"https:\/\/territorialchallenges.com\/#organization\"},\"potentialAction\":[{\"@type\":\"SearchAction\",\"target\":{\"@type\":\"EntryPoint\",\"urlTemplate\":\"https:\/\/territorialchallenges.com\/?s={search_term_string}\"},\"query-input\":\"required name=search_term_string\"}],\"inLanguage\":\"de\"},{\"@type\":\"Organization\",\"@id\":\"https:\/\/territorialchallenges.com\/#organization\",\"name\":\"Territorial Challenges\",\"url\":\"https:\/\/territorialchallenges.com\/\",\"logo\":{\"@type\":\"ImageObject\",\"inLanguage\":\"de\",\"@id\":\"https:\/\/territorialchallenges.com\/#\/schema\/logo\/image\/\",\"url\":\"https:\/\/territorialchallenges.com\/wp-content\/uploads\/2023\/10\/logo-1.png\",\"contentUrl\":\"https:\/\/territorialchallenges.com\/wp-content\/uploads\/2023\/10\/logo-1.png\",\"width\":1832,\"height\":576,\"caption\":\"Territorial Challenges\"},\"image\":{\"@id\":\"https:\/\/territorialchallenges.com\/#\/schema\/logo\/image\/\"}},{\"@type\":\"Person\",\"@id\":\"https:\/\/territorialchallenges.com\/#\/schema\/person\/098f145c7c61a021c425e010f840080f\",\"name\":\"ni.abdi\",\"image\":{\"@type\":\"ImageObject\",\"inLanguage\":\"de\",\"@id\":\"https:\/\/territorialchallenges.com\/#\/schema\/person\/image\/\",\"url\":\"https:\/\/secure.gravatar.com\/avatar\/2a2f2491f3c80039986ba989b1e4b510?s=96&d=identicon&r=g\",\"contentUrl\":\"https:\/\/secure.gravatar.com\/avatar\/2a2f2491f3c80039986ba989b1e4b510?s=96&d=identicon&r=g\",\"caption\":\"ni.abdi\"},\"sameAs\":[\"https:\/\/twitter.com\/Ni.abdi\"],\"url\":\"https:\/\/territorialchallenges.com\/de\/author\/ni-abdi\/\"}]}<\/script>\n<!-- \/ Yoast SEO plugin. -->","yoast_head_json":{"title":"Et si le statisticien \u00e9tait le m\u00e9tier d'avenir dans la fili\u00e8re \u00e9lectrique ? - Territorial Challenges","robots":{"index":"index","follow":"follow","max-snippet":"max-snippet:-1","max-image-preview":"max-image-preview:large","max-video-preview":"max-video-preview:-1"},"canonical":"https:\/\/territorialchallenges.com\/de\/2016\/08\/06\/accueil-et-si-le-statisticien-etait-le-metier-davenir-dans-la-filiere-electrique\/559\/","og_locale":"de_DE","og_type":"article","og_title":"Et si le statisticien \u00e9tait le m\u00e9tier d'avenir dans la fili\u00e8re \u00e9lectrique ? - Territorial Challenges","og_description":"(28 f\u00e9vrier 2013) Le calendrier politique de la transition \u00e9nerg\u00e9tique qui pousse \u00e0 l&rsquo;\u00e9quipement des foyers fran\u00e7ais en compteurs intelligents, ne se doute pas d&rsquo;une possible nouvelle configuration des m\u00e9tiers de l&rsquo;\u00e9nergie. L&rsquo;av\u00e8nement du statisticien comme nouvel artisan de l&rsquo;offre \u00e9lectrique. Le professeur Hal Varian, \u00e9conomiste en chef du g\u00e9ant Google ne s&rsquo;y est pas [&hellip;]","og_url":"https:\/\/territorialchallenges.com\/de\/2016\/08\/06\/accueil-et-si-le-statisticien-etait-le-metier-davenir-dans-la-filiere-electrique\/559\/","og_site_name":"Territorial Challenges","article_published_time":"2016-08-05T22:50:17+00:00","author":"ni.abdi","twitter_card":"summary_large_image","twitter_creator":"@Ni.abdi","twitter_misc":{"Verfasst von":"ni.abdi","Gesch\u00e4tzte Lesezeit":"3\u00a0Minuten"},"schema":{"@context":"https:\/\/schema.org","@graph":[{"@type":"Article","@id":"https:\/\/territorialchallenges.com\/2016\/08\/06\/accueil-et-si-le-statisticien-etait-le-metier-davenir-dans-la-filiere-electrique\/559\/#article","isPartOf":{"@id":"https:\/\/territorialchallenges.com\/2016\/08\/06\/accueil-et-si-le-statisticien-etait-le-metier-davenir-dans-la-filiere-electrique\/559\/"},"author":{"name":"ni.abdi","@id":"https:\/\/territorialchallenges.com\/#\/schema\/person\/098f145c7c61a021c425e010f840080f"},"headline":"Et si le statisticien \u00e9tait le m\u00e9tier d&rsquo;avenir dans la fili\u00e8re \u00e9lectrique ?","datePublished":"2016-08-05T22:50:17+00:00","dateModified":"2016-08-05T22:50:17+00:00","mainEntityOfPage":{"@id":"https:\/\/territorialchallenges.com\/2016\/08\/06\/accueil-et-si-le-statisticien-etait-le-metier-davenir-dans-la-filiere-electrique\/559\/"},"wordCount":634,"commentCount":0,"publisher":{"@id":"https:\/\/territorialchallenges.com\/#organization"},"articleSection":["Archives - Editos"],"inLanguage":"de"},{"@type":"WebPage","@id":"https:\/\/territorialchallenges.com\/2016\/08\/06\/accueil-et-si-le-statisticien-etait-le-metier-davenir-dans-la-filiere-electrique\/559\/","url":"https:\/\/territorialchallenges.com\/2016\/08\/06\/accueil-et-si-le-statisticien-etait-le-metier-davenir-dans-la-filiere-electrique\/559\/","name":"Et si le statisticien \u00e9tait le m\u00e9tier d'avenir dans la fili\u00e8re \u00e9lectrique ? - Territorial Challenges","isPartOf":{"@id":"https:\/\/territorialchallenges.com\/#website"},"datePublished":"2016-08-05T22:50:17+00:00","dateModified":"2016-08-05T22:50:17+00:00","breadcrumb":{"@id":"https:\/\/territorialchallenges.com\/2016\/08\/06\/accueil-et-si-le-statisticien-etait-le-metier-davenir-dans-la-filiere-electrique\/559\/#breadcrumb"},"inLanguage":"de","potentialAction":[{"@type":"ReadAction","target":["https:\/\/territorialchallenges.com\/2016\/08\/06\/accueil-et-si-le-statisticien-etait-le-metier-davenir-dans-la-filiere-electrique\/559\/"]}]},{"@type":"BreadcrumbList","@id":"https:\/\/territorialchallenges.com\/2016\/08\/06\/accueil-et-si-le-statisticien-etait-le-metier-davenir-dans-la-filiere-electrique\/559\/#breadcrumb","itemListElement":[{"@type":"ListItem","position":1,"name":"Home","item":"https:\/\/territorialchallenges.com\/"},{"@type":"ListItem","position":2,"name":"Et si le statisticien \u00e9tait le m\u00e9tier d&rsquo;avenir dans la fili\u00e8re \u00e9lectrique ?"}]},{"@type":"WebSite","@id":"https:\/\/territorialchallenges.com\/#website","url":"https:\/\/territorialchallenges.com\/","name":"Territoriale Herausforderungen","description":"Internationales Monitoring \u2013 Intelligente Strategien \u2013 Best Practices","publisher":{"@id":"https:\/\/territorialchallenges.com\/#organization"},"potentialAction":[{"@type":"SearchAction","target":{"@type":"EntryPoint","urlTemplate":"https:\/\/territorialchallenges.com\/?s={search_term_string}"},"query-input":"required name=search_term_string"}],"inLanguage":"de"},{"@type":"Organization","@id":"https:\/\/territorialchallenges.com\/#organization","name":"Territoriale Herausforderungen","url":"https:\/\/territorialchallenges.com\/","logo":{"@type":"ImageObject","inLanguage":"de","@id":"https:\/\/territorialchallenges.com\/#\/schema\/logo\/image\/","url":"https:\/\/territorialchallenges.com\/wp-content\/uploads\/2023\/10\/logo-1.png","contentUrl":"https:\/\/territorialchallenges.com\/wp-content\/uploads\/2023\/10\/logo-1.png","width":1832,"height":576,"caption":"Territorial Challenges"},"image":{"@id":"https:\/\/territorialchallenges.com\/#\/schema\/logo\/image\/"}},{"@type":"Person","@id":"https:\/\/territorialchallenges.com\/#\/schema\/person\/098f145c7c61a021c425e010f840080f","name":"ni.abdi","image":{"@type":"ImageObject","inLanguage":"de","@id":"https:\/\/territorialchallenges.com\/#\/schema\/person\/image\/","url":"https:\/\/secure.gravatar.com\/avatar\/2a2f2491f3c80039986ba989b1e4b510?s=96&d=identicon&r=g","contentUrl":"https:\/\/secure.gravatar.com\/avatar\/2a2f2491f3c80039986ba989b1e4b510?s=96&d=identicon&r=g","caption":"ni.abdi"},"sameAs":["https:\/\/twitter.com\/Ni.abdi"],"url":"https:\/\/territorialchallenges.com\/de\/author\/ni-abdi\/"}]}},"_links":{"self":[{"href":"https:\/\/territorialchallenges.com\/de\/wp-json\/wp\/v2\/posts\/559"}],"collection":[{"href":"https:\/\/territorialchallenges.com\/de\/wp-json\/wp\/v2\/posts"}],"about":[{"href":"https:\/\/territorialchallenges.com\/de\/wp-json\/wp\/v2\/types\/post"}],"author":[{"embeddable":true,"href":"https:\/\/territorialchallenges.com\/de\/wp-json\/wp\/v2\/users\/11"}],"replies":[{"embeddable":true,"href":"https:\/\/territorialchallenges.com\/de\/wp-json\/wp\/v2\/comments?post=559"}],"version-history":[{"count":0,"href":"https:\/\/territorialchallenges.com\/de\/wp-json\/wp\/v2\/posts\/559\/revisions"}],"wp:attachment":[{"href":"https:\/\/territorialchallenges.com\/de\/wp-json\/wp\/v2\/media?parent=559"}],"wp:term":[{"taxonomy":"category","embeddable":true,"href":"https:\/\/territorialchallenges.com\/de\/wp-json\/wp\/v2\/categories?post=559"},{"taxonomy":"post_tag","embeddable":true,"href":"https:\/\/territorialchallenges.com\/de\/wp-json\/wp\/v2\/tags?post=559"}],"curies":[{"name":"wp","href":"https:\/\/api.w.org\/{rel}","templated":true}]}}