{"id":554,"date":"2016-08-06T00:39:59","date_gmt":"2016-08-05T22:39:59","guid":{"rendered":"http:\/\/e-novatio.com\/?p=554"},"modified":"2016-08-06T00:39:59","modified_gmt":"2016-08-05T22:39:59","slug":"pour-une-communication-de-lefficacite-energetique-a-la-hauteur-des-enjeux-europeens","status":"publish","type":"post","link":"https:\/\/territorialchallenges.com\/de\/2016\/08\/06\/pour-une-communication-de-lefficacite-energetique-a-la-hauteur-des-enjeux-europeens\/554\/","title":{"rendered":"F\u00fcr die Kommunikation von Energieeffizienz, die den europ\u00e4ischen Herausforderungen gerecht wird"},"content":{"rendered":"<p>(20. Januar 2013) In diesem ersten Monat der Debatten zur Energiewende ist es angebracht, \u00fcber die Kommunikation in der Welt der Elektrofachleute nachzudenken. Im Bereich der Hersteller elektrischer Ger\u00e4te besteht ein Kommunikationsproblem, das gel\u00f6st werden muss. Es muss ein Gleichgewicht zwischen der F\u00f6rderung innovativer Produkte\u2026 gefunden werden. <\/p>\n<div class=\"pmpro_content_message\">Artikel nur f\u00fcr Abonnenten sichtbar.<br \/><a href=\"https:\/\/territorialchallenges.com\/wp-login.php\">Verbindung<\/a><br \/><a href=\"https:\/\/territorialchallenges.com\/de\/wp-login.php\/?action=register\">Registrieren<\/a><\/div>","protected":false},"excerpt":{"rendered":"<p>(20 janvier 2013) En ce premier mois des d\u00e9bats sur la transition \u00e9nerg\u00e9tique, une r\u00e9flexion concernant la communication dans le monde des professionnels de l&rsquo;\u00e9lectrique m\u00e9rite d&rsquo;\u00eatre ouverte. Il y a dans la sph\u00e8re des \u00e9quipementiers \u00e9lectriques une probl\u00e9matique de communication \u00e0 r\u00e9soudre. Un \u00e9quilibre est \u00e0 trouver entre la promotion des produits innovants \u00e0... <\/p>\n<div class=\"pmpro_content_message\">Artikel nur f\u00fcr Abonnenten sichtbar.<br \/><a href=\"https:\/\/territorialchallenges.com\/wp-login.php\">Verbindung<\/a><br \/><a href=\"https:\/\/territorialchallenges.com\/de\/wp-login.php\/?action=register\">Registrieren<\/a><\/div>","protected":false},"author":11,"featured_media":0,"comment_status":"open","ping_status":"open","sticky":true,"template":"","format":"standard","meta":{"pmpro_default_level":0,"footnotes":""},"categories":[123],"tags":[],"blocksy_meta":"","yoast_head":"<!-- This site is optimized with the Yoast SEO plugin v21.5 - https:\/\/yoast.com\/wordpress\/plugins\/seo\/ -->\n<title>Pour une communication de l&#039;efficacit\u00e9 \u00e9nerg\u00e9tique \u00e0 la hauteur des enjeux europ\u00e9ens - Territorial Challenges<\/title>\n<meta name=\"robots\" content=\"index, follow, max-snippet:-1, max-image-preview:large, max-video-preview:-1\" \/>\n<link rel=\"canonical\" href=\"https:\/\/territorialchallenges.com\/de\/2016\/08\/06\/pour-une-communication-de-lefficacite-energetique-a-la-hauteur-des-enjeux-europeens\/554\/\" \/>\n<meta property=\"og:locale\" content=\"de_DE\" \/>\n<meta property=\"og:type\" content=\"article\" \/>\n<meta property=\"og:title\" content=\"Pour une communication de l&#039;efficacit\u00e9 \u00e9nerg\u00e9tique \u00e0 la hauteur des enjeux europ\u00e9ens - Territorial Challenges\" \/>\n<meta property=\"og:description\" content=\"(20 janvier 2013) En ce premier mois des d\u00e9bats sur la transition \u00e9nerg\u00e9tique, une r\u00e9flexion concernant la communication dans le monde des professionnels de l&rsquo;\u00e9lectrique m\u00e9rite d&rsquo;\u00eatre ouverte. Il y a dans la sph\u00e8re des \u00e9quipementiers \u00e9lectriques une probl\u00e9matique de communication \u00e0 r\u00e9soudre. Un \u00e9quilibre est \u00e0 trouver entre la promotion des produits innovants \u00e0 [&hellip;]\" \/>\n<meta property=\"og:url\" content=\"https:\/\/territorialchallenges.com\/de\/2016\/08\/06\/pour-une-communication-de-lefficacite-energetique-a-la-hauteur-des-enjeux-europeens\/554\/\" \/>\n<meta property=\"og:site_name\" content=\"Territorial Challenges\" \/>\n<meta property=\"article:published_time\" content=\"2016-08-05T22:39:59+00:00\" \/>\n<meta name=\"author\" content=\"ni.abdi\" \/>\n<meta name=\"twitter:card\" content=\"summary_large_image\" \/>\n<meta name=\"twitter:creator\" content=\"@Ni.abdi\" \/>\n<meta name=\"twitter:label1\" content=\"Verfasst von\" \/>\n\t<meta name=\"twitter:data1\" content=\"ni.abdi\" \/>\n\t<meta name=\"twitter:label2\" content=\"Gesch\u00e4tzte Lesezeit\" \/>\n\t<meta name=\"twitter:data2\" content=\"3\u00a0Minuten\" \/>\n<script type=\"application\/ld+json\" class=\"yoast-schema-graph\">{\"@context\":\"https:\/\/schema.org\",\"@graph\":[{\"@type\":\"Article\",\"@id\":\"https:\/\/territorialchallenges.com\/2016\/08\/06\/pour-une-communication-de-lefficacite-energetique-a-la-hauteur-des-enjeux-europeens\/554\/#article\",\"isPartOf\":{\"@id\":\"https:\/\/territorialchallenges.com\/2016\/08\/06\/pour-une-communication-de-lefficacite-energetique-a-la-hauteur-des-enjeux-europeens\/554\/\"},\"author\":{\"name\":\"ni.abdi\",\"@id\":\"https:\/\/territorialchallenges.com\/#\/schema\/person\/098f145c7c61a021c425e010f840080f\"},\"headline\":\"Pour une communication de l&rsquo;efficacit\u00e9 \u00e9nerg\u00e9tique \u00e0 la hauteur des enjeux europ\u00e9ens\",\"datePublished\":\"2016-08-05T22:39:59+00:00\",\"dateModified\":\"2016-08-05T22:39:59+00:00\",\"mainEntityOfPage\":{\"@id\":\"https:\/\/territorialchallenges.com\/2016\/08\/06\/pour-une-communication-de-lefficacite-energetique-a-la-hauteur-des-enjeux-europeens\/554\/\"},\"wordCount\":679,\"commentCount\":0,\"publisher\":{\"@id\":\"https:\/\/territorialchallenges.com\/#organization\"},\"articleSection\":[\"Archives - Editos\"],\"inLanguage\":\"de\"},{\"@type\":\"WebPage\",\"@id\":\"https:\/\/territorialchallenges.com\/2016\/08\/06\/pour-une-communication-de-lefficacite-energetique-a-la-hauteur-des-enjeux-europeens\/554\/\",\"url\":\"https:\/\/territorialchallenges.com\/2016\/08\/06\/pour-une-communication-de-lefficacite-energetique-a-la-hauteur-des-enjeux-europeens\/554\/\",\"name\":\"Pour une communication de l'efficacit\u00e9 \u00e9nerg\u00e9tique \u00e0 la hauteur des enjeux europ\u00e9ens - Territorial Challenges\",\"isPartOf\":{\"@id\":\"https:\/\/territorialchallenges.com\/#website\"},\"datePublished\":\"2016-08-05T22:39:59+00:00\",\"dateModified\":\"2016-08-05T22:39:59+00:00\",\"breadcrumb\":{\"@id\":\"https:\/\/territorialchallenges.com\/2016\/08\/06\/pour-une-communication-de-lefficacite-energetique-a-la-hauteur-des-enjeux-europeens\/554\/#breadcrumb\"},\"inLanguage\":\"de\",\"potentialAction\":[{\"@type\":\"ReadAction\",\"target\":[\"https:\/\/territorialchallenges.com\/2016\/08\/06\/pour-une-communication-de-lefficacite-energetique-a-la-hauteur-des-enjeux-europeens\/554\/\"]}]},{\"@type\":\"BreadcrumbList\",\"@id\":\"https:\/\/territorialchallenges.com\/2016\/08\/06\/pour-une-communication-de-lefficacite-energetique-a-la-hauteur-des-enjeux-europeens\/554\/#breadcrumb\",\"itemListElement\":[{\"@type\":\"ListItem\",\"position\":1,\"name\":\"Home\",\"item\":\"https:\/\/territorialchallenges.com\/\"},{\"@type\":\"ListItem\",\"position\":2,\"name\":\"Pour une communication de l&rsquo;efficacit\u00e9 \u00e9nerg\u00e9tique \u00e0 la hauteur des enjeux europ\u00e9ens\"}]},{\"@type\":\"WebSite\",\"@id\":\"https:\/\/territorialchallenges.com\/#website\",\"url\":\"https:\/\/territorialchallenges.com\/\",\"name\":\"Territorial Challenges\",\"description\":\"Veille Internationale - Strat\u00e9gie Intelligentes - Bonnes pratiques\",\"publisher\":{\"@id\":\"https:\/\/territorialchallenges.com\/#organization\"},\"potentialAction\":[{\"@type\":\"SearchAction\",\"target\":{\"@type\":\"EntryPoint\",\"urlTemplate\":\"https:\/\/territorialchallenges.com\/?s={search_term_string}\"},\"query-input\":\"required name=search_term_string\"}],\"inLanguage\":\"de\"},{\"@type\":\"Organization\",\"@id\":\"https:\/\/territorialchallenges.com\/#organization\",\"name\":\"Territorial Challenges\",\"url\":\"https:\/\/territorialchallenges.com\/\",\"logo\":{\"@type\":\"ImageObject\",\"inLanguage\":\"de\",\"@id\":\"https:\/\/territorialchallenges.com\/#\/schema\/logo\/image\/\",\"url\":\"https:\/\/territorialchallenges.com\/wp-content\/uploads\/2023\/10\/logo-1.png\",\"contentUrl\":\"https:\/\/territorialchallenges.com\/wp-content\/uploads\/2023\/10\/logo-1.png\",\"width\":1832,\"height\":576,\"caption\":\"Territorial Challenges\"},\"image\":{\"@id\":\"https:\/\/territorialchallenges.com\/#\/schema\/logo\/image\/\"}},{\"@type\":\"Person\",\"@id\":\"https:\/\/territorialchallenges.com\/#\/schema\/person\/098f145c7c61a021c425e010f840080f\",\"name\":\"ni.abdi\",\"image\":{\"@type\":\"ImageObject\",\"inLanguage\":\"de\",\"@id\":\"https:\/\/territorialchallenges.com\/#\/schema\/person\/image\/\",\"url\":\"https:\/\/secure.gravatar.com\/avatar\/2a2f2491f3c80039986ba989b1e4b510?s=96&d=identicon&r=g\",\"contentUrl\":\"https:\/\/secure.gravatar.com\/avatar\/2a2f2491f3c80039986ba989b1e4b510?s=96&d=identicon&r=g\",\"caption\":\"ni.abdi\"},\"sameAs\":[\"https:\/\/twitter.com\/Ni.abdi\"],\"url\":\"https:\/\/territorialchallenges.com\/de\/author\/ni-abdi\/\"}]}<\/script>\n<!-- \/ Yoast SEO plugin. -->","yoast_head_json":{"title":"Pour une communication de l'efficacit\u00e9 \u00e9nerg\u00e9tique \u00e0 la hauteur des enjeux europ\u00e9ens - Territorial Challenges","robots":{"index":"index","follow":"follow","max-snippet":"max-snippet:-1","max-image-preview":"max-image-preview:large","max-video-preview":"max-video-preview:-1"},"canonical":"https:\/\/territorialchallenges.com\/de\/2016\/08\/06\/pour-une-communication-de-lefficacite-energetique-a-la-hauteur-des-enjeux-europeens\/554\/","og_locale":"de_DE","og_type":"article","og_title":"Pour une communication de l'efficacit\u00e9 \u00e9nerg\u00e9tique \u00e0 la hauteur des enjeux europ\u00e9ens - Territorial Challenges","og_description":"(20 janvier 2013) En ce premier mois des d\u00e9bats sur la transition \u00e9nerg\u00e9tique, une r\u00e9flexion concernant la communication dans le monde des professionnels de l&rsquo;\u00e9lectrique m\u00e9rite d&rsquo;\u00eatre ouverte. Il y a dans la sph\u00e8re des \u00e9quipementiers \u00e9lectriques une probl\u00e9matique de communication \u00e0 r\u00e9soudre. Un \u00e9quilibre est \u00e0 trouver entre la promotion des produits innovants \u00e0 [&hellip;]","og_url":"https:\/\/territorialchallenges.com\/de\/2016\/08\/06\/pour-une-communication-de-lefficacite-energetique-a-la-hauteur-des-enjeux-europeens\/554\/","og_site_name":"Territorial Challenges","article_published_time":"2016-08-05T22:39:59+00:00","author":"ni.abdi","twitter_card":"summary_large_image","twitter_creator":"@Ni.abdi","twitter_misc":{"Verfasst von":"ni.abdi","Gesch\u00e4tzte Lesezeit":"3\u00a0Minuten"},"schema":{"@context":"https:\/\/schema.org","@graph":[{"@type":"Article","@id":"https:\/\/territorialchallenges.com\/2016\/08\/06\/pour-une-communication-de-lefficacite-energetique-a-la-hauteur-des-enjeux-europeens\/554\/#article","isPartOf":{"@id":"https:\/\/territorialchallenges.com\/2016\/08\/06\/pour-une-communication-de-lefficacite-energetique-a-la-hauteur-des-enjeux-europeens\/554\/"},"author":{"name":"ni.abdi","@id":"https:\/\/territorialchallenges.com\/#\/schema\/person\/098f145c7c61a021c425e010f840080f"},"headline":"Pour une communication de l&rsquo;efficacit\u00e9 \u00e9nerg\u00e9tique \u00e0 la hauteur des enjeux europ\u00e9ens","datePublished":"2016-08-05T22:39:59+00:00","dateModified":"2016-08-05T22:39:59+00:00","mainEntityOfPage":{"@id":"https:\/\/territorialchallenges.com\/2016\/08\/06\/pour-une-communication-de-lefficacite-energetique-a-la-hauteur-des-enjeux-europeens\/554\/"},"wordCount":679,"commentCount":0,"publisher":{"@id":"https:\/\/territorialchallenges.com\/#organization"},"articleSection":["Archives - Editos"],"inLanguage":"de"},{"@type":"WebPage","@id":"https:\/\/territorialchallenges.com\/2016\/08\/06\/pour-une-communication-de-lefficacite-energetique-a-la-hauteur-des-enjeux-europeens\/554\/","url":"https:\/\/territorialchallenges.com\/2016\/08\/06\/pour-une-communication-de-lefficacite-energetique-a-la-hauteur-des-enjeux-europeens\/554\/","name":"Pour une communication de l'efficacit\u00e9 \u00e9nerg\u00e9tique \u00e0 la hauteur des enjeux europ\u00e9ens - Territorial Challenges","isPartOf":{"@id":"https:\/\/territorialchallenges.com\/#website"},"datePublished":"2016-08-05T22:39:59+00:00","dateModified":"2016-08-05T22:39:59+00:00","breadcrumb":{"@id":"https:\/\/territorialchallenges.com\/2016\/08\/06\/pour-une-communication-de-lefficacite-energetique-a-la-hauteur-des-enjeux-europeens\/554\/#breadcrumb"},"inLanguage":"de","potentialAction":[{"@type":"ReadAction","target":["https:\/\/territorialchallenges.com\/2016\/08\/06\/pour-une-communication-de-lefficacite-energetique-a-la-hauteur-des-enjeux-europeens\/554\/"]}]},{"@type":"BreadcrumbList","@id":"https:\/\/territorialchallenges.com\/2016\/08\/06\/pour-une-communication-de-lefficacite-energetique-a-la-hauteur-des-enjeux-europeens\/554\/#breadcrumb","itemListElement":[{"@type":"ListItem","position":1,"name":"Home","item":"https:\/\/territorialchallenges.com\/"},{"@type":"ListItem","position":2,"name":"Pour une communication de l&rsquo;efficacit\u00e9 \u00e9nerg\u00e9tique \u00e0 la hauteur des enjeux europ\u00e9ens"}]},{"@type":"WebSite","@id":"https:\/\/territorialchallenges.com\/#website","url":"https:\/\/territorialchallenges.com\/","name":"Territoriale Herausforderungen","description":"Internationales Monitoring \u2013 Intelligente Strategien \u2013 Best Practices","publisher":{"@id":"https:\/\/territorialchallenges.com\/#organization"},"potentialAction":[{"@type":"SearchAction","target":{"@type":"EntryPoint","urlTemplate":"https:\/\/territorialchallenges.com\/?s={search_term_string}"},"query-input":"required name=search_term_string"}],"inLanguage":"de"},{"@type":"Organization","@id":"https:\/\/territorialchallenges.com\/#organization","name":"Territoriale Herausforderungen","url":"https:\/\/territorialchallenges.com\/","logo":{"@type":"ImageObject","inLanguage":"de","@id":"https:\/\/territorialchallenges.com\/#\/schema\/logo\/image\/","url":"https:\/\/territorialchallenges.com\/wp-content\/uploads\/2023\/10\/logo-1.png","contentUrl":"https:\/\/territorialchallenges.com\/wp-content\/uploads\/2023\/10\/logo-1.png","width":1832,"height":576,"caption":"Territorial Challenges"},"image":{"@id":"https:\/\/territorialchallenges.com\/#\/schema\/logo\/image\/"}},{"@type":"Person","@id":"https:\/\/territorialchallenges.com\/#\/schema\/person\/098f145c7c61a021c425e010f840080f","name":"ni.abdi","image":{"@type":"ImageObject","inLanguage":"de","@id":"https:\/\/territorialchallenges.com\/#\/schema\/person\/image\/","url":"https:\/\/secure.gravatar.com\/avatar\/2a2f2491f3c80039986ba989b1e4b510?s=96&d=identicon&r=g","contentUrl":"https:\/\/secure.gravatar.com\/avatar\/2a2f2491f3c80039986ba989b1e4b510?s=96&d=identicon&r=g","caption":"ni.abdi"},"sameAs":["https:\/\/twitter.com\/Ni.abdi"],"url":"https:\/\/territorialchallenges.com\/de\/author\/ni-abdi\/"}]}},"_links":{"self":[{"href":"https:\/\/territorialchallenges.com\/de\/wp-json\/wp\/v2\/posts\/554"}],"collection":[{"href":"https:\/\/territorialchallenges.com\/de\/wp-json\/wp\/v2\/posts"}],"about":[{"href":"https:\/\/territorialchallenges.com\/de\/wp-json\/wp\/v2\/types\/post"}],"author":[{"embeddable":true,"href":"https:\/\/territorialchallenges.com\/de\/wp-json\/wp\/v2\/users\/11"}],"replies":[{"embeddable":true,"href":"https:\/\/territorialchallenges.com\/de\/wp-json\/wp\/v2\/comments?post=554"}],"version-history":[{"count":0,"href":"https:\/\/territorialchallenges.com\/de\/wp-json\/wp\/v2\/posts\/554\/revisions"}],"wp:attachment":[{"href":"https:\/\/territorialchallenges.com\/de\/wp-json\/wp\/v2\/media?parent=554"}],"wp:term":[{"taxonomy":"category","embeddable":true,"href":"https:\/\/territorialchallenges.com\/de\/wp-json\/wp\/v2\/categories?post=554"},{"taxonomy":"post_tag","embeddable":true,"href":"https:\/\/territorialchallenges.com\/de\/wp-json\/wp\/v2\/tags?post=554"}],"curies":[{"name":"wp","href":"https:\/\/api.w.org\/{rel}","templated":true}]}}