{"id":517,"date":"2016-07-16T22:50:07","date_gmt":"2016-07-16T20:50:07","guid":{"rendered":"http:\/\/e-novatio.com\/?p=517"},"modified":"2016-07-16T22:50:07","modified_gmt":"2016-07-16T20:50:07","slug":"la-filiere-electrique-nest-pas-insatisfaite-elle-navigue-a-vue","status":"publish","type":"post","link":"https:\/\/territorialchallenges.com\/de\/2016\/07\/16\/la-filiere-electrique-nest-pas-insatisfaite-elle-navigue-a-vue\/517\/","title":{"rendered":"Der Stromsektor ist nicht unzufrieden, er navigiert nach Sicht"},"content":{"rendered":"<p>(20. Oktober 2012) Die Konvergenz von Energie und Digitalisierung bringt in manchen Branchen alte Gewohnheiten durcheinander. Auch die Elektrobranche ist von diesen Ver\u00e4nderungen nicht verschont geblieben und sucht nach einer Zukunft. Ein Stimmungsbericht. In den letzten Monaten hat sich in der Welt der Elektroger\u00e4te eine bestimmte Stimmung breitgemacht. Sie besteht darin, ein Jahr vorherzusagen\u2026 <\/p>\n<div class=\"pmpro_content_message\">Artikel nur f\u00fcr Abonnenten sichtbar.<br \/><a href=\"https:\/\/territorialchallenges.com\/wp-login.php\">Verbindung<\/a><br \/><a href=\"https:\/\/territorialchallenges.com\/de\/wp-login.php\/?action=register\">Registrieren<\/a><\/div>","protected":false},"excerpt":{"rendered":"<p>(20 octobre 2012) La convergence \u00e9nergie\/num\u00e9rique bouleverse des habitudes immuables dans certaines industries. La fili\u00e8re \u00e9lectrique en premier\u00a0qui n&rsquo;\u00e9chappe pas \u00e0 de telles mutations, se cherche un avenir. Passage en revue d&rsquo;un \u00e9tat d&rsquo;esprit. Une certaine atmosph\u00e8re s&rsquo;est install\u00e9e depuis quelques mois dans le monde de l&rsquo;\u00e9quipement \u00e9lectrique. Celle qui consiste \u00e0 pr\u00e9voir une ann\u00e9e... <\/p>\n<div class=\"pmpro_content_message\">Artikel nur f\u00fcr Abonnenten sichtbar.<br \/><a href=\"https:\/\/territorialchallenges.com\/wp-login.php\">Verbindung<\/a><br \/><a href=\"https:\/\/territorialchallenges.com\/de\/wp-login.php\/?action=register\">Registrieren<\/a><\/div>","protected":false},"author":11,"featured_media":0,"comment_status":"open","ping_status":"open","sticky":true,"template":"","format":"standard","meta":{"pmpro_default_level":0,"footnotes":""},"categories":[123],"tags":[],"blocksy_meta":"","yoast_head":"<!-- This site is optimized with the Yoast SEO plugin v21.5 - https:\/\/yoast.com\/wordpress\/plugins\/seo\/ -->\n<title>La fili\u00e8re \u00e9lectrique n&#039;est pas insatisfaite, elle navigue \u00e0 vue - Territorial Challenges<\/title>\n<meta name=\"robots\" content=\"index, follow, max-snippet:-1, max-image-preview:large, max-video-preview:-1\" \/>\n<link rel=\"canonical\" href=\"https:\/\/territorialchallenges.com\/de\/2016\/07\/16\/la-filiere-electrique-nest-pas-insatisfaite-elle-navigue-a-vue\/517\/\" \/>\n<meta property=\"og:locale\" content=\"de_DE\" \/>\n<meta property=\"og:type\" content=\"article\" \/>\n<meta property=\"og:title\" content=\"La fili\u00e8re \u00e9lectrique n&#039;est pas insatisfaite, elle navigue \u00e0 vue - Territorial Challenges\" \/>\n<meta property=\"og:description\" content=\"(20 octobre 2012) La convergence \u00e9nergie\/num\u00e9rique bouleverse des habitudes immuables dans certaines industries. La fili\u00e8re \u00e9lectrique en premier\u00a0qui n&rsquo;\u00e9chappe pas \u00e0 de telles mutations, se cherche un avenir. Passage en revue d&rsquo;un \u00e9tat d&rsquo;esprit. Une certaine atmosph\u00e8re s&rsquo;est install\u00e9e depuis quelques mois dans le monde de l&rsquo;\u00e9quipement \u00e9lectrique. Celle qui consiste \u00e0 pr\u00e9voir une ann\u00e9e [&hellip;]\" \/>\n<meta property=\"og:url\" content=\"https:\/\/territorialchallenges.com\/de\/2016\/07\/16\/la-filiere-electrique-nest-pas-insatisfaite-elle-navigue-a-vue\/517\/\" \/>\n<meta property=\"og:site_name\" content=\"Territorial Challenges\" \/>\n<meta property=\"article:published_time\" content=\"2016-07-16T20:50:07+00:00\" \/>\n<meta name=\"author\" content=\"ni.abdi\" \/>\n<meta name=\"twitter:card\" content=\"summary_large_image\" \/>\n<meta name=\"twitter:creator\" content=\"@Ni.abdi\" \/>\n<meta name=\"twitter:label1\" content=\"Verfasst von\" \/>\n\t<meta name=\"twitter:data1\" content=\"ni.abdi\" \/>\n\t<meta name=\"twitter:label2\" content=\"Gesch\u00e4tzte Lesezeit\" \/>\n\t<meta name=\"twitter:data2\" content=\"3\u00a0Minuten\" \/>\n<script type=\"application\/ld+json\" class=\"yoast-schema-graph\">{\"@context\":\"https:\/\/schema.org\",\"@graph\":[{\"@type\":\"Article\",\"@id\":\"https:\/\/territorialchallenges.com\/2016\/07\/16\/la-filiere-electrique-nest-pas-insatisfaite-elle-navigue-a-vue\/517\/#article\",\"isPartOf\":{\"@id\":\"https:\/\/territorialchallenges.com\/2016\/07\/16\/la-filiere-electrique-nest-pas-insatisfaite-elle-navigue-a-vue\/517\/\"},\"author\":{\"name\":\"ni.abdi\",\"@id\":\"https:\/\/territorialchallenges.com\/#\/schema\/person\/098f145c7c61a021c425e010f840080f\"},\"headline\":\"La fili\u00e8re \u00e9lectrique n&rsquo;est pas insatisfaite, elle navigue \u00e0 vue\",\"datePublished\":\"2016-07-16T20:50:07+00:00\",\"dateModified\":\"2016-07-16T20:50:07+00:00\",\"mainEntityOfPage\":{\"@id\":\"https:\/\/territorialchallenges.com\/2016\/07\/16\/la-filiere-electrique-nest-pas-insatisfaite-elle-navigue-a-vue\/517\/\"},\"wordCount\":769,\"commentCount\":0,\"publisher\":{\"@id\":\"https:\/\/territorialchallenges.com\/#organization\"},\"articleSection\":[\"Archives - Editos\"],\"inLanguage\":\"de\"},{\"@type\":\"WebPage\",\"@id\":\"https:\/\/territorialchallenges.com\/2016\/07\/16\/la-filiere-electrique-nest-pas-insatisfaite-elle-navigue-a-vue\/517\/\",\"url\":\"https:\/\/territorialchallenges.com\/2016\/07\/16\/la-filiere-electrique-nest-pas-insatisfaite-elle-navigue-a-vue\/517\/\",\"name\":\"La fili\u00e8re \u00e9lectrique n'est pas insatisfaite, elle navigue \u00e0 vue - Territorial Challenges\",\"isPartOf\":{\"@id\":\"https:\/\/territorialchallenges.com\/#website\"},\"datePublished\":\"2016-07-16T20:50:07+00:00\",\"dateModified\":\"2016-07-16T20:50:07+00:00\",\"breadcrumb\":{\"@id\":\"https:\/\/territorialchallenges.com\/2016\/07\/16\/la-filiere-electrique-nest-pas-insatisfaite-elle-navigue-a-vue\/517\/#breadcrumb\"},\"inLanguage\":\"de\",\"potentialAction\":[{\"@type\":\"ReadAction\",\"target\":[\"https:\/\/territorialchallenges.com\/2016\/07\/16\/la-filiere-electrique-nest-pas-insatisfaite-elle-navigue-a-vue\/517\/\"]}]},{\"@type\":\"BreadcrumbList\",\"@id\":\"https:\/\/territorialchallenges.com\/2016\/07\/16\/la-filiere-electrique-nest-pas-insatisfaite-elle-navigue-a-vue\/517\/#breadcrumb\",\"itemListElement\":[{\"@type\":\"ListItem\",\"position\":1,\"name\":\"Home\",\"item\":\"https:\/\/territorialchallenges.com\/\"},{\"@type\":\"ListItem\",\"position\":2,\"name\":\"La fili\u00e8re \u00e9lectrique n&rsquo;est pas insatisfaite, elle navigue \u00e0 vue\"}]},{\"@type\":\"WebSite\",\"@id\":\"https:\/\/territorialchallenges.com\/#website\",\"url\":\"https:\/\/territorialchallenges.com\/\",\"name\":\"Territorial Challenges\",\"description\":\"Veille Internationale - Strat\u00e9gie Intelligentes - Bonnes pratiques\",\"publisher\":{\"@id\":\"https:\/\/territorialchallenges.com\/#organization\"},\"potentialAction\":[{\"@type\":\"SearchAction\",\"target\":{\"@type\":\"EntryPoint\",\"urlTemplate\":\"https:\/\/territorialchallenges.com\/?s={search_term_string}\"},\"query-input\":\"required name=search_term_string\"}],\"inLanguage\":\"de\"},{\"@type\":\"Organization\",\"@id\":\"https:\/\/territorialchallenges.com\/#organization\",\"name\":\"Territorial Challenges\",\"url\":\"https:\/\/territorialchallenges.com\/\",\"logo\":{\"@type\":\"ImageObject\",\"inLanguage\":\"de\",\"@id\":\"https:\/\/territorialchallenges.com\/#\/schema\/logo\/image\/\",\"url\":\"https:\/\/territorialchallenges.com\/wp-content\/uploads\/2023\/10\/logo-1.png\",\"contentUrl\":\"https:\/\/territorialchallenges.com\/wp-content\/uploads\/2023\/10\/logo-1.png\",\"width\":1832,\"height\":576,\"caption\":\"Territorial Challenges\"},\"image\":{\"@id\":\"https:\/\/territorialchallenges.com\/#\/schema\/logo\/image\/\"}},{\"@type\":\"Person\",\"@id\":\"https:\/\/territorialchallenges.com\/#\/schema\/person\/098f145c7c61a021c425e010f840080f\",\"name\":\"ni.abdi\",\"image\":{\"@type\":\"ImageObject\",\"inLanguage\":\"de\",\"@id\":\"https:\/\/territorialchallenges.com\/#\/schema\/person\/image\/\",\"url\":\"https:\/\/secure.gravatar.com\/avatar\/2a2f2491f3c80039986ba989b1e4b510?s=96&d=identicon&r=g\",\"contentUrl\":\"https:\/\/secure.gravatar.com\/avatar\/2a2f2491f3c80039986ba989b1e4b510?s=96&d=identicon&r=g\",\"caption\":\"ni.abdi\"},\"sameAs\":[\"https:\/\/twitter.com\/Ni.abdi\"],\"url\":\"https:\/\/territorialchallenges.com\/de\/author\/ni-abdi\/\"}]}<\/script>\n<!-- \/ Yoast SEO plugin. -->","yoast_head_json":{"title":"La fili\u00e8re \u00e9lectrique n'est pas insatisfaite, elle navigue \u00e0 vue - Territorial Challenges","robots":{"index":"index","follow":"follow","max-snippet":"max-snippet:-1","max-image-preview":"max-image-preview:large","max-video-preview":"max-video-preview:-1"},"canonical":"https:\/\/territorialchallenges.com\/de\/2016\/07\/16\/la-filiere-electrique-nest-pas-insatisfaite-elle-navigue-a-vue\/517\/","og_locale":"de_DE","og_type":"article","og_title":"La fili\u00e8re \u00e9lectrique n'est pas insatisfaite, elle navigue \u00e0 vue - Territorial Challenges","og_description":"(20 octobre 2012) La convergence \u00e9nergie\/num\u00e9rique bouleverse des habitudes immuables dans certaines industries. La fili\u00e8re \u00e9lectrique en premier\u00a0qui n&rsquo;\u00e9chappe pas \u00e0 de telles mutations, se cherche un avenir. Passage en revue d&rsquo;un \u00e9tat d&rsquo;esprit. Une certaine atmosph\u00e8re s&rsquo;est install\u00e9e depuis quelques mois dans le monde de l&rsquo;\u00e9quipement \u00e9lectrique. Celle qui consiste \u00e0 pr\u00e9voir une ann\u00e9e [&hellip;]","og_url":"https:\/\/territorialchallenges.com\/de\/2016\/07\/16\/la-filiere-electrique-nest-pas-insatisfaite-elle-navigue-a-vue\/517\/","og_site_name":"Territorial Challenges","article_published_time":"2016-07-16T20:50:07+00:00","author":"ni.abdi","twitter_card":"summary_large_image","twitter_creator":"@Ni.abdi","twitter_misc":{"Verfasst von":"ni.abdi","Gesch\u00e4tzte Lesezeit":"3\u00a0Minuten"},"schema":{"@context":"https:\/\/schema.org","@graph":[{"@type":"Article","@id":"https:\/\/territorialchallenges.com\/2016\/07\/16\/la-filiere-electrique-nest-pas-insatisfaite-elle-navigue-a-vue\/517\/#article","isPartOf":{"@id":"https:\/\/territorialchallenges.com\/2016\/07\/16\/la-filiere-electrique-nest-pas-insatisfaite-elle-navigue-a-vue\/517\/"},"author":{"name":"ni.abdi","@id":"https:\/\/territorialchallenges.com\/#\/schema\/person\/098f145c7c61a021c425e010f840080f"},"headline":"La fili\u00e8re \u00e9lectrique n&rsquo;est pas insatisfaite, elle navigue \u00e0 vue","datePublished":"2016-07-16T20:50:07+00:00","dateModified":"2016-07-16T20:50:07+00:00","mainEntityOfPage":{"@id":"https:\/\/territorialchallenges.com\/2016\/07\/16\/la-filiere-electrique-nest-pas-insatisfaite-elle-navigue-a-vue\/517\/"},"wordCount":769,"commentCount":0,"publisher":{"@id":"https:\/\/territorialchallenges.com\/#organization"},"articleSection":["Archives - Editos"],"inLanguage":"de"},{"@type":"WebPage","@id":"https:\/\/territorialchallenges.com\/2016\/07\/16\/la-filiere-electrique-nest-pas-insatisfaite-elle-navigue-a-vue\/517\/","url":"https:\/\/territorialchallenges.com\/2016\/07\/16\/la-filiere-electrique-nest-pas-insatisfaite-elle-navigue-a-vue\/517\/","name":"La fili\u00e8re \u00e9lectrique n'est pas insatisfaite, elle navigue \u00e0 vue - Territorial Challenges","isPartOf":{"@id":"https:\/\/territorialchallenges.com\/#website"},"datePublished":"2016-07-16T20:50:07+00:00","dateModified":"2016-07-16T20:50:07+00:00","breadcrumb":{"@id":"https:\/\/territorialchallenges.com\/2016\/07\/16\/la-filiere-electrique-nest-pas-insatisfaite-elle-navigue-a-vue\/517\/#breadcrumb"},"inLanguage":"de","potentialAction":[{"@type":"ReadAction","target":["https:\/\/territorialchallenges.com\/2016\/07\/16\/la-filiere-electrique-nest-pas-insatisfaite-elle-navigue-a-vue\/517\/"]}]},{"@type":"BreadcrumbList","@id":"https:\/\/territorialchallenges.com\/2016\/07\/16\/la-filiere-electrique-nest-pas-insatisfaite-elle-navigue-a-vue\/517\/#breadcrumb","itemListElement":[{"@type":"ListItem","position":1,"name":"Home","item":"https:\/\/territorialchallenges.com\/"},{"@type":"ListItem","position":2,"name":"La fili\u00e8re \u00e9lectrique n&rsquo;est pas insatisfaite, elle navigue \u00e0 vue"}]},{"@type":"WebSite","@id":"https:\/\/territorialchallenges.com\/#website","url":"https:\/\/territorialchallenges.com\/","name":"Territoriale Herausforderungen","description":"Internationales Monitoring \u2013 Intelligente Strategien \u2013 Best Practices","publisher":{"@id":"https:\/\/territorialchallenges.com\/#organization"},"potentialAction":[{"@type":"SearchAction","target":{"@type":"EntryPoint","urlTemplate":"https:\/\/territorialchallenges.com\/?s={search_term_string}"},"query-input":"required name=search_term_string"}],"inLanguage":"de"},{"@type":"Organization","@id":"https:\/\/territorialchallenges.com\/#organization","name":"Territoriale Herausforderungen","url":"https:\/\/territorialchallenges.com\/","logo":{"@type":"ImageObject","inLanguage":"de","@id":"https:\/\/territorialchallenges.com\/#\/schema\/logo\/image\/","url":"https:\/\/territorialchallenges.com\/wp-content\/uploads\/2023\/10\/logo-1.png","contentUrl":"https:\/\/territorialchallenges.com\/wp-content\/uploads\/2023\/10\/logo-1.png","width":1832,"height":576,"caption":"Territorial Challenges"},"image":{"@id":"https:\/\/territorialchallenges.com\/#\/schema\/logo\/image\/"}},{"@type":"Person","@id":"https:\/\/territorialchallenges.com\/#\/schema\/person\/098f145c7c61a021c425e010f840080f","name":"ni.abdi","image":{"@type":"ImageObject","inLanguage":"de","@id":"https:\/\/territorialchallenges.com\/#\/schema\/person\/image\/","url":"https:\/\/secure.gravatar.com\/avatar\/2a2f2491f3c80039986ba989b1e4b510?s=96&d=identicon&r=g","contentUrl":"https:\/\/secure.gravatar.com\/avatar\/2a2f2491f3c80039986ba989b1e4b510?s=96&d=identicon&r=g","caption":"ni.abdi"},"sameAs":["https:\/\/twitter.com\/Ni.abdi"],"url":"https:\/\/territorialchallenges.com\/de\/author\/ni-abdi\/"}]}},"_links":{"self":[{"href":"https:\/\/territorialchallenges.com\/de\/wp-json\/wp\/v2\/posts\/517"}],"collection":[{"href":"https:\/\/territorialchallenges.com\/de\/wp-json\/wp\/v2\/posts"}],"about":[{"href":"https:\/\/territorialchallenges.com\/de\/wp-json\/wp\/v2\/types\/post"}],"author":[{"embeddable":true,"href":"https:\/\/territorialchallenges.com\/de\/wp-json\/wp\/v2\/users\/11"}],"replies":[{"embeddable":true,"href":"https:\/\/territorialchallenges.com\/de\/wp-json\/wp\/v2\/comments?post=517"}],"version-history":[{"count":0,"href":"https:\/\/territorialchallenges.com\/de\/wp-json\/wp\/v2\/posts\/517\/revisions"}],"wp:attachment":[{"href":"https:\/\/territorialchallenges.com\/de\/wp-json\/wp\/v2\/media?parent=517"}],"wp:term":[{"taxonomy":"category","embeddable":true,"href":"https:\/\/territorialchallenges.com\/de\/wp-json\/wp\/v2\/categories?post=517"},{"taxonomy":"post_tag","embeddable":true,"href":"https:\/\/territorialchallenges.com\/de\/wp-json\/wp\/v2\/tags?post=517"}],"curies":[{"name":"wp","href":"https:\/\/api.w.org\/{rel}","templated":true}]}}