{"id":433,"date":"2016-07-07T23:25:40","date_gmt":"2016-07-07T21:25:40","guid":{"rendered":"http:\/\/e-novatio.com\/?p=433"},"modified":"2016-07-07T23:25:40","modified_gmt":"2016-07-07T21:25:40","slug":"les-francais-tout-a-la-fois-en-avance-et-en-retard-dans-les-offres-energetiques","status":"publish","type":"post","link":"https:\/\/territorialchallenges.com\/de\/2016\/07\/07\/les-francais-tout-a-la-fois-en-avance-et-en-retard-dans-les-offres-energetiques\/433\/","title":{"rendered":"Die Franzosen, sowohl vorne als auch hinten bei den Energieangeboten\u2026"},"content":{"rendered":"<p>(23.04.2014) Wie kann es sein, dass Frankreich bei den Energiedienstleistungen eine Ausnahme bildet und gleichzeitig bei der Bereitstellung von Heimautomatisierung ein mittelm\u00e4\u00dfiger europ\u00e4ischer Sch\u00fcler ist? Wie kann es sein, dass Frankreich die Nummer 1 (EDF) und 2 (GDF-Suez) in der weltweiten Stromproduktion ist und gleichzeitig bei der Energieversorgung\/digitalen Konvergenz zur\u00fcckliegt\u2026 <\/p>\n<div class=\"pmpro_content_message\">Artikel nur f\u00fcr Abonnenten sichtbar.<br \/><a href=\"https:\/\/territorialchallenges.com\/wp-login.php\">Verbindung<\/a><br \/><a href=\"https:\/\/territorialchallenges.com\/de\/wp-login.php\/?action=register\">Registrieren<\/a><\/div>","protected":false},"excerpt":{"rendered":"<p>(23\/04\/2014) Comment peut-on avoir, tout \u00e0 la fois, une exception fran\u00e7aise des services dans l&rsquo;\u00e9nergie et \u00eatre un mauvais \u00e9l\u00e8ve europ\u00e9en dans l&rsquo;offre de la domotique? Comment peut-on avoir comme Fran\u00e7ais, le leader num\u00e9ro 1 (EDF) et 2 (GDF-Suez) de la production mondiale de l&rsquo;\u00e9lectricit\u00e9 et \u00eatre en retard dans l&rsquo;offre de la convergence \u00e9nergie\/num\u00e9rique.... <\/p>\n<div class=\"pmpro_content_message\">Artikel nur f\u00fcr Abonnenten sichtbar.<br \/><a href=\"https:\/\/territorialchallenges.com\/wp-login.php\">Verbindung<\/a><br \/><a href=\"https:\/\/territorialchallenges.com\/de\/wp-login.php\/?action=register\">Registrieren<\/a><\/div>","protected":false},"author":11,"featured_media":0,"comment_status":"open","ping_status":"open","sticky":true,"template":"","format":"standard","meta":{"pmpro_default_level":0,"footnotes":""},"categories":[123],"tags":[],"blocksy_meta":"","yoast_head":"<!-- This site is optimized with the Yoast SEO plugin v21.5 - https:\/\/yoast.com\/wordpress\/plugins\/seo\/ -->\n<title>Les Fran\u00e7ais, tout \u00e0 la fois en avance et en retard dans les offres \u00e9nerg\u00e9tiques... - Territorial Challenges<\/title>\n<meta name=\"robots\" content=\"index, follow, max-snippet:-1, max-image-preview:large, max-video-preview:-1\" \/>\n<link rel=\"canonical\" href=\"https:\/\/territorialchallenges.com\/de\/2016\/07\/07\/les-francais-tout-a-la-fois-en-avance-et-en-retard-dans-les-offres-energetiques\/433\/\" \/>\n<meta property=\"og:locale\" content=\"de_DE\" \/>\n<meta property=\"og:type\" content=\"article\" \/>\n<meta property=\"og:title\" content=\"Les Fran\u00e7ais, tout \u00e0 la fois en avance et en retard dans les offres \u00e9nerg\u00e9tiques... - Territorial Challenges\" \/>\n<meta property=\"og:description\" content=\"(23\/04\/2014) Comment peut-on avoir, tout \u00e0 la fois, une exception fran\u00e7aise des services dans l&rsquo;\u00e9nergie et \u00eatre un mauvais \u00e9l\u00e8ve europ\u00e9en dans l&rsquo;offre de la domotique? Comment peut-on avoir comme Fran\u00e7ais, le leader num\u00e9ro 1 (EDF) et 2 (GDF-Suez) de la production mondiale de l&rsquo;\u00e9lectricit\u00e9 et \u00eatre en retard dans l&rsquo;offre de la convergence \u00e9nergie\/num\u00e9rique. [&hellip;]\" \/>\n<meta property=\"og:url\" content=\"https:\/\/territorialchallenges.com\/de\/2016\/07\/07\/les-francais-tout-a-la-fois-en-avance-et-en-retard-dans-les-offres-energetiques\/433\/\" \/>\n<meta property=\"og:site_name\" content=\"Territorial Challenges\" \/>\n<meta property=\"article:published_time\" content=\"2016-07-07T21:25:40+00:00\" \/>\n<meta name=\"author\" content=\"ni.abdi\" \/>\n<meta name=\"twitter:card\" content=\"summary_large_image\" \/>\n<meta name=\"twitter:creator\" content=\"@Ni.abdi\" \/>\n<meta name=\"twitter:label1\" content=\"Verfasst von\" \/>\n\t<meta name=\"twitter:data1\" content=\"ni.abdi\" \/>\n\t<meta name=\"twitter:label2\" content=\"Gesch\u00e4tzte Lesezeit\" \/>\n\t<meta name=\"twitter:data2\" content=\"2\u00a0Minuten\" \/>\n<script type=\"application\/ld+json\" class=\"yoast-schema-graph\">{\"@context\":\"https:\/\/schema.org\",\"@graph\":[{\"@type\":\"Article\",\"@id\":\"https:\/\/territorialchallenges.com\/2016\/07\/07\/les-francais-tout-a-la-fois-en-avance-et-en-retard-dans-les-offres-energetiques\/433\/#article\",\"isPartOf\":{\"@id\":\"https:\/\/territorialchallenges.com\/2016\/07\/07\/les-francais-tout-a-la-fois-en-avance-et-en-retard-dans-les-offres-energetiques\/433\/\"},\"author\":{\"name\":\"ni.abdi\",\"@id\":\"https:\/\/territorialchallenges.com\/#\/schema\/person\/098f145c7c61a021c425e010f840080f\"},\"headline\":\"Les Fran\u00e7ais, tout \u00e0 la fois en avance et en retard dans les offres \u00e9nerg\u00e9tiques&#8230;\",\"datePublished\":\"2016-07-07T21:25:40+00:00\",\"dateModified\":\"2016-07-07T21:25:40+00:00\",\"mainEntityOfPage\":{\"@id\":\"https:\/\/territorialchallenges.com\/2016\/07\/07\/les-francais-tout-a-la-fois-en-avance-et-en-retard-dans-les-offres-energetiques\/433\/\"},\"wordCount\":465,\"commentCount\":0,\"publisher\":{\"@id\":\"https:\/\/territorialchallenges.com\/#organization\"},\"articleSection\":[\"Archives - Editos\"],\"inLanguage\":\"de\"},{\"@type\":\"WebPage\",\"@id\":\"https:\/\/territorialchallenges.com\/2016\/07\/07\/les-francais-tout-a-la-fois-en-avance-et-en-retard-dans-les-offres-energetiques\/433\/\",\"url\":\"https:\/\/territorialchallenges.com\/2016\/07\/07\/les-francais-tout-a-la-fois-en-avance-et-en-retard-dans-les-offres-energetiques\/433\/\",\"name\":\"Les Fran\u00e7ais, tout \u00e0 la fois en avance et en retard dans les offres \u00e9nerg\u00e9tiques... - Territorial Challenges\",\"isPartOf\":{\"@id\":\"https:\/\/territorialchallenges.com\/#website\"},\"datePublished\":\"2016-07-07T21:25:40+00:00\",\"dateModified\":\"2016-07-07T21:25:40+00:00\",\"breadcrumb\":{\"@id\":\"https:\/\/territorialchallenges.com\/2016\/07\/07\/les-francais-tout-a-la-fois-en-avance-et-en-retard-dans-les-offres-energetiques\/433\/#breadcrumb\"},\"inLanguage\":\"de\",\"potentialAction\":[{\"@type\":\"ReadAction\",\"target\":[\"https:\/\/territorialchallenges.com\/2016\/07\/07\/les-francais-tout-a-la-fois-en-avance-et-en-retard-dans-les-offres-energetiques\/433\/\"]}]},{\"@type\":\"BreadcrumbList\",\"@id\":\"https:\/\/territorialchallenges.com\/2016\/07\/07\/les-francais-tout-a-la-fois-en-avance-et-en-retard-dans-les-offres-energetiques\/433\/#breadcrumb\",\"itemListElement\":[{\"@type\":\"ListItem\",\"position\":1,\"name\":\"Home\",\"item\":\"https:\/\/territorialchallenges.com\/\"},{\"@type\":\"ListItem\",\"position\":2,\"name\":\"Les Fran\u00e7ais, tout \u00e0 la fois en avance et en retard dans les offres \u00e9nerg\u00e9tiques&#8230;\"}]},{\"@type\":\"WebSite\",\"@id\":\"https:\/\/territorialchallenges.com\/#website\",\"url\":\"https:\/\/territorialchallenges.com\/\",\"name\":\"Territorial Challenges\",\"description\":\"Veille Internationale - Strat\u00e9gie Intelligentes - Bonnes pratiques\",\"publisher\":{\"@id\":\"https:\/\/territorialchallenges.com\/#organization\"},\"potentialAction\":[{\"@type\":\"SearchAction\",\"target\":{\"@type\":\"EntryPoint\",\"urlTemplate\":\"https:\/\/territorialchallenges.com\/?s={search_term_string}\"},\"query-input\":\"required name=search_term_string\"}],\"inLanguage\":\"de\"},{\"@type\":\"Organization\",\"@id\":\"https:\/\/territorialchallenges.com\/#organization\",\"name\":\"Territorial Challenges\",\"url\":\"https:\/\/territorialchallenges.com\/\",\"logo\":{\"@type\":\"ImageObject\",\"inLanguage\":\"de\",\"@id\":\"https:\/\/territorialchallenges.com\/#\/schema\/logo\/image\/\",\"url\":\"https:\/\/territorialchallenges.com\/wp-content\/uploads\/2023\/10\/logo-1.png\",\"contentUrl\":\"https:\/\/territorialchallenges.com\/wp-content\/uploads\/2023\/10\/logo-1.png\",\"width\":1832,\"height\":576,\"caption\":\"Territorial Challenges\"},\"image\":{\"@id\":\"https:\/\/territorialchallenges.com\/#\/schema\/logo\/image\/\"}},{\"@type\":\"Person\",\"@id\":\"https:\/\/territorialchallenges.com\/#\/schema\/person\/098f145c7c61a021c425e010f840080f\",\"name\":\"ni.abdi\",\"image\":{\"@type\":\"ImageObject\",\"inLanguage\":\"de\",\"@id\":\"https:\/\/territorialchallenges.com\/#\/schema\/person\/image\/\",\"url\":\"https:\/\/secure.gravatar.com\/avatar\/2a2f2491f3c80039986ba989b1e4b510?s=96&d=identicon&r=g\",\"contentUrl\":\"https:\/\/secure.gravatar.com\/avatar\/2a2f2491f3c80039986ba989b1e4b510?s=96&d=identicon&r=g\",\"caption\":\"ni.abdi\"},\"sameAs\":[\"https:\/\/twitter.com\/Ni.abdi\"],\"url\":\"https:\/\/territorialchallenges.com\/de\/author\/ni-abdi\/\"}]}<\/script>\n<!-- \/ Yoast SEO plugin. -->","yoast_head_json":{"title":"Les Fran\u00e7ais, tout \u00e0 la fois en avance et en retard dans les offres \u00e9nerg\u00e9tiques... - Territorial Challenges","robots":{"index":"index","follow":"follow","max-snippet":"max-snippet:-1","max-image-preview":"max-image-preview:large","max-video-preview":"max-video-preview:-1"},"canonical":"https:\/\/territorialchallenges.com\/de\/2016\/07\/07\/les-francais-tout-a-la-fois-en-avance-et-en-retard-dans-les-offres-energetiques\/433\/","og_locale":"de_DE","og_type":"article","og_title":"Les Fran\u00e7ais, tout \u00e0 la fois en avance et en retard dans les offres \u00e9nerg\u00e9tiques... - Territorial Challenges","og_description":"(23\/04\/2014) Comment peut-on avoir, tout \u00e0 la fois, une exception fran\u00e7aise des services dans l&rsquo;\u00e9nergie et \u00eatre un mauvais \u00e9l\u00e8ve europ\u00e9en dans l&rsquo;offre de la domotique? Comment peut-on avoir comme Fran\u00e7ais, le leader num\u00e9ro 1 (EDF) et 2 (GDF-Suez) de la production mondiale de l&rsquo;\u00e9lectricit\u00e9 et \u00eatre en retard dans l&rsquo;offre de la convergence \u00e9nergie\/num\u00e9rique. [&hellip;]","og_url":"https:\/\/territorialchallenges.com\/de\/2016\/07\/07\/les-francais-tout-a-la-fois-en-avance-et-en-retard-dans-les-offres-energetiques\/433\/","og_site_name":"Territorial Challenges","article_published_time":"2016-07-07T21:25:40+00:00","author":"ni.abdi","twitter_card":"summary_large_image","twitter_creator":"@Ni.abdi","twitter_misc":{"Verfasst von":"ni.abdi","Gesch\u00e4tzte Lesezeit":"2\u00a0Minuten"},"schema":{"@context":"https:\/\/schema.org","@graph":[{"@type":"Article","@id":"https:\/\/territorialchallenges.com\/2016\/07\/07\/les-francais-tout-a-la-fois-en-avance-et-en-retard-dans-les-offres-energetiques\/433\/#article","isPartOf":{"@id":"https:\/\/territorialchallenges.com\/2016\/07\/07\/les-francais-tout-a-la-fois-en-avance-et-en-retard-dans-les-offres-energetiques\/433\/"},"author":{"name":"ni.abdi","@id":"https:\/\/territorialchallenges.com\/#\/schema\/person\/098f145c7c61a021c425e010f840080f"},"headline":"Les Fran\u00e7ais, tout \u00e0 la fois en avance et en retard dans les offres \u00e9nerg\u00e9tiques&#8230;","datePublished":"2016-07-07T21:25:40+00:00","dateModified":"2016-07-07T21:25:40+00:00","mainEntityOfPage":{"@id":"https:\/\/territorialchallenges.com\/2016\/07\/07\/les-francais-tout-a-la-fois-en-avance-et-en-retard-dans-les-offres-energetiques\/433\/"},"wordCount":465,"commentCount":0,"publisher":{"@id":"https:\/\/territorialchallenges.com\/#organization"},"articleSection":["Archives - Editos"],"inLanguage":"de"},{"@type":"WebPage","@id":"https:\/\/territorialchallenges.com\/2016\/07\/07\/les-francais-tout-a-la-fois-en-avance-et-en-retard-dans-les-offres-energetiques\/433\/","url":"https:\/\/territorialchallenges.com\/2016\/07\/07\/les-francais-tout-a-la-fois-en-avance-et-en-retard-dans-les-offres-energetiques\/433\/","name":"Les Fran\u00e7ais, tout \u00e0 la fois en avance et en retard dans les offres \u00e9nerg\u00e9tiques... - Territorial Challenges","isPartOf":{"@id":"https:\/\/territorialchallenges.com\/#website"},"datePublished":"2016-07-07T21:25:40+00:00","dateModified":"2016-07-07T21:25:40+00:00","breadcrumb":{"@id":"https:\/\/territorialchallenges.com\/2016\/07\/07\/les-francais-tout-a-la-fois-en-avance-et-en-retard-dans-les-offres-energetiques\/433\/#breadcrumb"},"inLanguage":"de","potentialAction":[{"@type":"ReadAction","target":["https:\/\/territorialchallenges.com\/2016\/07\/07\/les-francais-tout-a-la-fois-en-avance-et-en-retard-dans-les-offres-energetiques\/433\/"]}]},{"@type":"BreadcrumbList","@id":"https:\/\/territorialchallenges.com\/2016\/07\/07\/les-francais-tout-a-la-fois-en-avance-et-en-retard-dans-les-offres-energetiques\/433\/#breadcrumb","itemListElement":[{"@type":"ListItem","position":1,"name":"Home","item":"https:\/\/territorialchallenges.com\/"},{"@type":"ListItem","position":2,"name":"Les Fran\u00e7ais, tout \u00e0 la fois en avance et en retard dans les offres \u00e9nerg\u00e9tiques&#8230;"}]},{"@type":"WebSite","@id":"https:\/\/territorialchallenges.com\/#website","url":"https:\/\/territorialchallenges.com\/","name":"Territoriale Herausforderungen","description":"Internationales Monitoring \u2013 Intelligente Strategien \u2013 Best Practices","publisher":{"@id":"https:\/\/territorialchallenges.com\/#organization"},"potentialAction":[{"@type":"SearchAction","target":{"@type":"EntryPoint","urlTemplate":"https:\/\/territorialchallenges.com\/?s={search_term_string}"},"query-input":"required name=search_term_string"}],"inLanguage":"de"},{"@type":"Organization","@id":"https:\/\/territorialchallenges.com\/#organization","name":"Territoriale Herausforderungen","url":"https:\/\/territorialchallenges.com\/","logo":{"@type":"ImageObject","inLanguage":"de","@id":"https:\/\/territorialchallenges.com\/#\/schema\/logo\/image\/","url":"https:\/\/territorialchallenges.com\/wp-content\/uploads\/2023\/10\/logo-1.png","contentUrl":"https:\/\/territorialchallenges.com\/wp-content\/uploads\/2023\/10\/logo-1.png","width":1832,"height":576,"caption":"Territorial Challenges"},"image":{"@id":"https:\/\/territorialchallenges.com\/#\/schema\/logo\/image\/"}},{"@type":"Person","@id":"https:\/\/territorialchallenges.com\/#\/schema\/person\/098f145c7c61a021c425e010f840080f","name":"ni.abdi","image":{"@type":"ImageObject","inLanguage":"de","@id":"https:\/\/territorialchallenges.com\/#\/schema\/person\/image\/","url":"https:\/\/secure.gravatar.com\/avatar\/2a2f2491f3c80039986ba989b1e4b510?s=96&d=identicon&r=g","contentUrl":"https:\/\/secure.gravatar.com\/avatar\/2a2f2491f3c80039986ba989b1e4b510?s=96&d=identicon&r=g","caption":"ni.abdi"},"sameAs":["https:\/\/twitter.com\/Ni.abdi"],"url":"https:\/\/territorialchallenges.com\/de\/author\/ni-abdi\/"}]}},"_links":{"self":[{"href":"https:\/\/territorialchallenges.com\/de\/wp-json\/wp\/v2\/posts\/433"}],"collection":[{"href":"https:\/\/territorialchallenges.com\/de\/wp-json\/wp\/v2\/posts"}],"about":[{"href":"https:\/\/territorialchallenges.com\/de\/wp-json\/wp\/v2\/types\/post"}],"author":[{"embeddable":true,"href":"https:\/\/territorialchallenges.com\/de\/wp-json\/wp\/v2\/users\/11"}],"replies":[{"embeddable":true,"href":"https:\/\/territorialchallenges.com\/de\/wp-json\/wp\/v2\/comments?post=433"}],"version-history":[{"count":0,"href":"https:\/\/territorialchallenges.com\/de\/wp-json\/wp\/v2\/posts\/433\/revisions"}],"wp:attachment":[{"href":"https:\/\/territorialchallenges.com\/de\/wp-json\/wp\/v2\/media?parent=433"}],"wp:term":[{"taxonomy":"category","embeddable":true,"href":"https:\/\/territorialchallenges.com\/de\/wp-json\/wp\/v2\/categories?post=433"},{"taxonomy":"post_tag","embeddable":true,"href":"https:\/\/territorialchallenges.com\/de\/wp-json\/wp\/v2\/tags?post=433"}],"curies":[{"name":"wp","href":"https:\/\/api.w.org\/{rel}","templated":true}]}}