{"id":275,"date":"2018-03-28T17:06:18","date_gmt":"2018-03-28T15:06:18","guid":{"rendered":"http:\/\/e-novatio.com\/?p=275"},"modified":"2018-03-28T17:06:18","modified_gmt":"2018-03-28T15:06:18","slug":"lafrique-et-sa-prochaine-revolution-numerique-selon-intel","status":"publish","type":"post","link":"https:\/\/territorialchallenges.com\/de\/2018\/03\/28\/lafrique-et-sa-prochaine-revolution-numerique-selon-intel\/275\/","title":{"rendered":"Afrika und seine n\u00e4chste digitale Revolution laut Intel"},"content":{"rendered":"<p>Heute steht Afrika im Visier digitaler Player. Viele denken, dass es sich um ein zuk\u00fcnftiges Eldorado handelt, doch die franz\u00f6sische Sichtweise ist nicht oft die gleiche wie die der Profis von jenseits des Atlantiks ...<\/p>\n<div class=\"pmpro_content_message\">Artikel nur f\u00fcr Abonnenten sichtbar.<br \/><a href=\"https:\/\/territorialchallenges.com\/wp-login.php\">Verbindung<\/a><br \/><a href=\"https:\/\/territorialchallenges.com\/de\/wp-login.php\/?action=register\">Registrieren<\/a><\/div>","protected":false},"excerpt":{"rendered":"<p>Heute steht Afrika im Visier digitaler Player. Viele denken, dass es sich um ein zuk\u00fcnftiges Eldorado handelt, doch die franz\u00f6sische Sichtweise ist nicht oft die gleiche wie die der Profis von jenseits des Atlantiks ...<\/p>\n<div class=\"pmpro_content_message\">Artikel nur f\u00fcr Abonnenten sichtbar.<br \/><a href=\"https:\/\/territorialchallenges.com\/wp-login.php\">Verbindung<\/a><br \/><a href=\"https:\/\/territorialchallenges.com\/de\/wp-login.php\/?action=register\">Registrieren<\/a><\/div>","protected":false},"author":11,"featured_media":276,"comment_status":"open","ping_status":"open","sticky":false,"template":"","format":"standard","meta":{"pmpro_default_level":0,"footnotes":""},"categories":[18,124],"tags":[],"blocksy_meta":"","yoast_head":"<!-- This site is optimized with the Yoast SEO plugin v21.5 - https:\/\/yoast.com\/wordpress\/plugins\/seo\/ -->\n<title>L&#039;Afrique et sa prochaine r\u00e9volution num\u00e9rique selon Intel - Territorial Challenges<\/title>\n<meta name=\"robots\" content=\"index, follow, max-snippet:-1, max-image-preview:large, max-video-preview:-1\" \/>\n<link rel=\"canonical\" href=\"https:\/\/territorialchallenges.com\/de\/2018\/03\/28\/lafrique-et-sa-prochaine-revolution-numerique-selon-intel\/275\/\" \/>\n<meta property=\"og:locale\" content=\"de_DE\" \/>\n<meta property=\"og:type\" content=\"article\" \/>\n<meta property=\"og:title\" content=\"L&#039;Afrique et sa prochaine r\u00e9volution num\u00e9rique selon Intel - Territorial Challenges\" \/>\n<meta property=\"og:description\" content=\"Aujourd&#039;hui, l&#039;Afrique est dans le viseur des acteurs du num\u00e9rique. Beaucoup pense que c&#039;est un futur Eldorado, mais le point de vue fran\u00e7ais n&#039;est pas souvent le m\u00eame que celui des professionnels d&#039;outre-Atlantique...\" \/>\n<meta property=\"og:url\" content=\"https:\/\/territorialchallenges.com\/de\/2018\/03\/28\/lafrique-et-sa-prochaine-revolution-numerique-selon-intel\/275\/\" \/>\n<meta property=\"og:site_name\" content=\"Territorial Challenges\" \/>\n<meta property=\"article:published_time\" content=\"2018-03-28T15:06:18+00:00\" \/>\n<meta name=\"author\" content=\"ni.abdi\" \/>\n<meta name=\"twitter:card\" content=\"summary_large_image\" \/>\n<meta name=\"twitter:creator\" content=\"@Ni.abdi\" \/>\n<meta name=\"twitter:label1\" content=\"Verfasst von\" \/>\n\t<meta name=\"twitter:data1\" content=\"ni.abdi\" \/>\n\t<meta name=\"twitter:label2\" content=\"Gesch\u00e4tzte Lesezeit\" \/>\n\t<meta name=\"twitter:data2\" content=\"1\u00a0Minute\" \/>\n<script type=\"application\/ld+json\" class=\"yoast-schema-graph\">{\"@context\":\"https:\/\/schema.org\",\"@graph\":[{\"@type\":\"Article\",\"@id\":\"https:\/\/territorialchallenges.com\/2018\/03\/28\/lafrique-et-sa-prochaine-revolution-numerique-selon-intel\/275\/#article\",\"isPartOf\":{\"@id\":\"https:\/\/territorialchallenges.com\/2018\/03\/28\/lafrique-et-sa-prochaine-revolution-numerique-selon-intel\/275\/\"},\"author\":{\"name\":\"ni.abdi\",\"@id\":\"https:\/\/territorialchallenges.com\/#\/schema\/person\/098f145c7c61a021c425e010f840080f\"},\"headline\":\"L&rsquo;Afrique et sa prochaine r\u00e9volution num\u00e9rique selon Intel\",\"datePublished\":\"2018-03-28T15:06:18+00:00\",\"dateModified\":\"2018-03-28T15:06:18+00:00\",\"mainEntityOfPage\":{\"@id\":\"https:\/\/territorialchallenges.com\/2018\/03\/28\/lafrique-et-sa-prochaine-revolution-numerique-selon-intel\/275\/\"},\"wordCount\":171,\"commentCount\":0,\"publisher\":{\"@id\":\"https:\/\/territorialchallenges.com\/#organization\"},\"articleSection\":[\"Transition \u00c9nerg\u00e9tique\",\"Actualit\u00e9 internationale\"],\"inLanguage\":\"de\"},{\"@type\":\"WebPage\",\"@id\":\"https:\/\/territorialchallenges.com\/2018\/03\/28\/lafrique-et-sa-prochaine-revolution-numerique-selon-intel\/275\/\",\"url\":\"https:\/\/territorialchallenges.com\/2018\/03\/28\/lafrique-et-sa-prochaine-revolution-numerique-selon-intel\/275\/\",\"name\":\"L'Afrique et sa prochaine r\u00e9volution num\u00e9rique selon Intel - Territorial Challenges\",\"isPartOf\":{\"@id\":\"https:\/\/territorialchallenges.com\/#website\"},\"datePublished\":\"2018-03-28T15:06:18+00:00\",\"dateModified\":\"2018-03-28T15:06:18+00:00\",\"breadcrumb\":{\"@id\":\"https:\/\/territorialchallenges.com\/2018\/03\/28\/lafrique-et-sa-prochaine-revolution-numerique-selon-intel\/275\/#breadcrumb\"},\"inLanguage\":\"de\",\"potentialAction\":[{\"@type\":\"ReadAction\",\"target\":[\"https:\/\/territorialchallenges.com\/2018\/03\/28\/lafrique-et-sa-prochaine-revolution-numerique-selon-intel\/275\/\"]}]},{\"@type\":\"BreadcrumbList\",\"@id\":\"https:\/\/territorialchallenges.com\/2018\/03\/28\/lafrique-et-sa-prochaine-revolution-numerique-selon-intel\/275\/#breadcrumb\",\"itemListElement\":[{\"@type\":\"ListItem\",\"position\":1,\"name\":\"Home\",\"item\":\"https:\/\/territorialchallenges.com\/\"},{\"@type\":\"ListItem\",\"position\":2,\"name\":\"L&rsquo;Afrique et sa prochaine r\u00e9volution num\u00e9rique selon Intel\"}]},{\"@type\":\"WebSite\",\"@id\":\"https:\/\/territorialchallenges.com\/#website\",\"url\":\"https:\/\/territorialchallenges.com\/\",\"name\":\"Territorial Challenges\",\"description\":\"Veille Internationale - Strat\u00e9gie Intelligentes - Bonnes pratiques\",\"publisher\":{\"@id\":\"https:\/\/territorialchallenges.com\/#organization\"},\"potentialAction\":[{\"@type\":\"SearchAction\",\"target\":{\"@type\":\"EntryPoint\",\"urlTemplate\":\"https:\/\/territorialchallenges.com\/?s={search_term_string}\"},\"query-input\":\"required name=search_term_string\"}],\"inLanguage\":\"de\"},{\"@type\":\"Organization\",\"@id\":\"https:\/\/territorialchallenges.com\/#organization\",\"name\":\"Territorial Challenges\",\"url\":\"https:\/\/territorialchallenges.com\/\",\"logo\":{\"@type\":\"ImageObject\",\"inLanguage\":\"de\",\"@id\":\"https:\/\/territorialchallenges.com\/#\/schema\/logo\/image\/\",\"url\":\"https:\/\/territorialchallenges.com\/wp-content\/uploads\/2023\/10\/logo-1.png\",\"contentUrl\":\"https:\/\/territorialchallenges.com\/wp-content\/uploads\/2023\/10\/logo-1.png\",\"width\":1832,\"height\":576,\"caption\":\"Territorial Challenges\"},\"image\":{\"@id\":\"https:\/\/territorialchallenges.com\/#\/schema\/logo\/image\/\"}},{\"@type\":\"Person\",\"@id\":\"https:\/\/territorialchallenges.com\/#\/schema\/person\/098f145c7c61a021c425e010f840080f\",\"name\":\"ni.abdi\",\"image\":{\"@type\":\"ImageObject\",\"inLanguage\":\"de\",\"@id\":\"https:\/\/territorialchallenges.com\/#\/schema\/person\/image\/\",\"url\":\"https:\/\/secure.gravatar.com\/avatar\/2a2f2491f3c80039986ba989b1e4b510?s=96&d=identicon&r=g\",\"contentUrl\":\"https:\/\/secure.gravatar.com\/avatar\/2a2f2491f3c80039986ba989b1e4b510?s=96&d=identicon&r=g\",\"caption\":\"ni.abdi\"},\"sameAs\":[\"https:\/\/twitter.com\/Ni.abdi\"],\"url\":\"https:\/\/territorialchallenges.com\/de\/author\/ni-abdi\/\"}]}<\/script>\n<!-- \/ Yoast SEO plugin. -->","yoast_head_json":{"title":"L'Afrique et sa prochaine r\u00e9volution num\u00e9rique selon Intel - Territorial Challenges","robots":{"index":"index","follow":"follow","max-snippet":"max-snippet:-1","max-image-preview":"max-image-preview:large","max-video-preview":"max-video-preview:-1"},"canonical":"https:\/\/territorialchallenges.com\/de\/2018\/03\/28\/lafrique-et-sa-prochaine-revolution-numerique-selon-intel\/275\/","og_locale":"de_DE","og_type":"article","og_title":"L'Afrique et sa prochaine r\u00e9volution num\u00e9rique selon Intel - Territorial Challenges","og_description":"Aujourd'hui, l'Afrique est dans le viseur des acteurs du num\u00e9rique. Beaucoup pense que c'est un futur Eldorado, mais le point de vue fran\u00e7ais n'est pas souvent le m\u00eame que celui des professionnels d'outre-Atlantique...","og_url":"https:\/\/territorialchallenges.com\/de\/2018\/03\/28\/lafrique-et-sa-prochaine-revolution-numerique-selon-intel\/275\/","og_site_name":"Territorial Challenges","article_published_time":"2018-03-28T15:06:18+00:00","author":"ni.abdi","twitter_card":"summary_large_image","twitter_creator":"@Ni.abdi","twitter_misc":{"Verfasst von":"ni.abdi","Gesch\u00e4tzte Lesezeit":"1\u00a0Minute"},"schema":{"@context":"https:\/\/schema.org","@graph":[{"@type":"Article","@id":"https:\/\/territorialchallenges.com\/2018\/03\/28\/lafrique-et-sa-prochaine-revolution-numerique-selon-intel\/275\/#article","isPartOf":{"@id":"https:\/\/territorialchallenges.com\/2018\/03\/28\/lafrique-et-sa-prochaine-revolution-numerique-selon-intel\/275\/"},"author":{"name":"ni.abdi","@id":"https:\/\/territorialchallenges.com\/#\/schema\/person\/098f145c7c61a021c425e010f840080f"},"headline":"L&rsquo;Afrique et sa prochaine r\u00e9volution num\u00e9rique selon Intel","datePublished":"2018-03-28T15:06:18+00:00","dateModified":"2018-03-28T15:06:18+00:00","mainEntityOfPage":{"@id":"https:\/\/territorialchallenges.com\/2018\/03\/28\/lafrique-et-sa-prochaine-revolution-numerique-selon-intel\/275\/"},"wordCount":171,"commentCount":0,"publisher":{"@id":"https:\/\/territorialchallenges.com\/#organization"},"articleSection":["Transition \u00c9nerg\u00e9tique","Actualit\u00e9 internationale"],"inLanguage":"de"},{"@type":"WebPage","@id":"https:\/\/territorialchallenges.com\/2018\/03\/28\/lafrique-et-sa-prochaine-revolution-numerique-selon-intel\/275\/","url":"https:\/\/territorialchallenges.com\/2018\/03\/28\/lafrique-et-sa-prochaine-revolution-numerique-selon-intel\/275\/","name":"L'Afrique et sa prochaine r\u00e9volution num\u00e9rique selon Intel - Territorial Challenges","isPartOf":{"@id":"https:\/\/territorialchallenges.com\/#website"},"datePublished":"2018-03-28T15:06:18+00:00","dateModified":"2018-03-28T15:06:18+00:00","breadcrumb":{"@id":"https:\/\/territorialchallenges.com\/2018\/03\/28\/lafrique-et-sa-prochaine-revolution-numerique-selon-intel\/275\/#breadcrumb"},"inLanguage":"de","potentialAction":[{"@type":"ReadAction","target":["https:\/\/territorialchallenges.com\/2018\/03\/28\/lafrique-et-sa-prochaine-revolution-numerique-selon-intel\/275\/"]}]},{"@type":"BreadcrumbList","@id":"https:\/\/territorialchallenges.com\/2018\/03\/28\/lafrique-et-sa-prochaine-revolution-numerique-selon-intel\/275\/#breadcrumb","itemListElement":[{"@type":"ListItem","position":1,"name":"Home","item":"https:\/\/territorialchallenges.com\/"},{"@type":"ListItem","position":2,"name":"L&rsquo;Afrique et sa prochaine r\u00e9volution num\u00e9rique selon Intel"}]},{"@type":"WebSite","@id":"https:\/\/territorialchallenges.com\/#website","url":"https:\/\/territorialchallenges.com\/","name":"Territoriale Herausforderungen","description":"Internationales Monitoring \u2013 Intelligente Strategien \u2013 Best Practices","publisher":{"@id":"https:\/\/territorialchallenges.com\/#organization"},"potentialAction":[{"@type":"SearchAction","target":{"@type":"EntryPoint","urlTemplate":"https:\/\/territorialchallenges.com\/?s={search_term_string}"},"query-input":"required name=search_term_string"}],"inLanguage":"de"},{"@type":"Organization","@id":"https:\/\/territorialchallenges.com\/#organization","name":"Territoriale Herausforderungen","url":"https:\/\/territorialchallenges.com\/","logo":{"@type":"ImageObject","inLanguage":"de","@id":"https:\/\/territorialchallenges.com\/#\/schema\/logo\/image\/","url":"https:\/\/territorialchallenges.com\/wp-content\/uploads\/2023\/10\/logo-1.png","contentUrl":"https:\/\/territorialchallenges.com\/wp-content\/uploads\/2023\/10\/logo-1.png","width":1832,"height":576,"caption":"Territorial Challenges"},"image":{"@id":"https:\/\/territorialchallenges.com\/#\/schema\/logo\/image\/"}},{"@type":"Person","@id":"https:\/\/territorialchallenges.com\/#\/schema\/person\/098f145c7c61a021c425e010f840080f","name":"ni.abdi","image":{"@type":"ImageObject","inLanguage":"de","@id":"https:\/\/territorialchallenges.com\/#\/schema\/person\/image\/","url":"https:\/\/secure.gravatar.com\/avatar\/2a2f2491f3c80039986ba989b1e4b510?s=96&d=identicon&r=g","contentUrl":"https:\/\/secure.gravatar.com\/avatar\/2a2f2491f3c80039986ba989b1e4b510?s=96&d=identicon&r=g","caption":"ni.abdi"},"sameAs":["https:\/\/twitter.com\/Ni.abdi"],"url":"https:\/\/territorialchallenges.com\/de\/author\/ni-abdi\/"}]}},"_links":{"self":[{"href":"https:\/\/territorialchallenges.com\/de\/wp-json\/wp\/v2\/posts\/275"}],"collection":[{"href":"https:\/\/territorialchallenges.com\/de\/wp-json\/wp\/v2\/posts"}],"about":[{"href":"https:\/\/territorialchallenges.com\/de\/wp-json\/wp\/v2\/types\/post"}],"author":[{"embeddable":true,"href":"https:\/\/territorialchallenges.com\/de\/wp-json\/wp\/v2\/users\/11"}],"replies":[{"embeddable":true,"href":"https:\/\/territorialchallenges.com\/de\/wp-json\/wp\/v2\/comments?post=275"}],"version-history":[{"count":0,"href":"https:\/\/territorialchallenges.com\/de\/wp-json\/wp\/v2\/posts\/275\/revisions"}],"wp:featuredmedia":[{"embeddable":true,"href":"https:\/\/territorialchallenges.com\/de\/wp-json\/"}],"wp:attachment":[{"href":"https:\/\/territorialchallenges.com\/de\/wp-json\/wp\/v2\/media?parent=275"}],"wp:term":[{"taxonomy":"category","embeddable":true,"href":"https:\/\/territorialchallenges.com\/de\/wp-json\/wp\/v2\/categories?post=275"},{"taxonomy":"post_tag","embeddable":true,"href":"https:\/\/territorialchallenges.com\/de\/wp-json\/wp\/v2\/tags?post=275"}],"curies":[{"name":"wp","href":"https:\/\/api.w.org\/{rel}","templated":true}]}}