{"id":1875,"date":"2019-02-20T15:21:29","date_gmt":"2019-02-20T14:21:29","guid":{"rendered":"https:\/\/ecoinovatio.com\/?p=1875"},"modified":"2019-05-07T17:11:49","modified_gmt":"2019-05-07T15:11:49","slug":"une-etude-consacree-aux-capteurs-des-smart-grids","status":"publish","type":"post","link":"https:\/\/territorialchallenges.com\/de\/2019\/02\/20\/une-etude-consacree-aux-capteurs-des-smart-grids\/1875\/","title":{"rendered":"Eine Studie \u00fcber Smart-Grid-Sensoren"},"content":{"rendered":"<p>Das Beratungsunternehmen HTF MI hat eine neue Studie zum globalen Markt f\u00fcr Smart-Grid-Sensoren ver\u00f6ffentlicht, die \u00fcber 100 Datentabellen, Grafiken und Abbildungen auf leicht verst\u00e4ndlichen Seiten mit detaillierter Analyse umfasst. Derzeit w\u00e4chst der Markt. Der Forschungsbericht pr\u00e4sentiert eine\u2026 <\/p>\n<div class=\"pmpro_content_message\">Artikel nur f\u00fcr Abonnenten sichtbar.<br \/><a href=\"https:\/\/territorialchallenges.com\/wp-login.php\">Verbindung<\/a><br \/><a href=\"https:\/\/territorialchallenges.com\/de\/wp-login.php\/?action=register\">Registrieren<\/a><\/div>","protected":false},"excerpt":{"rendered":"<p>Le cabinet de conseil HTF MI a publi\u00e9 une nouvelle \u00e9tude sur le march\u00e9 mondial des capteurs de r\u00e9seau intelligents comprenant plus de 100 tableaux de donn\u00e9es, graphiques et chiffres r\u00e9partis sur des pages faciles \u00e0 comprendre et avec des analyses d\u00e9taill\u00e9es. Actuellement, le march\u00e9 est en pleine croissance. Le rapport de recherche pr\u00e9sente une... <\/p>\n<div class=\"pmpro_content_message\">Artikel nur f\u00fcr Abonnenten sichtbar.<br \/><a href=\"https:\/\/territorialchallenges.com\/wp-login.php\">Verbindung<\/a><br \/><a href=\"https:\/\/territorialchallenges.com\/de\/wp-login.php\/?action=register\">Registrieren<\/a><\/div>","protected":false},"author":11,"featured_media":83549,"comment_status":"open","ping_status":"open","sticky":false,"template":"","format":"standard","meta":{"pmpro_default_level":0,"footnotes":""},"categories":[18,124],"tags":[],"blocksy_meta":"","yoast_head":"<!-- This site is optimized with the Yoast SEO plugin v21.5 - https:\/\/yoast.com\/wordpress\/plugins\/seo\/ -->\n<title>Une \u00e9tude consacr\u00e9e aux capteurs des smart grids - Territorial Challenges<\/title>\n<meta name=\"robots\" content=\"index, follow, max-snippet:-1, max-image-preview:large, max-video-preview:-1\" \/>\n<link rel=\"canonical\" href=\"https:\/\/territorialchallenges.com\/de\/2019\/02\/20\/une-etude-consacree-aux-capteurs-des-smart-grids\/1875\/\" \/>\n<meta property=\"og:locale\" content=\"de_DE\" \/>\n<meta property=\"og:type\" content=\"article\" \/>\n<meta property=\"og:title\" content=\"Une \u00e9tude consacr\u00e9e aux capteurs des smart grids - Territorial Challenges\" \/>\n<meta property=\"og:description\" content=\"Le cabinet de conseil HTF MI a publi\u00e9 une nouvelle \u00e9tude sur le march\u00e9 mondial des capteurs de r\u00e9seau intelligents comprenant plus de 100 tableaux de donn\u00e9es, graphiques et chiffres r\u00e9partis sur des pages faciles \u00e0 comprendre et avec des analyses d\u00e9taill\u00e9es. Actuellement, le march\u00e9 est en pleine croissance. Le rapport de recherche pr\u00e9sente une [&hellip;]\" \/>\n<meta property=\"og:url\" content=\"https:\/\/territorialchallenges.com\/de\/2019\/02\/20\/une-etude-consacree-aux-capteurs-des-smart-grids\/1875\/\" \/>\n<meta property=\"og:site_name\" content=\"Territorial Challenges\" \/>\n<meta property=\"article:published_time\" content=\"2019-02-20T14:21:29+00:00\" \/>\n<meta property=\"article:modified_time\" content=\"2019-05-07T15:11:49+00:00\" \/>\n<meta property=\"og:image\" content=\"https:\/\/territorialchallenges.com\/wp-content\/uploads\/2019\/05\/energy-139366_1920-1024x681.jpg\" \/>\n\t<meta property=\"og:image:width\" content=\"1024\" \/>\n\t<meta property=\"og:image:height\" content=\"681\" \/>\n\t<meta property=\"og:image:type\" content=\"image\/jpeg\" \/>\n<meta name=\"author\" content=\"ni.abdi\" \/>\n<meta name=\"twitter:card\" content=\"summary_large_image\" \/>\n<meta name=\"twitter:creator\" content=\"@Ni.abdi\" \/>\n<meta name=\"twitter:label1\" content=\"Verfasst von\" \/>\n\t<meta name=\"twitter:data1\" content=\"ni.abdi\" \/>\n\t<meta name=\"twitter:label2\" content=\"Gesch\u00e4tzte Lesezeit\" \/>\n\t<meta name=\"twitter:data2\" content=\"3\u00a0Minuten\" \/>\n<script type=\"application\/ld+json\" class=\"yoast-schema-graph\">{\"@context\":\"https:\/\/schema.org\",\"@graph\":[{\"@type\":\"Article\",\"@id\":\"https:\/\/territorialchallenges.com\/2019\/02\/20\/une-etude-consacree-aux-capteurs-des-smart-grids\/1875\/#article\",\"isPartOf\":{\"@id\":\"https:\/\/territorialchallenges.com\/2019\/02\/20\/une-etude-consacree-aux-capteurs-des-smart-grids\/1875\/\"},\"author\":{\"name\":\"ni.abdi\",\"@id\":\"https:\/\/territorialchallenges.com\/#\/schema\/person\/098f145c7c61a021c425e010f840080f\"},\"headline\":\"Une \u00e9tude consacr\u00e9e aux capteurs des smart grids\",\"datePublished\":\"2019-02-20T14:21:29+00:00\",\"dateModified\":\"2019-05-07T15:11:49+00:00\",\"mainEntityOfPage\":{\"@id\":\"https:\/\/territorialchallenges.com\/2019\/02\/20\/une-etude-consacree-aux-capteurs-des-smart-grids\/1875\/\"},\"wordCount\":563,\"commentCount\":0,\"publisher\":{\"@id\":\"https:\/\/territorialchallenges.com\/#organization\"},\"articleSection\":[\"Transition \u00c9nerg\u00e9tique\",\"Actualit\u00e9 internationale\"],\"inLanguage\":\"de\"},{\"@type\":\"WebPage\",\"@id\":\"https:\/\/territorialchallenges.com\/2019\/02\/20\/une-etude-consacree-aux-capteurs-des-smart-grids\/1875\/\",\"url\":\"https:\/\/territorialchallenges.com\/2019\/02\/20\/une-etude-consacree-aux-capteurs-des-smart-grids\/1875\/\",\"name\":\"Une \u00e9tude consacr\u00e9e aux capteurs des smart grids - Territorial Challenges\",\"isPartOf\":{\"@id\":\"https:\/\/territorialchallenges.com\/#website\"},\"datePublished\":\"2019-02-20T14:21:29+00:00\",\"dateModified\":\"2019-05-07T15:11:49+00:00\",\"breadcrumb\":{\"@id\":\"https:\/\/territorialchallenges.com\/2019\/02\/20\/une-etude-consacree-aux-capteurs-des-smart-grids\/1875\/#breadcrumb\"},\"inLanguage\":\"de\",\"potentialAction\":[{\"@type\":\"ReadAction\",\"target\":[\"https:\/\/territorialchallenges.com\/2019\/02\/20\/une-etude-consacree-aux-capteurs-des-smart-grids\/1875\/\"]}]},{\"@type\":\"BreadcrumbList\",\"@id\":\"https:\/\/territorialchallenges.com\/2019\/02\/20\/une-etude-consacree-aux-capteurs-des-smart-grids\/1875\/#breadcrumb\",\"itemListElement\":[{\"@type\":\"ListItem\",\"position\":1,\"name\":\"Home\",\"item\":\"https:\/\/territorialchallenges.com\/\"},{\"@type\":\"ListItem\",\"position\":2,\"name\":\"Une \u00e9tude consacr\u00e9e aux capteurs des smart grids\"}]},{\"@type\":\"WebSite\",\"@id\":\"https:\/\/territorialchallenges.com\/#website\",\"url\":\"https:\/\/territorialchallenges.com\/\",\"name\":\"Territorial Challenges\",\"description\":\"Veille Internationale - Strat\u00e9gie Intelligentes - Bonnes pratiques\",\"publisher\":{\"@id\":\"https:\/\/territorialchallenges.com\/#organization\"},\"potentialAction\":[{\"@type\":\"SearchAction\",\"target\":{\"@type\":\"EntryPoint\",\"urlTemplate\":\"https:\/\/territorialchallenges.com\/?s={search_term_string}\"},\"query-input\":\"required name=search_term_string\"}],\"inLanguage\":\"de\"},{\"@type\":\"Organization\",\"@id\":\"https:\/\/territorialchallenges.com\/#organization\",\"name\":\"Territorial Challenges\",\"url\":\"https:\/\/territorialchallenges.com\/\",\"logo\":{\"@type\":\"ImageObject\",\"inLanguage\":\"de\",\"@id\":\"https:\/\/territorialchallenges.com\/#\/schema\/logo\/image\/\",\"url\":\"https:\/\/territorialchallenges.com\/wp-content\/uploads\/2023\/10\/logo-1.png\",\"contentUrl\":\"https:\/\/territorialchallenges.com\/wp-content\/uploads\/2023\/10\/logo-1.png\",\"width\":1832,\"height\":576,\"caption\":\"Territorial Challenges\"},\"image\":{\"@id\":\"https:\/\/territorialchallenges.com\/#\/schema\/logo\/image\/\"}},{\"@type\":\"Person\",\"@id\":\"https:\/\/territorialchallenges.com\/#\/schema\/person\/098f145c7c61a021c425e010f840080f\",\"name\":\"ni.abdi\",\"image\":{\"@type\":\"ImageObject\",\"inLanguage\":\"de\",\"@id\":\"https:\/\/territorialchallenges.com\/#\/schema\/person\/image\/\",\"url\":\"https:\/\/secure.gravatar.com\/avatar\/2a2f2491f3c80039986ba989b1e4b510?s=96&d=identicon&r=g\",\"contentUrl\":\"https:\/\/secure.gravatar.com\/avatar\/2a2f2491f3c80039986ba989b1e4b510?s=96&d=identicon&r=g\",\"caption\":\"ni.abdi\"},\"sameAs\":[\"https:\/\/twitter.com\/Ni.abdi\"],\"url\":\"https:\/\/territorialchallenges.com\/de\/author\/ni-abdi\/\"}]}<\/script>\n<!-- \/ Yoast SEO plugin. -->","yoast_head_json":{"title":"Une \u00e9tude consacr\u00e9e aux capteurs des smart grids - Territorial Challenges","robots":{"index":"index","follow":"follow","max-snippet":"max-snippet:-1","max-image-preview":"max-image-preview:large","max-video-preview":"max-video-preview:-1"},"canonical":"https:\/\/territorialchallenges.com\/de\/2019\/02\/20\/une-etude-consacree-aux-capteurs-des-smart-grids\/1875\/","og_locale":"de_DE","og_type":"article","og_title":"Une \u00e9tude consacr\u00e9e aux capteurs des smart grids - Territorial Challenges","og_description":"Le cabinet de conseil HTF MI a publi\u00e9 une nouvelle \u00e9tude sur le march\u00e9 mondial des capteurs de r\u00e9seau intelligents comprenant plus de 100 tableaux de donn\u00e9es, graphiques et chiffres r\u00e9partis sur des pages faciles \u00e0 comprendre et avec des analyses d\u00e9taill\u00e9es. Actuellement, le march\u00e9 est en pleine croissance. Le rapport de recherche pr\u00e9sente une [&hellip;]","og_url":"https:\/\/territorialchallenges.com\/de\/2019\/02\/20\/une-etude-consacree-aux-capteurs-des-smart-grids\/1875\/","og_site_name":"Territorial Challenges","article_published_time":"2019-02-20T14:21:29+00:00","article_modified_time":"2019-05-07T15:11:49+00:00","og_image":[{"width":1024,"height":681,"url":"https:\/\/territorialchallenges.com\/wp-content\/uploads\/2019\/05\/energy-139366_1920-1024x681.jpg","type":"image\/jpeg"}],"author":"ni.abdi","twitter_card":"summary_large_image","twitter_creator":"@Ni.abdi","twitter_misc":{"Verfasst von":"ni.abdi","Gesch\u00e4tzte Lesezeit":"3\u00a0Minuten"},"schema":{"@context":"https:\/\/schema.org","@graph":[{"@type":"Article","@id":"https:\/\/territorialchallenges.com\/2019\/02\/20\/une-etude-consacree-aux-capteurs-des-smart-grids\/1875\/#article","isPartOf":{"@id":"https:\/\/territorialchallenges.com\/2019\/02\/20\/une-etude-consacree-aux-capteurs-des-smart-grids\/1875\/"},"author":{"name":"ni.abdi","@id":"https:\/\/territorialchallenges.com\/#\/schema\/person\/098f145c7c61a021c425e010f840080f"},"headline":"Une \u00e9tude consacr\u00e9e aux capteurs des smart grids","datePublished":"2019-02-20T14:21:29+00:00","dateModified":"2019-05-07T15:11:49+00:00","mainEntityOfPage":{"@id":"https:\/\/territorialchallenges.com\/2019\/02\/20\/une-etude-consacree-aux-capteurs-des-smart-grids\/1875\/"},"wordCount":563,"commentCount":0,"publisher":{"@id":"https:\/\/territorialchallenges.com\/#organization"},"articleSection":["Transition \u00c9nerg\u00e9tique","Actualit\u00e9 internationale"],"inLanguage":"de"},{"@type":"WebPage","@id":"https:\/\/territorialchallenges.com\/2019\/02\/20\/une-etude-consacree-aux-capteurs-des-smart-grids\/1875\/","url":"https:\/\/territorialchallenges.com\/2019\/02\/20\/une-etude-consacree-aux-capteurs-des-smart-grids\/1875\/","name":"Une \u00e9tude consacr\u00e9e aux capteurs des smart grids - Territorial Challenges","isPartOf":{"@id":"https:\/\/territorialchallenges.com\/#website"},"datePublished":"2019-02-20T14:21:29+00:00","dateModified":"2019-05-07T15:11:49+00:00","breadcrumb":{"@id":"https:\/\/territorialchallenges.com\/2019\/02\/20\/une-etude-consacree-aux-capteurs-des-smart-grids\/1875\/#breadcrumb"},"inLanguage":"de","potentialAction":[{"@type":"ReadAction","target":["https:\/\/territorialchallenges.com\/2019\/02\/20\/une-etude-consacree-aux-capteurs-des-smart-grids\/1875\/"]}]},{"@type":"BreadcrumbList","@id":"https:\/\/territorialchallenges.com\/2019\/02\/20\/une-etude-consacree-aux-capteurs-des-smart-grids\/1875\/#breadcrumb","itemListElement":[{"@type":"ListItem","position":1,"name":"Home","item":"https:\/\/territorialchallenges.com\/"},{"@type":"ListItem","position":2,"name":"Une \u00e9tude consacr\u00e9e aux capteurs des smart grids"}]},{"@type":"WebSite","@id":"https:\/\/territorialchallenges.com\/#website","url":"https:\/\/territorialchallenges.com\/","name":"Territoriale Herausforderungen","description":"Internationales Monitoring \u2013 Intelligente Strategien \u2013 Best Practices","publisher":{"@id":"https:\/\/territorialchallenges.com\/#organization"},"potentialAction":[{"@type":"SearchAction","target":{"@type":"EntryPoint","urlTemplate":"https:\/\/territorialchallenges.com\/?s={search_term_string}"},"query-input":"required name=search_term_string"}],"inLanguage":"de"},{"@type":"Organization","@id":"https:\/\/territorialchallenges.com\/#organization","name":"Territoriale Herausforderungen","url":"https:\/\/territorialchallenges.com\/","logo":{"@type":"ImageObject","inLanguage":"de","@id":"https:\/\/territorialchallenges.com\/#\/schema\/logo\/image\/","url":"https:\/\/territorialchallenges.com\/wp-content\/uploads\/2023\/10\/logo-1.png","contentUrl":"https:\/\/territorialchallenges.com\/wp-content\/uploads\/2023\/10\/logo-1.png","width":1832,"height":576,"caption":"Territorial Challenges"},"image":{"@id":"https:\/\/territorialchallenges.com\/#\/schema\/logo\/image\/"}},{"@type":"Person","@id":"https:\/\/territorialchallenges.com\/#\/schema\/person\/098f145c7c61a021c425e010f840080f","name":"ni.abdi","image":{"@type":"ImageObject","inLanguage":"de","@id":"https:\/\/territorialchallenges.com\/#\/schema\/person\/image\/","url":"https:\/\/secure.gravatar.com\/avatar\/2a2f2491f3c80039986ba989b1e4b510?s=96&d=identicon&r=g","contentUrl":"https:\/\/secure.gravatar.com\/avatar\/2a2f2491f3c80039986ba989b1e4b510?s=96&d=identicon&r=g","caption":"ni.abdi"},"sameAs":["https:\/\/twitter.com\/Ni.abdi"],"url":"https:\/\/territorialchallenges.com\/de\/author\/ni-abdi\/"}]}},"_links":{"self":[{"href":"https:\/\/territorialchallenges.com\/de\/wp-json\/wp\/v2\/posts\/1875"}],"collection":[{"href":"https:\/\/territorialchallenges.com\/de\/wp-json\/wp\/v2\/posts"}],"about":[{"href":"https:\/\/territorialchallenges.com\/de\/wp-json\/wp\/v2\/types\/post"}],"author":[{"embeddable":true,"href":"https:\/\/territorialchallenges.com\/de\/wp-json\/wp\/v2\/users\/11"}],"replies":[{"embeddable":true,"href":"https:\/\/territorialchallenges.com\/de\/wp-json\/wp\/v2\/comments?post=1875"}],"version-history":[{"count":1,"href":"https:\/\/territorialchallenges.com\/de\/wp-json\/wp\/v2\/posts\/1875\/revisions"}],"predecessor-version":[{"id":83675,"href":"https:\/\/territorialchallenges.com\/de\/wp-json\/wp\/v2\/posts\/1875\/revisions\/83675"}],"wp:featuredmedia":[{"embeddable":true,"href":"https:\/\/territorialchallenges.com\/de\/wp-json\/wp\/v2\/media\/83549"}],"wp:attachment":[{"href":"https:\/\/territorialchallenges.com\/de\/wp-json\/wp\/v2\/media?parent=1875"}],"wp:term":[{"taxonomy":"category","embeddable":true,"href":"https:\/\/territorialchallenges.com\/de\/wp-json\/wp\/v2\/categories?post=1875"},{"taxonomy":"post_tag","embeddable":true,"href":"https:\/\/territorialchallenges.com\/de\/wp-json\/wp\/v2\/tags?post=1875"}],"curies":[{"name":"wp","href":"https:\/\/api.w.org\/{rel}","templated":true}]}}