{"id":1455,"date":"2018-01-14T22:54:47","date_gmt":"2018-01-14T21:54:47","guid":{"rendered":"https:\/\/ecoinovatio.com\/?p=1455"},"modified":"2018-01-14T22:54:47","modified_gmt":"2018-01-14T21:54:47","slug":"metiers-de-lenergie-intelligente-faut-il-revenir-au-concept-des-arts-et-metiers","status":"publish","type":"post","link":"https:\/\/territorialchallenges.com\/de\/2018\/01\/14\/metiers-de-lenergie-intelligente-faut-il-revenir-au-concept-des-arts-et-metiers\/1455\/","title":{"rendered":"Intelligente Energieberufe: Sollten wir zum Konzept von K\u00fcnsten und Berufen zur\u00fcckkehren?"},"content":{"rendered":"<p>Bringt die Konvergenz von Energie und digitaler Technologie Colberts liebgewonnene Idee ins Wanken, dass jeder Beruf, jede Arbeit, jedes Produkt seinen eigenen Adel, seine eigene Familie hat? Die Einf\u00fchrung der Beschreibung von Kunst und Handwerk durch die K\u00f6nigliche Akademie der Wissenschaften Ende des 17. Jahrhunderts hat das franz\u00f6sische Bewusstsein seit langem gepr\u00e4gt... <\/p>\n<div class=\"pmpro_content_message\">Artikel nur f\u00fcr Abonnenten sichtbar.<br \/><a href=\"https:\/\/territorialchallenges.com\/wp-login.php\">Verbindung<\/a><br \/><a href=\"https:\/\/territorialchallenges.com\/de\/wp-login.php\/?action=register\">Registrieren<\/a><\/div>","protected":false},"excerpt":{"rendered":"<p>La convergence \u00e9nergie\/num\u00e9rique est-elle en train de bousculer l&rsquo;id\u00e9e ch\u00e8re \u00e0 Colbert que chaque m\u00e9tier, chaque labeur, chaque produit a sa propre noblesse, sa propre famille. Le lancement \u00e0 la fin du XVIIe si\u00e8cle par l&rsquo;Acad\u00e9mie royale des sciences, de la description des arts et m\u00e9tiers, a structur\u00e9 pour longtemps une conscience fran\u00e7aise autour de... <\/p>\n<div class=\"pmpro_content_message\">Artikel nur f\u00fcr Abonnenten sichtbar.<br \/><a href=\"https:\/\/territorialchallenges.com\/wp-login.php\">Verbindung<\/a><br \/><a href=\"https:\/\/territorialchallenges.com\/de\/wp-login.php\/?action=register\">Registrieren<\/a><\/div>","protected":false},"author":11,"featured_media":0,"comment_status":"open","ping_status":"open","sticky":true,"template":"","format":"standard","meta":{"pmpro_default_level":0,"footnotes":""},"categories":[123],"tags":[],"blocksy_meta":"","yoast_head":"<!-- This site is optimized with the Yoast SEO plugin v21.5 - https:\/\/yoast.com\/wordpress\/plugins\/seo\/ -->\n<title>M\u00e9tiers de l\u2019\u00e9nergie intelligente : faut-il revenir au concept des arts et m\u00e9tiers ? - Territorial Challenges<\/title>\n<meta name=\"robots\" content=\"index, follow, max-snippet:-1, max-image-preview:large, max-video-preview:-1\" \/>\n<link rel=\"canonical\" href=\"https:\/\/territorialchallenges.com\/de\/2018\/01\/14\/metiers-de-lenergie-intelligente-faut-il-revenir-au-concept-des-arts-et-metiers\/1455\/\" \/>\n<meta property=\"og:locale\" content=\"de_DE\" \/>\n<meta property=\"og:type\" content=\"article\" \/>\n<meta property=\"og:title\" content=\"M\u00e9tiers de l\u2019\u00e9nergie intelligente : faut-il revenir au concept des arts et m\u00e9tiers ? - Territorial Challenges\" \/>\n<meta property=\"og:description\" content=\"La convergence \u00e9nergie\/num\u00e9rique est-elle en train de bousculer l&rsquo;id\u00e9e ch\u00e8re \u00e0 Colbert que chaque m\u00e9tier, chaque labeur, chaque produit a sa propre noblesse, sa propre famille. Le lancement \u00e0 la fin du XVIIe si\u00e8cle par l&rsquo;Acad\u00e9mie royale des sciences, de la description des arts et m\u00e9tiers, a structur\u00e9 pour longtemps une conscience fran\u00e7aise autour de [&hellip;]\" \/>\n<meta property=\"og:url\" content=\"https:\/\/territorialchallenges.com\/de\/2018\/01\/14\/metiers-de-lenergie-intelligente-faut-il-revenir-au-concept-des-arts-et-metiers\/1455\/\" \/>\n<meta property=\"og:site_name\" content=\"Territorial Challenges\" \/>\n<meta property=\"article:published_time\" content=\"2018-01-14T21:54:47+00:00\" \/>\n<meta name=\"author\" content=\"ni.abdi\" \/>\n<meta name=\"twitter:card\" content=\"summary_large_image\" \/>\n<meta name=\"twitter:creator\" content=\"@Ni.abdi\" \/>\n<meta name=\"twitter:label1\" content=\"Verfasst von\" \/>\n\t<meta name=\"twitter:data1\" content=\"ni.abdi\" \/>\n\t<meta name=\"twitter:label2\" content=\"Gesch\u00e4tzte Lesezeit\" \/>\n\t<meta name=\"twitter:data2\" content=\"3\u00a0Minuten\" \/>\n<script type=\"application\/ld+json\" class=\"yoast-schema-graph\">{\"@context\":\"https:\/\/schema.org\",\"@graph\":[{\"@type\":\"Article\",\"@id\":\"https:\/\/territorialchallenges.com\/2018\/01\/14\/metiers-de-lenergie-intelligente-faut-il-revenir-au-concept-des-arts-et-metiers\/1455\/#article\",\"isPartOf\":{\"@id\":\"https:\/\/territorialchallenges.com\/2018\/01\/14\/metiers-de-lenergie-intelligente-faut-il-revenir-au-concept-des-arts-et-metiers\/1455\/\"},\"author\":{\"name\":\"ni.abdi\",\"@id\":\"https:\/\/territorialchallenges.com\/#\/schema\/person\/098f145c7c61a021c425e010f840080f\"},\"headline\":\"M\u00e9tiers de l\u2019\u00e9nergie intelligente : faut-il revenir au concept des arts et m\u00e9tiers ?\",\"datePublished\":\"2018-01-14T21:54:47+00:00\",\"dateModified\":\"2018-01-14T21:54:47+00:00\",\"mainEntityOfPage\":{\"@id\":\"https:\/\/territorialchallenges.com\/2018\/01\/14\/metiers-de-lenergie-intelligente-faut-il-revenir-au-concept-des-arts-et-metiers\/1455\/\"},\"wordCount\":598,\"commentCount\":0,\"publisher\":{\"@id\":\"https:\/\/territorialchallenges.com\/#organization\"},\"articleSection\":[\"Archives - Editos\"],\"inLanguage\":\"de\"},{\"@type\":\"WebPage\",\"@id\":\"https:\/\/territorialchallenges.com\/2018\/01\/14\/metiers-de-lenergie-intelligente-faut-il-revenir-au-concept-des-arts-et-metiers\/1455\/\",\"url\":\"https:\/\/territorialchallenges.com\/2018\/01\/14\/metiers-de-lenergie-intelligente-faut-il-revenir-au-concept-des-arts-et-metiers\/1455\/\",\"name\":\"M\u00e9tiers de l\u2019\u00e9nergie intelligente : faut-il revenir au concept des arts et m\u00e9tiers ? - Territorial Challenges\",\"isPartOf\":{\"@id\":\"https:\/\/territorialchallenges.com\/#website\"},\"datePublished\":\"2018-01-14T21:54:47+00:00\",\"dateModified\":\"2018-01-14T21:54:47+00:00\",\"breadcrumb\":{\"@id\":\"https:\/\/territorialchallenges.com\/2018\/01\/14\/metiers-de-lenergie-intelligente-faut-il-revenir-au-concept-des-arts-et-metiers\/1455\/#breadcrumb\"},\"inLanguage\":\"de\",\"potentialAction\":[{\"@type\":\"ReadAction\",\"target\":[\"https:\/\/territorialchallenges.com\/2018\/01\/14\/metiers-de-lenergie-intelligente-faut-il-revenir-au-concept-des-arts-et-metiers\/1455\/\"]}]},{\"@type\":\"BreadcrumbList\",\"@id\":\"https:\/\/territorialchallenges.com\/2018\/01\/14\/metiers-de-lenergie-intelligente-faut-il-revenir-au-concept-des-arts-et-metiers\/1455\/#breadcrumb\",\"itemListElement\":[{\"@type\":\"ListItem\",\"position\":1,\"name\":\"Home\",\"item\":\"https:\/\/territorialchallenges.com\/\"},{\"@type\":\"ListItem\",\"position\":2,\"name\":\"M\u00e9tiers de l\u2019\u00e9nergie intelligente : faut-il revenir au concept des arts et m\u00e9tiers ?\"}]},{\"@type\":\"WebSite\",\"@id\":\"https:\/\/territorialchallenges.com\/#website\",\"url\":\"https:\/\/territorialchallenges.com\/\",\"name\":\"Territorial Challenges\",\"description\":\"Veille Internationale - Strat\u00e9gie Intelligentes - Bonnes pratiques\",\"publisher\":{\"@id\":\"https:\/\/territorialchallenges.com\/#organization\"},\"potentialAction\":[{\"@type\":\"SearchAction\",\"target\":{\"@type\":\"EntryPoint\",\"urlTemplate\":\"https:\/\/territorialchallenges.com\/?s={search_term_string}\"},\"query-input\":\"required name=search_term_string\"}],\"inLanguage\":\"de\"},{\"@type\":\"Organization\",\"@id\":\"https:\/\/territorialchallenges.com\/#organization\",\"name\":\"Territorial Challenges\",\"url\":\"https:\/\/territorialchallenges.com\/\",\"logo\":{\"@type\":\"ImageObject\",\"inLanguage\":\"de\",\"@id\":\"https:\/\/territorialchallenges.com\/#\/schema\/logo\/image\/\",\"url\":\"https:\/\/territorialchallenges.com\/wp-content\/uploads\/2023\/10\/logo-1.png\",\"contentUrl\":\"https:\/\/territorialchallenges.com\/wp-content\/uploads\/2023\/10\/logo-1.png\",\"width\":1832,\"height\":576,\"caption\":\"Territorial Challenges\"},\"image\":{\"@id\":\"https:\/\/territorialchallenges.com\/#\/schema\/logo\/image\/\"}},{\"@type\":\"Person\",\"@id\":\"https:\/\/territorialchallenges.com\/#\/schema\/person\/098f145c7c61a021c425e010f840080f\",\"name\":\"ni.abdi\",\"image\":{\"@type\":\"ImageObject\",\"inLanguage\":\"de\",\"@id\":\"https:\/\/territorialchallenges.com\/#\/schema\/person\/image\/\",\"url\":\"https:\/\/secure.gravatar.com\/avatar\/2a2f2491f3c80039986ba989b1e4b510?s=96&d=identicon&r=g\",\"contentUrl\":\"https:\/\/secure.gravatar.com\/avatar\/2a2f2491f3c80039986ba989b1e4b510?s=96&d=identicon&r=g\",\"caption\":\"ni.abdi\"},\"sameAs\":[\"https:\/\/twitter.com\/Ni.abdi\"],\"url\":\"https:\/\/territorialchallenges.com\/de\/author\/ni-abdi\/\"}]}<\/script>\n<!-- \/ Yoast SEO plugin. -->","yoast_head_json":{"title":"M\u00e9tiers de l\u2019\u00e9nergie intelligente : faut-il revenir au concept des arts et m\u00e9tiers ? - Territorial Challenges","robots":{"index":"index","follow":"follow","max-snippet":"max-snippet:-1","max-image-preview":"max-image-preview:large","max-video-preview":"max-video-preview:-1"},"canonical":"https:\/\/territorialchallenges.com\/de\/2018\/01\/14\/metiers-de-lenergie-intelligente-faut-il-revenir-au-concept-des-arts-et-metiers\/1455\/","og_locale":"de_DE","og_type":"article","og_title":"M\u00e9tiers de l\u2019\u00e9nergie intelligente : faut-il revenir au concept des arts et m\u00e9tiers ? - Territorial Challenges","og_description":"La convergence \u00e9nergie\/num\u00e9rique est-elle en train de bousculer l&rsquo;id\u00e9e ch\u00e8re \u00e0 Colbert que chaque m\u00e9tier, chaque labeur, chaque produit a sa propre noblesse, sa propre famille. Le lancement \u00e0 la fin du XVIIe si\u00e8cle par l&rsquo;Acad\u00e9mie royale des sciences, de la description des arts et m\u00e9tiers, a structur\u00e9 pour longtemps une conscience fran\u00e7aise autour de [&hellip;]","og_url":"https:\/\/territorialchallenges.com\/de\/2018\/01\/14\/metiers-de-lenergie-intelligente-faut-il-revenir-au-concept-des-arts-et-metiers\/1455\/","og_site_name":"Territorial Challenges","article_published_time":"2018-01-14T21:54:47+00:00","author":"ni.abdi","twitter_card":"summary_large_image","twitter_creator":"@Ni.abdi","twitter_misc":{"Verfasst von":"ni.abdi","Gesch\u00e4tzte Lesezeit":"3\u00a0Minuten"},"schema":{"@context":"https:\/\/schema.org","@graph":[{"@type":"Article","@id":"https:\/\/territorialchallenges.com\/2018\/01\/14\/metiers-de-lenergie-intelligente-faut-il-revenir-au-concept-des-arts-et-metiers\/1455\/#article","isPartOf":{"@id":"https:\/\/territorialchallenges.com\/2018\/01\/14\/metiers-de-lenergie-intelligente-faut-il-revenir-au-concept-des-arts-et-metiers\/1455\/"},"author":{"name":"ni.abdi","@id":"https:\/\/territorialchallenges.com\/#\/schema\/person\/098f145c7c61a021c425e010f840080f"},"headline":"M\u00e9tiers de l\u2019\u00e9nergie intelligente : faut-il revenir au concept des arts et m\u00e9tiers ?","datePublished":"2018-01-14T21:54:47+00:00","dateModified":"2018-01-14T21:54:47+00:00","mainEntityOfPage":{"@id":"https:\/\/territorialchallenges.com\/2018\/01\/14\/metiers-de-lenergie-intelligente-faut-il-revenir-au-concept-des-arts-et-metiers\/1455\/"},"wordCount":598,"commentCount":0,"publisher":{"@id":"https:\/\/territorialchallenges.com\/#organization"},"articleSection":["Archives - Editos"],"inLanguage":"de"},{"@type":"WebPage","@id":"https:\/\/territorialchallenges.com\/2018\/01\/14\/metiers-de-lenergie-intelligente-faut-il-revenir-au-concept-des-arts-et-metiers\/1455\/","url":"https:\/\/territorialchallenges.com\/2018\/01\/14\/metiers-de-lenergie-intelligente-faut-il-revenir-au-concept-des-arts-et-metiers\/1455\/","name":"M\u00e9tiers de l\u2019\u00e9nergie intelligente : faut-il revenir au concept des arts et m\u00e9tiers ? - Territorial Challenges","isPartOf":{"@id":"https:\/\/territorialchallenges.com\/#website"},"datePublished":"2018-01-14T21:54:47+00:00","dateModified":"2018-01-14T21:54:47+00:00","breadcrumb":{"@id":"https:\/\/territorialchallenges.com\/2018\/01\/14\/metiers-de-lenergie-intelligente-faut-il-revenir-au-concept-des-arts-et-metiers\/1455\/#breadcrumb"},"inLanguage":"de","potentialAction":[{"@type":"ReadAction","target":["https:\/\/territorialchallenges.com\/2018\/01\/14\/metiers-de-lenergie-intelligente-faut-il-revenir-au-concept-des-arts-et-metiers\/1455\/"]}]},{"@type":"BreadcrumbList","@id":"https:\/\/territorialchallenges.com\/2018\/01\/14\/metiers-de-lenergie-intelligente-faut-il-revenir-au-concept-des-arts-et-metiers\/1455\/#breadcrumb","itemListElement":[{"@type":"ListItem","position":1,"name":"Home","item":"https:\/\/territorialchallenges.com\/"},{"@type":"ListItem","position":2,"name":"M\u00e9tiers de l\u2019\u00e9nergie intelligente : faut-il revenir au concept des arts et m\u00e9tiers ?"}]},{"@type":"WebSite","@id":"https:\/\/territorialchallenges.com\/#website","url":"https:\/\/territorialchallenges.com\/","name":"Territoriale Herausforderungen","description":"Internationales Monitoring \u2013 Intelligente Strategien \u2013 Best Practices","publisher":{"@id":"https:\/\/territorialchallenges.com\/#organization"},"potentialAction":[{"@type":"SearchAction","target":{"@type":"EntryPoint","urlTemplate":"https:\/\/territorialchallenges.com\/?s={search_term_string}"},"query-input":"required name=search_term_string"}],"inLanguage":"de"},{"@type":"Organization","@id":"https:\/\/territorialchallenges.com\/#organization","name":"Territoriale Herausforderungen","url":"https:\/\/territorialchallenges.com\/","logo":{"@type":"ImageObject","inLanguage":"de","@id":"https:\/\/territorialchallenges.com\/#\/schema\/logo\/image\/","url":"https:\/\/territorialchallenges.com\/wp-content\/uploads\/2023\/10\/logo-1.png","contentUrl":"https:\/\/territorialchallenges.com\/wp-content\/uploads\/2023\/10\/logo-1.png","width":1832,"height":576,"caption":"Territorial Challenges"},"image":{"@id":"https:\/\/territorialchallenges.com\/#\/schema\/logo\/image\/"}},{"@type":"Person","@id":"https:\/\/territorialchallenges.com\/#\/schema\/person\/098f145c7c61a021c425e010f840080f","name":"ni.abdi","image":{"@type":"ImageObject","inLanguage":"de","@id":"https:\/\/territorialchallenges.com\/#\/schema\/person\/image\/","url":"https:\/\/secure.gravatar.com\/avatar\/2a2f2491f3c80039986ba989b1e4b510?s=96&d=identicon&r=g","contentUrl":"https:\/\/secure.gravatar.com\/avatar\/2a2f2491f3c80039986ba989b1e4b510?s=96&d=identicon&r=g","caption":"ni.abdi"},"sameAs":["https:\/\/twitter.com\/Ni.abdi"],"url":"https:\/\/territorialchallenges.com\/de\/author\/ni-abdi\/"}]}},"_links":{"self":[{"href":"https:\/\/territorialchallenges.com\/de\/wp-json\/wp\/v2\/posts\/1455"}],"collection":[{"href":"https:\/\/territorialchallenges.com\/de\/wp-json\/wp\/v2\/posts"}],"about":[{"href":"https:\/\/territorialchallenges.com\/de\/wp-json\/wp\/v2\/types\/post"}],"author":[{"embeddable":true,"href":"https:\/\/territorialchallenges.com\/de\/wp-json\/wp\/v2\/users\/11"}],"replies":[{"embeddable":true,"href":"https:\/\/territorialchallenges.com\/de\/wp-json\/wp\/v2\/comments?post=1455"}],"version-history":[{"count":0,"href":"https:\/\/territorialchallenges.com\/de\/wp-json\/wp\/v2\/posts\/1455\/revisions"}],"wp:attachment":[{"href":"https:\/\/territorialchallenges.com\/de\/wp-json\/wp\/v2\/media?parent=1455"}],"wp:term":[{"taxonomy":"category","embeddable":true,"href":"https:\/\/territorialchallenges.com\/de\/wp-json\/wp\/v2\/categories?post=1455"},{"taxonomy":"post_tag","embeddable":true,"href":"https:\/\/territorialchallenges.com\/de\/wp-json\/wp\/v2\/tags?post=1455"}],"curies":[{"name":"wp","href":"https:\/\/api.w.org\/{rel}","templated":true}]}}