{"id":1453,"date":"2018-01-14T22:52:38","date_gmt":"2018-01-14T21:52:38","guid":{"rendered":"https:\/\/ecoinovatio.com\/?p=1453"},"modified":"2018-01-14T22:52:38","modified_gmt":"2018-01-14T21:52:38","slug":"le-lobbying-des-industries-europeennes-de-lenergie-a-lheure-de-la-cop21","status":"publish","type":"post","link":"https:\/\/territorialchallenges.com\/de\/2018\/01\/14\/le-lobbying-des-industries-europeennes-de-lenergie-a-lheure-de-la-cop21\/1453\/","title":{"rendered":"Lobbyarbeit der europ\u00e4ischen Energieindustrie zum Zeitpunkt der COP21"},"content":{"rendered":"<p>Seit 2011 und im Lichte der Br\u00fcsseler Debatte um Energieeffizienzstandards hat sich unter den Lobbyisten der Elektroger\u00e4tehersteller eine neue T\u00e4tigkeit entwickelt. Ein R\u00fcckblick auf diese neue T\u00e4tigkeit in der Branche. In kurzen Mitteilungen, die wir regelm\u00e4\u00dfig erhalten, fordern Br\u00fcsseler Lobbyisten \u2026 <\/p>\n<div class=\"pmpro_content_message\">Artikel nur f\u00fcr Abonnenten sichtbar.<br \/><a href=\"https:\/\/territorialchallenges.com\/wp-login.php\">Verbindung<\/a><br \/><a href=\"https:\/\/territorialchallenges.com\/de\/wp-login.php\/?action=register\">Registrieren<\/a><\/div>","protected":false},"excerpt":{"rendered":"<p>Depuis 2011 et au regard du d\u00e9bat \u00e0 Bruxelles autour des normes sur l&rsquo;efficacit\u00e9 \u00e9nerg\u00e9tique, cette derni\u00e8re suscite une nouvelle forme de vocation chez les lobbyistes des entreprises de l\u2019\u00e9quipement \u00e9lectrique. Retour sur cette activit\u00e9 d&rsquo;un nouveau genre dans ce secteur. C&rsquo;est par de br\u00e8ves communications, que nous apprenons r\u00e9guli\u00e8rement, qu&rsquo;\u00e0 Bruxelles, des lobbyistes demandent... <\/p>\n<div class=\"pmpro_content_message\">Artikel nur f\u00fcr Abonnenten sichtbar.<br \/><a href=\"https:\/\/territorialchallenges.com\/wp-login.php\">Verbindung<\/a><br \/><a href=\"https:\/\/territorialchallenges.com\/de\/wp-login.php\/?action=register\">Registrieren<\/a><\/div>","protected":false},"author":11,"featured_media":0,"comment_status":"open","ping_status":"open","sticky":true,"template":"","format":"standard","meta":{"pmpro_default_level":0,"footnotes":""},"categories":[123],"tags":[],"blocksy_meta":"","yoast_head":"<!-- This site is optimized with the Yoast SEO plugin v21.5 - https:\/\/yoast.com\/wordpress\/plugins\/seo\/ -->\n<title>Le lobbying des industries europ\u00e9ennes de l\u2019\u00e9nergie \u00e0 l&#039;heure de la COP21 - Territorial Challenges<\/title>\n<meta name=\"robots\" content=\"index, follow, max-snippet:-1, max-image-preview:large, max-video-preview:-1\" \/>\n<link rel=\"canonical\" href=\"https:\/\/territorialchallenges.com\/de\/2018\/01\/14\/le-lobbying-des-industries-europeennes-de-lenergie-a-lheure-de-la-cop21\/1453\/\" \/>\n<meta property=\"og:locale\" content=\"de_DE\" \/>\n<meta property=\"og:type\" content=\"article\" \/>\n<meta property=\"og:title\" content=\"Le lobbying des industries europ\u00e9ennes de l\u2019\u00e9nergie \u00e0 l&#039;heure de la COP21 - Territorial Challenges\" \/>\n<meta property=\"og:description\" content=\"Depuis 2011 et au regard du d\u00e9bat \u00e0 Bruxelles autour des normes sur l&rsquo;efficacit\u00e9 \u00e9nerg\u00e9tique, cette derni\u00e8re suscite une nouvelle forme de vocation chez les lobbyistes des entreprises de l\u2019\u00e9quipement \u00e9lectrique. Retour sur cette activit\u00e9 d&rsquo;un nouveau genre dans ce secteur. C&rsquo;est par de br\u00e8ves communications, que nous apprenons r\u00e9guli\u00e8rement, qu&rsquo;\u00e0 Bruxelles, des lobbyistes demandent [&hellip;]\" \/>\n<meta property=\"og:url\" content=\"https:\/\/territorialchallenges.com\/de\/2018\/01\/14\/le-lobbying-des-industries-europeennes-de-lenergie-a-lheure-de-la-cop21\/1453\/\" \/>\n<meta property=\"og:site_name\" content=\"Territorial Challenges\" \/>\n<meta property=\"article:published_time\" content=\"2018-01-14T21:52:38+00:00\" \/>\n<meta name=\"author\" content=\"ni.abdi\" \/>\n<meta name=\"twitter:card\" content=\"summary_large_image\" \/>\n<meta name=\"twitter:creator\" content=\"@Ni.abdi\" \/>\n<meta name=\"twitter:label1\" content=\"Verfasst von\" \/>\n\t<meta name=\"twitter:data1\" content=\"ni.abdi\" \/>\n\t<meta name=\"twitter:label2\" content=\"Gesch\u00e4tzte Lesezeit\" \/>\n\t<meta name=\"twitter:data2\" content=\"2\u00a0Minuten\" \/>\n<script type=\"application\/ld+json\" class=\"yoast-schema-graph\">{\"@context\":\"https:\/\/schema.org\",\"@graph\":[{\"@type\":\"Article\",\"@id\":\"https:\/\/territorialchallenges.com\/2018\/01\/14\/le-lobbying-des-industries-europeennes-de-lenergie-a-lheure-de-la-cop21\/1453\/#article\",\"isPartOf\":{\"@id\":\"https:\/\/territorialchallenges.com\/2018\/01\/14\/le-lobbying-des-industries-europeennes-de-lenergie-a-lheure-de-la-cop21\/1453\/\"},\"author\":{\"name\":\"ni.abdi\",\"@id\":\"https:\/\/territorialchallenges.com\/#\/schema\/person\/098f145c7c61a021c425e010f840080f\"},\"headline\":\"Le lobbying des industries europ\u00e9ennes de l\u2019\u00e9nergie \u00e0 l&rsquo;heure de la COP21\",\"datePublished\":\"2018-01-14T21:52:38+00:00\",\"dateModified\":\"2018-01-14T21:52:38+00:00\",\"mainEntityOfPage\":{\"@id\":\"https:\/\/territorialchallenges.com\/2018\/01\/14\/le-lobbying-des-industries-europeennes-de-lenergie-a-lheure-de-la-cop21\/1453\/\"},\"wordCount\":493,\"commentCount\":0,\"publisher\":{\"@id\":\"https:\/\/territorialchallenges.com\/#organization\"},\"articleSection\":[\"Archives - Editos\"],\"inLanguage\":\"de\"},{\"@type\":\"WebPage\",\"@id\":\"https:\/\/territorialchallenges.com\/2018\/01\/14\/le-lobbying-des-industries-europeennes-de-lenergie-a-lheure-de-la-cop21\/1453\/\",\"url\":\"https:\/\/territorialchallenges.com\/2018\/01\/14\/le-lobbying-des-industries-europeennes-de-lenergie-a-lheure-de-la-cop21\/1453\/\",\"name\":\"Le lobbying des industries europ\u00e9ennes de l\u2019\u00e9nergie \u00e0 l'heure de la COP21 - Territorial Challenges\",\"isPartOf\":{\"@id\":\"https:\/\/territorialchallenges.com\/#website\"},\"datePublished\":\"2018-01-14T21:52:38+00:00\",\"dateModified\":\"2018-01-14T21:52:38+00:00\",\"breadcrumb\":{\"@id\":\"https:\/\/territorialchallenges.com\/2018\/01\/14\/le-lobbying-des-industries-europeennes-de-lenergie-a-lheure-de-la-cop21\/1453\/#breadcrumb\"},\"inLanguage\":\"de\",\"potentialAction\":[{\"@type\":\"ReadAction\",\"target\":[\"https:\/\/territorialchallenges.com\/2018\/01\/14\/le-lobbying-des-industries-europeennes-de-lenergie-a-lheure-de-la-cop21\/1453\/\"]}]},{\"@type\":\"BreadcrumbList\",\"@id\":\"https:\/\/territorialchallenges.com\/2018\/01\/14\/le-lobbying-des-industries-europeennes-de-lenergie-a-lheure-de-la-cop21\/1453\/#breadcrumb\",\"itemListElement\":[{\"@type\":\"ListItem\",\"position\":1,\"name\":\"Home\",\"item\":\"https:\/\/territorialchallenges.com\/\"},{\"@type\":\"ListItem\",\"position\":2,\"name\":\"Le lobbying des industries europ\u00e9ennes de l\u2019\u00e9nergie \u00e0 l&rsquo;heure de la COP21\"}]},{\"@type\":\"WebSite\",\"@id\":\"https:\/\/territorialchallenges.com\/#website\",\"url\":\"https:\/\/territorialchallenges.com\/\",\"name\":\"Territorial Challenges\",\"description\":\"Veille Internationale - Strat\u00e9gie Intelligentes - Bonnes pratiques\",\"publisher\":{\"@id\":\"https:\/\/territorialchallenges.com\/#organization\"},\"potentialAction\":[{\"@type\":\"SearchAction\",\"target\":{\"@type\":\"EntryPoint\",\"urlTemplate\":\"https:\/\/territorialchallenges.com\/?s={search_term_string}\"},\"query-input\":\"required name=search_term_string\"}],\"inLanguage\":\"de\"},{\"@type\":\"Organization\",\"@id\":\"https:\/\/territorialchallenges.com\/#organization\",\"name\":\"Territorial Challenges\",\"url\":\"https:\/\/territorialchallenges.com\/\",\"logo\":{\"@type\":\"ImageObject\",\"inLanguage\":\"de\",\"@id\":\"https:\/\/territorialchallenges.com\/#\/schema\/logo\/image\/\",\"url\":\"https:\/\/territorialchallenges.com\/wp-content\/uploads\/2023\/10\/logo-1.png\",\"contentUrl\":\"https:\/\/territorialchallenges.com\/wp-content\/uploads\/2023\/10\/logo-1.png\",\"width\":1832,\"height\":576,\"caption\":\"Territorial Challenges\"},\"image\":{\"@id\":\"https:\/\/territorialchallenges.com\/#\/schema\/logo\/image\/\"}},{\"@type\":\"Person\",\"@id\":\"https:\/\/territorialchallenges.com\/#\/schema\/person\/098f145c7c61a021c425e010f840080f\",\"name\":\"ni.abdi\",\"image\":{\"@type\":\"ImageObject\",\"inLanguage\":\"de\",\"@id\":\"https:\/\/territorialchallenges.com\/#\/schema\/person\/image\/\",\"url\":\"https:\/\/secure.gravatar.com\/avatar\/2a2f2491f3c80039986ba989b1e4b510?s=96&d=identicon&r=g\",\"contentUrl\":\"https:\/\/secure.gravatar.com\/avatar\/2a2f2491f3c80039986ba989b1e4b510?s=96&d=identicon&r=g\",\"caption\":\"ni.abdi\"},\"sameAs\":[\"https:\/\/twitter.com\/Ni.abdi\"],\"url\":\"https:\/\/territorialchallenges.com\/de\/author\/ni-abdi\/\"}]}<\/script>\n<!-- \/ Yoast SEO plugin. -->","yoast_head_json":{"title":"Le lobbying des industries europ\u00e9ennes de l\u2019\u00e9nergie \u00e0 l'heure de la COP21 - Territorial Challenges","robots":{"index":"index","follow":"follow","max-snippet":"max-snippet:-1","max-image-preview":"max-image-preview:large","max-video-preview":"max-video-preview:-1"},"canonical":"https:\/\/territorialchallenges.com\/de\/2018\/01\/14\/le-lobbying-des-industries-europeennes-de-lenergie-a-lheure-de-la-cop21\/1453\/","og_locale":"de_DE","og_type":"article","og_title":"Le lobbying des industries europ\u00e9ennes de l\u2019\u00e9nergie \u00e0 l'heure de la COP21 - Territorial Challenges","og_description":"Depuis 2011 et au regard du d\u00e9bat \u00e0 Bruxelles autour des normes sur l&rsquo;efficacit\u00e9 \u00e9nerg\u00e9tique, cette derni\u00e8re suscite une nouvelle forme de vocation chez les lobbyistes des entreprises de l\u2019\u00e9quipement \u00e9lectrique. Retour sur cette activit\u00e9 d&rsquo;un nouveau genre dans ce secteur. C&rsquo;est par de br\u00e8ves communications, que nous apprenons r\u00e9guli\u00e8rement, qu&rsquo;\u00e0 Bruxelles, des lobbyistes demandent [&hellip;]","og_url":"https:\/\/territorialchallenges.com\/de\/2018\/01\/14\/le-lobbying-des-industries-europeennes-de-lenergie-a-lheure-de-la-cop21\/1453\/","og_site_name":"Territorial Challenges","article_published_time":"2018-01-14T21:52:38+00:00","author":"ni.abdi","twitter_card":"summary_large_image","twitter_creator":"@Ni.abdi","twitter_misc":{"Verfasst von":"ni.abdi","Gesch\u00e4tzte Lesezeit":"2\u00a0Minuten"},"schema":{"@context":"https:\/\/schema.org","@graph":[{"@type":"Article","@id":"https:\/\/territorialchallenges.com\/2018\/01\/14\/le-lobbying-des-industries-europeennes-de-lenergie-a-lheure-de-la-cop21\/1453\/#article","isPartOf":{"@id":"https:\/\/territorialchallenges.com\/2018\/01\/14\/le-lobbying-des-industries-europeennes-de-lenergie-a-lheure-de-la-cop21\/1453\/"},"author":{"name":"ni.abdi","@id":"https:\/\/territorialchallenges.com\/#\/schema\/person\/098f145c7c61a021c425e010f840080f"},"headline":"Le lobbying des industries europ\u00e9ennes de l\u2019\u00e9nergie \u00e0 l&rsquo;heure de la COP21","datePublished":"2018-01-14T21:52:38+00:00","dateModified":"2018-01-14T21:52:38+00:00","mainEntityOfPage":{"@id":"https:\/\/territorialchallenges.com\/2018\/01\/14\/le-lobbying-des-industries-europeennes-de-lenergie-a-lheure-de-la-cop21\/1453\/"},"wordCount":493,"commentCount":0,"publisher":{"@id":"https:\/\/territorialchallenges.com\/#organization"},"articleSection":["Archives - Editos"],"inLanguage":"de"},{"@type":"WebPage","@id":"https:\/\/territorialchallenges.com\/2018\/01\/14\/le-lobbying-des-industries-europeennes-de-lenergie-a-lheure-de-la-cop21\/1453\/","url":"https:\/\/territorialchallenges.com\/2018\/01\/14\/le-lobbying-des-industries-europeennes-de-lenergie-a-lheure-de-la-cop21\/1453\/","name":"Le lobbying des industries europ\u00e9ennes de l\u2019\u00e9nergie \u00e0 l'heure de la COP21 - Territorial Challenges","isPartOf":{"@id":"https:\/\/territorialchallenges.com\/#website"},"datePublished":"2018-01-14T21:52:38+00:00","dateModified":"2018-01-14T21:52:38+00:00","breadcrumb":{"@id":"https:\/\/territorialchallenges.com\/2018\/01\/14\/le-lobbying-des-industries-europeennes-de-lenergie-a-lheure-de-la-cop21\/1453\/#breadcrumb"},"inLanguage":"de","potentialAction":[{"@type":"ReadAction","target":["https:\/\/territorialchallenges.com\/2018\/01\/14\/le-lobbying-des-industries-europeennes-de-lenergie-a-lheure-de-la-cop21\/1453\/"]}]},{"@type":"BreadcrumbList","@id":"https:\/\/territorialchallenges.com\/2018\/01\/14\/le-lobbying-des-industries-europeennes-de-lenergie-a-lheure-de-la-cop21\/1453\/#breadcrumb","itemListElement":[{"@type":"ListItem","position":1,"name":"Home","item":"https:\/\/territorialchallenges.com\/"},{"@type":"ListItem","position":2,"name":"Le lobbying des industries europ\u00e9ennes de l\u2019\u00e9nergie \u00e0 l&rsquo;heure de la COP21"}]},{"@type":"WebSite","@id":"https:\/\/territorialchallenges.com\/#website","url":"https:\/\/territorialchallenges.com\/","name":"Territoriale Herausforderungen","description":"Internationales Monitoring \u2013 Intelligente Strategien \u2013 Best Practices","publisher":{"@id":"https:\/\/territorialchallenges.com\/#organization"},"potentialAction":[{"@type":"SearchAction","target":{"@type":"EntryPoint","urlTemplate":"https:\/\/territorialchallenges.com\/?s={search_term_string}"},"query-input":"required name=search_term_string"}],"inLanguage":"de"},{"@type":"Organization","@id":"https:\/\/territorialchallenges.com\/#organization","name":"Territoriale Herausforderungen","url":"https:\/\/territorialchallenges.com\/","logo":{"@type":"ImageObject","inLanguage":"de","@id":"https:\/\/territorialchallenges.com\/#\/schema\/logo\/image\/","url":"https:\/\/territorialchallenges.com\/wp-content\/uploads\/2023\/10\/logo-1.png","contentUrl":"https:\/\/territorialchallenges.com\/wp-content\/uploads\/2023\/10\/logo-1.png","width":1832,"height":576,"caption":"Territorial Challenges"},"image":{"@id":"https:\/\/territorialchallenges.com\/#\/schema\/logo\/image\/"}},{"@type":"Person","@id":"https:\/\/territorialchallenges.com\/#\/schema\/person\/098f145c7c61a021c425e010f840080f","name":"ni.abdi","image":{"@type":"ImageObject","inLanguage":"de","@id":"https:\/\/territorialchallenges.com\/#\/schema\/person\/image\/","url":"https:\/\/secure.gravatar.com\/avatar\/2a2f2491f3c80039986ba989b1e4b510?s=96&d=identicon&r=g","contentUrl":"https:\/\/secure.gravatar.com\/avatar\/2a2f2491f3c80039986ba989b1e4b510?s=96&d=identicon&r=g","caption":"ni.abdi"},"sameAs":["https:\/\/twitter.com\/Ni.abdi"],"url":"https:\/\/territorialchallenges.com\/de\/author\/ni-abdi\/"}]}},"_links":{"self":[{"href":"https:\/\/territorialchallenges.com\/de\/wp-json\/wp\/v2\/posts\/1453"}],"collection":[{"href":"https:\/\/territorialchallenges.com\/de\/wp-json\/wp\/v2\/posts"}],"about":[{"href":"https:\/\/territorialchallenges.com\/de\/wp-json\/wp\/v2\/types\/post"}],"author":[{"embeddable":true,"href":"https:\/\/territorialchallenges.com\/de\/wp-json\/wp\/v2\/users\/11"}],"replies":[{"embeddable":true,"href":"https:\/\/territorialchallenges.com\/de\/wp-json\/wp\/v2\/comments?post=1453"}],"version-history":[{"count":0,"href":"https:\/\/territorialchallenges.com\/de\/wp-json\/wp\/v2\/posts\/1453\/revisions"}],"wp:attachment":[{"href":"https:\/\/territorialchallenges.com\/de\/wp-json\/wp\/v2\/media?parent=1453"}],"wp:term":[{"taxonomy":"category","embeddable":true,"href":"https:\/\/territorialchallenges.com\/de\/wp-json\/wp\/v2\/categories?post=1453"},{"taxonomy":"post_tag","embeddable":true,"href":"https:\/\/territorialchallenges.com\/de\/wp-json\/wp\/v2\/tags?post=1453"}],"curies":[{"name":"wp","href":"https:\/\/api.w.org\/{rel}","templated":true}]}}