{"id":1449,"date":"2018-01-14T22:20:17","date_gmt":"2018-01-14T21:20:17","guid":{"rendered":"https:\/\/ecoinovatio.com\/?p=1449"},"modified":"2018-01-14T22:20:17","modified_gmt":"2018-01-14T21:20:17","slug":"la-voiture-un-meuble-domotise-modele-pour-la-maison-intelligente-2","status":"publish","type":"post","link":"https:\/\/territorialchallenges.com\/de\/2018\/01\/14\/la-voiture-un-meuble-domotise-modele-pour-la-maison-intelligente-2\/1449\/","title":{"rendered":"Das Auto, ein hausautomatisiertes M\u00f6belst\u00fcck, ein Vorbild f\u00fcr das Smart Home"},"content":{"rendered":"<p>Alles deutet darauf hin, dass das Zuhause in Zukunft die gleichen Mechanismen wie das Fahrzeug nutzen wird. Denn intelligentes Fahren bedeutet zwangsl\u00e4ufig auch, die Autonomie zu ber\u00fccksichtigen. Wenn es in den letzten Tagen ein bedeutendes Ereignis in der Welt der Elektroger\u00e4te gab, dann ist es das Laden von Fahrzeugen \u2026 <\/p>\n<div class=\"pmpro_content_message\">Artikel nur f\u00fcr Abonnenten sichtbar.<br \/><a href=\"https:\/\/territorialchallenges.com\/wp-login.php\">Verbindung<\/a><br \/><a href=\"https:\/\/territorialchallenges.com\/de\/wp-login.php\/?action=register\">Registrieren<\/a><\/div>","protected":false},"excerpt":{"rendered":"<p>Tout semble indiquer que la maison va adopter dans son fonctionnement les m\u00eames m\u00e9canismes que le v\u00e9hicule. Car qui dit fonctionnement intelligent est oblig\u00e9 de prendre en compte la probl\u00e9matique de l&rsquo;autonomie. S&rsquo;il y a un \u00e9v\u00e8nement marquant, ces derniers jours dans le monde de l\u2019\u00e9quipement \u00e9lectrique, il s\u2019agit bien de la recharge des v\u00e9hicules... <\/p>\n<div class=\"pmpro_content_message\">Artikel nur f\u00fcr Abonnenten sichtbar.<br \/><a href=\"https:\/\/territorialchallenges.com\/wp-login.php\">Verbindung<\/a><br \/><a href=\"https:\/\/territorialchallenges.com\/de\/wp-login.php\/?action=register\">Registrieren<\/a><\/div>","protected":false},"author":11,"featured_media":0,"comment_status":"open","ping_status":"open","sticky":true,"template":"","format":"standard","meta":{"pmpro_default_level":0,"footnotes":""},"categories":[123],"tags":[],"blocksy_meta":"","yoast_head":"<!-- This site is optimized with the Yoast SEO plugin v21.5 - https:\/\/yoast.com\/wordpress\/plugins\/seo\/ -->\n<title>La voiture, un meuble domotis\u00e9, mod\u00e8le pour la maison intelligente - Territorial Challenges<\/title>\n<meta name=\"robots\" content=\"index, follow, max-snippet:-1, max-image-preview:large, max-video-preview:-1\" \/>\n<link rel=\"canonical\" href=\"https:\/\/territorialchallenges.com\/de\/2018\/01\/14\/la-voiture-un-meuble-domotise-modele-pour-la-maison-intelligente-2\/1449\/\" \/>\n<meta property=\"og:locale\" content=\"de_DE\" \/>\n<meta property=\"og:type\" content=\"article\" \/>\n<meta property=\"og:title\" content=\"La voiture, un meuble domotis\u00e9, mod\u00e8le pour la maison intelligente - Territorial Challenges\" \/>\n<meta property=\"og:description\" content=\"Tout semble indiquer que la maison va adopter dans son fonctionnement les m\u00eames m\u00e9canismes que le v\u00e9hicule. Car qui dit fonctionnement intelligent est oblig\u00e9 de prendre en compte la probl\u00e9matique de l&rsquo;autonomie. S&rsquo;il y a un \u00e9v\u00e8nement marquant, ces derniers jours dans le monde de l\u2019\u00e9quipement \u00e9lectrique, il s\u2019agit bien de la recharge des v\u00e9hicules [&hellip;]\" \/>\n<meta property=\"og:url\" content=\"https:\/\/territorialchallenges.com\/de\/2018\/01\/14\/la-voiture-un-meuble-domotise-modele-pour-la-maison-intelligente-2\/1449\/\" \/>\n<meta property=\"og:site_name\" content=\"Territorial Challenges\" \/>\n<meta property=\"article:published_time\" content=\"2018-01-14T21:20:17+00:00\" \/>\n<meta name=\"author\" content=\"ni.abdi\" \/>\n<meta name=\"twitter:card\" content=\"summary_large_image\" \/>\n<meta name=\"twitter:creator\" content=\"@Ni.abdi\" \/>\n<meta name=\"twitter:label1\" content=\"Verfasst von\" \/>\n\t<meta name=\"twitter:data1\" content=\"ni.abdi\" \/>\n\t<meta name=\"twitter:label2\" content=\"Gesch\u00e4tzte Lesezeit\" \/>\n\t<meta name=\"twitter:data2\" content=\"3\u00a0Minuten\" \/>\n<script type=\"application\/ld+json\" class=\"yoast-schema-graph\">{\"@context\":\"https:\/\/schema.org\",\"@graph\":[{\"@type\":\"Article\",\"@id\":\"https:\/\/territorialchallenges.com\/2018\/01\/14\/la-voiture-un-meuble-domotise-modele-pour-la-maison-intelligente-2\/1449\/#article\",\"isPartOf\":{\"@id\":\"https:\/\/territorialchallenges.com\/2018\/01\/14\/la-voiture-un-meuble-domotise-modele-pour-la-maison-intelligente-2\/1449\/\"},\"author\":{\"name\":\"ni.abdi\",\"@id\":\"https:\/\/territorialchallenges.com\/#\/schema\/person\/098f145c7c61a021c425e010f840080f\"},\"headline\":\"La voiture, un meuble domotis\u00e9, mod\u00e8le pour la maison intelligente\",\"datePublished\":\"2018-01-14T21:20:17+00:00\",\"dateModified\":\"2018-01-14T21:20:17+00:00\",\"mainEntityOfPage\":{\"@id\":\"https:\/\/territorialchallenges.com\/2018\/01\/14\/la-voiture-un-meuble-domotise-modele-pour-la-maison-intelligente-2\/1449\/\"},\"wordCount\":528,\"commentCount\":0,\"publisher\":{\"@id\":\"https:\/\/territorialchallenges.com\/#organization\"},\"articleSection\":[\"Archives - Editos\"],\"inLanguage\":\"de\"},{\"@type\":\"WebPage\",\"@id\":\"https:\/\/territorialchallenges.com\/2018\/01\/14\/la-voiture-un-meuble-domotise-modele-pour-la-maison-intelligente-2\/1449\/\",\"url\":\"https:\/\/territorialchallenges.com\/2018\/01\/14\/la-voiture-un-meuble-domotise-modele-pour-la-maison-intelligente-2\/1449\/\",\"name\":\"La voiture, un meuble domotis\u00e9, mod\u00e8le pour la maison intelligente - Territorial Challenges\",\"isPartOf\":{\"@id\":\"https:\/\/territorialchallenges.com\/#website\"},\"datePublished\":\"2018-01-14T21:20:17+00:00\",\"dateModified\":\"2018-01-14T21:20:17+00:00\",\"breadcrumb\":{\"@id\":\"https:\/\/territorialchallenges.com\/2018\/01\/14\/la-voiture-un-meuble-domotise-modele-pour-la-maison-intelligente-2\/1449\/#breadcrumb\"},\"inLanguage\":\"de\",\"potentialAction\":[{\"@type\":\"ReadAction\",\"target\":[\"https:\/\/territorialchallenges.com\/2018\/01\/14\/la-voiture-un-meuble-domotise-modele-pour-la-maison-intelligente-2\/1449\/\"]}]},{\"@type\":\"BreadcrumbList\",\"@id\":\"https:\/\/territorialchallenges.com\/2018\/01\/14\/la-voiture-un-meuble-domotise-modele-pour-la-maison-intelligente-2\/1449\/#breadcrumb\",\"itemListElement\":[{\"@type\":\"ListItem\",\"position\":1,\"name\":\"Home\",\"item\":\"https:\/\/territorialchallenges.com\/\"},{\"@type\":\"ListItem\",\"position\":2,\"name\":\"La voiture, un meuble domotis\u00e9, mod\u00e8le pour la maison intelligente\"}]},{\"@type\":\"WebSite\",\"@id\":\"https:\/\/territorialchallenges.com\/#website\",\"url\":\"https:\/\/territorialchallenges.com\/\",\"name\":\"Territorial Challenges\",\"description\":\"Veille Internationale - Strat\u00e9gie Intelligentes - Bonnes pratiques\",\"publisher\":{\"@id\":\"https:\/\/territorialchallenges.com\/#organization\"},\"potentialAction\":[{\"@type\":\"SearchAction\",\"target\":{\"@type\":\"EntryPoint\",\"urlTemplate\":\"https:\/\/territorialchallenges.com\/?s={search_term_string}\"},\"query-input\":\"required name=search_term_string\"}],\"inLanguage\":\"de\"},{\"@type\":\"Organization\",\"@id\":\"https:\/\/territorialchallenges.com\/#organization\",\"name\":\"Territorial Challenges\",\"url\":\"https:\/\/territorialchallenges.com\/\",\"logo\":{\"@type\":\"ImageObject\",\"inLanguage\":\"de\",\"@id\":\"https:\/\/territorialchallenges.com\/#\/schema\/logo\/image\/\",\"url\":\"https:\/\/territorialchallenges.com\/wp-content\/uploads\/2023\/10\/logo-1.png\",\"contentUrl\":\"https:\/\/territorialchallenges.com\/wp-content\/uploads\/2023\/10\/logo-1.png\",\"width\":1832,\"height\":576,\"caption\":\"Territorial Challenges\"},\"image\":{\"@id\":\"https:\/\/territorialchallenges.com\/#\/schema\/logo\/image\/\"}},{\"@type\":\"Person\",\"@id\":\"https:\/\/territorialchallenges.com\/#\/schema\/person\/098f145c7c61a021c425e010f840080f\",\"name\":\"ni.abdi\",\"image\":{\"@type\":\"ImageObject\",\"inLanguage\":\"de\",\"@id\":\"https:\/\/territorialchallenges.com\/#\/schema\/person\/image\/\",\"url\":\"https:\/\/secure.gravatar.com\/avatar\/2a2f2491f3c80039986ba989b1e4b510?s=96&d=identicon&r=g\",\"contentUrl\":\"https:\/\/secure.gravatar.com\/avatar\/2a2f2491f3c80039986ba989b1e4b510?s=96&d=identicon&r=g\",\"caption\":\"ni.abdi\"},\"sameAs\":[\"https:\/\/twitter.com\/Ni.abdi\"],\"url\":\"https:\/\/territorialchallenges.com\/de\/author\/ni-abdi\/\"}]}<\/script>\n<!-- \/ Yoast SEO plugin. -->","yoast_head_json":{"title":"La voiture, un meuble domotis\u00e9, mod\u00e8le pour la maison intelligente - Territorial Challenges","robots":{"index":"index","follow":"follow","max-snippet":"max-snippet:-1","max-image-preview":"max-image-preview:large","max-video-preview":"max-video-preview:-1"},"canonical":"https:\/\/territorialchallenges.com\/de\/2018\/01\/14\/la-voiture-un-meuble-domotise-modele-pour-la-maison-intelligente-2\/1449\/","og_locale":"de_DE","og_type":"article","og_title":"La voiture, un meuble domotis\u00e9, mod\u00e8le pour la maison intelligente - Territorial Challenges","og_description":"Tout semble indiquer que la maison va adopter dans son fonctionnement les m\u00eames m\u00e9canismes que le v\u00e9hicule. Car qui dit fonctionnement intelligent est oblig\u00e9 de prendre en compte la probl\u00e9matique de l&rsquo;autonomie. S&rsquo;il y a un \u00e9v\u00e8nement marquant, ces derniers jours dans le monde de l\u2019\u00e9quipement \u00e9lectrique, il s\u2019agit bien de la recharge des v\u00e9hicules [&hellip;]","og_url":"https:\/\/territorialchallenges.com\/de\/2018\/01\/14\/la-voiture-un-meuble-domotise-modele-pour-la-maison-intelligente-2\/1449\/","og_site_name":"Territorial Challenges","article_published_time":"2018-01-14T21:20:17+00:00","author":"ni.abdi","twitter_card":"summary_large_image","twitter_creator":"@Ni.abdi","twitter_misc":{"Verfasst von":"ni.abdi","Gesch\u00e4tzte Lesezeit":"3\u00a0Minuten"},"schema":{"@context":"https:\/\/schema.org","@graph":[{"@type":"Article","@id":"https:\/\/territorialchallenges.com\/2018\/01\/14\/la-voiture-un-meuble-domotise-modele-pour-la-maison-intelligente-2\/1449\/#article","isPartOf":{"@id":"https:\/\/territorialchallenges.com\/2018\/01\/14\/la-voiture-un-meuble-domotise-modele-pour-la-maison-intelligente-2\/1449\/"},"author":{"name":"ni.abdi","@id":"https:\/\/territorialchallenges.com\/#\/schema\/person\/098f145c7c61a021c425e010f840080f"},"headline":"La voiture, un meuble domotis\u00e9, mod\u00e8le pour la maison intelligente","datePublished":"2018-01-14T21:20:17+00:00","dateModified":"2018-01-14T21:20:17+00:00","mainEntityOfPage":{"@id":"https:\/\/territorialchallenges.com\/2018\/01\/14\/la-voiture-un-meuble-domotise-modele-pour-la-maison-intelligente-2\/1449\/"},"wordCount":528,"commentCount":0,"publisher":{"@id":"https:\/\/territorialchallenges.com\/#organization"},"articleSection":["Archives - Editos"],"inLanguage":"de"},{"@type":"WebPage","@id":"https:\/\/territorialchallenges.com\/2018\/01\/14\/la-voiture-un-meuble-domotise-modele-pour-la-maison-intelligente-2\/1449\/","url":"https:\/\/territorialchallenges.com\/2018\/01\/14\/la-voiture-un-meuble-domotise-modele-pour-la-maison-intelligente-2\/1449\/","name":"La voiture, un meuble domotis\u00e9, mod\u00e8le pour la maison intelligente - Territorial Challenges","isPartOf":{"@id":"https:\/\/territorialchallenges.com\/#website"},"datePublished":"2018-01-14T21:20:17+00:00","dateModified":"2018-01-14T21:20:17+00:00","breadcrumb":{"@id":"https:\/\/territorialchallenges.com\/2018\/01\/14\/la-voiture-un-meuble-domotise-modele-pour-la-maison-intelligente-2\/1449\/#breadcrumb"},"inLanguage":"de","potentialAction":[{"@type":"ReadAction","target":["https:\/\/territorialchallenges.com\/2018\/01\/14\/la-voiture-un-meuble-domotise-modele-pour-la-maison-intelligente-2\/1449\/"]}]},{"@type":"BreadcrumbList","@id":"https:\/\/territorialchallenges.com\/2018\/01\/14\/la-voiture-un-meuble-domotise-modele-pour-la-maison-intelligente-2\/1449\/#breadcrumb","itemListElement":[{"@type":"ListItem","position":1,"name":"Home","item":"https:\/\/territorialchallenges.com\/"},{"@type":"ListItem","position":2,"name":"La voiture, un meuble domotis\u00e9, mod\u00e8le pour la maison intelligente"}]},{"@type":"WebSite","@id":"https:\/\/territorialchallenges.com\/#website","url":"https:\/\/territorialchallenges.com\/","name":"Territoriale Herausforderungen","description":"Internationales Monitoring \u2013 Intelligente Strategien \u2013 Best Practices","publisher":{"@id":"https:\/\/territorialchallenges.com\/#organization"},"potentialAction":[{"@type":"SearchAction","target":{"@type":"EntryPoint","urlTemplate":"https:\/\/territorialchallenges.com\/?s={search_term_string}"},"query-input":"required name=search_term_string"}],"inLanguage":"de"},{"@type":"Organization","@id":"https:\/\/territorialchallenges.com\/#organization","name":"Territoriale Herausforderungen","url":"https:\/\/territorialchallenges.com\/","logo":{"@type":"ImageObject","inLanguage":"de","@id":"https:\/\/territorialchallenges.com\/#\/schema\/logo\/image\/","url":"https:\/\/territorialchallenges.com\/wp-content\/uploads\/2023\/10\/logo-1.png","contentUrl":"https:\/\/territorialchallenges.com\/wp-content\/uploads\/2023\/10\/logo-1.png","width":1832,"height":576,"caption":"Territorial Challenges"},"image":{"@id":"https:\/\/territorialchallenges.com\/#\/schema\/logo\/image\/"}},{"@type":"Person","@id":"https:\/\/territorialchallenges.com\/#\/schema\/person\/098f145c7c61a021c425e010f840080f","name":"ni.abdi","image":{"@type":"ImageObject","inLanguage":"de","@id":"https:\/\/territorialchallenges.com\/#\/schema\/person\/image\/","url":"https:\/\/secure.gravatar.com\/avatar\/2a2f2491f3c80039986ba989b1e4b510?s=96&d=identicon&r=g","contentUrl":"https:\/\/secure.gravatar.com\/avatar\/2a2f2491f3c80039986ba989b1e4b510?s=96&d=identicon&r=g","caption":"ni.abdi"},"sameAs":["https:\/\/twitter.com\/Ni.abdi"],"url":"https:\/\/territorialchallenges.com\/de\/author\/ni-abdi\/"}]}},"_links":{"self":[{"href":"https:\/\/territorialchallenges.com\/de\/wp-json\/wp\/v2\/posts\/1449"}],"collection":[{"href":"https:\/\/territorialchallenges.com\/de\/wp-json\/wp\/v2\/posts"}],"about":[{"href":"https:\/\/territorialchallenges.com\/de\/wp-json\/wp\/v2\/types\/post"}],"author":[{"embeddable":true,"href":"https:\/\/territorialchallenges.com\/de\/wp-json\/wp\/v2\/users\/11"}],"replies":[{"embeddable":true,"href":"https:\/\/territorialchallenges.com\/de\/wp-json\/wp\/v2\/comments?post=1449"}],"version-history":[{"count":0,"href":"https:\/\/territorialchallenges.com\/de\/wp-json\/wp\/v2\/posts\/1449\/revisions"}],"wp:attachment":[{"href":"https:\/\/territorialchallenges.com\/de\/wp-json\/wp\/v2\/media?parent=1449"}],"wp:term":[{"taxonomy":"category","embeddable":true,"href":"https:\/\/territorialchallenges.com\/de\/wp-json\/wp\/v2\/categories?post=1449"},{"taxonomy":"post_tag","embeddable":true,"href":"https:\/\/territorialchallenges.com\/de\/wp-json\/wp\/v2\/tags?post=1449"}],"curies":[{"name":"wp","href":"https:\/\/api.w.org\/{rel}","templated":true}]}}