{"id":125094,"date":"2025-10-22T18:08:07","date_gmt":"2025-10-22T16:08:07","guid":{"rendered":"https:\/\/territorialchallenges.com\/?p=125094"},"modified":"2025-10-22T18:12:38","modified_gmt":"2025-10-22T16:12:38","slug":"1992-quand-le-conseil-general-des-mines-inventait-la-veille-strategique-a-la-francaise","status":"publish","type":"post","link":"https:\/\/territorialchallenges.com\/de\/2025\/10\/22\/1992-quand-le-conseil-general-des-mines-inventait-la-veille-strategique-a-la-francaise\/125094\/","title":{"rendered":"1992: Als der Generalrat des Bergbaus die strategische \u00dcberwachung nach franz\u00f6sischem Vorbild erfand"},"content":{"rendered":"<p>Die im April 1992 erschienene erste Ausgabe der \u201eR\u00e9alit\u00e9s industrielles\u201c, einer Reihe der \u201eAnnales des Mines\u201c, markierte einen Meilenstein im franz\u00f6sischen Denken \u00fcber die Kontrolle wirtschaftlicher Informationen. Zwischen einer Kultur der Wachsamkeit und wirtschaftlicher Verteidigung legte dieses Dokument den Grundstein f\u00fcr die moderne industrielle Intelligenz. 1992 begann f\u00fcr das industrielle Frankreich eine \u00c4ra\u2026 <\/p>\n<div class=\"pmpro_content_message\">Artikel nur f\u00fcr Abonnenten sichtbar.<br \/><a href=\"https:\/\/territorialchallenges.com\/wp-login.php\">Verbindung<\/a><br \/><a href=\"https:\/\/territorialchallenges.com\/de\/wp-login.php\/?action=register\">Registrieren<\/a><\/div>","protected":false},"excerpt":{"rendered":"<p>Publi\u00e9 en avril 1992, le premier num\u00e9ro de R\u00e9alit\u00e9s industrielles, s\u00e9rie des Annales des Mines, marque une \u00e9tape fondatrice dans la r\u00e9flexion fran\u00e7aise sur la ma\u00eetrise de l\u2019information \u00e9conomique. Entre culture de la vigilance et d\u00e9fense \u00e9conomique, ce document posait les bases de l\u2019intelligence industrielle moderne. En 1992, la France industrielle entre dans une \u00e8re... <\/p>\n<div class=\"pmpro_content_message\">Artikel nur f\u00fcr Abonnenten sichtbar.<br \/><a href=\"https:\/\/territorialchallenges.com\/wp-login.php\">Verbindung<\/a><br \/><a href=\"https:\/\/territorialchallenges.com\/de\/wp-login.php\/?action=register\">Registrieren<\/a><\/div>","protected":false},"author":11,"featured_media":125095,"comment_status":"closed","ping_status":"closed","sticky":true,"template":"","format":"standard","meta":{"pmpro_default_level":0,"footnotes":""},"categories":[121],"tags":[],"blocksy_meta":"","yoast_head":"<!-- This site is optimized with the Yoast SEO plugin v21.5 - https:\/\/yoast.com\/wordpress\/plugins\/seo\/ -->\n<title>1992 : quand le Conseil g\u00e9n\u00e9ral des Mines inventait la veille strat\u00e9gique \u00e0 la fran\u00e7aise - Territorial Challenges<\/title>\n<meta name=\"robots\" content=\"index, follow, max-snippet:-1, max-image-preview:large, max-video-preview:-1\" \/>\n<link rel=\"canonical\" href=\"https:\/\/territorialchallenges.com\/de\/2025\/10\/22\/1992-quand-le-conseil-general-des-mines-inventait-la-veille-strategique-a-la-francaise\/125094\/\" \/>\n<meta property=\"og:locale\" content=\"de_DE\" \/>\n<meta property=\"og:type\" content=\"article\" \/>\n<meta property=\"og:title\" content=\"1992 : quand le Conseil g\u00e9n\u00e9ral des Mines inventait la veille strat\u00e9gique \u00e0 la fran\u00e7aise - Territorial Challenges\" \/>\n<meta property=\"og:description\" content=\"Publi\u00e9 en avril 1992, le premier num\u00e9ro de R\u00e9alit\u00e9s industrielles, s\u00e9rie des Annales des Mines, marque une \u00e9tape fondatrice dans la r\u00e9flexion fran\u00e7aise sur la ma\u00eetrise de l\u2019information \u00e9conomique. Entre culture de la vigilance et d\u00e9fense \u00e9conomique, ce document posait les bases de l\u2019intelligence industrielle moderne. En 1992, la France industrielle entre dans une \u00e8re [&hellip;]\" \/>\n<meta property=\"og:url\" content=\"https:\/\/territorialchallenges.com\/de\/2025\/10\/22\/1992-quand-le-conseil-general-des-mines-inventait-la-veille-strategique-a-la-francaise\/125094\/\" \/>\n<meta property=\"og:site_name\" content=\"Territorial Challenges\" \/>\n<meta property=\"article:published_time\" content=\"2025-10-22T16:08:07+00:00\" \/>\n<meta property=\"article:modified_time\" content=\"2025-10-22T16:12:38+00:00\" \/>\n<meta property=\"og:image\" content=\"https:\/\/territorialchallenges.com\/wp-content\/uploads\/2025\/10\/MemoireRealites_industriellesimage.jpeg\" \/>\n\t<meta property=\"og:image:width\" content=\"1024\" \/>\n\t<meta property=\"og:image:height\" content=\"1451\" \/>\n\t<meta property=\"og:image:type\" content=\"image\/jpeg\" \/>\n<meta name=\"author\" content=\"ni.abdi\" \/>\n<meta name=\"twitter:card\" content=\"summary_large_image\" \/>\n<meta name=\"twitter:creator\" content=\"@Ni.abdi\" \/>\n<meta name=\"twitter:label1\" content=\"Verfasst von\" \/>\n\t<meta name=\"twitter:data1\" content=\"ni.abdi\" \/>\n\t<meta name=\"twitter:label2\" content=\"Gesch\u00e4tzte Lesezeit\" \/>\n\t<meta name=\"twitter:data2\" content=\"6\u00a0Minuten\" \/>\n<script type=\"application\/ld+json\" class=\"yoast-schema-graph\">{\"@context\":\"https:\/\/schema.org\",\"@graph\":[{\"@type\":\"Article\",\"@id\":\"https:\/\/territorialchallenges.com\/2025\/10\/22\/1992-quand-le-conseil-general-des-mines-inventait-la-veille-strategique-a-la-francaise\/125094\/#article\",\"isPartOf\":{\"@id\":\"https:\/\/territorialchallenges.com\/2025\/10\/22\/1992-quand-le-conseil-general-des-mines-inventait-la-veille-strategique-a-la-francaise\/125094\/\"},\"author\":{\"name\":\"ni.abdi\",\"@id\":\"https:\/\/territorialchallenges.com\/#\/schema\/person\/098f145c7c61a021c425e010f840080f\"},\"headline\":\"1992 : quand le Conseil g\u00e9n\u00e9ral des Mines inventait la veille strat\u00e9gique \u00e0 la fran\u00e7aise\",\"datePublished\":\"2025-10-22T16:08:07+00:00\",\"dateModified\":\"2025-10-22T16:12:38+00:00\",\"mainEntityOfPage\":{\"@id\":\"https:\/\/territorialchallenges.com\/2025\/10\/22\/1992-quand-le-conseil-general-des-mines-inventait-la-veille-strategique-a-la-francaise\/125094\/\"},\"wordCount\":1217,\"publisher\":{\"@id\":\"https:\/\/territorialchallenges.com\/#organization\"},\"articleSection\":[\"M\u00e9moire\"],\"inLanguage\":\"de\"},{\"@type\":\"WebPage\",\"@id\":\"https:\/\/territorialchallenges.com\/2025\/10\/22\/1992-quand-le-conseil-general-des-mines-inventait-la-veille-strategique-a-la-francaise\/125094\/\",\"url\":\"https:\/\/territorialchallenges.com\/2025\/10\/22\/1992-quand-le-conseil-general-des-mines-inventait-la-veille-strategique-a-la-francaise\/125094\/\",\"name\":\"1992 : quand le Conseil g\u00e9n\u00e9ral des Mines inventait la veille strat\u00e9gique \u00e0 la fran\u00e7aise - Territorial Challenges\",\"isPartOf\":{\"@id\":\"https:\/\/territorialchallenges.com\/#website\"},\"datePublished\":\"2025-10-22T16:08:07+00:00\",\"dateModified\":\"2025-10-22T16:12:38+00:00\",\"breadcrumb\":{\"@id\":\"https:\/\/territorialchallenges.com\/2025\/10\/22\/1992-quand-le-conseil-general-des-mines-inventait-la-veille-strategique-a-la-francaise\/125094\/#breadcrumb\"},\"inLanguage\":\"de\",\"potentialAction\":[{\"@type\":\"ReadAction\",\"target\":[\"https:\/\/territorialchallenges.com\/2025\/10\/22\/1992-quand-le-conseil-general-des-mines-inventait-la-veille-strategique-a-la-francaise\/125094\/\"]}]},{\"@type\":\"BreadcrumbList\",\"@id\":\"https:\/\/territorialchallenges.com\/2025\/10\/22\/1992-quand-le-conseil-general-des-mines-inventait-la-veille-strategique-a-la-francaise\/125094\/#breadcrumb\",\"itemListElement\":[{\"@type\":\"ListItem\",\"position\":1,\"name\":\"Home\",\"item\":\"https:\/\/territorialchallenges.com\/\"},{\"@type\":\"ListItem\",\"position\":2,\"name\":\"1992 : quand le Conseil g\u00e9n\u00e9ral des Mines inventait la veille strat\u00e9gique \u00e0 la fran\u00e7aise\"}]},{\"@type\":\"WebSite\",\"@id\":\"https:\/\/territorialchallenges.com\/#website\",\"url\":\"https:\/\/territorialchallenges.com\/\",\"name\":\"Territorial Challenges\",\"description\":\"Veille Internationale - Strat\u00e9gie Intelligentes - Bonnes pratiques\",\"publisher\":{\"@id\":\"https:\/\/territorialchallenges.com\/#organization\"},\"potentialAction\":[{\"@type\":\"SearchAction\",\"target\":{\"@type\":\"EntryPoint\",\"urlTemplate\":\"https:\/\/territorialchallenges.com\/?s={search_term_string}\"},\"query-input\":\"required name=search_term_string\"}],\"inLanguage\":\"de\"},{\"@type\":\"Organization\",\"@id\":\"https:\/\/territorialchallenges.com\/#organization\",\"name\":\"Territorial Challenges\",\"url\":\"https:\/\/territorialchallenges.com\/\",\"logo\":{\"@type\":\"ImageObject\",\"inLanguage\":\"de\",\"@id\":\"https:\/\/territorialchallenges.com\/#\/schema\/logo\/image\/\",\"url\":\"https:\/\/territorialchallenges.com\/wp-content\/uploads\/2023\/10\/logo-1.png\",\"contentUrl\":\"https:\/\/territorialchallenges.com\/wp-content\/uploads\/2023\/10\/logo-1.png\",\"width\":1832,\"height\":576,\"caption\":\"Territorial Challenges\"},\"image\":{\"@id\":\"https:\/\/territorialchallenges.com\/#\/schema\/logo\/image\/\"}},{\"@type\":\"Person\",\"@id\":\"https:\/\/territorialchallenges.com\/#\/schema\/person\/098f145c7c61a021c425e010f840080f\",\"name\":\"ni.abdi\",\"image\":{\"@type\":\"ImageObject\",\"inLanguage\":\"de\",\"@id\":\"https:\/\/territorialchallenges.com\/#\/schema\/person\/image\/\",\"url\":\"https:\/\/secure.gravatar.com\/avatar\/2a2f2491f3c80039986ba989b1e4b510?s=96&d=identicon&r=g\",\"contentUrl\":\"https:\/\/secure.gravatar.com\/avatar\/2a2f2491f3c80039986ba989b1e4b510?s=96&d=identicon&r=g\",\"caption\":\"ni.abdi\"},\"sameAs\":[\"https:\/\/twitter.com\/Ni.abdi\"],\"url\":\"https:\/\/territorialchallenges.com\/de\/author\/ni-abdi\/\"}]}<\/script>\n<!-- \/ Yoast SEO plugin. -->","yoast_head_json":{"title":"1992 : quand le Conseil g\u00e9n\u00e9ral des Mines inventait la veille strat\u00e9gique \u00e0 la fran\u00e7aise - Territorial Challenges","robots":{"index":"index","follow":"follow","max-snippet":"max-snippet:-1","max-image-preview":"max-image-preview:large","max-video-preview":"max-video-preview:-1"},"canonical":"https:\/\/territorialchallenges.com\/de\/2025\/10\/22\/1992-quand-le-conseil-general-des-mines-inventait-la-veille-strategique-a-la-francaise\/125094\/","og_locale":"de_DE","og_type":"article","og_title":"1992 : quand le Conseil g\u00e9n\u00e9ral des Mines inventait la veille strat\u00e9gique \u00e0 la fran\u00e7aise - Territorial Challenges","og_description":"Publi\u00e9 en avril 1992, le premier num\u00e9ro de R\u00e9alit\u00e9s industrielles, s\u00e9rie des Annales des Mines, marque une \u00e9tape fondatrice dans la r\u00e9flexion fran\u00e7aise sur la ma\u00eetrise de l\u2019information \u00e9conomique. Entre culture de la vigilance et d\u00e9fense \u00e9conomique, ce document posait les bases de l\u2019intelligence industrielle moderne. En 1992, la France industrielle entre dans une \u00e8re [&hellip;]","og_url":"https:\/\/territorialchallenges.com\/de\/2025\/10\/22\/1992-quand-le-conseil-general-des-mines-inventait-la-veille-strategique-a-la-francaise\/125094\/","og_site_name":"Territorial Challenges","article_published_time":"2025-10-22T16:08:07+00:00","article_modified_time":"2025-10-22T16:12:38+00:00","og_image":[{"width":1024,"height":1451,"url":"https:\/\/territorialchallenges.com\/wp-content\/uploads\/2025\/10\/MemoireRealites_industriellesimage.jpeg","type":"image\/jpeg"}],"author":"ni.abdi","twitter_card":"summary_large_image","twitter_creator":"@Ni.abdi","twitter_misc":{"Verfasst von":"ni.abdi","Gesch\u00e4tzte Lesezeit":"6\u00a0Minuten"},"schema":{"@context":"https:\/\/schema.org","@graph":[{"@type":"Article","@id":"https:\/\/territorialchallenges.com\/2025\/10\/22\/1992-quand-le-conseil-general-des-mines-inventait-la-veille-strategique-a-la-francaise\/125094\/#article","isPartOf":{"@id":"https:\/\/territorialchallenges.com\/2025\/10\/22\/1992-quand-le-conseil-general-des-mines-inventait-la-veille-strategique-a-la-francaise\/125094\/"},"author":{"name":"ni.abdi","@id":"https:\/\/territorialchallenges.com\/#\/schema\/person\/098f145c7c61a021c425e010f840080f"},"headline":"1992 : quand le Conseil g\u00e9n\u00e9ral des Mines inventait la veille strat\u00e9gique \u00e0 la fran\u00e7aise","datePublished":"2025-10-22T16:08:07+00:00","dateModified":"2025-10-22T16:12:38+00:00","mainEntityOfPage":{"@id":"https:\/\/territorialchallenges.com\/2025\/10\/22\/1992-quand-le-conseil-general-des-mines-inventait-la-veille-strategique-a-la-francaise\/125094\/"},"wordCount":1217,"publisher":{"@id":"https:\/\/territorialchallenges.com\/#organization"},"articleSection":["M\u00e9moire"],"inLanguage":"de"},{"@type":"WebPage","@id":"https:\/\/territorialchallenges.com\/2025\/10\/22\/1992-quand-le-conseil-general-des-mines-inventait-la-veille-strategique-a-la-francaise\/125094\/","url":"https:\/\/territorialchallenges.com\/2025\/10\/22\/1992-quand-le-conseil-general-des-mines-inventait-la-veille-strategique-a-la-francaise\/125094\/","name":"1992 : quand le Conseil g\u00e9n\u00e9ral des Mines inventait la veille strat\u00e9gique \u00e0 la fran\u00e7aise - Territorial Challenges","isPartOf":{"@id":"https:\/\/territorialchallenges.com\/#website"},"datePublished":"2025-10-22T16:08:07+00:00","dateModified":"2025-10-22T16:12:38+00:00","breadcrumb":{"@id":"https:\/\/territorialchallenges.com\/2025\/10\/22\/1992-quand-le-conseil-general-des-mines-inventait-la-veille-strategique-a-la-francaise\/125094\/#breadcrumb"},"inLanguage":"de","potentialAction":[{"@type":"ReadAction","target":["https:\/\/territorialchallenges.com\/2025\/10\/22\/1992-quand-le-conseil-general-des-mines-inventait-la-veille-strategique-a-la-francaise\/125094\/"]}]},{"@type":"BreadcrumbList","@id":"https:\/\/territorialchallenges.com\/2025\/10\/22\/1992-quand-le-conseil-general-des-mines-inventait-la-veille-strategique-a-la-francaise\/125094\/#breadcrumb","itemListElement":[{"@type":"ListItem","position":1,"name":"Home","item":"https:\/\/territorialchallenges.com\/"},{"@type":"ListItem","position":2,"name":"1992 : quand le Conseil g\u00e9n\u00e9ral des Mines inventait la veille strat\u00e9gique \u00e0 la fran\u00e7aise"}]},{"@type":"WebSite","@id":"https:\/\/territorialchallenges.com\/#website","url":"https:\/\/territorialchallenges.com\/","name":"Territoriale Herausforderungen","description":"Internationales Monitoring \u2013 Intelligente Strategien \u2013 Best Practices","publisher":{"@id":"https:\/\/territorialchallenges.com\/#organization"},"potentialAction":[{"@type":"SearchAction","target":{"@type":"EntryPoint","urlTemplate":"https:\/\/territorialchallenges.com\/?s={search_term_string}"},"query-input":"required name=search_term_string"}],"inLanguage":"de"},{"@type":"Organization","@id":"https:\/\/territorialchallenges.com\/#organization","name":"Territoriale Herausforderungen","url":"https:\/\/territorialchallenges.com\/","logo":{"@type":"ImageObject","inLanguage":"de","@id":"https:\/\/territorialchallenges.com\/#\/schema\/logo\/image\/","url":"https:\/\/territorialchallenges.com\/wp-content\/uploads\/2023\/10\/logo-1.png","contentUrl":"https:\/\/territorialchallenges.com\/wp-content\/uploads\/2023\/10\/logo-1.png","width":1832,"height":576,"caption":"Territorial Challenges"},"image":{"@id":"https:\/\/territorialchallenges.com\/#\/schema\/logo\/image\/"}},{"@type":"Person","@id":"https:\/\/territorialchallenges.com\/#\/schema\/person\/098f145c7c61a021c425e010f840080f","name":"ni.abdi","image":{"@type":"ImageObject","inLanguage":"de","@id":"https:\/\/territorialchallenges.com\/#\/schema\/person\/image\/","url":"https:\/\/secure.gravatar.com\/avatar\/2a2f2491f3c80039986ba989b1e4b510?s=96&d=identicon&r=g","contentUrl":"https:\/\/secure.gravatar.com\/avatar\/2a2f2491f3c80039986ba989b1e4b510?s=96&d=identicon&r=g","caption":"ni.abdi"},"sameAs":["https:\/\/twitter.com\/Ni.abdi"],"url":"https:\/\/territorialchallenges.com\/de\/author\/ni-abdi\/"}]}},"_links":{"self":[{"href":"https:\/\/territorialchallenges.com\/de\/wp-json\/wp\/v2\/posts\/125094"}],"collection":[{"href":"https:\/\/territorialchallenges.com\/de\/wp-json\/wp\/v2\/posts"}],"about":[{"href":"https:\/\/territorialchallenges.com\/de\/wp-json\/wp\/v2\/types\/post"}],"author":[{"embeddable":true,"href":"https:\/\/territorialchallenges.com\/de\/wp-json\/wp\/v2\/users\/11"}],"replies":[{"embeddable":true,"href":"https:\/\/territorialchallenges.com\/de\/wp-json\/wp\/v2\/comments?post=125094"}],"version-history":[{"count":2,"href":"https:\/\/territorialchallenges.com\/de\/wp-json\/wp\/v2\/posts\/125094\/revisions"}],"predecessor-version":[{"id":125098,"href":"https:\/\/territorialchallenges.com\/de\/wp-json\/wp\/v2\/posts\/125094\/revisions\/125098"}],"wp:featuredmedia":[{"embeddable":true,"href":"https:\/\/territorialchallenges.com\/de\/wp-json\/wp\/v2\/media\/125095"}],"wp:attachment":[{"href":"https:\/\/territorialchallenges.com\/de\/wp-json\/wp\/v2\/media?parent=125094"}],"wp:term":[{"taxonomy":"category","embeddable":true,"href":"https:\/\/territorialchallenges.com\/de\/wp-json\/wp\/v2\/categories?post=125094"},{"taxonomy":"post_tag","embeddable":true,"href":"https:\/\/territorialchallenges.com\/de\/wp-json\/wp\/v2\/tags?post=125094"}],"curies":[{"name":"wp","href":"https:\/\/api.w.org\/{rel}","templated":true}]}}