{"id":124378,"date":"2025-05-15T16:30:36","date_gmt":"2025-05-15T14:30:36","guid":{"rendered":"https:\/\/territorialchallenges.com\/?p=124378"},"modified":"2025-05-15T16:30:37","modified_gmt":"2025-05-15T14:30:37","slug":"usa-jd-vance-ou-la-menace-dun-techno-nationalisme-qui-oublie-les-territoires","status":"publish","type":"post","link":"https:\/\/territorialchallenges.com\/de\/2025\/05\/15\/usa-jd-vance-ou-la-menace-dun-techno-nationalisme-qui-oublie-les-territoires\/124378\/","title":{"rendered":"USA: JD Vance oder die Bedrohung durch einen Technonationalismus, der die Territorien vergisst"},"content":{"rendered":"<p>Indem er k\u00fcnstliche Intelligenz ausschlie\u00dflich f\u00fcr die amerikanische Vorherrschaft einsetzt, skizziert Vizepr\u00e4sident JD Vance eine technologische Doktrin, die auf R\u00fcckzug, Deregulierung und Hegemonie basiert. Diese Vision bedroht direkt die digitalen Ambitionen lokaler Beh\u00f6rden, ihre technologische Souver\u00e4nit\u00e4t und die demokratische Nutzung von KI. US-Vizepr\u00e4sident JD Vance\u2026 <\/p>\n<div class=\"pmpro_content_message\">Artikel nur f\u00fcr Abonnenten sichtbar.<br \/><a href=\"https:\/\/territorialchallenges.com\/wp-login.php\">Verbindung<\/a><br \/><a href=\"https:\/\/territorialchallenges.com\/de\/wp-login.php\/?action=register\">Registrieren<\/a><\/div>","protected":false},"excerpt":{"rendered":"<p>En pr\u00f4nant une intelligence artificielle au service exclusif de la domination am\u00e9ricaine, le vice pr\u00e9sident JD Vance dessine une doctrine technologique fond\u00e9e sur le repli, la d\u00e9r\u00e9gulation et l\u2019h\u00e9g\u00e9monie. Une vision qui menace directement les ambitions num\u00e9riques des collectivit\u00e9s territoriales, leur souverainet\u00e9 technologique et l\u2019usage d\u00e9mocratique de l\u2019IA. Le vice-pr\u00e9sident des \u00c9tats-Unis, JD Vance, ne... <\/p>\n<div class=\"pmpro_content_message\">Artikel nur f\u00fcr Abonnenten sichtbar.<br \/><a href=\"https:\/\/territorialchallenges.com\/wp-login.php\">Verbindung<\/a><br \/><a href=\"https:\/\/territorialchallenges.com\/de\/wp-login.php\/?action=register\">Registrieren<\/a><\/div>","protected":false},"author":11,"featured_media":124379,"comment_status":"closed","ping_status":"closed","sticky":true,"template":"","format":"standard","meta":{"pmpro_default_level":0,"footnotes":""},"categories":[130,117],"tags":[],"blocksy_meta":"","yoast_head":"<!-- This site is optimized with the Yoast SEO plugin v21.5 - https:\/\/yoast.com\/wordpress\/plugins\/seo\/ -->\n<title>USA: JD Vance, ou la menace d\u2019un techno-nationalisme qui oublie les territoires - Territorial Challenges<\/title>\n<meta name=\"robots\" content=\"index, follow, max-snippet:-1, max-image-preview:large, max-video-preview:-1\" \/>\n<link rel=\"canonical\" href=\"https:\/\/territorialchallenges.com\/de\/2025\/05\/15\/usa-jd-vance-ou-la-menace-dun-techno-nationalisme-qui-oublie-les-territoires\/124378\/\" \/>\n<meta property=\"og:locale\" content=\"de_DE\" \/>\n<meta property=\"og:type\" content=\"article\" \/>\n<meta property=\"og:title\" content=\"USA: JD Vance, ou la menace d\u2019un techno-nationalisme qui oublie les territoires - Territorial Challenges\" \/>\n<meta property=\"og:description\" content=\"En pr\u00f4nant une intelligence artificielle au service exclusif de la domination am\u00e9ricaine, le vice pr\u00e9sident JD Vance dessine une doctrine technologique fond\u00e9e sur le repli, la d\u00e9r\u00e9gulation et l\u2019h\u00e9g\u00e9monie. Une vision qui menace directement les ambitions num\u00e9riques des collectivit\u00e9s territoriales, leur souverainet\u00e9 technologique et l\u2019usage d\u00e9mocratique de l\u2019IA. Le vice-pr\u00e9sident des \u00c9tats-Unis, JD Vance, ne [&hellip;]\" \/>\n<meta property=\"og:url\" content=\"https:\/\/territorialchallenges.com\/de\/2025\/05\/15\/usa-jd-vance-ou-la-menace-dun-techno-nationalisme-qui-oublie-les-territoires\/124378\/\" \/>\n<meta property=\"og:site_name\" content=\"Territorial Challenges\" \/>\n<meta property=\"article:published_time\" content=\"2025-05-15T14:30:36+00:00\" \/>\n<meta property=\"article:modified_time\" content=\"2025-05-15T14:30:37+00:00\" \/>\n<meta property=\"og:image\" content=\"https:\/\/territorialchallenges.com\/wp-content\/uploads\/2025\/05\/reflexionfaite14.05.25.jpg\" \/>\n\t<meta property=\"og:image:width\" content=\"1280\" \/>\n\t<meta property=\"og:image:height\" content=\"901\" \/>\n\t<meta property=\"og:image:type\" content=\"image\/jpeg\" \/>\n<meta name=\"author\" content=\"ni.abdi\" \/>\n<meta name=\"twitter:card\" content=\"summary_large_image\" \/>\n<meta name=\"twitter:creator\" content=\"@Ni.abdi\" \/>\n<meta name=\"twitter:label1\" content=\"Verfasst von\" \/>\n\t<meta name=\"twitter:data1\" content=\"ni.abdi\" \/>\n\t<meta name=\"twitter:label2\" content=\"Gesch\u00e4tzte Lesezeit\" \/>\n\t<meta name=\"twitter:data2\" content=\"5\u00a0Minuten\" \/>\n<script type=\"application\/ld+json\" class=\"yoast-schema-graph\">{\"@context\":\"https:\/\/schema.org\",\"@graph\":[{\"@type\":\"Article\",\"@id\":\"https:\/\/territorialchallenges.com\/2025\/05\/15\/usa-jd-vance-ou-la-menace-dun-techno-nationalisme-qui-oublie-les-territoires\/124378\/#article\",\"isPartOf\":{\"@id\":\"https:\/\/territorialchallenges.com\/2025\/05\/15\/usa-jd-vance-ou-la-menace-dun-techno-nationalisme-qui-oublie-les-territoires\/124378\/\"},\"author\":{\"name\":\"ni.abdi\",\"@id\":\"https:\/\/territorialchallenges.com\/#\/schema\/person\/098f145c7c61a021c425e010f840080f\"},\"headline\":\"USA: JD Vance, ou la menace d\u2019un techno-nationalisme qui oublie les territoires\",\"datePublished\":\"2025-05-15T14:30:36+00:00\",\"dateModified\":\"2025-05-15T14:30:37+00:00\",\"mainEntityOfPage\":{\"@id\":\"https:\/\/territorialchallenges.com\/2025\/05\/15\/usa-jd-vance-ou-la-menace-dun-techno-nationalisme-qui-oublie-les-territoires\/124378\/\"},\"wordCount\":1060,\"publisher\":{\"@id\":\"https:\/\/territorialchallenges.com\/#organization\"},\"articleSection\":[\"R\u00e9flexion faite\",\"\u00c9cosyst\u00e8me\"],\"inLanguage\":\"de\"},{\"@type\":\"WebPage\",\"@id\":\"https:\/\/territorialchallenges.com\/2025\/05\/15\/usa-jd-vance-ou-la-menace-dun-techno-nationalisme-qui-oublie-les-territoires\/124378\/\",\"url\":\"https:\/\/territorialchallenges.com\/2025\/05\/15\/usa-jd-vance-ou-la-menace-dun-techno-nationalisme-qui-oublie-les-territoires\/124378\/\",\"name\":\"USA: JD Vance, ou la menace d\u2019un techno-nationalisme qui oublie les territoires - Territorial Challenges\",\"isPartOf\":{\"@id\":\"https:\/\/territorialchallenges.com\/#website\"},\"datePublished\":\"2025-05-15T14:30:36+00:00\",\"dateModified\":\"2025-05-15T14:30:37+00:00\",\"breadcrumb\":{\"@id\":\"https:\/\/territorialchallenges.com\/2025\/05\/15\/usa-jd-vance-ou-la-menace-dun-techno-nationalisme-qui-oublie-les-territoires\/124378\/#breadcrumb\"},\"inLanguage\":\"de\",\"potentialAction\":[{\"@type\":\"ReadAction\",\"target\":[\"https:\/\/territorialchallenges.com\/2025\/05\/15\/usa-jd-vance-ou-la-menace-dun-techno-nationalisme-qui-oublie-les-territoires\/124378\/\"]}]},{\"@type\":\"BreadcrumbList\",\"@id\":\"https:\/\/territorialchallenges.com\/2025\/05\/15\/usa-jd-vance-ou-la-menace-dun-techno-nationalisme-qui-oublie-les-territoires\/124378\/#breadcrumb\",\"itemListElement\":[{\"@type\":\"ListItem\",\"position\":1,\"name\":\"Home\",\"item\":\"https:\/\/territorialchallenges.com\/\"},{\"@type\":\"ListItem\",\"position\":2,\"name\":\"USA: JD Vance, ou la menace d\u2019un techno-nationalisme qui oublie les territoires\"}]},{\"@type\":\"WebSite\",\"@id\":\"https:\/\/territorialchallenges.com\/#website\",\"url\":\"https:\/\/territorialchallenges.com\/\",\"name\":\"Territorial Challenges\",\"description\":\"Veille Internationale - Strat\u00e9gie Intelligentes - Bonnes pratiques\",\"publisher\":{\"@id\":\"https:\/\/territorialchallenges.com\/#organization\"},\"potentialAction\":[{\"@type\":\"SearchAction\",\"target\":{\"@type\":\"EntryPoint\",\"urlTemplate\":\"https:\/\/territorialchallenges.com\/?s={search_term_string}\"},\"query-input\":\"required name=search_term_string\"}],\"inLanguage\":\"de\"},{\"@type\":\"Organization\",\"@id\":\"https:\/\/territorialchallenges.com\/#organization\",\"name\":\"Territorial Challenges\",\"url\":\"https:\/\/territorialchallenges.com\/\",\"logo\":{\"@type\":\"ImageObject\",\"inLanguage\":\"de\",\"@id\":\"https:\/\/territorialchallenges.com\/#\/schema\/logo\/image\/\",\"url\":\"https:\/\/territorialchallenges.com\/wp-content\/uploads\/2023\/10\/logo-1.png\",\"contentUrl\":\"https:\/\/territorialchallenges.com\/wp-content\/uploads\/2023\/10\/logo-1.png\",\"width\":1832,\"height\":576,\"caption\":\"Territorial Challenges\"},\"image\":{\"@id\":\"https:\/\/territorialchallenges.com\/#\/schema\/logo\/image\/\"}},{\"@type\":\"Person\",\"@id\":\"https:\/\/territorialchallenges.com\/#\/schema\/person\/098f145c7c61a021c425e010f840080f\",\"name\":\"ni.abdi\",\"image\":{\"@type\":\"ImageObject\",\"inLanguage\":\"de\",\"@id\":\"https:\/\/territorialchallenges.com\/#\/schema\/person\/image\/\",\"url\":\"https:\/\/secure.gravatar.com\/avatar\/2a2f2491f3c80039986ba989b1e4b510?s=96&d=identicon&r=g\",\"contentUrl\":\"https:\/\/secure.gravatar.com\/avatar\/2a2f2491f3c80039986ba989b1e4b510?s=96&d=identicon&r=g\",\"caption\":\"ni.abdi\"},\"sameAs\":[\"https:\/\/twitter.com\/Ni.abdi\"],\"url\":\"https:\/\/territorialchallenges.com\/de\/author\/ni-abdi\/\"}]}<\/script>\n<!-- \/ Yoast SEO plugin. -->","yoast_head_json":{"title":"USA: JD Vance, ou la menace d\u2019un techno-nationalisme qui oublie les territoires - Territorial Challenges","robots":{"index":"index","follow":"follow","max-snippet":"max-snippet:-1","max-image-preview":"max-image-preview:large","max-video-preview":"max-video-preview:-1"},"canonical":"https:\/\/territorialchallenges.com\/de\/2025\/05\/15\/usa-jd-vance-ou-la-menace-dun-techno-nationalisme-qui-oublie-les-territoires\/124378\/","og_locale":"de_DE","og_type":"article","og_title":"USA: JD Vance, ou la menace d\u2019un techno-nationalisme qui oublie les territoires - Territorial Challenges","og_description":"En pr\u00f4nant une intelligence artificielle au service exclusif de la domination am\u00e9ricaine, le vice pr\u00e9sident JD Vance dessine une doctrine technologique fond\u00e9e sur le repli, la d\u00e9r\u00e9gulation et l\u2019h\u00e9g\u00e9monie. Une vision qui menace directement les ambitions num\u00e9riques des collectivit\u00e9s territoriales, leur souverainet\u00e9 technologique et l\u2019usage d\u00e9mocratique de l\u2019IA. Le vice-pr\u00e9sident des \u00c9tats-Unis, JD Vance, ne [&hellip;]","og_url":"https:\/\/territorialchallenges.com\/de\/2025\/05\/15\/usa-jd-vance-ou-la-menace-dun-techno-nationalisme-qui-oublie-les-territoires\/124378\/","og_site_name":"Territorial Challenges","article_published_time":"2025-05-15T14:30:36+00:00","article_modified_time":"2025-05-15T14:30:37+00:00","og_image":[{"width":1280,"height":901,"url":"https:\/\/territorialchallenges.com\/wp-content\/uploads\/2025\/05\/reflexionfaite14.05.25.jpg","type":"image\/jpeg"}],"author":"ni.abdi","twitter_card":"summary_large_image","twitter_creator":"@Ni.abdi","twitter_misc":{"Verfasst von":"ni.abdi","Gesch\u00e4tzte Lesezeit":"5\u00a0Minuten"},"schema":{"@context":"https:\/\/schema.org","@graph":[{"@type":"Article","@id":"https:\/\/territorialchallenges.com\/2025\/05\/15\/usa-jd-vance-ou-la-menace-dun-techno-nationalisme-qui-oublie-les-territoires\/124378\/#article","isPartOf":{"@id":"https:\/\/territorialchallenges.com\/2025\/05\/15\/usa-jd-vance-ou-la-menace-dun-techno-nationalisme-qui-oublie-les-territoires\/124378\/"},"author":{"name":"ni.abdi","@id":"https:\/\/territorialchallenges.com\/#\/schema\/person\/098f145c7c61a021c425e010f840080f"},"headline":"USA: JD Vance, ou la menace d\u2019un techno-nationalisme qui oublie les territoires","datePublished":"2025-05-15T14:30:36+00:00","dateModified":"2025-05-15T14:30:37+00:00","mainEntityOfPage":{"@id":"https:\/\/territorialchallenges.com\/2025\/05\/15\/usa-jd-vance-ou-la-menace-dun-techno-nationalisme-qui-oublie-les-territoires\/124378\/"},"wordCount":1060,"publisher":{"@id":"https:\/\/territorialchallenges.com\/#organization"},"articleSection":["R\u00e9flexion faite","\u00c9cosyst\u00e8me"],"inLanguage":"de"},{"@type":"WebPage","@id":"https:\/\/territorialchallenges.com\/2025\/05\/15\/usa-jd-vance-ou-la-menace-dun-techno-nationalisme-qui-oublie-les-territoires\/124378\/","url":"https:\/\/territorialchallenges.com\/2025\/05\/15\/usa-jd-vance-ou-la-menace-dun-techno-nationalisme-qui-oublie-les-territoires\/124378\/","name":"USA: JD Vance, ou la menace d\u2019un techno-nationalisme qui oublie les territoires - Territorial Challenges","isPartOf":{"@id":"https:\/\/territorialchallenges.com\/#website"},"datePublished":"2025-05-15T14:30:36+00:00","dateModified":"2025-05-15T14:30:37+00:00","breadcrumb":{"@id":"https:\/\/territorialchallenges.com\/2025\/05\/15\/usa-jd-vance-ou-la-menace-dun-techno-nationalisme-qui-oublie-les-territoires\/124378\/#breadcrumb"},"inLanguage":"de","potentialAction":[{"@type":"ReadAction","target":["https:\/\/territorialchallenges.com\/2025\/05\/15\/usa-jd-vance-ou-la-menace-dun-techno-nationalisme-qui-oublie-les-territoires\/124378\/"]}]},{"@type":"BreadcrumbList","@id":"https:\/\/territorialchallenges.com\/2025\/05\/15\/usa-jd-vance-ou-la-menace-dun-techno-nationalisme-qui-oublie-les-territoires\/124378\/#breadcrumb","itemListElement":[{"@type":"ListItem","position":1,"name":"Home","item":"https:\/\/territorialchallenges.com\/"},{"@type":"ListItem","position":2,"name":"USA: JD Vance, ou la menace d\u2019un techno-nationalisme qui oublie les territoires"}]},{"@type":"WebSite","@id":"https:\/\/territorialchallenges.com\/#website","url":"https:\/\/territorialchallenges.com\/","name":"Territoriale Herausforderungen","description":"Internationales Monitoring \u2013 Intelligente Strategien \u2013 Best Practices","publisher":{"@id":"https:\/\/territorialchallenges.com\/#organization"},"potentialAction":[{"@type":"SearchAction","target":{"@type":"EntryPoint","urlTemplate":"https:\/\/territorialchallenges.com\/?s={search_term_string}"},"query-input":"required name=search_term_string"}],"inLanguage":"de"},{"@type":"Organization","@id":"https:\/\/territorialchallenges.com\/#organization","name":"Territoriale Herausforderungen","url":"https:\/\/territorialchallenges.com\/","logo":{"@type":"ImageObject","inLanguage":"de","@id":"https:\/\/territorialchallenges.com\/#\/schema\/logo\/image\/","url":"https:\/\/territorialchallenges.com\/wp-content\/uploads\/2023\/10\/logo-1.png","contentUrl":"https:\/\/territorialchallenges.com\/wp-content\/uploads\/2023\/10\/logo-1.png","width":1832,"height":576,"caption":"Territorial Challenges"},"image":{"@id":"https:\/\/territorialchallenges.com\/#\/schema\/logo\/image\/"}},{"@type":"Person","@id":"https:\/\/territorialchallenges.com\/#\/schema\/person\/098f145c7c61a021c425e010f840080f","name":"ni.abdi","image":{"@type":"ImageObject","inLanguage":"de","@id":"https:\/\/territorialchallenges.com\/#\/schema\/person\/image\/","url":"https:\/\/secure.gravatar.com\/avatar\/2a2f2491f3c80039986ba989b1e4b510?s=96&d=identicon&r=g","contentUrl":"https:\/\/secure.gravatar.com\/avatar\/2a2f2491f3c80039986ba989b1e4b510?s=96&d=identicon&r=g","caption":"ni.abdi"},"sameAs":["https:\/\/twitter.com\/Ni.abdi"],"url":"https:\/\/territorialchallenges.com\/de\/author\/ni-abdi\/"}]}},"_links":{"self":[{"href":"https:\/\/territorialchallenges.com\/de\/wp-json\/wp\/v2\/posts\/124378"}],"collection":[{"href":"https:\/\/territorialchallenges.com\/de\/wp-json\/wp\/v2\/posts"}],"about":[{"href":"https:\/\/territorialchallenges.com\/de\/wp-json\/wp\/v2\/types\/post"}],"author":[{"embeddable":true,"href":"https:\/\/territorialchallenges.com\/de\/wp-json\/wp\/v2\/users\/11"}],"replies":[{"embeddable":true,"href":"https:\/\/territorialchallenges.com\/de\/wp-json\/wp\/v2\/comments?post=124378"}],"version-history":[{"count":1,"href":"https:\/\/territorialchallenges.com\/de\/wp-json\/wp\/v2\/posts\/124378\/revisions"}],"predecessor-version":[{"id":124380,"href":"https:\/\/territorialchallenges.com\/de\/wp-json\/wp\/v2\/posts\/124378\/revisions\/124380"}],"wp:featuredmedia":[{"embeddable":true,"href":"https:\/\/territorialchallenges.com\/de\/wp-json\/wp\/v2\/media\/124379"}],"wp:attachment":[{"href":"https:\/\/territorialchallenges.com\/de\/wp-json\/wp\/v2\/media?parent=124378"}],"wp:term":[{"taxonomy":"category","embeddable":true,"href":"https:\/\/territorialchallenges.com\/de\/wp-json\/wp\/v2\/categories?post=124378"},{"taxonomy":"post_tag","embeddable":true,"href":"https:\/\/territorialchallenges.com\/de\/wp-json\/wp\/v2\/tags?post=124378"}],"curies":[{"name":"wp","href":"https:\/\/api.w.org\/{rel}","templated":true}]}}