{"id":124127,"date":"2025-03-20T13:17:33","date_gmt":"2025-03-20T12:17:33","guid":{"rendered":"https:\/\/territorialchallenges.com\/?p=124127"},"modified":"2025-03-20T13:17:34","modified_gmt":"2025-03-20T12:17:34","slug":"lia-au-service-des-collectivites-territoriales-une-vision-internationale-pour-transformer-les-services-publics","status":"publish","type":"post","link":"https:\/\/territorialchallenges.com\/de\/2025\/03\/20\/lia-au-service-des-collectivites-territoriales-une-vision-internationale-pour-transformer-les-services-publics\/124127\/","title":{"rendered":"KI im Dienste lokaler Beh\u00f6rden: Eine internationale Vision zur Umgestaltung \u00f6ffentlicher Dienste"},"content":{"rendered":"<p>K\u00fcnstliche Intelligenz (KI) entwickelt sich zu einem wichtigen Hebel f\u00fcr Kommunalverwaltungen und verspricht, kommunale Abl\u00e4ufe zu optimieren und die Lebensqualit\u00e4t der B\u00fcrger zu verbessern. Um ihr Potenzial voll auszusch\u00f6pfen, ist es jedoch entscheidend, dass diese Beh\u00f6rden eine internationale Vision verfolgen, sich von globalen Best Practices inspirieren lassen und grenz\u00fcberschreitend zusammenarbeiten. Dieser Leitartikel untersucht, wie\u2026 <\/p>\n<div class=\"pmpro_content_message\">Artikel nur f\u00fcr Abonnenten sichtbar.<br \/><a href=\"https:\/\/territorialchallenges.com\/wp-login.php\">Verbindung<\/a><br \/><a href=\"https:\/\/territorialchallenges.com\/de\/wp-login.php\/?action=register\">Registrieren<\/a><\/div>","protected":false},"excerpt":{"rendered":"<p>L&rsquo;intelligence artificielle (IA) \u00e9merge comme un levier incontournable pour les collectivit\u00e9s territoriales, promettant d&rsquo;optimiser les op\u00e9rations municipales et d&rsquo;am\u00e9liorer la qualit\u00e9 de vie des citoyens. Cependant, pour maximiser son potentiel, il est crucial que ces collectivit\u00e9s adoptent une vision internationale, s&rsquo;inspirant des meilleures pratiques mondiales et collaborant au-del\u00e0 des fronti\u00e8res. Cet \u00e9ditorial explore comment une... <\/p>\n<div class=\"pmpro_content_message\">Artikel nur f\u00fcr Abonnenten sichtbar.<br \/><a href=\"https:\/\/territorialchallenges.com\/wp-login.php\">Verbindung<\/a><br \/><a href=\"https:\/\/territorialchallenges.com\/de\/wp-login.php\/?action=register\">Registrieren<\/a><\/div>","protected":false},"author":11,"featured_media":124128,"comment_status":"closed","ping_status":"closed","sticky":true,"template":"","format":"standard","meta":{"pmpro_default_level":0,"footnotes":""},"categories":[130,117],"tags":[],"blocksy_meta":"","yoast_head":"<!-- This site is optimized with the Yoast SEO plugin v21.5 - https:\/\/yoast.com\/wordpress\/plugins\/seo\/ -->\n<title>L&#039;IA au service des collectivit\u00e9s territoriales : une vision internationale pour transformer les services publics - Territorial Challenges<\/title>\n<meta name=\"robots\" content=\"index, follow, max-snippet:-1, max-image-preview:large, max-video-preview:-1\" \/>\n<link rel=\"canonical\" href=\"https:\/\/territorialchallenges.com\/de\/2025\/03\/20\/lia-au-service-des-collectivites-territoriales-une-vision-internationale-pour-transformer-les-services-publics\/124127\/\" \/>\n<meta property=\"og:locale\" content=\"de_DE\" \/>\n<meta property=\"og:type\" content=\"article\" \/>\n<meta property=\"og:title\" content=\"L&#039;IA au service des collectivit\u00e9s territoriales : une vision internationale pour transformer les services publics - Territorial Challenges\" \/>\n<meta property=\"og:description\" content=\"L&rsquo;intelligence artificielle (IA) \u00e9merge comme un levier incontournable pour les collectivit\u00e9s territoriales, promettant d&rsquo;optimiser les op\u00e9rations municipales et d&rsquo;am\u00e9liorer la qualit\u00e9 de vie des citoyens. Cependant, pour maximiser son potentiel, il est crucial que ces collectivit\u00e9s adoptent une vision internationale, s&rsquo;inspirant des meilleures pratiques mondiales et collaborant au-del\u00e0 des fronti\u00e8res. Cet \u00e9ditorial explore comment une [&hellip;]\" \/>\n<meta property=\"og:url\" content=\"https:\/\/territorialchallenges.com\/de\/2025\/03\/20\/lia-au-service-des-collectivites-territoriales-une-vision-internationale-pour-transformer-les-services-publics\/124127\/\" \/>\n<meta property=\"og:site_name\" content=\"Territorial Challenges\" \/>\n<meta property=\"article:published_time\" content=\"2025-03-20T12:17:33+00:00\" \/>\n<meta property=\"article:modified_time\" content=\"2025-03-20T12:17:34+00:00\" \/>\n<meta property=\"og:image\" content=\"https:\/\/territorialchallenges.com\/wp-content\/uploads\/2025\/03\/reflexionfaiteImage.png\" \/>\n\t<meta property=\"og:image:width\" content=\"1280\" \/>\n\t<meta property=\"og:image:height\" content=\"717\" \/>\n\t<meta property=\"og:image:type\" content=\"image\/png\" \/>\n<meta name=\"author\" content=\"ni.abdi\" \/>\n<meta name=\"twitter:card\" content=\"summary_large_image\" \/>\n<meta name=\"twitter:creator\" content=\"@Ni.abdi\" \/>\n<meta name=\"twitter:label1\" content=\"Verfasst von\" \/>\n\t<meta name=\"twitter:data1\" content=\"ni.abdi\" \/>\n\t<meta name=\"twitter:label2\" content=\"Gesch\u00e4tzte Lesezeit\" \/>\n\t<meta name=\"twitter:data2\" content=\"3\u00a0Minuten\" \/>\n<script type=\"application\/ld+json\" class=\"yoast-schema-graph\">{\"@context\":\"https:\/\/schema.org\",\"@graph\":[{\"@type\":\"Article\",\"@id\":\"https:\/\/territorialchallenges.com\/2025\/03\/20\/lia-au-service-des-collectivites-territoriales-une-vision-internationale-pour-transformer-les-services-publics\/124127\/#article\",\"isPartOf\":{\"@id\":\"https:\/\/territorialchallenges.com\/2025\/03\/20\/lia-au-service-des-collectivites-territoriales-une-vision-internationale-pour-transformer-les-services-publics\/124127\/\"},\"author\":{\"name\":\"ni.abdi\",\"@id\":\"https:\/\/territorialchallenges.com\/#\/schema\/person\/098f145c7c61a021c425e010f840080f\"},\"headline\":\"L&rsquo;IA au service des collectivit\u00e9s territoriales : une vision internationale pour transformer les services publics\",\"datePublished\":\"2025-03-20T12:17:33+00:00\",\"dateModified\":\"2025-03-20T12:17:34+00:00\",\"mainEntityOfPage\":{\"@id\":\"https:\/\/territorialchallenges.com\/2025\/03\/20\/lia-au-service-des-collectivites-territoriales-une-vision-internationale-pour-transformer-les-services-publics\/124127\/\"},\"wordCount\":662,\"publisher\":{\"@id\":\"https:\/\/territorialchallenges.com\/#organization\"},\"articleSection\":[\"R\u00e9flexion faite\",\"\u00c9cosyst\u00e8me\"],\"inLanguage\":\"de\"},{\"@type\":\"WebPage\",\"@id\":\"https:\/\/territorialchallenges.com\/2025\/03\/20\/lia-au-service-des-collectivites-territoriales-une-vision-internationale-pour-transformer-les-services-publics\/124127\/\",\"url\":\"https:\/\/territorialchallenges.com\/2025\/03\/20\/lia-au-service-des-collectivites-territoriales-une-vision-internationale-pour-transformer-les-services-publics\/124127\/\",\"name\":\"L'IA au service des collectivit\u00e9s territoriales : une vision internationale pour transformer les services publics - Territorial Challenges\",\"isPartOf\":{\"@id\":\"https:\/\/territorialchallenges.com\/#website\"},\"datePublished\":\"2025-03-20T12:17:33+00:00\",\"dateModified\":\"2025-03-20T12:17:34+00:00\",\"breadcrumb\":{\"@id\":\"https:\/\/territorialchallenges.com\/2025\/03\/20\/lia-au-service-des-collectivites-territoriales-une-vision-internationale-pour-transformer-les-services-publics\/124127\/#breadcrumb\"},\"inLanguage\":\"de\",\"potentialAction\":[{\"@type\":\"ReadAction\",\"target\":[\"https:\/\/territorialchallenges.com\/2025\/03\/20\/lia-au-service-des-collectivites-territoriales-une-vision-internationale-pour-transformer-les-services-publics\/124127\/\"]}]},{\"@type\":\"BreadcrumbList\",\"@id\":\"https:\/\/territorialchallenges.com\/2025\/03\/20\/lia-au-service-des-collectivites-territoriales-une-vision-internationale-pour-transformer-les-services-publics\/124127\/#breadcrumb\",\"itemListElement\":[{\"@type\":\"ListItem\",\"position\":1,\"name\":\"Home\",\"item\":\"https:\/\/territorialchallenges.com\/\"},{\"@type\":\"ListItem\",\"position\":2,\"name\":\"L&rsquo;IA au service des collectivit\u00e9s territoriales : une vision internationale pour transformer les services publics\"}]},{\"@type\":\"WebSite\",\"@id\":\"https:\/\/territorialchallenges.com\/#website\",\"url\":\"https:\/\/territorialchallenges.com\/\",\"name\":\"Territorial Challenges\",\"description\":\"Veille Internationale - Strat\u00e9gie Intelligentes - Bonnes pratiques\",\"publisher\":{\"@id\":\"https:\/\/territorialchallenges.com\/#organization\"},\"potentialAction\":[{\"@type\":\"SearchAction\",\"target\":{\"@type\":\"EntryPoint\",\"urlTemplate\":\"https:\/\/territorialchallenges.com\/?s={search_term_string}\"},\"query-input\":\"required name=search_term_string\"}],\"inLanguage\":\"de\"},{\"@type\":\"Organization\",\"@id\":\"https:\/\/territorialchallenges.com\/#organization\",\"name\":\"Territorial Challenges\",\"url\":\"https:\/\/territorialchallenges.com\/\",\"logo\":{\"@type\":\"ImageObject\",\"inLanguage\":\"de\",\"@id\":\"https:\/\/territorialchallenges.com\/#\/schema\/logo\/image\/\",\"url\":\"https:\/\/territorialchallenges.com\/wp-content\/uploads\/2023\/10\/logo-1.png\",\"contentUrl\":\"https:\/\/territorialchallenges.com\/wp-content\/uploads\/2023\/10\/logo-1.png\",\"width\":1832,\"height\":576,\"caption\":\"Territorial Challenges\"},\"image\":{\"@id\":\"https:\/\/territorialchallenges.com\/#\/schema\/logo\/image\/\"}},{\"@type\":\"Person\",\"@id\":\"https:\/\/territorialchallenges.com\/#\/schema\/person\/098f145c7c61a021c425e010f840080f\",\"name\":\"ni.abdi\",\"image\":{\"@type\":\"ImageObject\",\"inLanguage\":\"de\",\"@id\":\"https:\/\/territorialchallenges.com\/#\/schema\/person\/image\/\",\"url\":\"https:\/\/secure.gravatar.com\/avatar\/2a2f2491f3c80039986ba989b1e4b510?s=96&d=identicon&r=g\",\"contentUrl\":\"https:\/\/secure.gravatar.com\/avatar\/2a2f2491f3c80039986ba989b1e4b510?s=96&d=identicon&r=g\",\"caption\":\"ni.abdi\"},\"sameAs\":[\"https:\/\/twitter.com\/Ni.abdi\"],\"url\":\"https:\/\/territorialchallenges.com\/de\/author\/ni-abdi\/\"}]}<\/script>\n<!-- \/ Yoast SEO plugin. -->","yoast_head_json":{"title":"L'IA au service des collectivit\u00e9s territoriales : une vision internationale pour transformer les services publics - Territorial Challenges","robots":{"index":"index","follow":"follow","max-snippet":"max-snippet:-1","max-image-preview":"max-image-preview:large","max-video-preview":"max-video-preview:-1"},"canonical":"https:\/\/territorialchallenges.com\/de\/2025\/03\/20\/lia-au-service-des-collectivites-territoriales-une-vision-internationale-pour-transformer-les-services-publics\/124127\/","og_locale":"de_DE","og_type":"article","og_title":"L'IA au service des collectivit\u00e9s territoriales : une vision internationale pour transformer les services publics - Territorial Challenges","og_description":"L&rsquo;intelligence artificielle (IA) \u00e9merge comme un levier incontournable pour les collectivit\u00e9s territoriales, promettant d&rsquo;optimiser les op\u00e9rations municipales et d&rsquo;am\u00e9liorer la qualit\u00e9 de vie des citoyens. Cependant, pour maximiser son potentiel, il est crucial que ces collectivit\u00e9s adoptent une vision internationale, s&rsquo;inspirant des meilleures pratiques mondiales et collaborant au-del\u00e0 des fronti\u00e8res. Cet \u00e9ditorial explore comment une [&hellip;]","og_url":"https:\/\/territorialchallenges.com\/de\/2025\/03\/20\/lia-au-service-des-collectivites-territoriales-une-vision-internationale-pour-transformer-les-services-publics\/124127\/","og_site_name":"Territorial Challenges","article_published_time":"2025-03-20T12:17:33+00:00","article_modified_time":"2025-03-20T12:17:34+00:00","og_image":[{"width":1280,"height":717,"url":"https:\/\/territorialchallenges.com\/wp-content\/uploads\/2025\/03\/reflexionfaiteImage.png","type":"image\/png"}],"author":"ni.abdi","twitter_card":"summary_large_image","twitter_creator":"@Ni.abdi","twitter_misc":{"Verfasst von":"ni.abdi","Gesch\u00e4tzte Lesezeit":"3\u00a0Minuten"},"schema":{"@context":"https:\/\/schema.org","@graph":[{"@type":"Article","@id":"https:\/\/territorialchallenges.com\/2025\/03\/20\/lia-au-service-des-collectivites-territoriales-une-vision-internationale-pour-transformer-les-services-publics\/124127\/#article","isPartOf":{"@id":"https:\/\/territorialchallenges.com\/2025\/03\/20\/lia-au-service-des-collectivites-territoriales-une-vision-internationale-pour-transformer-les-services-publics\/124127\/"},"author":{"name":"ni.abdi","@id":"https:\/\/territorialchallenges.com\/#\/schema\/person\/098f145c7c61a021c425e010f840080f"},"headline":"L&rsquo;IA au service des collectivit\u00e9s territoriales : une vision internationale pour transformer les services publics","datePublished":"2025-03-20T12:17:33+00:00","dateModified":"2025-03-20T12:17:34+00:00","mainEntityOfPage":{"@id":"https:\/\/territorialchallenges.com\/2025\/03\/20\/lia-au-service-des-collectivites-territoriales-une-vision-internationale-pour-transformer-les-services-publics\/124127\/"},"wordCount":662,"publisher":{"@id":"https:\/\/territorialchallenges.com\/#organization"},"articleSection":["R\u00e9flexion faite","\u00c9cosyst\u00e8me"],"inLanguage":"de"},{"@type":"WebPage","@id":"https:\/\/territorialchallenges.com\/2025\/03\/20\/lia-au-service-des-collectivites-territoriales-une-vision-internationale-pour-transformer-les-services-publics\/124127\/","url":"https:\/\/territorialchallenges.com\/2025\/03\/20\/lia-au-service-des-collectivites-territoriales-une-vision-internationale-pour-transformer-les-services-publics\/124127\/","name":"L'IA au service des collectivit\u00e9s territoriales : une vision internationale pour transformer les services publics - Territorial Challenges","isPartOf":{"@id":"https:\/\/territorialchallenges.com\/#website"},"datePublished":"2025-03-20T12:17:33+00:00","dateModified":"2025-03-20T12:17:34+00:00","breadcrumb":{"@id":"https:\/\/territorialchallenges.com\/2025\/03\/20\/lia-au-service-des-collectivites-territoriales-une-vision-internationale-pour-transformer-les-services-publics\/124127\/#breadcrumb"},"inLanguage":"de","potentialAction":[{"@type":"ReadAction","target":["https:\/\/territorialchallenges.com\/2025\/03\/20\/lia-au-service-des-collectivites-territoriales-une-vision-internationale-pour-transformer-les-services-publics\/124127\/"]}]},{"@type":"BreadcrumbList","@id":"https:\/\/territorialchallenges.com\/2025\/03\/20\/lia-au-service-des-collectivites-territoriales-une-vision-internationale-pour-transformer-les-services-publics\/124127\/#breadcrumb","itemListElement":[{"@type":"ListItem","position":1,"name":"Home","item":"https:\/\/territorialchallenges.com\/"},{"@type":"ListItem","position":2,"name":"L&rsquo;IA au service des collectivit\u00e9s territoriales : une vision internationale pour transformer les services publics"}]},{"@type":"WebSite","@id":"https:\/\/territorialchallenges.com\/#website","url":"https:\/\/territorialchallenges.com\/","name":"Territoriale Herausforderungen","description":"Internationales Monitoring \u2013 Intelligente Strategien \u2013 Best Practices","publisher":{"@id":"https:\/\/territorialchallenges.com\/#organization"},"potentialAction":[{"@type":"SearchAction","target":{"@type":"EntryPoint","urlTemplate":"https:\/\/territorialchallenges.com\/?s={search_term_string}"},"query-input":"required name=search_term_string"}],"inLanguage":"de"},{"@type":"Organization","@id":"https:\/\/territorialchallenges.com\/#organization","name":"Territoriale Herausforderungen","url":"https:\/\/territorialchallenges.com\/","logo":{"@type":"ImageObject","inLanguage":"de","@id":"https:\/\/territorialchallenges.com\/#\/schema\/logo\/image\/","url":"https:\/\/territorialchallenges.com\/wp-content\/uploads\/2023\/10\/logo-1.png","contentUrl":"https:\/\/territorialchallenges.com\/wp-content\/uploads\/2023\/10\/logo-1.png","width":1832,"height":576,"caption":"Territorial Challenges"},"image":{"@id":"https:\/\/territorialchallenges.com\/#\/schema\/logo\/image\/"}},{"@type":"Person","@id":"https:\/\/territorialchallenges.com\/#\/schema\/person\/098f145c7c61a021c425e010f840080f","name":"ni.abdi","image":{"@type":"ImageObject","inLanguage":"de","@id":"https:\/\/territorialchallenges.com\/#\/schema\/person\/image\/","url":"https:\/\/secure.gravatar.com\/avatar\/2a2f2491f3c80039986ba989b1e4b510?s=96&d=identicon&r=g","contentUrl":"https:\/\/secure.gravatar.com\/avatar\/2a2f2491f3c80039986ba989b1e4b510?s=96&d=identicon&r=g","caption":"ni.abdi"},"sameAs":["https:\/\/twitter.com\/Ni.abdi"],"url":"https:\/\/territorialchallenges.com\/de\/author\/ni-abdi\/"}]}},"_links":{"self":[{"href":"https:\/\/territorialchallenges.com\/de\/wp-json\/wp\/v2\/posts\/124127"}],"collection":[{"href":"https:\/\/territorialchallenges.com\/de\/wp-json\/wp\/v2\/posts"}],"about":[{"href":"https:\/\/territorialchallenges.com\/de\/wp-json\/wp\/v2\/types\/post"}],"author":[{"embeddable":true,"href":"https:\/\/territorialchallenges.com\/de\/wp-json\/wp\/v2\/users\/11"}],"replies":[{"embeddable":true,"href":"https:\/\/territorialchallenges.com\/de\/wp-json\/wp\/v2\/comments?post=124127"}],"version-history":[{"count":1,"href":"https:\/\/territorialchallenges.com\/de\/wp-json\/wp\/v2\/posts\/124127\/revisions"}],"predecessor-version":[{"id":124129,"href":"https:\/\/territorialchallenges.com\/de\/wp-json\/wp\/v2\/posts\/124127\/revisions\/124129"}],"wp:featuredmedia":[{"embeddable":true,"href":"https:\/\/territorialchallenges.com\/de\/wp-json\/wp\/v2\/media\/124128"}],"wp:attachment":[{"href":"https:\/\/territorialchallenges.com\/de\/wp-json\/wp\/v2\/media?parent=124127"}],"wp:term":[{"taxonomy":"category","embeddable":true,"href":"https:\/\/territorialchallenges.com\/de\/wp-json\/wp\/v2\/categories?post=124127"},{"taxonomy":"post_tag","embeddable":true,"href":"https:\/\/territorialchallenges.com\/de\/wp-json\/wp\/v2\/tags?post=124127"}],"curies":[{"name":"wp","href":"https:\/\/api.w.org\/{rel}","templated":true}]}}