{"id":124039,"date":"2025-03-04T21:48:04","date_gmt":"2025-03-04T20:48:04","guid":{"rendered":"https:\/\/territorialchallenges.com\/?p=124039"},"modified":"2025-03-04T21:48:05","modified_gmt":"2025-03-04T20:48:05","slug":"lalbanie-sengage-dans-un-ambitieux-projet-de-ville-intelligente-avec-les-emirats-arabes-unis","status":"publish","type":"post","link":"https:\/\/territorialchallenges.com\/de\/2025\/03\/04\/lalbanie-sengage-dans-un-ambitieux-projet-de-ville-intelligente-avec-les-emirats-arabes-unis\/124039\/","title":{"rendered":"Albanien startet ehrgeiziges Smart-City-Projekt mit den VAE"},"content":{"rendered":"<p>Albanien macht einen gro\u00dfen Schritt in seiner digitalen Transformation und unterzeichnet eine strategische Vereinbarung mit dem emiratischen Unternehmen Presight AI Ltd. Diese Partnerschaft, die w\u00e4hrend des Besuchs des Pr\u00e4sidenten der Vereinigten Arabischen Emirate in Tirana formalisiert wurde, zielt darauf ab, eine Smart-City-Initiative an 20 Standorten im ganzen Land einzuf\u00fchren. Mithilfe k\u00fcnstlicher Intelligenz soll diese Zusammenarbeit... <\/p>\n<div class=\"pmpro_content_message\">Artikel nur f\u00fcr Abonnenten sichtbar.<br \/><a href=\"https:\/\/territorialchallenges.com\/wp-login.php\">Verbindung<\/a><br \/><a href=\"https:\/\/territorialchallenges.com\/de\/wp-login.php\/?action=register\">Registrieren<\/a><\/div>","protected":false},"excerpt":{"rendered":"<p>L\u2019Albanie franchit une \u00e9tape dans sa transformation num\u00e9rique en signant un accord strat\u00e9gique avec la soci\u00e9t\u00e9 \u00e9miratie Presight AI Ltd. Ce partenariat, officialis\u00e9 lors de la visite du pr\u00e9sident des \u00c9mirats arabes unis \u00e0 Tirana, vise \u00e0 d\u00e9ployer une initiative de ville intelligente dans 20 localit\u00e9s du pays. Gr\u00e2ce \u00e0 l\u2019intelligence artificielle, cette collaboration ambitionne... <\/p>\n<div class=\"pmpro_content_message\">Artikel nur f\u00fcr Abonnenten sichtbar.<br \/><a href=\"https:\/\/territorialchallenges.com\/wp-login.php\">Verbindung<\/a><br \/><a href=\"https:\/\/territorialchallenges.com\/de\/wp-login.php\/?action=register\">Registrieren<\/a><\/div>","protected":false},"author":11,"featured_media":124040,"comment_status":"closed","ping_status":"closed","sticky":true,"template":"","format":"standard","meta":{"pmpro_default_level":0,"footnotes":""},"categories":[19,127],"tags":[],"blocksy_meta":"","yoast_head":"<!-- This site is optimized with the Yoast SEO plugin v21.5 - https:\/\/yoast.com\/wordpress\/plugins\/seo\/ -->\n<title>L&#039;Albanie s&#039;engage dans un ambitieux projet de ville intelligente avec les \u00c9mirats arabes unis - Territorial Challenges<\/title>\n<meta name=\"robots\" content=\"index, follow, max-snippet:-1, max-image-preview:large, max-video-preview:-1\" \/>\n<link rel=\"canonical\" href=\"https:\/\/territorialchallenges.com\/de\/2025\/03\/04\/lalbanie-sengage-dans-un-ambitieux-projet-de-ville-intelligente-avec-les-emirats-arabes-unis\/124039\/\" \/>\n<meta property=\"og:locale\" content=\"de_DE\" \/>\n<meta property=\"og:type\" content=\"article\" \/>\n<meta property=\"og:title\" content=\"L&#039;Albanie s&#039;engage dans un ambitieux projet de ville intelligente avec les \u00c9mirats arabes unis - Territorial Challenges\" \/>\n<meta property=\"og:description\" content=\"L\u2019Albanie franchit une \u00e9tape dans sa transformation num\u00e9rique en signant un accord strat\u00e9gique avec la soci\u00e9t\u00e9 \u00e9miratie Presight AI Ltd. Ce partenariat, officialis\u00e9 lors de la visite du pr\u00e9sident des \u00c9mirats arabes unis \u00e0 Tirana, vise \u00e0 d\u00e9ployer une initiative de ville intelligente dans 20 localit\u00e9s du pays. Gr\u00e2ce \u00e0 l\u2019intelligence artificielle, cette collaboration ambitionne [&hellip;]\" \/>\n<meta property=\"og:url\" content=\"https:\/\/territorialchallenges.com\/de\/2025\/03\/04\/lalbanie-sengage-dans-un-ambitieux-projet-de-ville-intelligente-avec-les-emirats-arabes-unis\/124039\/\" \/>\n<meta property=\"og:site_name\" content=\"Territorial Challenges\" \/>\n<meta property=\"article:published_time\" content=\"2025-03-04T20:48:04+00:00\" \/>\n<meta property=\"article:modified_time\" content=\"2025-03-04T20:48:05+00:00\" \/>\n<meta property=\"og:image\" content=\"https:\/\/territorialchallenges.com\/wp-content\/uploads\/2025\/03\/territoiresintelligents4.03.25.Image_.jpg\" \/>\n\t<meta property=\"og:image:width\" content=\"1280\" \/>\n\t<meta property=\"og:image:height\" content=\"853\" \/>\n\t<meta property=\"og:image:type\" content=\"image\/jpeg\" \/>\n<meta name=\"author\" content=\"ni.abdi\" \/>\n<meta name=\"twitter:card\" content=\"summary_large_image\" \/>\n<meta name=\"twitter:creator\" content=\"@Ni.abdi\" \/>\n<meta name=\"twitter:label1\" content=\"Verfasst von\" \/>\n\t<meta name=\"twitter:data1\" content=\"ni.abdi\" \/>\n\t<meta name=\"twitter:label2\" content=\"Gesch\u00e4tzte Lesezeit\" \/>\n\t<meta name=\"twitter:data2\" content=\"4\u00a0Minuten\" \/>\n<script type=\"application\/ld+json\" class=\"yoast-schema-graph\">{\"@context\":\"https:\/\/schema.org\",\"@graph\":[{\"@type\":\"Article\",\"@id\":\"https:\/\/territorialchallenges.com\/2025\/03\/04\/lalbanie-sengage-dans-un-ambitieux-projet-de-ville-intelligente-avec-les-emirats-arabes-unis\/124039\/#article\",\"isPartOf\":{\"@id\":\"https:\/\/territorialchallenges.com\/2025\/03\/04\/lalbanie-sengage-dans-un-ambitieux-projet-de-ville-intelligente-avec-les-emirats-arabes-unis\/124039\/\"},\"author\":{\"name\":\"ni.abdi\",\"@id\":\"https:\/\/territorialchallenges.com\/#\/schema\/person\/098f145c7c61a021c425e010f840080f\"},\"headline\":\"L&rsquo;Albanie s&rsquo;engage dans un ambitieux projet de ville intelligente avec les \u00c9mirats arabes unis\",\"datePublished\":\"2025-03-04T20:48:04+00:00\",\"dateModified\":\"2025-03-04T20:48:05+00:00\",\"mainEntityOfPage\":{\"@id\":\"https:\/\/territorialchallenges.com\/2025\/03\/04\/lalbanie-sengage-dans-un-ambitieux-projet-de-ville-intelligente-avec-les-emirats-arabes-unis\/124039\/\"},\"wordCount\":767,\"publisher\":{\"@id\":\"https:\/\/territorialchallenges.com\/#organization\"},\"articleSection\":[\"Territoires Intelligents\",\"Actualit\u00e9 Europe\"],\"inLanguage\":\"de\"},{\"@type\":\"WebPage\",\"@id\":\"https:\/\/territorialchallenges.com\/2025\/03\/04\/lalbanie-sengage-dans-un-ambitieux-projet-de-ville-intelligente-avec-les-emirats-arabes-unis\/124039\/\",\"url\":\"https:\/\/territorialchallenges.com\/2025\/03\/04\/lalbanie-sengage-dans-un-ambitieux-projet-de-ville-intelligente-avec-les-emirats-arabes-unis\/124039\/\",\"name\":\"L'Albanie s'engage dans un ambitieux projet de ville intelligente avec les \u00c9mirats arabes unis - Territorial Challenges\",\"isPartOf\":{\"@id\":\"https:\/\/territorialchallenges.com\/#website\"},\"datePublished\":\"2025-03-04T20:48:04+00:00\",\"dateModified\":\"2025-03-04T20:48:05+00:00\",\"breadcrumb\":{\"@id\":\"https:\/\/territorialchallenges.com\/2025\/03\/04\/lalbanie-sengage-dans-un-ambitieux-projet-de-ville-intelligente-avec-les-emirats-arabes-unis\/124039\/#breadcrumb\"},\"inLanguage\":\"de\",\"potentialAction\":[{\"@type\":\"ReadAction\",\"target\":[\"https:\/\/territorialchallenges.com\/2025\/03\/04\/lalbanie-sengage-dans-un-ambitieux-projet-de-ville-intelligente-avec-les-emirats-arabes-unis\/124039\/\"]}]},{\"@type\":\"BreadcrumbList\",\"@id\":\"https:\/\/territorialchallenges.com\/2025\/03\/04\/lalbanie-sengage-dans-un-ambitieux-projet-de-ville-intelligente-avec-les-emirats-arabes-unis\/124039\/#breadcrumb\",\"itemListElement\":[{\"@type\":\"ListItem\",\"position\":1,\"name\":\"Home\",\"item\":\"https:\/\/territorialchallenges.com\/\"},{\"@type\":\"ListItem\",\"position\":2,\"name\":\"L&rsquo;Albanie s&rsquo;engage dans un ambitieux projet de ville intelligente avec les \u00c9mirats arabes unis\"}]},{\"@type\":\"WebSite\",\"@id\":\"https:\/\/territorialchallenges.com\/#website\",\"url\":\"https:\/\/territorialchallenges.com\/\",\"name\":\"Territorial Challenges\",\"description\":\"Veille Internationale - Strat\u00e9gie Intelligentes - Bonnes pratiques\",\"publisher\":{\"@id\":\"https:\/\/territorialchallenges.com\/#organization\"},\"potentialAction\":[{\"@type\":\"SearchAction\",\"target\":{\"@type\":\"EntryPoint\",\"urlTemplate\":\"https:\/\/territorialchallenges.com\/?s={search_term_string}\"},\"query-input\":\"required name=search_term_string\"}],\"inLanguage\":\"de\"},{\"@type\":\"Organization\",\"@id\":\"https:\/\/territorialchallenges.com\/#organization\",\"name\":\"Territorial Challenges\",\"url\":\"https:\/\/territorialchallenges.com\/\",\"logo\":{\"@type\":\"ImageObject\",\"inLanguage\":\"de\",\"@id\":\"https:\/\/territorialchallenges.com\/#\/schema\/logo\/image\/\",\"url\":\"https:\/\/territorialchallenges.com\/wp-content\/uploads\/2023\/10\/logo-1.png\",\"contentUrl\":\"https:\/\/territorialchallenges.com\/wp-content\/uploads\/2023\/10\/logo-1.png\",\"width\":1832,\"height\":576,\"caption\":\"Territorial Challenges\"},\"image\":{\"@id\":\"https:\/\/territorialchallenges.com\/#\/schema\/logo\/image\/\"}},{\"@type\":\"Person\",\"@id\":\"https:\/\/territorialchallenges.com\/#\/schema\/person\/098f145c7c61a021c425e010f840080f\",\"name\":\"ni.abdi\",\"image\":{\"@type\":\"ImageObject\",\"inLanguage\":\"de\",\"@id\":\"https:\/\/territorialchallenges.com\/#\/schema\/person\/image\/\",\"url\":\"https:\/\/secure.gravatar.com\/avatar\/2a2f2491f3c80039986ba989b1e4b510?s=96&d=identicon&r=g\",\"contentUrl\":\"https:\/\/secure.gravatar.com\/avatar\/2a2f2491f3c80039986ba989b1e4b510?s=96&d=identicon&r=g\",\"caption\":\"ni.abdi\"},\"sameAs\":[\"https:\/\/twitter.com\/Ni.abdi\"],\"url\":\"https:\/\/territorialchallenges.com\/de\/author\/ni-abdi\/\"}]}<\/script>\n<!-- \/ Yoast SEO plugin. -->","yoast_head_json":{"title":"L'Albanie s'engage dans un ambitieux projet de ville intelligente avec les \u00c9mirats arabes unis - Territorial Challenges","robots":{"index":"index","follow":"follow","max-snippet":"max-snippet:-1","max-image-preview":"max-image-preview:large","max-video-preview":"max-video-preview:-1"},"canonical":"https:\/\/territorialchallenges.com\/de\/2025\/03\/04\/lalbanie-sengage-dans-un-ambitieux-projet-de-ville-intelligente-avec-les-emirats-arabes-unis\/124039\/","og_locale":"de_DE","og_type":"article","og_title":"L'Albanie s'engage dans un ambitieux projet de ville intelligente avec les \u00c9mirats arabes unis - Territorial Challenges","og_description":"L\u2019Albanie franchit une \u00e9tape dans sa transformation num\u00e9rique en signant un accord strat\u00e9gique avec la soci\u00e9t\u00e9 \u00e9miratie Presight AI Ltd. Ce partenariat, officialis\u00e9 lors de la visite du pr\u00e9sident des \u00c9mirats arabes unis \u00e0 Tirana, vise \u00e0 d\u00e9ployer une initiative de ville intelligente dans 20 localit\u00e9s du pays. Gr\u00e2ce \u00e0 l\u2019intelligence artificielle, cette collaboration ambitionne [&hellip;]","og_url":"https:\/\/territorialchallenges.com\/de\/2025\/03\/04\/lalbanie-sengage-dans-un-ambitieux-projet-de-ville-intelligente-avec-les-emirats-arabes-unis\/124039\/","og_site_name":"Territorial Challenges","article_published_time":"2025-03-04T20:48:04+00:00","article_modified_time":"2025-03-04T20:48:05+00:00","og_image":[{"width":1280,"height":853,"url":"https:\/\/territorialchallenges.com\/wp-content\/uploads\/2025\/03\/territoiresintelligents4.03.25.Image_.jpg","type":"image\/jpeg"}],"author":"ni.abdi","twitter_card":"summary_large_image","twitter_creator":"@Ni.abdi","twitter_misc":{"Verfasst von":"ni.abdi","Gesch\u00e4tzte Lesezeit":"4\u00a0Minuten"},"schema":{"@context":"https:\/\/schema.org","@graph":[{"@type":"Article","@id":"https:\/\/territorialchallenges.com\/2025\/03\/04\/lalbanie-sengage-dans-un-ambitieux-projet-de-ville-intelligente-avec-les-emirats-arabes-unis\/124039\/#article","isPartOf":{"@id":"https:\/\/territorialchallenges.com\/2025\/03\/04\/lalbanie-sengage-dans-un-ambitieux-projet-de-ville-intelligente-avec-les-emirats-arabes-unis\/124039\/"},"author":{"name":"ni.abdi","@id":"https:\/\/territorialchallenges.com\/#\/schema\/person\/098f145c7c61a021c425e010f840080f"},"headline":"L&rsquo;Albanie s&rsquo;engage dans un ambitieux projet de ville intelligente avec les \u00c9mirats arabes unis","datePublished":"2025-03-04T20:48:04+00:00","dateModified":"2025-03-04T20:48:05+00:00","mainEntityOfPage":{"@id":"https:\/\/territorialchallenges.com\/2025\/03\/04\/lalbanie-sengage-dans-un-ambitieux-projet-de-ville-intelligente-avec-les-emirats-arabes-unis\/124039\/"},"wordCount":767,"publisher":{"@id":"https:\/\/territorialchallenges.com\/#organization"},"articleSection":["Territoires Intelligents","Actualit\u00e9 Europe"],"inLanguage":"de"},{"@type":"WebPage","@id":"https:\/\/territorialchallenges.com\/2025\/03\/04\/lalbanie-sengage-dans-un-ambitieux-projet-de-ville-intelligente-avec-les-emirats-arabes-unis\/124039\/","url":"https:\/\/territorialchallenges.com\/2025\/03\/04\/lalbanie-sengage-dans-un-ambitieux-projet-de-ville-intelligente-avec-les-emirats-arabes-unis\/124039\/","name":"L'Albanie s'engage dans un ambitieux projet de ville intelligente avec les \u00c9mirats arabes unis - Territorial Challenges","isPartOf":{"@id":"https:\/\/territorialchallenges.com\/#website"},"datePublished":"2025-03-04T20:48:04+00:00","dateModified":"2025-03-04T20:48:05+00:00","breadcrumb":{"@id":"https:\/\/territorialchallenges.com\/2025\/03\/04\/lalbanie-sengage-dans-un-ambitieux-projet-de-ville-intelligente-avec-les-emirats-arabes-unis\/124039\/#breadcrumb"},"inLanguage":"de","potentialAction":[{"@type":"ReadAction","target":["https:\/\/territorialchallenges.com\/2025\/03\/04\/lalbanie-sengage-dans-un-ambitieux-projet-de-ville-intelligente-avec-les-emirats-arabes-unis\/124039\/"]}]},{"@type":"BreadcrumbList","@id":"https:\/\/territorialchallenges.com\/2025\/03\/04\/lalbanie-sengage-dans-un-ambitieux-projet-de-ville-intelligente-avec-les-emirats-arabes-unis\/124039\/#breadcrumb","itemListElement":[{"@type":"ListItem","position":1,"name":"Home","item":"https:\/\/territorialchallenges.com\/"},{"@type":"ListItem","position":2,"name":"L&rsquo;Albanie s&rsquo;engage dans un ambitieux projet de ville intelligente avec les \u00c9mirats arabes unis"}]},{"@type":"WebSite","@id":"https:\/\/territorialchallenges.com\/#website","url":"https:\/\/territorialchallenges.com\/","name":"Territoriale Herausforderungen","description":"Internationales Monitoring \u2013 Intelligente Strategien \u2013 Best Practices","publisher":{"@id":"https:\/\/territorialchallenges.com\/#organization"},"potentialAction":[{"@type":"SearchAction","target":{"@type":"EntryPoint","urlTemplate":"https:\/\/territorialchallenges.com\/?s={search_term_string}"},"query-input":"required name=search_term_string"}],"inLanguage":"de"},{"@type":"Organization","@id":"https:\/\/territorialchallenges.com\/#organization","name":"Territoriale Herausforderungen","url":"https:\/\/territorialchallenges.com\/","logo":{"@type":"ImageObject","inLanguage":"de","@id":"https:\/\/territorialchallenges.com\/#\/schema\/logo\/image\/","url":"https:\/\/territorialchallenges.com\/wp-content\/uploads\/2023\/10\/logo-1.png","contentUrl":"https:\/\/territorialchallenges.com\/wp-content\/uploads\/2023\/10\/logo-1.png","width":1832,"height":576,"caption":"Territorial Challenges"},"image":{"@id":"https:\/\/territorialchallenges.com\/#\/schema\/logo\/image\/"}},{"@type":"Person","@id":"https:\/\/territorialchallenges.com\/#\/schema\/person\/098f145c7c61a021c425e010f840080f","name":"ni.abdi","image":{"@type":"ImageObject","inLanguage":"de","@id":"https:\/\/territorialchallenges.com\/#\/schema\/person\/image\/","url":"https:\/\/secure.gravatar.com\/avatar\/2a2f2491f3c80039986ba989b1e4b510?s=96&d=identicon&r=g","contentUrl":"https:\/\/secure.gravatar.com\/avatar\/2a2f2491f3c80039986ba989b1e4b510?s=96&d=identicon&r=g","caption":"ni.abdi"},"sameAs":["https:\/\/twitter.com\/Ni.abdi"],"url":"https:\/\/territorialchallenges.com\/de\/author\/ni-abdi\/"}]}},"_links":{"self":[{"href":"https:\/\/territorialchallenges.com\/de\/wp-json\/wp\/v2\/posts\/124039"}],"collection":[{"href":"https:\/\/territorialchallenges.com\/de\/wp-json\/wp\/v2\/posts"}],"about":[{"href":"https:\/\/territorialchallenges.com\/de\/wp-json\/wp\/v2\/types\/post"}],"author":[{"embeddable":true,"href":"https:\/\/territorialchallenges.com\/de\/wp-json\/wp\/v2\/users\/11"}],"replies":[{"embeddable":true,"href":"https:\/\/territorialchallenges.com\/de\/wp-json\/wp\/v2\/comments?post=124039"}],"version-history":[{"count":1,"href":"https:\/\/territorialchallenges.com\/de\/wp-json\/wp\/v2\/posts\/124039\/revisions"}],"predecessor-version":[{"id":124041,"href":"https:\/\/territorialchallenges.com\/de\/wp-json\/wp\/v2\/posts\/124039\/revisions\/124041"}],"wp:featuredmedia":[{"embeddable":true,"href":"https:\/\/territorialchallenges.com\/de\/wp-json\/wp\/v2\/media\/124040"}],"wp:attachment":[{"href":"https:\/\/territorialchallenges.com\/de\/wp-json\/wp\/v2\/media?parent=124039"}],"wp:term":[{"taxonomy":"category","embeddable":true,"href":"https:\/\/territorialchallenges.com\/de\/wp-json\/wp\/v2\/categories?post=124039"},{"taxonomy":"post_tag","embeddable":true,"href":"https:\/\/territorialchallenges.com\/de\/wp-json\/wp\/v2\/tags?post=124039"}],"curies":[{"name":"wp","href":"https:\/\/api.w.org\/{rel}","templated":true}]}}