{"id":123645,"date":"2024-12-11T13:04:41","date_gmt":"2024-12-11T12:04:41","guid":{"rendered":"https:\/\/territorialchallenges.com\/?p=123645"},"modified":"2024-12-11T13:07:26","modified_gmt":"2024-12-11T12:07:26","slug":"vilnis-kirsis-le-visage-de-la-transformation-intelligente-de-riga","status":"publish","type":"post","link":"https:\/\/territorialchallenges.com\/de\/2024\/12\/11\/vilnis-kirsis-le-visage-de-la-transformation-intelligente-de-riga\/123645\/","title":{"rendered":"Vilnis \u0136irsis, das Gesicht der intelligenten Transformation Rigas"},"content":{"rendered":"<p>Vilnis \u0136irsis, der 2023 zum Pr\u00e4sidenten des Rigaer Stadtrats gew\u00e4hlt wurde, verk\u00f6rpert den Aufschwung der lettischen Hauptstadt. Der erfahrene \u00d6konom und Politiker hat Riga zu einer der innovativsten Smart Cities Europas gemacht. Seine Amtszeit, die pragmatisches Management mit futuristischer Vision verbindet, war gepr\u00e4gt von technologischem Fortschritt und\u2026 <\/p>\n<div class=\"pmpro_content_message\">Artikel nur f\u00fcr Abonnenten sichtbar.<br \/><a href=\"https:\/\/territorialchallenges.com\/wp-login.php\">Verbindung<\/a><br \/><a href=\"https:\/\/territorialchallenges.com\/de\/wp-login.php\/?action=register\">Registrieren<\/a><\/div>","protected":false},"excerpt":{"rendered":"<p>\u00c9lu pr\u00e9sident du conseil municipal de Riga en 2023, Vilnis \u0136irsis incarne le renouveau de la capitale lettone. \u00c9conomiste et homme politique exp\u00e9riment\u00e9, il a su propulser Riga parmi les m\u00e9tropoles europ\u00e9ennes les plus innovantes en mati\u00e8re de smart cities. Entre gestion pragmatique et vision futuriste, son mandat est marqu\u00e9 par des avanc\u00e9es technologiques et... <\/p>\n<div class=\"pmpro_content_message\">Artikel nur f\u00fcr Abonnenten sichtbar.<br \/><a href=\"https:\/\/territorialchallenges.com\/wp-login.php\">Verbindung<\/a><br \/><a href=\"https:\/\/territorialchallenges.com\/de\/wp-login.php\/?action=register\">Registrieren<\/a><\/div>","protected":false},"author":11,"featured_media":123648,"comment_status":"closed","ping_status":"closed","sticky":true,"template":"","format":"standard","meta":{"pmpro_default_level":0,"footnotes":""},"categories":[126,117],"tags":[],"blocksy_meta":"","yoast_head":"<!-- This site is optimized with the Yoast SEO plugin v21.5 - https:\/\/yoast.com\/wordpress\/plugins\/seo\/ -->\n<title>Vilnis \u0136irsis, le visage de la transformation intelligente de Riga - Territorial Challenges<\/title>\n<meta name=\"robots\" content=\"index, follow, max-snippet:-1, max-image-preview:large, max-video-preview:-1\" \/>\n<link rel=\"canonical\" href=\"https:\/\/territorialchallenges.com\/de\/2024\/12\/11\/vilnis-kirsis-le-visage-de-la-transformation-intelligente-de-riga\/123645\/\" \/>\n<meta property=\"og:locale\" content=\"de_DE\" \/>\n<meta property=\"og:type\" content=\"article\" \/>\n<meta property=\"og:title\" content=\"Vilnis \u0136irsis, le visage de la transformation intelligente de Riga - Territorial Challenges\" \/>\n<meta property=\"og:description\" content=\"\u00c9lu pr\u00e9sident du conseil municipal de Riga en 2023, Vilnis \u0136irsis incarne le renouveau de la capitale lettone. \u00c9conomiste et homme politique exp\u00e9riment\u00e9, il a su propulser Riga parmi les m\u00e9tropoles europ\u00e9ennes les plus innovantes en mati\u00e8re de smart cities. Entre gestion pragmatique et vision futuriste, son mandat est marqu\u00e9 par des avanc\u00e9es technologiques et [&hellip;]\" \/>\n<meta property=\"og:url\" content=\"https:\/\/territorialchallenges.com\/de\/2024\/12\/11\/vilnis-kirsis-le-visage-de-la-transformation-intelligente-de-riga\/123645\/\" \/>\n<meta property=\"og:site_name\" content=\"Territorial Challenges\" \/>\n<meta property=\"article:published_time\" content=\"2024-12-11T12:04:41+00:00\" \/>\n<meta property=\"article:modified_time\" content=\"2024-12-11T12:07:26+00:00\" \/>\n<meta property=\"og:image\" content=\"https:\/\/territorialchallenges.com\/wp-content\/uploads\/2024\/12\/onparledeuximagerecadre.jpg\" \/>\n\t<meta property=\"og:image:width\" content=\"800\" \/>\n\t<meta property=\"og:image:height\" content=\"748\" \/>\n\t<meta property=\"og:image:type\" content=\"image\/jpeg\" \/>\n<meta name=\"author\" content=\"ni.abdi\" \/>\n<meta name=\"twitter:card\" content=\"summary_large_image\" \/>\n<meta name=\"twitter:creator\" content=\"@Ni.abdi\" \/>\n<meta name=\"twitter:label1\" content=\"Verfasst von\" \/>\n\t<meta name=\"twitter:data1\" content=\"ni.abdi\" \/>\n\t<meta name=\"twitter:label2\" content=\"Gesch\u00e4tzte Lesezeit\" \/>\n\t<meta name=\"twitter:data2\" content=\"4\u00a0Minuten\" \/>\n<script type=\"application\/ld+json\" class=\"yoast-schema-graph\">{\"@context\":\"https:\/\/schema.org\",\"@graph\":[{\"@type\":\"Article\",\"@id\":\"https:\/\/territorialchallenges.com\/2024\/12\/11\/vilnis-kirsis-le-visage-de-la-transformation-intelligente-de-riga\/123645\/#article\",\"isPartOf\":{\"@id\":\"https:\/\/territorialchallenges.com\/2024\/12\/11\/vilnis-kirsis-le-visage-de-la-transformation-intelligente-de-riga\/123645\/\"},\"author\":{\"name\":\"ni.abdi\",\"@id\":\"https:\/\/territorialchallenges.com\/#\/schema\/person\/098f145c7c61a021c425e010f840080f\"},\"headline\":\"Vilnis \u0136irsis, le visage de la transformation intelligente de Riga\",\"datePublished\":\"2024-12-11T12:04:41+00:00\",\"dateModified\":\"2024-12-11T12:07:26+00:00\",\"mainEntityOfPage\":{\"@id\":\"https:\/\/territorialchallenges.com\/2024\/12\/11\/vilnis-kirsis-le-visage-de-la-transformation-intelligente-de-riga\/123645\/\"},\"wordCount\":735,\"publisher\":{\"@id\":\"https:\/\/territorialchallenges.com\/#organization\"},\"articleSection\":[\"On parle d'eux\",\"\u00c9cosyst\u00e8me\"],\"inLanguage\":\"de\"},{\"@type\":\"WebPage\",\"@id\":\"https:\/\/territorialchallenges.com\/2024\/12\/11\/vilnis-kirsis-le-visage-de-la-transformation-intelligente-de-riga\/123645\/\",\"url\":\"https:\/\/territorialchallenges.com\/2024\/12\/11\/vilnis-kirsis-le-visage-de-la-transformation-intelligente-de-riga\/123645\/\",\"name\":\"Vilnis \u0136irsis, le visage de la transformation intelligente de Riga - Territorial Challenges\",\"isPartOf\":{\"@id\":\"https:\/\/territorialchallenges.com\/#website\"},\"datePublished\":\"2024-12-11T12:04:41+00:00\",\"dateModified\":\"2024-12-11T12:07:26+00:00\",\"breadcrumb\":{\"@id\":\"https:\/\/territorialchallenges.com\/2024\/12\/11\/vilnis-kirsis-le-visage-de-la-transformation-intelligente-de-riga\/123645\/#breadcrumb\"},\"inLanguage\":\"de\",\"potentialAction\":[{\"@type\":\"ReadAction\",\"target\":[\"https:\/\/territorialchallenges.com\/2024\/12\/11\/vilnis-kirsis-le-visage-de-la-transformation-intelligente-de-riga\/123645\/\"]}]},{\"@type\":\"BreadcrumbList\",\"@id\":\"https:\/\/territorialchallenges.com\/2024\/12\/11\/vilnis-kirsis-le-visage-de-la-transformation-intelligente-de-riga\/123645\/#breadcrumb\",\"itemListElement\":[{\"@type\":\"ListItem\",\"position\":1,\"name\":\"Home\",\"item\":\"https:\/\/territorialchallenges.com\/\"},{\"@type\":\"ListItem\",\"position\":2,\"name\":\"Vilnis \u0136irsis, le visage de la transformation intelligente de Riga\"}]},{\"@type\":\"WebSite\",\"@id\":\"https:\/\/territorialchallenges.com\/#website\",\"url\":\"https:\/\/territorialchallenges.com\/\",\"name\":\"Territorial Challenges\",\"description\":\"Veille Internationale - Strat\u00e9gie Intelligentes - Bonnes pratiques\",\"publisher\":{\"@id\":\"https:\/\/territorialchallenges.com\/#organization\"},\"potentialAction\":[{\"@type\":\"SearchAction\",\"target\":{\"@type\":\"EntryPoint\",\"urlTemplate\":\"https:\/\/territorialchallenges.com\/?s={search_term_string}\"},\"query-input\":\"required name=search_term_string\"}],\"inLanguage\":\"de\"},{\"@type\":\"Organization\",\"@id\":\"https:\/\/territorialchallenges.com\/#organization\",\"name\":\"Territorial Challenges\",\"url\":\"https:\/\/territorialchallenges.com\/\",\"logo\":{\"@type\":\"ImageObject\",\"inLanguage\":\"de\",\"@id\":\"https:\/\/territorialchallenges.com\/#\/schema\/logo\/image\/\",\"url\":\"https:\/\/territorialchallenges.com\/wp-content\/uploads\/2023\/10\/logo-1.png\",\"contentUrl\":\"https:\/\/territorialchallenges.com\/wp-content\/uploads\/2023\/10\/logo-1.png\",\"width\":1832,\"height\":576,\"caption\":\"Territorial Challenges\"},\"image\":{\"@id\":\"https:\/\/territorialchallenges.com\/#\/schema\/logo\/image\/\"}},{\"@type\":\"Person\",\"@id\":\"https:\/\/territorialchallenges.com\/#\/schema\/person\/098f145c7c61a021c425e010f840080f\",\"name\":\"ni.abdi\",\"image\":{\"@type\":\"ImageObject\",\"inLanguage\":\"de\",\"@id\":\"https:\/\/territorialchallenges.com\/#\/schema\/person\/image\/\",\"url\":\"https:\/\/secure.gravatar.com\/avatar\/2a2f2491f3c80039986ba989b1e4b510?s=96&d=identicon&r=g\",\"contentUrl\":\"https:\/\/secure.gravatar.com\/avatar\/2a2f2491f3c80039986ba989b1e4b510?s=96&d=identicon&r=g\",\"caption\":\"ni.abdi\"},\"sameAs\":[\"https:\/\/twitter.com\/Ni.abdi\"],\"url\":\"https:\/\/territorialchallenges.com\/de\/author\/ni-abdi\/\"}]}<\/script>\n<!-- \/ Yoast SEO plugin. -->","yoast_head_json":{"title":"Vilnis \u0136irsis, le visage de la transformation intelligente de Riga - Territorial Challenges","robots":{"index":"index","follow":"follow","max-snippet":"max-snippet:-1","max-image-preview":"max-image-preview:large","max-video-preview":"max-video-preview:-1"},"canonical":"https:\/\/territorialchallenges.com\/de\/2024\/12\/11\/vilnis-kirsis-le-visage-de-la-transformation-intelligente-de-riga\/123645\/","og_locale":"de_DE","og_type":"article","og_title":"Vilnis \u0136irsis, le visage de la transformation intelligente de Riga - Territorial Challenges","og_description":"\u00c9lu pr\u00e9sident du conseil municipal de Riga en 2023, Vilnis \u0136irsis incarne le renouveau de la capitale lettone. \u00c9conomiste et homme politique exp\u00e9riment\u00e9, il a su propulser Riga parmi les m\u00e9tropoles europ\u00e9ennes les plus innovantes en mati\u00e8re de smart cities. Entre gestion pragmatique et vision futuriste, son mandat est marqu\u00e9 par des avanc\u00e9es technologiques et [&hellip;]","og_url":"https:\/\/territorialchallenges.com\/de\/2024\/12\/11\/vilnis-kirsis-le-visage-de-la-transformation-intelligente-de-riga\/123645\/","og_site_name":"Territorial Challenges","article_published_time":"2024-12-11T12:04:41+00:00","article_modified_time":"2024-12-11T12:07:26+00:00","og_image":[{"width":800,"height":748,"url":"https:\/\/territorialchallenges.com\/wp-content\/uploads\/2024\/12\/onparledeuximagerecadre.jpg","type":"image\/jpeg"}],"author":"ni.abdi","twitter_card":"summary_large_image","twitter_creator":"@Ni.abdi","twitter_misc":{"Verfasst von":"ni.abdi","Gesch\u00e4tzte Lesezeit":"4\u00a0Minuten"},"schema":{"@context":"https:\/\/schema.org","@graph":[{"@type":"Article","@id":"https:\/\/territorialchallenges.com\/2024\/12\/11\/vilnis-kirsis-le-visage-de-la-transformation-intelligente-de-riga\/123645\/#article","isPartOf":{"@id":"https:\/\/territorialchallenges.com\/2024\/12\/11\/vilnis-kirsis-le-visage-de-la-transformation-intelligente-de-riga\/123645\/"},"author":{"name":"ni.abdi","@id":"https:\/\/territorialchallenges.com\/#\/schema\/person\/098f145c7c61a021c425e010f840080f"},"headline":"Vilnis \u0136irsis, le visage de la transformation intelligente de Riga","datePublished":"2024-12-11T12:04:41+00:00","dateModified":"2024-12-11T12:07:26+00:00","mainEntityOfPage":{"@id":"https:\/\/territorialchallenges.com\/2024\/12\/11\/vilnis-kirsis-le-visage-de-la-transformation-intelligente-de-riga\/123645\/"},"wordCount":735,"publisher":{"@id":"https:\/\/territorialchallenges.com\/#organization"},"articleSection":["On parle d'eux","\u00c9cosyst\u00e8me"],"inLanguage":"de"},{"@type":"WebPage","@id":"https:\/\/territorialchallenges.com\/2024\/12\/11\/vilnis-kirsis-le-visage-de-la-transformation-intelligente-de-riga\/123645\/","url":"https:\/\/territorialchallenges.com\/2024\/12\/11\/vilnis-kirsis-le-visage-de-la-transformation-intelligente-de-riga\/123645\/","name":"Vilnis \u0136irsis, le visage de la transformation intelligente de Riga - Territorial Challenges","isPartOf":{"@id":"https:\/\/territorialchallenges.com\/#website"},"datePublished":"2024-12-11T12:04:41+00:00","dateModified":"2024-12-11T12:07:26+00:00","breadcrumb":{"@id":"https:\/\/territorialchallenges.com\/2024\/12\/11\/vilnis-kirsis-le-visage-de-la-transformation-intelligente-de-riga\/123645\/#breadcrumb"},"inLanguage":"de","potentialAction":[{"@type":"ReadAction","target":["https:\/\/territorialchallenges.com\/2024\/12\/11\/vilnis-kirsis-le-visage-de-la-transformation-intelligente-de-riga\/123645\/"]}]},{"@type":"BreadcrumbList","@id":"https:\/\/territorialchallenges.com\/2024\/12\/11\/vilnis-kirsis-le-visage-de-la-transformation-intelligente-de-riga\/123645\/#breadcrumb","itemListElement":[{"@type":"ListItem","position":1,"name":"Home","item":"https:\/\/territorialchallenges.com\/"},{"@type":"ListItem","position":2,"name":"Vilnis \u0136irsis, le visage de la transformation intelligente de Riga"}]},{"@type":"WebSite","@id":"https:\/\/territorialchallenges.com\/#website","url":"https:\/\/territorialchallenges.com\/","name":"Territoriale Herausforderungen","description":"Internationales Monitoring \u2013 Intelligente Strategien \u2013 Best Practices","publisher":{"@id":"https:\/\/territorialchallenges.com\/#organization"},"potentialAction":[{"@type":"SearchAction","target":{"@type":"EntryPoint","urlTemplate":"https:\/\/territorialchallenges.com\/?s={search_term_string}"},"query-input":"required name=search_term_string"}],"inLanguage":"de"},{"@type":"Organization","@id":"https:\/\/territorialchallenges.com\/#organization","name":"Territoriale Herausforderungen","url":"https:\/\/territorialchallenges.com\/","logo":{"@type":"ImageObject","inLanguage":"de","@id":"https:\/\/territorialchallenges.com\/#\/schema\/logo\/image\/","url":"https:\/\/territorialchallenges.com\/wp-content\/uploads\/2023\/10\/logo-1.png","contentUrl":"https:\/\/territorialchallenges.com\/wp-content\/uploads\/2023\/10\/logo-1.png","width":1832,"height":576,"caption":"Territorial Challenges"},"image":{"@id":"https:\/\/territorialchallenges.com\/#\/schema\/logo\/image\/"}},{"@type":"Person","@id":"https:\/\/territorialchallenges.com\/#\/schema\/person\/098f145c7c61a021c425e010f840080f","name":"ni.abdi","image":{"@type":"ImageObject","inLanguage":"de","@id":"https:\/\/territorialchallenges.com\/#\/schema\/person\/image\/","url":"https:\/\/secure.gravatar.com\/avatar\/2a2f2491f3c80039986ba989b1e4b510?s=96&d=identicon&r=g","contentUrl":"https:\/\/secure.gravatar.com\/avatar\/2a2f2491f3c80039986ba989b1e4b510?s=96&d=identicon&r=g","caption":"ni.abdi"},"sameAs":["https:\/\/twitter.com\/Ni.abdi"],"url":"https:\/\/territorialchallenges.com\/de\/author\/ni-abdi\/"}]}},"_links":{"self":[{"href":"https:\/\/territorialchallenges.com\/de\/wp-json\/wp\/v2\/posts\/123645"}],"collection":[{"href":"https:\/\/territorialchallenges.com\/de\/wp-json\/wp\/v2\/posts"}],"about":[{"href":"https:\/\/territorialchallenges.com\/de\/wp-json\/wp\/v2\/types\/post"}],"author":[{"embeddable":true,"href":"https:\/\/territorialchallenges.com\/de\/wp-json\/wp\/v2\/users\/11"}],"replies":[{"embeddable":true,"href":"https:\/\/territorialchallenges.com\/de\/wp-json\/wp\/v2\/comments?post=123645"}],"version-history":[{"count":1,"href":"https:\/\/territorialchallenges.com\/de\/wp-json\/wp\/v2\/posts\/123645\/revisions"}],"predecessor-version":[{"id":123647,"href":"https:\/\/territorialchallenges.com\/de\/wp-json\/wp\/v2\/posts\/123645\/revisions\/123647"}],"wp:featuredmedia":[{"embeddable":true,"href":"https:\/\/territorialchallenges.com\/de\/wp-json\/wp\/v2\/media\/123648"}],"wp:attachment":[{"href":"https:\/\/territorialchallenges.com\/de\/wp-json\/wp\/v2\/media?parent=123645"}],"wp:term":[{"taxonomy":"category","embeddable":true,"href":"https:\/\/territorialchallenges.com\/de\/wp-json\/wp\/v2\/categories?post=123645"},{"taxonomy":"post_tag","embeddable":true,"href":"https:\/\/territorialchallenges.com\/de\/wp-json\/wp\/v2\/tags?post=123645"}],"curies":[{"name":"wp","href":"https:\/\/api.w.org\/{rel}","templated":true}]}}