{"id":123595,"date":"2024-12-06T13:36:42","date_gmt":"2024-12-06T12:36:42","guid":{"rendered":"https:\/\/territorialchallenges.com\/?p=123595"},"modified":"2024-12-06T13:36:45","modified_gmt":"2024-12-06T12:36:45","slug":"munich-pionniere-des-villes-intelligentes-grace-a-son-jumeau-numerique","status":"publish","type":"post","link":"https:\/\/territorialchallenges.com\/de\/2024\/12\/06\/munich-pionniere-des-villes-intelligentes-grace-a-son-jumeau-numerique\/123595\/","title":{"rendered":"M\u00fcnchen, dank digitalem Zwilling Vorreiter der Smart Cities"},"content":{"rendered":"<p>M\u00fcnchen hat sich als Deutschlands f\u00fchrende Smart City etabliert und belegt im Smart City Index 2024 den ersten Platz. Dank ihres digitalen Zwillings revolutioniert die bayerische Landeshauptstadt das Stadtmanagement, indem sie Innovation, Nachhaltigkeit und B\u00fcrgerbeteiligung f\u00f6rdert. Ein genauerer Blick auf dieses innovative Modell. M\u00fcnchen, die Landeshauptstadt Bayerns, etabliert sich als Vorbild in Sachen\u2026 <\/p>\n<div class=\"pmpro_content_message\">Artikel nur f\u00fcr Abonnenten sichtbar.<br \/><a href=\"https:\/\/territorialchallenges.com\/wp-login.php\">Verbindung<\/a><br \/><a href=\"https:\/\/territorialchallenges.com\/de\/wp-login.php\/?action=register\">Registrieren<\/a><\/div>","protected":false},"excerpt":{"rendered":"<p>Munich s&rsquo;impose comme la ville intelligente leader en Allemagne en d\u00e9crochant la premi\u00e8re place du Smart City Index 2024. Gr\u00e2ce \u00e0 son jumeau num\u00e9rique, la capitale bavaroise r\u00e9volutionne la gestion urbaine en favorisant innovation, durabilit\u00e9 et participation citoyenne. Focus sur ce mod\u00e8le avant-gardiste. Munich, capitale de la Bavi\u00e8re, s\u2019affirme comme un mod\u00e8le en mati\u00e8re de... <\/p>\n<div class=\"pmpro_content_message\">Artikel nur f\u00fcr Abonnenten sichtbar.<br \/><a href=\"https:\/\/territorialchallenges.com\/wp-login.php\">Verbindung<\/a><br \/><a href=\"https:\/\/territorialchallenges.com\/de\/wp-login.php\/?action=register\">Registrieren<\/a><\/div>","protected":false},"author":11,"featured_media":123596,"comment_status":"closed","ping_status":"closed","sticky":true,"template":"","format":"standard","meta":{"pmpro_default_level":0,"footnotes":""},"categories":[16,127],"tags":[],"blocksy_meta":"","yoast_head":"<!-- This site is optimized with the Yoast SEO plugin v21.5 - https:\/\/yoast.com\/wordpress\/plugins\/seo\/ -->\n<title>Munich, pionni\u00e8re des villes intelligentes gr\u00e2ce \u00e0 son jumeau num\u00e9rique - Territorial Challenges<\/title>\n<meta name=\"robots\" content=\"index, follow, max-snippet:-1, max-image-preview:large, max-video-preview:-1\" \/>\n<link rel=\"canonical\" href=\"https:\/\/territorialchallenges.com\/de\/2024\/12\/06\/munich-pionniere-des-villes-intelligentes-grace-a-son-jumeau-numerique\/123595\/\" \/>\n<meta property=\"og:locale\" content=\"de_DE\" \/>\n<meta property=\"og:type\" content=\"article\" \/>\n<meta property=\"og:title\" content=\"Munich, pionni\u00e8re des villes intelligentes gr\u00e2ce \u00e0 son jumeau num\u00e9rique - Territorial Challenges\" \/>\n<meta property=\"og:description\" content=\"Munich s&rsquo;impose comme la ville intelligente leader en Allemagne en d\u00e9crochant la premi\u00e8re place du Smart City Index 2024. Gr\u00e2ce \u00e0 son jumeau num\u00e9rique, la capitale bavaroise r\u00e9volutionne la gestion urbaine en favorisant innovation, durabilit\u00e9 et participation citoyenne. Focus sur ce mod\u00e8le avant-gardiste. Munich, capitale de la Bavi\u00e8re, s\u2019affirme comme un mod\u00e8le en mati\u00e8re de [&hellip;]\" \/>\n<meta property=\"og:url\" content=\"https:\/\/territorialchallenges.com\/de\/2024\/12\/06\/munich-pionniere-des-villes-intelligentes-grace-a-son-jumeau-numerique\/123595\/\" \/>\n<meta property=\"og:site_name\" content=\"Territorial Challenges\" \/>\n<meta property=\"article:published_time\" content=\"2024-12-06T12:36:42+00:00\" \/>\n<meta property=\"article:modified_time\" content=\"2024-12-06T12:36:45+00:00\" \/>\n<meta property=\"og:image\" content=\"https:\/\/territorialchallenges.com\/wp-content\/uploads\/2024\/12\/donneesobjetsconnectesMunchenimage.jpg\" \/>\n\t<meta property=\"og:image:width\" content=\"1280\" \/>\n\t<meta property=\"og:image:height\" content=\"853\" \/>\n\t<meta property=\"og:image:type\" content=\"image\/jpeg\" \/>\n<meta name=\"author\" content=\"ni.abdi\" \/>\n<meta name=\"twitter:card\" content=\"summary_large_image\" \/>\n<meta name=\"twitter:creator\" content=\"@Ni.abdi\" \/>\n<meta name=\"twitter:label1\" content=\"Verfasst von\" \/>\n\t<meta name=\"twitter:data1\" content=\"ni.abdi\" \/>\n\t<meta name=\"twitter:label2\" content=\"Gesch\u00e4tzte Lesezeit\" \/>\n\t<meta name=\"twitter:data2\" content=\"3\u00a0Minuten\" \/>\n<script type=\"application\/ld+json\" class=\"yoast-schema-graph\">{\"@context\":\"https:\/\/schema.org\",\"@graph\":[{\"@type\":\"Article\",\"@id\":\"https:\/\/territorialchallenges.com\/2024\/12\/06\/munich-pionniere-des-villes-intelligentes-grace-a-son-jumeau-numerique\/123595\/#article\",\"isPartOf\":{\"@id\":\"https:\/\/territorialchallenges.com\/2024\/12\/06\/munich-pionniere-des-villes-intelligentes-grace-a-son-jumeau-numerique\/123595\/\"},\"author\":{\"name\":\"ni.abdi\",\"@id\":\"https:\/\/territorialchallenges.com\/#\/schema\/person\/098f145c7c61a021c425e010f840080f\"},\"headline\":\"Munich, pionni\u00e8re des villes intelligentes gr\u00e2ce \u00e0 son jumeau num\u00e9rique\",\"datePublished\":\"2024-12-06T12:36:42+00:00\",\"dateModified\":\"2024-12-06T12:36:45+00:00\",\"mainEntityOfPage\":{\"@id\":\"https:\/\/territorialchallenges.com\/2024\/12\/06\/munich-pionniere-des-villes-intelligentes-grace-a-son-jumeau-numerique\/123595\/\"},\"wordCount\":620,\"publisher\":{\"@id\":\"https:\/\/territorialchallenges.com\/#organization\"},\"articleSection\":[\"Donn\u00e9es\/Objets Connect\u00e9s\",\"Actualit\u00e9 Europe\"],\"inLanguage\":\"de\"},{\"@type\":\"WebPage\",\"@id\":\"https:\/\/territorialchallenges.com\/2024\/12\/06\/munich-pionniere-des-villes-intelligentes-grace-a-son-jumeau-numerique\/123595\/\",\"url\":\"https:\/\/territorialchallenges.com\/2024\/12\/06\/munich-pionniere-des-villes-intelligentes-grace-a-son-jumeau-numerique\/123595\/\",\"name\":\"Munich, pionni\u00e8re des villes intelligentes gr\u00e2ce \u00e0 son jumeau num\u00e9rique - Territorial Challenges\",\"isPartOf\":{\"@id\":\"https:\/\/territorialchallenges.com\/#website\"},\"datePublished\":\"2024-12-06T12:36:42+00:00\",\"dateModified\":\"2024-12-06T12:36:45+00:00\",\"breadcrumb\":{\"@id\":\"https:\/\/territorialchallenges.com\/2024\/12\/06\/munich-pionniere-des-villes-intelligentes-grace-a-son-jumeau-numerique\/123595\/#breadcrumb\"},\"inLanguage\":\"de\",\"potentialAction\":[{\"@type\":\"ReadAction\",\"target\":[\"https:\/\/territorialchallenges.com\/2024\/12\/06\/munich-pionniere-des-villes-intelligentes-grace-a-son-jumeau-numerique\/123595\/\"]}]},{\"@type\":\"BreadcrumbList\",\"@id\":\"https:\/\/territorialchallenges.com\/2024\/12\/06\/munich-pionniere-des-villes-intelligentes-grace-a-son-jumeau-numerique\/123595\/#breadcrumb\",\"itemListElement\":[{\"@type\":\"ListItem\",\"position\":1,\"name\":\"Home\",\"item\":\"https:\/\/territorialchallenges.com\/\"},{\"@type\":\"ListItem\",\"position\":2,\"name\":\"Munich, pionni\u00e8re des villes intelligentes gr\u00e2ce \u00e0 son jumeau num\u00e9rique\"}]},{\"@type\":\"WebSite\",\"@id\":\"https:\/\/territorialchallenges.com\/#website\",\"url\":\"https:\/\/territorialchallenges.com\/\",\"name\":\"Territorial Challenges\",\"description\":\"Veille Internationale - Strat\u00e9gie Intelligentes - Bonnes pratiques\",\"publisher\":{\"@id\":\"https:\/\/territorialchallenges.com\/#organization\"},\"potentialAction\":[{\"@type\":\"SearchAction\",\"target\":{\"@type\":\"EntryPoint\",\"urlTemplate\":\"https:\/\/territorialchallenges.com\/?s={search_term_string}\"},\"query-input\":\"required name=search_term_string\"}],\"inLanguage\":\"de\"},{\"@type\":\"Organization\",\"@id\":\"https:\/\/territorialchallenges.com\/#organization\",\"name\":\"Territorial Challenges\",\"url\":\"https:\/\/territorialchallenges.com\/\",\"logo\":{\"@type\":\"ImageObject\",\"inLanguage\":\"de\",\"@id\":\"https:\/\/territorialchallenges.com\/#\/schema\/logo\/image\/\",\"url\":\"https:\/\/territorialchallenges.com\/wp-content\/uploads\/2023\/10\/logo-1.png\",\"contentUrl\":\"https:\/\/territorialchallenges.com\/wp-content\/uploads\/2023\/10\/logo-1.png\",\"width\":1832,\"height\":576,\"caption\":\"Territorial Challenges\"},\"image\":{\"@id\":\"https:\/\/territorialchallenges.com\/#\/schema\/logo\/image\/\"}},{\"@type\":\"Person\",\"@id\":\"https:\/\/territorialchallenges.com\/#\/schema\/person\/098f145c7c61a021c425e010f840080f\",\"name\":\"ni.abdi\",\"image\":{\"@type\":\"ImageObject\",\"inLanguage\":\"de\",\"@id\":\"https:\/\/territorialchallenges.com\/#\/schema\/person\/image\/\",\"url\":\"https:\/\/secure.gravatar.com\/avatar\/2a2f2491f3c80039986ba989b1e4b510?s=96&d=identicon&r=g\",\"contentUrl\":\"https:\/\/secure.gravatar.com\/avatar\/2a2f2491f3c80039986ba989b1e4b510?s=96&d=identicon&r=g\",\"caption\":\"ni.abdi\"},\"sameAs\":[\"https:\/\/twitter.com\/Ni.abdi\"],\"url\":\"https:\/\/territorialchallenges.com\/de\/author\/ni-abdi\/\"}]}<\/script>\n<!-- \/ Yoast SEO plugin. -->","yoast_head_json":{"title":"Munich, pionni\u00e8re des villes intelligentes gr\u00e2ce \u00e0 son jumeau num\u00e9rique - Territorial Challenges","robots":{"index":"index","follow":"follow","max-snippet":"max-snippet:-1","max-image-preview":"max-image-preview:large","max-video-preview":"max-video-preview:-1"},"canonical":"https:\/\/territorialchallenges.com\/de\/2024\/12\/06\/munich-pionniere-des-villes-intelligentes-grace-a-son-jumeau-numerique\/123595\/","og_locale":"de_DE","og_type":"article","og_title":"Munich, pionni\u00e8re des villes intelligentes gr\u00e2ce \u00e0 son jumeau num\u00e9rique - Territorial Challenges","og_description":"Munich s&rsquo;impose comme la ville intelligente leader en Allemagne en d\u00e9crochant la premi\u00e8re place du Smart City Index 2024. Gr\u00e2ce \u00e0 son jumeau num\u00e9rique, la capitale bavaroise r\u00e9volutionne la gestion urbaine en favorisant innovation, durabilit\u00e9 et participation citoyenne. Focus sur ce mod\u00e8le avant-gardiste. Munich, capitale de la Bavi\u00e8re, s\u2019affirme comme un mod\u00e8le en mati\u00e8re de [&hellip;]","og_url":"https:\/\/territorialchallenges.com\/de\/2024\/12\/06\/munich-pionniere-des-villes-intelligentes-grace-a-son-jumeau-numerique\/123595\/","og_site_name":"Territorial Challenges","article_published_time":"2024-12-06T12:36:42+00:00","article_modified_time":"2024-12-06T12:36:45+00:00","og_image":[{"width":1280,"height":853,"url":"https:\/\/territorialchallenges.com\/wp-content\/uploads\/2024\/12\/donneesobjetsconnectesMunchenimage.jpg","type":"image\/jpeg"}],"author":"ni.abdi","twitter_card":"summary_large_image","twitter_creator":"@Ni.abdi","twitter_misc":{"Verfasst von":"ni.abdi","Gesch\u00e4tzte Lesezeit":"3\u00a0Minuten"},"schema":{"@context":"https:\/\/schema.org","@graph":[{"@type":"Article","@id":"https:\/\/territorialchallenges.com\/2024\/12\/06\/munich-pionniere-des-villes-intelligentes-grace-a-son-jumeau-numerique\/123595\/#article","isPartOf":{"@id":"https:\/\/territorialchallenges.com\/2024\/12\/06\/munich-pionniere-des-villes-intelligentes-grace-a-son-jumeau-numerique\/123595\/"},"author":{"name":"ni.abdi","@id":"https:\/\/territorialchallenges.com\/#\/schema\/person\/098f145c7c61a021c425e010f840080f"},"headline":"Munich, pionni\u00e8re des villes intelligentes gr\u00e2ce \u00e0 son jumeau num\u00e9rique","datePublished":"2024-12-06T12:36:42+00:00","dateModified":"2024-12-06T12:36:45+00:00","mainEntityOfPage":{"@id":"https:\/\/territorialchallenges.com\/2024\/12\/06\/munich-pionniere-des-villes-intelligentes-grace-a-son-jumeau-numerique\/123595\/"},"wordCount":620,"publisher":{"@id":"https:\/\/territorialchallenges.com\/#organization"},"articleSection":["Donn\u00e9es\/Objets Connect\u00e9s","Actualit\u00e9 Europe"],"inLanguage":"de"},{"@type":"WebPage","@id":"https:\/\/territorialchallenges.com\/2024\/12\/06\/munich-pionniere-des-villes-intelligentes-grace-a-son-jumeau-numerique\/123595\/","url":"https:\/\/territorialchallenges.com\/2024\/12\/06\/munich-pionniere-des-villes-intelligentes-grace-a-son-jumeau-numerique\/123595\/","name":"Munich, pionni\u00e8re des villes intelligentes gr\u00e2ce \u00e0 son jumeau num\u00e9rique - Territorial Challenges","isPartOf":{"@id":"https:\/\/territorialchallenges.com\/#website"},"datePublished":"2024-12-06T12:36:42+00:00","dateModified":"2024-12-06T12:36:45+00:00","breadcrumb":{"@id":"https:\/\/territorialchallenges.com\/2024\/12\/06\/munich-pionniere-des-villes-intelligentes-grace-a-son-jumeau-numerique\/123595\/#breadcrumb"},"inLanguage":"de","potentialAction":[{"@type":"ReadAction","target":["https:\/\/territorialchallenges.com\/2024\/12\/06\/munich-pionniere-des-villes-intelligentes-grace-a-son-jumeau-numerique\/123595\/"]}]},{"@type":"BreadcrumbList","@id":"https:\/\/territorialchallenges.com\/2024\/12\/06\/munich-pionniere-des-villes-intelligentes-grace-a-son-jumeau-numerique\/123595\/#breadcrumb","itemListElement":[{"@type":"ListItem","position":1,"name":"Home","item":"https:\/\/territorialchallenges.com\/"},{"@type":"ListItem","position":2,"name":"Munich, pionni\u00e8re des villes intelligentes gr\u00e2ce \u00e0 son jumeau num\u00e9rique"}]},{"@type":"WebSite","@id":"https:\/\/territorialchallenges.com\/#website","url":"https:\/\/territorialchallenges.com\/","name":"Territoriale Herausforderungen","description":"Internationales Monitoring \u2013 Intelligente Strategien \u2013 Best Practices","publisher":{"@id":"https:\/\/territorialchallenges.com\/#organization"},"potentialAction":[{"@type":"SearchAction","target":{"@type":"EntryPoint","urlTemplate":"https:\/\/territorialchallenges.com\/?s={search_term_string}"},"query-input":"required name=search_term_string"}],"inLanguage":"de"},{"@type":"Organization","@id":"https:\/\/territorialchallenges.com\/#organization","name":"Territoriale Herausforderungen","url":"https:\/\/territorialchallenges.com\/","logo":{"@type":"ImageObject","inLanguage":"de","@id":"https:\/\/territorialchallenges.com\/#\/schema\/logo\/image\/","url":"https:\/\/territorialchallenges.com\/wp-content\/uploads\/2023\/10\/logo-1.png","contentUrl":"https:\/\/territorialchallenges.com\/wp-content\/uploads\/2023\/10\/logo-1.png","width":1832,"height":576,"caption":"Territorial Challenges"},"image":{"@id":"https:\/\/territorialchallenges.com\/#\/schema\/logo\/image\/"}},{"@type":"Person","@id":"https:\/\/territorialchallenges.com\/#\/schema\/person\/098f145c7c61a021c425e010f840080f","name":"ni.abdi","image":{"@type":"ImageObject","inLanguage":"de","@id":"https:\/\/territorialchallenges.com\/#\/schema\/person\/image\/","url":"https:\/\/secure.gravatar.com\/avatar\/2a2f2491f3c80039986ba989b1e4b510?s=96&d=identicon&r=g","contentUrl":"https:\/\/secure.gravatar.com\/avatar\/2a2f2491f3c80039986ba989b1e4b510?s=96&d=identicon&r=g","caption":"ni.abdi"},"sameAs":["https:\/\/twitter.com\/Ni.abdi"],"url":"https:\/\/territorialchallenges.com\/de\/author\/ni-abdi\/"}]}},"_links":{"self":[{"href":"https:\/\/territorialchallenges.com\/de\/wp-json\/wp\/v2\/posts\/123595"}],"collection":[{"href":"https:\/\/territorialchallenges.com\/de\/wp-json\/wp\/v2\/posts"}],"about":[{"href":"https:\/\/territorialchallenges.com\/de\/wp-json\/wp\/v2\/types\/post"}],"author":[{"embeddable":true,"href":"https:\/\/territorialchallenges.com\/de\/wp-json\/wp\/v2\/users\/11"}],"replies":[{"embeddable":true,"href":"https:\/\/territorialchallenges.com\/de\/wp-json\/wp\/v2\/comments?post=123595"}],"version-history":[{"count":1,"href":"https:\/\/territorialchallenges.com\/de\/wp-json\/wp\/v2\/posts\/123595\/revisions"}],"predecessor-version":[{"id":123597,"href":"https:\/\/territorialchallenges.com\/de\/wp-json\/wp\/v2\/posts\/123595\/revisions\/123597"}],"wp:featuredmedia":[{"embeddable":true,"href":"https:\/\/territorialchallenges.com\/de\/wp-json\/wp\/v2\/media\/123596"}],"wp:attachment":[{"href":"https:\/\/territorialchallenges.com\/de\/wp-json\/wp\/v2\/media?parent=123595"}],"wp:term":[{"taxonomy":"category","embeddable":true,"href":"https:\/\/territorialchallenges.com\/de\/wp-json\/wp\/v2\/categories?post=123595"},{"taxonomy":"post_tag","embeddable":true,"href":"https:\/\/territorialchallenges.com\/de\/wp-json\/wp\/v2\/tags?post=123595"}],"curies":[{"name":"wp","href":"https:\/\/api.w.org\/{rel}","templated":true}]}}