{"id":123582,"date":"2024-11-24T13:26:36","date_gmt":"2024-11-24T12:26:36","guid":{"rendered":"https:\/\/territorialchallenges.com\/?p=123582"},"modified":"2024-11-24T13:26:37","modified_gmt":"2024-11-24T12:26:37","slug":"chris-van-t-hof-un-historique-de-la-cybersecurite-a-la-haye","status":"publish","type":"post","link":"https:\/\/territorialchallenges.com\/de\/2024\/11\/24\/chris-van-t-hof-un-historique-de-la-cybersecurite-a-la-haye\/123582\/","title":{"rendered":"Chris van &#039;t Hof: Eine Geschichte der Cybersicherheit in Den Haag"},"content":{"rendered":"<p>Chris van &#039;t Hof, Forscher, Autor und Pr\u00e4sident von H\u00e2ck The Hague, einem internationalen kommunalen Cybersicherheitswettbewerb, der Anfang November auf dem Smart City Expo Congress in Barcelona ausgezeichnet wurde, ist eine Schl\u00fcsselfigur auf dem Gebiet der digitalen Sicherheit. Seit seinen Anf\u00e4ngen als Soziologe hat er seine F\u00e4higkeiten erfolgreich in\u2026 kombiniert. <\/p>\n<div class=\"pmpro_content_message\">Artikel nur f\u00fcr Abonnenten sichtbar.<br \/><a href=\"https:\/\/territorialchallenges.com\/wp-login.php\">Verbindung<\/a><br \/><a href=\"https:\/\/territorialchallenges.com\/de\/wp-login.php\/?action=register\">Registrieren<\/a><\/div>","protected":false},"excerpt":{"rendered":"<p>Chris van &lsquo;t Hof, chercheur, \u00e9crivain et pr\u00e9sident de H\u00e2ck La Haye, concours municipal international de cybers\u00e9curit\u00e9 qui a \u00e9t\u00e9 prim\u00e9 d\u00e9but novembre au Smart City Expo Congress de Barcelone, est une figure incontournable dans le domaine de la s\u00e9curit\u00e9 num\u00e9rique. Depuis ses d\u00e9buts en tant que sociologue, il a su marier ses comp\u00e9tences en... <\/p>\n<div class=\"pmpro_content_message\">Artikel nur f\u00fcr Abonnenten sichtbar.<br \/><a href=\"https:\/\/territorialchallenges.com\/wp-login.php\">Verbindung<\/a><br \/><a href=\"https:\/\/territorialchallenges.com\/de\/wp-login.php\/?action=register\">Registrieren<\/a><\/div>","protected":false},"author":11,"featured_media":123583,"comment_status":"closed","ping_status":"closed","sticky":true,"template":"","format":"standard","meta":{"pmpro_default_level":0,"footnotes":""},"categories":[126,117],"tags":[],"blocksy_meta":"","yoast_head":"<!-- This site is optimized with the Yoast SEO plugin v21.5 - https:\/\/yoast.com\/wordpress\/plugins\/seo\/ -->\n<title>Chris van &#039;t Hof : Un historique de la cybers\u00e9curit\u00e9 \u00e0 La Haye - Territorial Challenges<\/title>\n<meta name=\"robots\" content=\"index, follow, max-snippet:-1, max-image-preview:large, max-video-preview:-1\" \/>\n<link rel=\"canonical\" href=\"https:\/\/territorialchallenges.com\/de\/2024\/11\/24\/chris-van-t-hof-un-historique-de-la-cybersecurite-a-la-haye\/123582\/\" \/>\n<meta property=\"og:locale\" content=\"de_DE\" \/>\n<meta property=\"og:type\" content=\"article\" \/>\n<meta property=\"og:title\" content=\"Chris van &#039;t Hof : Un historique de la cybers\u00e9curit\u00e9 \u00e0 La Haye - Territorial Challenges\" \/>\n<meta property=\"og:description\" content=\"Chris van &lsquo;t Hof, chercheur, \u00e9crivain et pr\u00e9sident de H\u00e2ck La Haye, concours municipal international de cybers\u00e9curit\u00e9 qui a \u00e9t\u00e9 prim\u00e9 d\u00e9but novembre au Smart City Expo Congress de Barcelone, est une figure incontournable dans le domaine de la s\u00e9curit\u00e9 num\u00e9rique. Depuis ses d\u00e9buts en tant que sociologue, il a su marier ses comp\u00e9tences en [&hellip;]\" \/>\n<meta property=\"og:url\" content=\"https:\/\/territorialchallenges.com\/de\/2024\/11\/24\/chris-van-t-hof-un-historique-de-la-cybersecurite-a-la-haye\/123582\/\" \/>\n<meta property=\"og:site_name\" content=\"Territorial Challenges\" \/>\n<meta property=\"article:published_time\" content=\"2024-11-24T12:26:36+00:00\" \/>\n<meta property=\"article:modified_time\" content=\"2024-11-24T12:26:37+00:00\" \/>\n<meta property=\"og:image\" content=\"https:\/\/territorialchallenges.com\/wp-content\/uploads\/2024\/11\/Chris-van-t-Hof-Onparledeux.jpg\" \/>\n\t<meta property=\"og:image:width\" content=\"770\" \/>\n\t<meta property=\"og:image:height\" content=\"770\" \/>\n\t<meta property=\"og:image:type\" content=\"image\/jpeg\" \/>\n<meta name=\"author\" content=\"ni.abdi\" \/>\n<meta name=\"twitter:card\" content=\"summary_large_image\" \/>\n<meta name=\"twitter:creator\" content=\"@Ni.abdi\" \/>\n<meta name=\"twitter:label1\" content=\"Verfasst von\" \/>\n\t<meta name=\"twitter:data1\" content=\"ni.abdi\" \/>\n\t<meta name=\"twitter:label2\" content=\"Gesch\u00e4tzte Lesezeit\" \/>\n\t<meta name=\"twitter:data2\" content=\"4\u00a0Minuten\" \/>\n<script type=\"application\/ld+json\" class=\"yoast-schema-graph\">{\"@context\":\"https:\/\/schema.org\",\"@graph\":[{\"@type\":\"Article\",\"@id\":\"https:\/\/territorialchallenges.com\/2024\/11\/24\/chris-van-t-hof-un-historique-de-la-cybersecurite-a-la-haye\/123582\/#article\",\"isPartOf\":{\"@id\":\"https:\/\/territorialchallenges.com\/2024\/11\/24\/chris-van-t-hof-un-historique-de-la-cybersecurite-a-la-haye\/123582\/\"},\"author\":{\"name\":\"ni.abdi\",\"@id\":\"https:\/\/territorialchallenges.com\/#\/schema\/person\/098f145c7c61a021c425e010f840080f\"},\"headline\":\"Chris van &lsquo;t Hof : Un historique de la cybers\u00e9curit\u00e9 \u00e0 La Haye\",\"datePublished\":\"2024-11-24T12:26:36+00:00\",\"dateModified\":\"2024-11-24T12:26:37+00:00\",\"mainEntityOfPage\":{\"@id\":\"https:\/\/territorialchallenges.com\/2024\/11\/24\/chris-van-t-hof-un-historique-de-la-cybersecurite-a-la-haye\/123582\/\"},\"wordCount\":847,\"publisher\":{\"@id\":\"https:\/\/territorialchallenges.com\/#organization\"},\"articleSection\":[\"On parle d'eux\",\"\u00c9cosyst\u00e8me\"],\"inLanguage\":\"de\"},{\"@type\":\"WebPage\",\"@id\":\"https:\/\/territorialchallenges.com\/2024\/11\/24\/chris-van-t-hof-un-historique-de-la-cybersecurite-a-la-haye\/123582\/\",\"url\":\"https:\/\/territorialchallenges.com\/2024\/11\/24\/chris-van-t-hof-un-historique-de-la-cybersecurite-a-la-haye\/123582\/\",\"name\":\"Chris van 't Hof : Un historique de la cybers\u00e9curit\u00e9 \u00e0 La Haye - Territorial Challenges\",\"isPartOf\":{\"@id\":\"https:\/\/territorialchallenges.com\/#website\"},\"datePublished\":\"2024-11-24T12:26:36+00:00\",\"dateModified\":\"2024-11-24T12:26:37+00:00\",\"breadcrumb\":{\"@id\":\"https:\/\/territorialchallenges.com\/2024\/11\/24\/chris-van-t-hof-un-historique-de-la-cybersecurite-a-la-haye\/123582\/#breadcrumb\"},\"inLanguage\":\"de\",\"potentialAction\":[{\"@type\":\"ReadAction\",\"target\":[\"https:\/\/territorialchallenges.com\/2024\/11\/24\/chris-van-t-hof-un-historique-de-la-cybersecurite-a-la-haye\/123582\/\"]}]},{\"@type\":\"BreadcrumbList\",\"@id\":\"https:\/\/territorialchallenges.com\/2024\/11\/24\/chris-van-t-hof-un-historique-de-la-cybersecurite-a-la-haye\/123582\/#breadcrumb\",\"itemListElement\":[{\"@type\":\"ListItem\",\"position\":1,\"name\":\"Home\",\"item\":\"https:\/\/territorialchallenges.com\/\"},{\"@type\":\"ListItem\",\"position\":2,\"name\":\"Chris van &lsquo;t Hof : Un historique de la cybers\u00e9curit\u00e9 \u00e0 La Haye\"}]},{\"@type\":\"WebSite\",\"@id\":\"https:\/\/territorialchallenges.com\/#website\",\"url\":\"https:\/\/territorialchallenges.com\/\",\"name\":\"Territorial Challenges\",\"description\":\"Veille Internationale - Strat\u00e9gie Intelligentes - Bonnes pratiques\",\"publisher\":{\"@id\":\"https:\/\/territorialchallenges.com\/#organization\"},\"potentialAction\":[{\"@type\":\"SearchAction\",\"target\":{\"@type\":\"EntryPoint\",\"urlTemplate\":\"https:\/\/territorialchallenges.com\/?s={search_term_string}\"},\"query-input\":\"required name=search_term_string\"}],\"inLanguage\":\"de\"},{\"@type\":\"Organization\",\"@id\":\"https:\/\/territorialchallenges.com\/#organization\",\"name\":\"Territorial Challenges\",\"url\":\"https:\/\/territorialchallenges.com\/\",\"logo\":{\"@type\":\"ImageObject\",\"inLanguage\":\"de\",\"@id\":\"https:\/\/territorialchallenges.com\/#\/schema\/logo\/image\/\",\"url\":\"https:\/\/territorialchallenges.com\/wp-content\/uploads\/2023\/10\/logo-1.png\",\"contentUrl\":\"https:\/\/territorialchallenges.com\/wp-content\/uploads\/2023\/10\/logo-1.png\",\"width\":1832,\"height\":576,\"caption\":\"Territorial Challenges\"},\"image\":{\"@id\":\"https:\/\/territorialchallenges.com\/#\/schema\/logo\/image\/\"}},{\"@type\":\"Person\",\"@id\":\"https:\/\/territorialchallenges.com\/#\/schema\/person\/098f145c7c61a021c425e010f840080f\",\"name\":\"ni.abdi\",\"image\":{\"@type\":\"ImageObject\",\"inLanguage\":\"de\",\"@id\":\"https:\/\/territorialchallenges.com\/#\/schema\/person\/image\/\",\"url\":\"https:\/\/secure.gravatar.com\/avatar\/2a2f2491f3c80039986ba989b1e4b510?s=96&d=identicon&r=g\",\"contentUrl\":\"https:\/\/secure.gravatar.com\/avatar\/2a2f2491f3c80039986ba989b1e4b510?s=96&d=identicon&r=g\",\"caption\":\"ni.abdi\"},\"sameAs\":[\"https:\/\/twitter.com\/Ni.abdi\"],\"url\":\"https:\/\/territorialchallenges.com\/de\/author\/ni-abdi\/\"}]}<\/script>\n<!-- \/ Yoast SEO plugin. -->","yoast_head_json":{"title":"Chris van 't Hof : Un historique de la cybers\u00e9curit\u00e9 \u00e0 La Haye - Territorial Challenges","robots":{"index":"index","follow":"follow","max-snippet":"max-snippet:-1","max-image-preview":"max-image-preview:large","max-video-preview":"max-video-preview:-1"},"canonical":"https:\/\/territorialchallenges.com\/de\/2024\/11\/24\/chris-van-t-hof-un-historique-de-la-cybersecurite-a-la-haye\/123582\/","og_locale":"de_DE","og_type":"article","og_title":"Chris van 't Hof : Un historique de la cybers\u00e9curit\u00e9 \u00e0 La Haye - Territorial Challenges","og_description":"Chris van &lsquo;t Hof, chercheur, \u00e9crivain et pr\u00e9sident de H\u00e2ck La Haye, concours municipal international de cybers\u00e9curit\u00e9 qui a \u00e9t\u00e9 prim\u00e9 d\u00e9but novembre au Smart City Expo Congress de Barcelone, est une figure incontournable dans le domaine de la s\u00e9curit\u00e9 num\u00e9rique. Depuis ses d\u00e9buts en tant que sociologue, il a su marier ses comp\u00e9tences en [&hellip;]","og_url":"https:\/\/territorialchallenges.com\/de\/2024\/11\/24\/chris-van-t-hof-un-historique-de-la-cybersecurite-a-la-haye\/123582\/","og_site_name":"Territorial Challenges","article_published_time":"2024-11-24T12:26:36+00:00","article_modified_time":"2024-11-24T12:26:37+00:00","og_image":[{"width":770,"height":770,"url":"https:\/\/territorialchallenges.com\/wp-content\/uploads\/2024\/11\/Chris-van-t-Hof-Onparledeux.jpg","type":"image\/jpeg"}],"author":"ni.abdi","twitter_card":"summary_large_image","twitter_creator":"@Ni.abdi","twitter_misc":{"Verfasst von":"ni.abdi","Gesch\u00e4tzte Lesezeit":"4\u00a0Minuten"},"schema":{"@context":"https:\/\/schema.org","@graph":[{"@type":"Article","@id":"https:\/\/territorialchallenges.com\/2024\/11\/24\/chris-van-t-hof-un-historique-de-la-cybersecurite-a-la-haye\/123582\/#article","isPartOf":{"@id":"https:\/\/territorialchallenges.com\/2024\/11\/24\/chris-van-t-hof-un-historique-de-la-cybersecurite-a-la-haye\/123582\/"},"author":{"name":"ni.abdi","@id":"https:\/\/territorialchallenges.com\/#\/schema\/person\/098f145c7c61a021c425e010f840080f"},"headline":"Chris van &lsquo;t Hof : Un historique de la cybers\u00e9curit\u00e9 \u00e0 La Haye","datePublished":"2024-11-24T12:26:36+00:00","dateModified":"2024-11-24T12:26:37+00:00","mainEntityOfPage":{"@id":"https:\/\/territorialchallenges.com\/2024\/11\/24\/chris-van-t-hof-un-historique-de-la-cybersecurite-a-la-haye\/123582\/"},"wordCount":847,"publisher":{"@id":"https:\/\/territorialchallenges.com\/#organization"},"articleSection":["On parle d'eux","\u00c9cosyst\u00e8me"],"inLanguage":"de"},{"@type":"WebPage","@id":"https:\/\/territorialchallenges.com\/2024\/11\/24\/chris-van-t-hof-un-historique-de-la-cybersecurite-a-la-haye\/123582\/","url":"https:\/\/territorialchallenges.com\/2024\/11\/24\/chris-van-t-hof-un-historique-de-la-cybersecurite-a-la-haye\/123582\/","name":"Chris van 't Hof : Un historique de la cybers\u00e9curit\u00e9 \u00e0 La Haye - Territorial Challenges","isPartOf":{"@id":"https:\/\/territorialchallenges.com\/#website"},"datePublished":"2024-11-24T12:26:36+00:00","dateModified":"2024-11-24T12:26:37+00:00","breadcrumb":{"@id":"https:\/\/territorialchallenges.com\/2024\/11\/24\/chris-van-t-hof-un-historique-de-la-cybersecurite-a-la-haye\/123582\/#breadcrumb"},"inLanguage":"de","potentialAction":[{"@type":"ReadAction","target":["https:\/\/territorialchallenges.com\/2024\/11\/24\/chris-van-t-hof-un-historique-de-la-cybersecurite-a-la-haye\/123582\/"]}]},{"@type":"BreadcrumbList","@id":"https:\/\/territorialchallenges.com\/2024\/11\/24\/chris-van-t-hof-un-historique-de-la-cybersecurite-a-la-haye\/123582\/#breadcrumb","itemListElement":[{"@type":"ListItem","position":1,"name":"Home","item":"https:\/\/territorialchallenges.com\/"},{"@type":"ListItem","position":2,"name":"Chris van &lsquo;t Hof : Un historique de la cybers\u00e9curit\u00e9 \u00e0 La Haye"}]},{"@type":"WebSite","@id":"https:\/\/territorialchallenges.com\/#website","url":"https:\/\/territorialchallenges.com\/","name":"Territoriale Herausforderungen","description":"Internationales Monitoring \u2013 Intelligente Strategien \u2013 Best Practices","publisher":{"@id":"https:\/\/territorialchallenges.com\/#organization"},"potentialAction":[{"@type":"SearchAction","target":{"@type":"EntryPoint","urlTemplate":"https:\/\/territorialchallenges.com\/?s={search_term_string}"},"query-input":"required name=search_term_string"}],"inLanguage":"de"},{"@type":"Organization","@id":"https:\/\/territorialchallenges.com\/#organization","name":"Territoriale Herausforderungen","url":"https:\/\/territorialchallenges.com\/","logo":{"@type":"ImageObject","inLanguage":"de","@id":"https:\/\/territorialchallenges.com\/#\/schema\/logo\/image\/","url":"https:\/\/territorialchallenges.com\/wp-content\/uploads\/2023\/10\/logo-1.png","contentUrl":"https:\/\/territorialchallenges.com\/wp-content\/uploads\/2023\/10\/logo-1.png","width":1832,"height":576,"caption":"Territorial Challenges"},"image":{"@id":"https:\/\/territorialchallenges.com\/#\/schema\/logo\/image\/"}},{"@type":"Person","@id":"https:\/\/territorialchallenges.com\/#\/schema\/person\/098f145c7c61a021c425e010f840080f","name":"ni.abdi","image":{"@type":"ImageObject","inLanguage":"de","@id":"https:\/\/territorialchallenges.com\/#\/schema\/person\/image\/","url":"https:\/\/secure.gravatar.com\/avatar\/2a2f2491f3c80039986ba989b1e4b510?s=96&d=identicon&r=g","contentUrl":"https:\/\/secure.gravatar.com\/avatar\/2a2f2491f3c80039986ba989b1e4b510?s=96&d=identicon&r=g","caption":"ni.abdi"},"sameAs":["https:\/\/twitter.com\/Ni.abdi"],"url":"https:\/\/territorialchallenges.com\/de\/author\/ni-abdi\/"}]}},"_links":{"self":[{"href":"https:\/\/territorialchallenges.com\/de\/wp-json\/wp\/v2\/posts\/123582"}],"collection":[{"href":"https:\/\/territorialchallenges.com\/de\/wp-json\/wp\/v2\/posts"}],"about":[{"href":"https:\/\/territorialchallenges.com\/de\/wp-json\/wp\/v2\/types\/post"}],"author":[{"embeddable":true,"href":"https:\/\/territorialchallenges.com\/de\/wp-json\/wp\/v2\/users\/11"}],"replies":[{"embeddable":true,"href":"https:\/\/territorialchallenges.com\/de\/wp-json\/wp\/v2\/comments?post=123582"}],"version-history":[{"count":1,"href":"https:\/\/territorialchallenges.com\/de\/wp-json\/wp\/v2\/posts\/123582\/revisions"}],"predecessor-version":[{"id":123584,"href":"https:\/\/territorialchallenges.com\/de\/wp-json\/wp\/v2\/posts\/123582\/revisions\/123584"}],"wp:featuredmedia":[{"embeddable":true,"href":"https:\/\/territorialchallenges.com\/de\/wp-json\/wp\/v2\/media\/123583"}],"wp:attachment":[{"href":"https:\/\/territorialchallenges.com\/de\/wp-json\/wp\/v2\/media?parent=123582"}],"wp:term":[{"taxonomy":"category","embeddable":true,"href":"https:\/\/territorialchallenges.com\/de\/wp-json\/wp\/v2\/categories?post=123582"},{"taxonomy":"post_tag","embeddable":true,"href":"https:\/\/territorialchallenges.com\/de\/wp-json\/wp\/v2\/tags?post=123582"}],"curies":[{"name":"wp","href":"https:\/\/api.w.org\/{rel}","templated":true}]}}