{"id":123554,"date":"2024-11-14T18:12:00","date_gmt":"2024-11-14T17:12:00","guid":{"rendered":"https:\/\/territorialchallenges.com\/?p=123554"},"modified":"2024-11-14T18:12:03","modified_gmt":"2024-11-14T17:12:03","slug":"lutilisation-des-technologies-numeriques-dans-la-reduction-des-risques-et-catastrophes-climatiques","status":"publish","type":"post","link":"https:\/\/territorialchallenges.com\/de\/2024\/11\/14\/lutilisation-des-technologies-numeriques-dans-la-reduction-des-risques-et-catastrophes-climatiques\/123554\/","title":{"rendered":"Der Einsatz digitaler Technologien zur Klimarisiko- und Katastrophenvorsorge"},"content":{"rendered":"<p>Die \u00dcberschwemmungen, die Valencia, Spanien und mitteleurop\u00e4ische L\u00e4nder im Herbst 2024 heimsuchten, haben erneut die dringende Notwendigkeit der Entwicklung digitaler Technologien zur Pr\u00e4vention und Antizipation von Klimakrisen verdeutlicht. Diese tragischen Ereignisse unterstreichen die Notwendigkeit nachhaltigen kollektiven Handelns und der Nutzung neuer Technologien zur Verbesserung\u2026 <\/p>\n<div class=\"pmpro_content_message\">Artikel nur f\u00fcr Abonnenten sichtbar.<br \/><a href=\"https:\/\/territorialchallenges.com\/wp-login.php\">Verbindung<\/a><br \/><a href=\"https:\/\/territorialchallenges.com\/de\/wp-login.php\/?action=register\">Registrieren<\/a><\/div>","protected":false},"excerpt":{"rendered":"<p>Les inondations qui ont frapp\u00e9 Valence en Espagne et les pays d&rsquo;Europe Centrale cet automne 2024 ont une fois de plus mis en lumi\u00e8re l&rsquo;urgence de d\u00e9velopper des technologies num\u00e9riques pour pr\u00e9venir et anticiper les crises climatiques. Ces \u00e9v\u00e9nements tragiques soulignent la n\u00e9cessit\u00e9 d&rsquo;une action collective soutenue et de l&rsquo;exploitation des technologies \u00e9mergentes pour am\u00e9liorer... <\/p>\n<div class=\"pmpro_content_message\">Artikel nur f\u00fcr Abonnenten sichtbar.<br \/><a href=\"https:\/\/territorialchallenges.com\/wp-login.php\">Verbindung<\/a><br \/><a href=\"https:\/\/territorialchallenges.com\/de\/wp-login.php\/?action=register\">Registrieren<\/a><\/div>","protected":false},"author":11,"featured_media":123555,"comment_status":"closed","ping_status":"closed","sticky":true,"template":"","format":"standard","meta":{"pmpro_default_level":0,"footnotes":""},"categories":[130,117],"tags":[],"blocksy_meta":"","yoast_head":"<!-- This site is optimized with the Yoast SEO plugin v21.5 - https:\/\/yoast.com\/wordpress\/plugins\/seo\/ -->\n<title>L&#039;utilisation des technologies num\u00e9riques dans la r\u00e9duction des risques et catastrophes climatiques - Territorial Challenges<\/title>\n<meta name=\"robots\" content=\"index, follow, max-snippet:-1, max-image-preview:large, max-video-preview:-1\" \/>\n<link rel=\"canonical\" href=\"https:\/\/territorialchallenges.com\/de\/2024\/11\/14\/lutilisation-des-technologies-numeriques-dans-la-reduction-des-risques-et-catastrophes-climatiques\/123554\/\" \/>\n<meta property=\"og:locale\" content=\"de_DE\" \/>\n<meta property=\"og:type\" content=\"article\" \/>\n<meta property=\"og:title\" content=\"L&#039;utilisation des technologies num\u00e9riques dans la r\u00e9duction des risques et catastrophes climatiques - Territorial Challenges\" \/>\n<meta property=\"og:description\" content=\"Les inondations qui ont frapp\u00e9 Valence en Espagne et les pays d&rsquo;Europe Centrale cet automne 2024 ont une fois de plus mis en lumi\u00e8re l&rsquo;urgence de d\u00e9velopper des technologies num\u00e9riques pour pr\u00e9venir et anticiper les crises climatiques. Ces \u00e9v\u00e9nements tragiques soulignent la n\u00e9cessit\u00e9 d&rsquo;une action collective soutenue et de l&rsquo;exploitation des technologies \u00e9mergentes pour am\u00e9liorer [&hellip;]\" \/>\n<meta property=\"og:url\" content=\"https:\/\/territorialchallenges.com\/de\/2024\/11\/14\/lutilisation-des-technologies-numeriques-dans-la-reduction-des-risques-et-catastrophes-climatiques\/123554\/\" \/>\n<meta property=\"og:site_name\" content=\"Territorial Challenges\" \/>\n<meta property=\"article:published_time\" content=\"2024-11-14T17:12:00+00:00\" \/>\n<meta property=\"article:modified_time\" content=\"2024-11-14T17:12:03+00:00\" \/>\n<meta property=\"og:image\" content=\"https:\/\/territorialchallenges.com\/wp-content\/uploads\/2024\/11\/reflexionfaiteimage.jpg\" \/>\n\t<meta property=\"og:image:width\" content=\"1280\" \/>\n\t<meta property=\"og:image:height\" content=\"853\" \/>\n\t<meta property=\"og:image:type\" content=\"image\/jpeg\" \/>\n<meta name=\"author\" content=\"ni.abdi\" \/>\n<meta name=\"twitter:card\" content=\"summary_large_image\" \/>\n<meta name=\"twitter:creator\" content=\"@Ni.abdi\" \/>\n<meta name=\"twitter:label1\" content=\"Verfasst von\" \/>\n\t<meta name=\"twitter:data1\" content=\"ni.abdi\" \/>\n\t<meta name=\"twitter:label2\" content=\"Gesch\u00e4tzte Lesezeit\" \/>\n\t<meta name=\"twitter:data2\" content=\"5\u00a0Minuten\" \/>\n<script type=\"application\/ld+json\" class=\"yoast-schema-graph\">{\"@context\":\"https:\/\/schema.org\",\"@graph\":[{\"@type\":\"Article\",\"@id\":\"https:\/\/territorialchallenges.com\/2024\/11\/14\/lutilisation-des-technologies-numeriques-dans-la-reduction-des-risques-et-catastrophes-climatiques\/123554\/#article\",\"isPartOf\":{\"@id\":\"https:\/\/territorialchallenges.com\/2024\/11\/14\/lutilisation-des-technologies-numeriques-dans-la-reduction-des-risques-et-catastrophes-climatiques\/123554\/\"},\"author\":{\"name\":\"ni.abdi\",\"@id\":\"https:\/\/territorialchallenges.com\/#\/schema\/person\/098f145c7c61a021c425e010f840080f\"},\"headline\":\"L&rsquo;utilisation des technologies num\u00e9riques dans la r\u00e9duction des risques et catastrophes climatiques\",\"datePublished\":\"2024-11-14T17:12:00+00:00\",\"dateModified\":\"2024-11-14T17:12:03+00:00\",\"mainEntityOfPage\":{\"@id\":\"https:\/\/territorialchallenges.com\/2024\/11\/14\/lutilisation-des-technologies-numeriques-dans-la-reduction-des-risques-et-catastrophes-climatiques\/123554\/\"},\"wordCount\":981,\"publisher\":{\"@id\":\"https:\/\/territorialchallenges.com\/#organization\"},\"articleSection\":[\"R\u00e9flexion faite\",\"\u00c9cosyst\u00e8me\"],\"inLanguage\":\"de\"},{\"@type\":\"WebPage\",\"@id\":\"https:\/\/territorialchallenges.com\/2024\/11\/14\/lutilisation-des-technologies-numeriques-dans-la-reduction-des-risques-et-catastrophes-climatiques\/123554\/\",\"url\":\"https:\/\/territorialchallenges.com\/2024\/11\/14\/lutilisation-des-technologies-numeriques-dans-la-reduction-des-risques-et-catastrophes-climatiques\/123554\/\",\"name\":\"L'utilisation des technologies num\u00e9riques dans la r\u00e9duction des risques et catastrophes climatiques - Territorial Challenges\",\"isPartOf\":{\"@id\":\"https:\/\/territorialchallenges.com\/#website\"},\"datePublished\":\"2024-11-14T17:12:00+00:00\",\"dateModified\":\"2024-11-14T17:12:03+00:00\",\"breadcrumb\":{\"@id\":\"https:\/\/territorialchallenges.com\/2024\/11\/14\/lutilisation-des-technologies-numeriques-dans-la-reduction-des-risques-et-catastrophes-climatiques\/123554\/#breadcrumb\"},\"inLanguage\":\"de\",\"potentialAction\":[{\"@type\":\"ReadAction\",\"target\":[\"https:\/\/territorialchallenges.com\/2024\/11\/14\/lutilisation-des-technologies-numeriques-dans-la-reduction-des-risques-et-catastrophes-climatiques\/123554\/\"]}]},{\"@type\":\"BreadcrumbList\",\"@id\":\"https:\/\/territorialchallenges.com\/2024\/11\/14\/lutilisation-des-technologies-numeriques-dans-la-reduction-des-risques-et-catastrophes-climatiques\/123554\/#breadcrumb\",\"itemListElement\":[{\"@type\":\"ListItem\",\"position\":1,\"name\":\"Home\",\"item\":\"https:\/\/territorialchallenges.com\/\"},{\"@type\":\"ListItem\",\"position\":2,\"name\":\"L&rsquo;utilisation des technologies num\u00e9riques dans la r\u00e9duction des risques et catastrophes climatiques\"}]},{\"@type\":\"WebSite\",\"@id\":\"https:\/\/territorialchallenges.com\/#website\",\"url\":\"https:\/\/territorialchallenges.com\/\",\"name\":\"Territorial Challenges\",\"description\":\"Veille Internationale - Strat\u00e9gie Intelligentes - Bonnes pratiques\",\"publisher\":{\"@id\":\"https:\/\/territorialchallenges.com\/#organization\"},\"potentialAction\":[{\"@type\":\"SearchAction\",\"target\":{\"@type\":\"EntryPoint\",\"urlTemplate\":\"https:\/\/territorialchallenges.com\/?s={search_term_string}\"},\"query-input\":\"required name=search_term_string\"}],\"inLanguage\":\"de\"},{\"@type\":\"Organization\",\"@id\":\"https:\/\/territorialchallenges.com\/#organization\",\"name\":\"Territorial Challenges\",\"url\":\"https:\/\/territorialchallenges.com\/\",\"logo\":{\"@type\":\"ImageObject\",\"inLanguage\":\"de\",\"@id\":\"https:\/\/territorialchallenges.com\/#\/schema\/logo\/image\/\",\"url\":\"https:\/\/territorialchallenges.com\/wp-content\/uploads\/2023\/10\/logo-1.png\",\"contentUrl\":\"https:\/\/territorialchallenges.com\/wp-content\/uploads\/2023\/10\/logo-1.png\",\"width\":1832,\"height\":576,\"caption\":\"Territorial Challenges\"},\"image\":{\"@id\":\"https:\/\/territorialchallenges.com\/#\/schema\/logo\/image\/\"}},{\"@type\":\"Person\",\"@id\":\"https:\/\/territorialchallenges.com\/#\/schema\/person\/098f145c7c61a021c425e010f840080f\",\"name\":\"ni.abdi\",\"image\":{\"@type\":\"ImageObject\",\"inLanguage\":\"de\",\"@id\":\"https:\/\/territorialchallenges.com\/#\/schema\/person\/image\/\",\"url\":\"https:\/\/secure.gravatar.com\/avatar\/2a2f2491f3c80039986ba989b1e4b510?s=96&d=identicon&r=g\",\"contentUrl\":\"https:\/\/secure.gravatar.com\/avatar\/2a2f2491f3c80039986ba989b1e4b510?s=96&d=identicon&r=g\",\"caption\":\"ni.abdi\"},\"sameAs\":[\"https:\/\/twitter.com\/Ni.abdi\"],\"url\":\"https:\/\/territorialchallenges.com\/de\/author\/ni-abdi\/\"}]}<\/script>\n<!-- \/ Yoast SEO plugin. -->","yoast_head_json":{"title":"L'utilisation des technologies num\u00e9riques dans la r\u00e9duction des risques et catastrophes climatiques - Territorial Challenges","robots":{"index":"index","follow":"follow","max-snippet":"max-snippet:-1","max-image-preview":"max-image-preview:large","max-video-preview":"max-video-preview:-1"},"canonical":"https:\/\/territorialchallenges.com\/de\/2024\/11\/14\/lutilisation-des-technologies-numeriques-dans-la-reduction-des-risques-et-catastrophes-climatiques\/123554\/","og_locale":"de_DE","og_type":"article","og_title":"L'utilisation des technologies num\u00e9riques dans la r\u00e9duction des risques et catastrophes climatiques - Territorial Challenges","og_description":"Les inondations qui ont frapp\u00e9 Valence en Espagne et les pays d&rsquo;Europe Centrale cet automne 2024 ont une fois de plus mis en lumi\u00e8re l&rsquo;urgence de d\u00e9velopper des technologies num\u00e9riques pour pr\u00e9venir et anticiper les crises climatiques. Ces \u00e9v\u00e9nements tragiques soulignent la n\u00e9cessit\u00e9 d&rsquo;une action collective soutenue et de l&rsquo;exploitation des technologies \u00e9mergentes pour am\u00e9liorer [&hellip;]","og_url":"https:\/\/territorialchallenges.com\/de\/2024\/11\/14\/lutilisation-des-technologies-numeriques-dans-la-reduction-des-risques-et-catastrophes-climatiques\/123554\/","og_site_name":"Territorial Challenges","article_published_time":"2024-11-14T17:12:00+00:00","article_modified_time":"2024-11-14T17:12:03+00:00","og_image":[{"width":1280,"height":853,"url":"https:\/\/territorialchallenges.com\/wp-content\/uploads\/2024\/11\/reflexionfaiteimage.jpg","type":"image\/jpeg"}],"author":"ni.abdi","twitter_card":"summary_large_image","twitter_creator":"@Ni.abdi","twitter_misc":{"Verfasst von":"ni.abdi","Gesch\u00e4tzte Lesezeit":"5\u00a0Minuten"},"schema":{"@context":"https:\/\/schema.org","@graph":[{"@type":"Article","@id":"https:\/\/territorialchallenges.com\/2024\/11\/14\/lutilisation-des-technologies-numeriques-dans-la-reduction-des-risques-et-catastrophes-climatiques\/123554\/#article","isPartOf":{"@id":"https:\/\/territorialchallenges.com\/2024\/11\/14\/lutilisation-des-technologies-numeriques-dans-la-reduction-des-risques-et-catastrophes-climatiques\/123554\/"},"author":{"name":"ni.abdi","@id":"https:\/\/territorialchallenges.com\/#\/schema\/person\/098f145c7c61a021c425e010f840080f"},"headline":"L&rsquo;utilisation des technologies num\u00e9riques dans la r\u00e9duction des risques et catastrophes climatiques","datePublished":"2024-11-14T17:12:00+00:00","dateModified":"2024-11-14T17:12:03+00:00","mainEntityOfPage":{"@id":"https:\/\/territorialchallenges.com\/2024\/11\/14\/lutilisation-des-technologies-numeriques-dans-la-reduction-des-risques-et-catastrophes-climatiques\/123554\/"},"wordCount":981,"publisher":{"@id":"https:\/\/territorialchallenges.com\/#organization"},"articleSection":["R\u00e9flexion faite","\u00c9cosyst\u00e8me"],"inLanguage":"de"},{"@type":"WebPage","@id":"https:\/\/territorialchallenges.com\/2024\/11\/14\/lutilisation-des-technologies-numeriques-dans-la-reduction-des-risques-et-catastrophes-climatiques\/123554\/","url":"https:\/\/territorialchallenges.com\/2024\/11\/14\/lutilisation-des-technologies-numeriques-dans-la-reduction-des-risques-et-catastrophes-climatiques\/123554\/","name":"L'utilisation des technologies num\u00e9riques dans la r\u00e9duction des risques et catastrophes climatiques - Territorial Challenges","isPartOf":{"@id":"https:\/\/territorialchallenges.com\/#website"},"datePublished":"2024-11-14T17:12:00+00:00","dateModified":"2024-11-14T17:12:03+00:00","breadcrumb":{"@id":"https:\/\/territorialchallenges.com\/2024\/11\/14\/lutilisation-des-technologies-numeriques-dans-la-reduction-des-risques-et-catastrophes-climatiques\/123554\/#breadcrumb"},"inLanguage":"de","potentialAction":[{"@type":"ReadAction","target":["https:\/\/territorialchallenges.com\/2024\/11\/14\/lutilisation-des-technologies-numeriques-dans-la-reduction-des-risques-et-catastrophes-climatiques\/123554\/"]}]},{"@type":"BreadcrumbList","@id":"https:\/\/territorialchallenges.com\/2024\/11\/14\/lutilisation-des-technologies-numeriques-dans-la-reduction-des-risques-et-catastrophes-climatiques\/123554\/#breadcrumb","itemListElement":[{"@type":"ListItem","position":1,"name":"Home","item":"https:\/\/territorialchallenges.com\/"},{"@type":"ListItem","position":2,"name":"L&rsquo;utilisation des technologies num\u00e9riques dans la r\u00e9duction des risques et catastrophes climatiques"}]},{"@type":"WebSite","@id":"https:\/\/territorialchallenges.com\/#website","url":"https:\/\/territorialchallenges.com\/","name":"Territoriale Herausforderungen","description":"Internationales Monitoring \u2013 Intelligente Strategien \u2013 Best Practices","publisher":{"@id":"https:\/\/territorialchallenges.com\/#organization"},"potentialAction":[{"@type":"SearchAction","target":{"@type":"EntryPoint","urlTemplate":"https:\/\/territorialchallenges.com\/?s={search_term_string}"},"query-input":"required name=search_term_string"}],"inLanguage":"de"},{"@type":"Organization","@id":"https:\/\/territorialchallenges.com\/#organization","name":"Territoriale Herausforderungen","url":"https:\/\/territorialchallenges.com\/","logo":{"@type":"ImageObject","inLanguage":"de","@id":"https:\/\/territorialchallenges.com\/#\/schema\/logo\/image\/","url":"https:\/\/territorialchallenges.com\/wp-content\/uploads\/2023\/10\/logo-1.png","contentUrl":"https:\/\/territorialchallenges.com\/wp-content\/uploads\/2023\/10\/logo-1.png","width":1832,"height":576,"caption":"Territorial Challenges"},"image":{"@id":"https:\/\/territorialchallenges.com\/#\/schema\/logo\/image\/"}},{"@type":"Person","@id":"https:\/\/territorialchallenges.com\/#\/schema\/person\/098f145c7c61a021c425e010f840080f","name":"ni.abdi","image":{"@type":"ImageObject","inLanguage":"de","@id":"https:\/\/territorialchallenges.com\/#\/schema\/person\/image\/","url":"https:\/\/secure.gravatar.com\/avatar\/2a2f2491f3c80039986ba989b1e4b510?s=96&d=identicon&r=g","contentUrl":"https:\/\/secure.gravatar.com\/avatar\/2a2f2491f3c80039986ba989b1e4b510?s=96&d=identicon&r=g","caption":"ni.abdi"},"sameAs":["https:\/\/twitter.com\/Ni.abdi"],"url":"https:\/\/territorialchallenges.com\/de\/author\/ni-abdi\/"}]}},"_links":{"self":[{"href":"https:\/\/territorialchallenges.com\/de\/wp-json\/wp\/v2\/posts\/123554"}],"collection":[{"href":"https:\/\/territorialchallenges.com\/de\/wp-json\/wp\/v2\/posts"}],"about":[{"href":"https:\/\/territorialchallenges.com\/de\/wp-json\/wp\/v2\/types\/post"}],"author":[{"embeddable":true,"href":"https:\/\/territorialchallenges.com\/de\/wp-json\/wp\/v2\/users\/11"}],"replies":[{"embeddable":true,"href":"https:\/\/territorialchallenges.com\/de\/wp-json\/wp\/v2\/comments?post=123554"}],"version-history":[{"count":1,"href":"https:\/\/territorialchallenges.com\/de\/wp-json\/wp\/v2\/posts\/123554\/revisions"}],"predecessor-version":[{"id":123556,"href":"https:\/\/territorialchallenges.com\/de\/wp-json\/wp\/v2\/posts\/123554\/revisions\/123556"}],"wp:featuredmedia":[{"embeddable":true,"href":"https:\/\/territorialchallenges.com\/de\/wp-json\/wp\/v2\/media\/123555"}],"wp:attachment":[{"href":"https:\/\/territorialchallenges.com\/de\/wp-json\/wp\/v2\/media?parent=123554"}],"wp:term":[{"taxonomy":"category","embeddable":true,"href":"https:\/\/territorialchallenges.com\/de\/wp-json\/wp\/v2\/categories?post=123554"},{"taxonomy":"post_tag","embeddable":true,"href":"https:\/\/territorialchallenges.com\/de\/wp-json\/wp\/v2\/tags?post=123554"}],"curies":[{"name":"wp","href":"https:\/\/api.w.org\/{rel}","templated":true}]}}