{"id":123523,"date":"2024-11-14T15:43:40","date_gmt":"2024-11-14T14:43:40","guid":{"rendered":"https:\/\/territorialchallenges.com\/?p=123523"},"modified":"2024-11-14T15:43:43","modified_gmt":"2024-11-14T14:43:43","slug":"les-mutations-technologiques-un-regard-retrospectif-sur-les-viemes-rencontres-nationales-de-chantilly","status":"publish","type":"post","link":"https:\/\/territorialchallenges.com\/de\/2024\/11\/14\/les-mutations-technologiques-un-regard-retrospectif-sur-les-viemes-rencontres-nationales-de-chantilly\/123523\/","title":{"rendered":"Technologische Ver\u00e4nderungen: Ein R\u00fcckblick auf die 6. Nationalen Treffen von Chantilly"},"content":{"rendered":"<p>Im September 1980 brachten die 6. Nationalen Treffen von Chantilly, organisiert vom Forschungszentrum f\u00fcr Industrie\u00f6konomie der Universit\u00e4t Paris XIII und der Vereinigung f\u00fcr die Entwicklung von Studien \u00fcber Unternehmen und Industrie (ADEFI), Experten zusammen, um \u00fcber technologische Ver\u00e4nderungen und ihre wirtschaftlichen und sozialen Auswirkungen zu diskutieren. Diese Veranstaltung, die\u2026 <\/p>\n<div class=\"pmpro_content_message\">Artikel nur f\u00fcr Abonnenten sichtbar.<br \/><a href=\"https:\/\/territorialchallenges.com\/wp-login.php\">Verbindung<\/a><br \/><a href=\"https:\/\/territorialchallenges.com\/de\/wp-login.php\/?action=register\">Registrieren<\/a><\/div>","protected":false},"excerpt":{"rendered":"<p>En septembre 1980, les VI\u00e8mes Rencontres Nationales de Chantilly, organis\u00e9es par le Centre de Recherche en \u00c9conomie Industrielle de l&rsquo;Universit\u00e9 de Paris XIII et l&rsquo;Association pour le D\u00e9veloppement des \u00c9tudes sur la Firme et l&rsquo;Industrie (ADEFI), ont r\u00e9uni des experts pour discuter des mutations technologiques et de leur impact \u00e9conomique et social. Cet \u00e9v\u00e9nement, dont... <\/p>\n<div class=\"pmpro_content_message\">Artikel nur f\u00fcr Abonnenten sichtbar.<br \/><a href=\"https:\/\/territorialchallenges.com\/wp-login.php\">Verbindung<\/a><br \/><a href=\"https:\/\/territorialchallenges.com\/de\/wp-login.php\/?action=register\">Registrieren<\/a><\/div>","protected":false},"author":11,"featured_media":123524,"comment_status":"closed","ping_status":"closed","sticky":true,"template":"","format":"standard","meta":{"pmpro_default_level":0,"footnotes":""},"categories":[121],"tags":[],"blocksy_meta":"","yoast_head":"<!-- This site is optimized with the Yoast SEO plugin v21.5 - https:\/\/yoast.com\/wordpress\/plugins\/seo\/ -->\n<title>Les mutations technologiques : un regard r\u00e9trospectif sur les VI\u00e8mes Rencontres nationales de Chantilly - Territorial Challenges<\/title>\n<meta name=\"robots\" content=\"index, follow, max-snippet:-1, max-image-preview:large, max-video-preview:-1\" \/>\n<link rel=\"canonical\" href=\"https:\/\/territorialchallenges.com\/de\/2024\/11\/14\/les-mutations-technologiques-un-regard-retrospectif-sur-les-viemes-rencontres-nationales-de-chantilly\/123523\/\" \/>\n<meta property=\"og:locale\" content=\"de_DE\" \/>\n<meta property=\"og:type\" content=\"article\" \/>\n<meta property=\"og:title\" content=\"Les mutations technologiques : un regard r\u00e9trospectif sur les VI\u00e8mes Rencontres nationales de Chantilly - Territorial Challenges\" \/>\n<meta property=\"og:description\" content=\"En septembre 1980, les VI\u00e8mes Rencontres Nationales de Chantilly, organis\u00e9es par le Centre de Recherche en \u00c9conomie Industrielle de l&rsquo;Universit\u00e9 de Paris XIII et l&rsquo;Association pour le D\u00e9veloppement des \u00c9tudes sur la Firme et l&rsquo;Industrie (ADEFI), ont r\u00e9uni des experts pour discuter des mutations technologiques et de leur impact \u00e9conomique et social. Cet \u00e9v\u00e9nement, dont [&hellip;]\" \/>\n<meta property=\"og:url\" content=\"https:\/\/territorialchallenges.com\/de\/2024\/11\/14\/les-mutations-technologiques-un-regard-retrospectif-sur-les-viemes-rencontres-nationales-de-chantilly\/123523\/\" \/>\n<meta property=\"og:site_name\" content=\"Territorial Challenges\" \/>\n<meta property=\"article:published_time\" content=\"2024-11-14T14:43:40+00:00\" \/>\n<meta property=\"article:modified_time\" content=\"2024-11-14T14:43:43+00:00\" \/>\n<meta property=\"og:image\" content=\"https:\/\/territorialchallenges.com\/wp-content\/uploads\/2024\/11\/MemoireLes_Mutations_technologiques___VIes_.Association_pour_bpt6k3328455p.jpeg\" \/>\n\t<meta property=\"og:image:width\" content=\"990\" \/>\n\t<meta property=\"og:image:height\" content=\"1566\" \/>\n\t<meta property=\"og:image:type\" content=\"image\/jpeg\" \/>\n<meta name=\"author\" content=\"ni.abdi\" \/>\n<meta name=\"twitter:card\" content=\"summary_large_image\" \/>\n<meta name=\"twitter:creator\" content=\"@Ni.abdi\" \/>\n<meta name=\"twitter:label1\" content=\"Verfasst von\" \/>\n\t<meta name=\"twitter:data1\" content=\"ni.abdi\" \/>\n\t<meta name=\"twitter:label2\" content=\"Gesch\u00e4tzte Lesezeit\" \/>\n\t<meta name=\"twitter:data2\" content=\"3\u00a0Minuten\" \/>\n<script type=\"application\/ld+json\" class=\"yoast-schema-graph\">{\"@context\":\"https:\/\/schema.org\",\"@graph\":[{\"@type\":\"Article\",\"@id\":\"https:\/\/territorialchallenges.com\/2024\/11\/14\/les-mutations-technologiques-un-regard-retrospectif-sur-les-viemes-rencontres-nationales-de-chantilly\/123523\/#article\",\"isPartOf\":{\"@id\":\"https:\/\/territorialchallenges.com\/2024\/11\/14\/les-mutations-technologiques-un-regard-retrospectif-sur-les-viemes-rencontres-nationales-de-chantilly\/123523\/\"},\"author\":{\"name\":\"ni.abdi\",\"@id\":\"https:\/\/territorialchallenges.com\/#\/schema\/person\/098f145c7c61a021c425e010f840080f\"},\"headline\":\"Les mutations technologiques : un regard r\u00e9trospectif sur les VI\u00e8mes Rencontres nationales de Chantilly\",\"datePublished\":\"2024-11-14T14:43:40+00:00\",\"dateModified\":\"2024-11-14T14:43:43+00:00\",\"mainEntityOfPage\":{\"@id\":\"https:\/\/territorialchallenges.com\/2024\/11\/14\/les-mutations-technologiques-un-regard-retrospectif-sur-les-viemes-rencontres-nationales-de-chantilly\/123523\/\"},\"wordCount\":620,\"publisher\":{\"@id\":\"https:\/\/territorialchallenges.com\/#organization\"},\"articleSection\":[\"M\u00e9moire\"],\"inLanguage\":\"de\"},{\"@type\":\"WebPage\",\"@id\":\"https:\/\/territorialchallenges.com\/2024\/11\/14\/les-mutations-technologiques-un-regard-retrospectif-sur-les-viemes-rencontres-nationales-de-chantilly\/123523\/\",\"url\":\"https:\/\/territorialchallenges.com\/2024\/11\/14\/les-mutations-technologiques-un-regard-retrospectif-sur-les-viemes-rencontres-nationales-de-chantilly\/123523\/\",\"name\":\"Les mutations technologiques : un regard r\u00e9trospectif sur les VI\u00e8mes Rencontres nationales de Chantilly - Territorial Challenges\",\"isPartOf\":{\"@id\":\"https:\/\/territorialchallenges.com\/#website\"},\"datePublished\":\"2024-11-14T14:43:40+00:00\",\"dateModified\":\"2024-11-14T14:43:43+00:00\",\"breadcrumb\":{\"@id\":\"https:\/\/territorialchallenges.com\/2024\/11\/14\/les-mutations-technologiques-un-regard-retrospectif-sur-les-viemes-rencontres-nationales-de-chantilly\/123523\/#breadcrumb\"},\"inLanguage\":\"de\",\"potentialAction\":[{\"@type\":\"ReadAction\",\"target\":[\"https:\/\/territorialchallenges.com\/2024\/11\/14\/les-mutations-technologiques-un-regard-retrospectif-sur-les-viemes-rencontres-nationales-de-chantilly\/123523\/\"]}]},{\"@type\":\"BreadcrumbList\",\"@id\":\"https:\/\/territorialchallenges.com\/2024\/11\/14\/les-mutations-technologiques-un-regard-retrospectif-sur-les-viemes-rencontres-nationales-de-chantilly\/123523\/#breadcrumb\",\"itemListElement\":[{\"@type\":\"ListItem\",\"position\":1,\"name\":\"Home\",\"item\":\"https:\/\/territorialchallenges.com\/\"},{\"@type\":\"ListItem\",\"position\":2,\"name\":\"Les mutations technologiques : un regard r\u00e9trospectif sur les VI\u00e8mes Rencontres nationales de Chantilly\"}]},{\"@type\":\"WebSite\",\"@id\":\"https:\/\/territorialchallenges.com\/#website\",\"url\":\"https:\/\/territorialchallenges.com\/\",\"name\":\"Territorial Challenges\",\"description\":\"Veille Internationale - Strat\u00e9gie Intelligentes - Bonnes pratiques\",\"publisher\":{\"@id\":\"https:\/\/territorialchallenges.com\/#organization\"},\"potentialAction\":[{\"@type\":\"SearchAction\",\"target\":{\"@type\":\"EntryPoint\",\"urlTemplate\":\"https:\/\/territorialchallenges.com\/?s={search_term_string}\"},\"query-input\":\"required name=search_term_string\"}],\"inLanguage\":\"de\"},{\"@type\":\"Organization\",\"@id\":\"https:\/\/territorialchallenges.com\/#organization\",\"name\":\"Territorial Challenges\",\"url\":\"https:\/\/territorialchallenges.com\/\",\"logo\":{\"@type\":\"ImageObject\",\"inLanguage\":\"de\",\"@id\":\"https:\/\/territorialchallenges.com\/#\/schema\/logo\/image\/\",\"url\":\"https:\/\/territorialchallenges.com\/wp-content\/uploads\/2023\/10\/logo-1.png\",\"contentUrl\":\"https:\/\/territorialchallenges.com\/wp-content\/uploads\/2023\/10\/logo-1.png\",\"width\":1832,\"height\":576,\"caption\":\"Territorial Challenges\"},\"image\":{\"@id\":\"https:\/\/territorialchallenges.com\/#\/schema\/logo\/image\/\"}},{\"@type\":\"Person\",\"@id\":\"https:\/\/territorialchallenges.com\/#\/schema\/person\/098f145c7c61a021c425e010f840080f\",\"name\":\"ni.abdi\",\"image\":{\"@type\":\"ImageObject\",\"inLanguage\":\"de\",\"@id\":\"https:\/\/territorialchallenges.com\/#\/schema\/person\/image\/\",\"url\":\"https:\/\/secure.gravatar.com\/avatar\/2a2f2491f3c80039986ba989b1e4b510?s=96&d=identicon&r=g\",\"contentUrl\":\"https:\/\/secure.gravatar.com\/avatar\/2a2f2491f3c80039986ba989b1e4b510?s=96&d=identicon&r=g\",\"caption\":\"ni.abdi\"},\"sameAs\":[\"https:\/\/twitter.com\/Ni.abdi\"],\"url\":\"https:\/\/territorialchallenges.com\/de\/author\/ni-abdi\/\"}]}<\/script>\n<!-- \/ Yoast SEO plugin. -->","yoast_head_json":{"title":"Les mutations technologiques : un regard r\u00e9trospectif sur les VI\u00e8mes Rencontres nationales de Chantilly - Territorial Challenges","robots":{"index":"index","follow":"follow","max-snippet":"max-snippet:-1","max-image-preview":"max-image-preview:large","max-video-preview":"max-video-preview:-1"},"canonical":"https:\/\/territorialchallenges.com\/de\/2024\/11\/14\/les-mutations-technologiques-un-regard-retrospectif-sur-les-viemes-rencontres-nationales-de-chantilly\/123523\/","og_locale":"de_DE","og_type":"article","og_title":"Les mutations technologiques : un regard r\u00e9trospectif sur les VI\u00e8mes Rencontres nationales de Chantilly - Territorial Challenges","og_description":"En septembre 1980, les VI\u00e8mes Rencontres Nationales de Chantilly, organis\u00e9es par le Centre de Recherche en \u00c9conomie Industrielle de l&rsquo;Universit\u00e9 de Paris XIII et l&rsquo;Association pour le D\u00e9veloppement des \u00c9tudes sur la Firme et l&rsquo;Industrie (ADEFI), ont r\u00e9uni des experts pour discuter des mutations technologiques et de leur impact \u00e9conomique et social. Cet \u00e9v\u00e9nement, dont [&hellip;]","og_url":"https:\/\/territorialchallenges.com\/de\/2024\/11\/14\/les-mutations-technologiques-un-regard-retrospectif-sur-les-viemes-rencontres-nationales-de-chantilly\/123523\/","og_site_name":"Territorial Challenges","article_published_time":"2024-11-14T14:43:40+00:00","article_modified_time":"2024-11-14T14:43:43+00:00","og_image":[{"width":990,"height":1566,"url":"https:\/\/territorialchallenges.com\/wp-content\/uploads\/2024\/11\/MemoireLes_Mutations_technologiques___VIes_.Association_pour_bpt6k3328455p.jpeg","type":"image\/jpeg"}],"author":"ni.abdi","twitter_card":"summary_large_image","twitter_creator":"@Ni.abdi","twitter_misc":{"Verfasst von":"ni.abdi","Gesch\u00e4tzte Lesezeit":"3\u00a0Minuten"},"schema":{"@context":"https:\/\/schema.org","@graph":[{"@type":"Article","@id":"https:\/\/territorialchallenges.com\/2024\/11\/14\/les-mutations-technologiques-un-regard-retrospectif-sur-les-viemes-rencontres-nationales-de-chantilly\/123523\/#article","isPartOf":{"@id":"https:\/\/territorialchallenges.com\/2024\/11\/14\/les-mutations-technologiques-un-regard-retrospectif-sur-les-viemes-rencontres-nationales-de-chantilly\/123523\/"},"author":{"name":"ni.abdi","@id":"https:\/\/territorialchallenges.com\/#\/schema\/person\/098f145c7c61a021c425e010f840080f"},"headline":"Les mutations technologiques : un regard r\u00e9trospectif sur les VI\u00e8mes Rencontres nationales de Chantilly","datePublished":"2024-11-14T14:43:40+00:00","dateModified":"2024-11-14T14:43:43+00:00","mainEntityOfPage":{"@id":"https:\/\/territorialchallenges.com\/2024\/11\/14\/les-mutations-technologiques-un-regard-retrospectif-sur-les-viemes-rencontres-nationales-de-chantilly\/123523\/"},"wordCount":620,"publisher":{"@id":"https:\/\/territorialchallenges.com\/#organization"},"articleSection":["M\u00e9moire"],"inLanguage":"de"},{"@type":"WebPage","@id":"https:\/\/territorialchallenges.com\/2024\/11\/14\/les-mutations-technologiques-un-regard-retrospectif-sur-les-viemes-rencontres-nationales-de-chantilly\/123523\/","url":"https:\/\/territorialchallenges.com\/2024\/11\/14\/les-mutations-technologiques-un-regard-retrospectif-sur-les-viemes-rencontres-nationales-de-chantilly\/123523\/","name":"Les mutations technologiques : un regard r\u00e9trospectif sur les VI\u00e8mes Rencontres nationales de Chantilly - Territorial Challenges","isPartOf":{"@id":"https:\/\/territorialchallenges.com\/#website"},"datePublished":"2024-11-14T14:43:40+00:00","dateModified":"2024-11-14T14:43:43+00:00","breadcrumb":{"@id":"https:\/\/territorialchallenges.com\/2024\/11\/14\/les-mutations-technologiques-un-regard-retrospectif-sur-les-viemes-rencontres-nationales-de-chantilly\/123523\/#breadcrumb"},"inLanguage":"de","potentialAction":[{"@type":"ReadAction","target":["https:\/\/territorialchallenges.com\/2024\/11\/14\/les-mutations-technologiques-un-regard-retrospectif-sur-les-viemes-rencontres-nationales-de-chantilly\/123523\/"]}]},{"@type":"BreadcrumbList","@id":"https:\/\/territorialchallenges.com\/2024\/11\/14\/les-mutations-technologiques-un-regard-retrospectif-sur-les-viemes-rencontres-nationales-de-chantilly\/123523\/#breadcrumb","itemListElement":[{"@type":"ListItem","position":1,"name":"Home","item":"https:\/\/territorialchallenges.com\/"},{"@type":"ListItem","position":2,"name":"Les mutations technologiques : un regard r\u00e9trospectif sur les VI\u00e8mes Rencontres nationales de Chantilly"}]},{"@type":"WebSite","@id":"https:\/\/territorialchallenges.com\/#website","url":"https:\/\/territorialchallenges.com\/","name":"Territoriale Herausforderungen","description":"Internationales Monitoring \u2013 Intelligente Strategien \u2013 Best Practices","publisher":{"@id":"https:\/\/territorialchallenges.com\/#organization"},"potentialAction":[{"@type":"SearchAction","target":{"@type":"EntryPoint","urlTemplate":"https:\/\/territorialchallenges.com\/?s={search_term_string}"},"query-input":"required name=search_term_string"}],"inLanguage":"de"},{"@type":"Organization","@id":"https:\/\/territorialchallenges.com\/#organization","name":"Territoriale Herausforderungen","url":"https:\/\/territorialchallenges.com\/","logo":{"@type":"ImageObject","inLanguage":"de","@id":"https:\/\/territorialchallenges.com\/#\/schema\/logo\/image\/","url":"https:\/\/territorialchallenges.com\/wp-content\/uploads\/2023\/10\/logo-1.png","contentUrl":"https:\/\/territorialchallenges.com\/wp-content\/uploads\/2023\/10\/logo-1.png","width":1832,"height":576,"caption":"Territorial Challenges"},"image":{"@id":"https:\/\/territorialchallenges.com\/#\/schema\/logo\/image\/"}},{"@type":"Person","@id":"https:\/\/territorialchallenges.com\/#\/schema\/person\/098f145c7c61a021c425e010f840080f","name":"ni.abdi","image":{"@type":"ImageObject","inLanguage":"de","@id":"https:\/\/territorialchallenges.com\/#\/schema\/person\/image\/","url":"https:\/\/secure.gravatar.com\/avatar\/2a2f2491f3c80039986ba989b1e4b510?s=96&d=identicon&r=g","contentUrl":"https:\/\/secure.gravatar.com\/avatar\/2a2f2491f3c80039986ba989b1e4b510?s=96&d=identicon&r=g","caption":"ni.abdi"},"sameAs":["https:\/\/twitter.com\/Ni.abdi"],"url":"https:\/\/territorialchallenges.com\/de\/author\/ni-abdi\/"}]}},"_links":{"self":[{"href":"https:\/\/territorialchallenges.com\/de\/wp-json\/wp\/v2\/posts\/123523"}],"collection":[{"href":"https:\/\/territorialchallenges.com\/de\/wp-json\/wp\/v2\/posts"}],"about":[{"href":"https:\/\/territorialchallenges.com\/de\/wp-json\/wp\/v2\/types\/post"}],"author":[{"embeddable":true,"href":"https:\/\/territorialchallenges.com\/de\/wp-json\/wp\/v2\/users\/11"}],"replies":[{"embeddable":true,"href":"https:\/\/territorialchallenges.com\/de\/wp-json\/wp\/v2\/comments?post=123523"}],"version-history":[{"count":1,"href":"https:\/\/territorialchallenges.com\/de\/wp-json\/wp\/v2\/posts\/123523\/revisions"}],"predecessor-version":[{"id":123525,"href":"https:\/\/territorialchallenges.com\/de\/wp-json\/wp\/v2\/posts\/123523\/revisions\/123525"}],"wp:featuredmedia":[{"embeddable":true,"href":"https:\/\/territorialchallenges.com\/de\/wp-json\/wp\/v2\/media\/123524"}],"wp:attachment":[{"href":"https:\/\/territorialchallenges.com\/de\/wp-json\/wp\/v2\/media?parent=123523"}],"wp:term":[{"taxonomy":"category","embeddable":true,"href":"https:\/\/territorialchallenges.com\/de\/wp-json\/wp\/v2\/categories?post=123523"},{"taxonomy":"post_tag","embeddable":true,"href":"https:\/\/territorialchallenges.com\/de\/wp-json\/wp\/v2\/tags?post=123523"}],"curies":[{"name":"wp","href":"https:\/\/api.w.org\/{rel}","templated":true}]}}