{"id":123514,"date":"2024-11-07T17:05:14","date_gmt":"2024-11-07T16:05:14","guid":{"rendered":"https:\/\/territorialchallenges.com\/?p=123514"},"modified":"2024-11-07T17:05:15","modified_gmt":"2024-11-07T16:05:15","slug":"vers-une-ville-intelligente-la-resilience-et-la-durabilite-avant-la-competition-technologique","status":"publish","type":"post","link":"https:\/\/territorialchallenges.com\/de\/2024\/11\/07\/vers-une-ville-intelligente-la-resilience-et-la-durabilite-avant-la-competition-technologique\/123514\/","title":{"rendered":"Auf dem Weg zur Smart City: Resilienz und Nachhaltigkeit vor technologischem Wettbewerb"},"content":{"rendered":"<p>Die \u00dcberschwemmungen in Valencia haben die Schw\u00e4chen digitaler Warnsysteme und die Bedeutung eines st\u00e4rker integrierten und humaneren Klimakrisenmanagements aufgezeigt. Bei der Ausstattung der St\u00e4dte mit neuen Technologien ist es unerl\u00e4sslich, deren Nutzen f\u00fcr die st\u00e4dtische Nachhaltigkeit und Widerstandsf\u00e4higkeit \u00fcber kommerzielle Interessen oder Innovationen hinaus zu priorisieren. <\/p>\n<div class=\"pmpro_content_message\">Artikel nur f\u00fcr Abonnenten sichtbar.<br \/><a href=\"https:\/\/territorialchallenges.com\/wp-login.php\">Verbindung<\/a><br \/><a href=\"https:\/\/territorialchallenges.com\/de\/wp-login.php\/?action=register\">Registrieren<\/a><\/div>","protected":false},"excerpt":{"rendered":"<p>Les inondations de Valence ont r\u00e9v\u00e9l\u00e9 les failles des syst\u00e8mes d&rsquo;alerte num\u00e9rique et l&rsquo;importance d\u2019une gestion plus int\u00e9gr\u00e9e et humaine des crises climatiques. \u00c0 l\u2019heure o\u00f9 les villes s&rsquo;\u00e9quipent de nouvelles technologies, il devient essentiel de prioriser leur utilit\u00e9 pour la durabilit\u00e9 et la r\u00e9silience urbaine, au-del\u00e0 des int\u00e9r\u00eats commerciaux ou de la seule innovation... <\/p>\n<div class=\"pmpro_content_message\">Artikel nur f\u00fcr Abonnenten sichtbar.<br \/><a href=\"https:\/\/territorialchallenges.com\/wp-login.php\">Verbindung<\/a><br \/><a href=\"https:\/\/territorialchallenges.com\/de\/wp-login.php\/?action=register\">Registrieren<\/a><\/div>","protected":false},"author":11,"featured_media":123515,"comment_status":"closed","ping_status":"closed","sticky":true,"template":"","format":"standard","meta":{"pmpro_default_level":0,"footnotes":""},"categories":[130,117],"tags":[],"blocksy_meta":"","yoast_head":"<!-- This site is optimized with the Yoast SEO plugin v21.5 - https:\/\/yoast.com\/wordpress\/plugins\/seo\/ -->\n<title>Vers une ville intelligente : la r\u00e9silience et la durabilit\u00e9 avant la comp\u00e9tition technologique - Territorial Challenges<\/title>\n<meta name=\"robots\" content=\"index, follow, max-snippet:-1, max-image-preview:large, max-video-preview:-1\" \/>\n<link rel=\"canonical\" href=\"https:\/\/territorialchallenges.com\/de\/2024\/11\/07\/vers-une-ville-intelligente-la-resilience-et-la-durabilite-avant-la-competition-technologique\/123514\/\" \/>\n<meta property=\"og:locale\" content=\"de_DE\" \/>\n<meta property=\"og:type\" content=\"article\" \/>\n<meta property=\"og:title\" content=\"Vers une ville intelligente : la r\u00e9silience et la durabilit\u00e9 avant la comp\u00e9tition technologique - Territorial Challenges\" \/>\n<meta property=\"og:description\" content=\"Les inondations de Valence ont r\u00e9v\u00e9l\u00e9 les failles des syst\u00e8mes d&rsquo;alerte num\u00e9rique et l&rsquo;importance d\u2019une gestion plus int\u00e9gr\u00e9e et humaine des crises climatiques. \u00c0 l\u2019heure o\u00f9 les villes s&rsquo;\u00e9quipent de nouvelles technologies, il devient essentiel de prioriser leur utilit\u00e9 pour la durabilit\u00e9 et la r\u00e9silience urbaine, au-del\u00e0 des int\u00e9r\u00eats commerciaux ou de la seule innovation [&hellip;]\" \/>\n<meta property=\"og:url\" content=\"https:\/\/territorialchallenges.com\/de\/2024\/11\/07\/vers-une-ville-intelligente-la-resilience-et-la-durabilite-avant-la-competition-technologique\/123514\/\" \/>\n<meta property=\"og:site_name\" content=\"Territorial Challenges\" \/>\n<meta property=\"article:published_time\" content=\"2024-11-07T16:05:14+00:00\" \/>\n<meta property=\"article:modified_time\" content=\"2024-11-07T16:05:15+00:00\" \/>\n<meta property=\"og:image\" content=\"https:\/\/territorialchallenges.com\/wp-content\/uploads\/2024\/11\/valenciaReflexion.jpg\" \/>\n\t<meta property=\"og:image:width\" content=\"720\" \/>\n\t<meta property=\"og:image:height\" content=\"800\" \/>\n\t<meta property=\"og:image:type\" content=\"image\/jpeg\" \/>\n<meta name=\"author\" content=\"ni.abdi\" \/>\n<meta name=\"twitter:card\" content=\"summary_large_image\" \/>\n<meta name=\"twitter:creator\" content=\"@Ni.abdi\" \/>\n<meta name=\"twitter:label1\" content=\"Verfasst von\" \/>\n\t<meta name=\"twitter:data1\" content=\"ni.abdi\" \/>\n\t<meta name=\"twitter:label2\" content=\"Gesch\u00e4tzte Lesezeit\" \/>\n\t<meta name=\"twitter:data2\" content=\"4\u00a0Minuten\" \/>\n<script type=\"application\/ld+json\" class=\"yoast-schema-graph\">{\"@context\":\"https:\/\/schema.org\",\"@graph\":[{\"@type\":\"Article\",\"@id\":\"https:\/\/territorialchallenges.com\/2024\/11\/07\/vers-une-ville-intelligente-la-resilience-et-la-durabilite-avant-la-competition-technologique\/123514\/#article\",\"isPartOf\":{\"@id\":\"https:\/\/territorialchallenges.com\/2024\/11\/07\/vers-une-ville-intelligente-la-resilience-et-la-durabilite-avant-la-competition-technologique\/123514\/\"},\"author\":{\"name\":\"ni.abdi\",\"@id\":\"https:\/\/territorialchallenges.com\/#\/schema\/person\/098f145c7c61a021c425e010f840080f\"},\"headline\":\"Vers une ville intelligente : la r\u00e9silience et la durabilit\u00e9 avant la comp\u00e9tition technologique\",\"datePublished\":\"2024-11-07T16:05:14+00:00\",\"dateModified\":\"2024-11-07T16:05:15+00:00\",\"mainEntityOfPage\":{\"@id\":\"https:\/\/territorialchallenges.com\/2024\/11\/07\/vers-une-ville-intelligente-la-resilience-et-la-durabilite-avant-la-competition-technologique\/123514\/\"},\"wordCount\":789,\"publisher\":{\"@id\":\"https:\/\/territorialchallenges.com\/#organization\"},\"articleSection\":[\"R\u00e9flexion faite\",\"\u00c9cosyst\u00e8me\"],\"inLanguage\":\"de\"},{\"@type\":\"WebPage\",\"@id\":\"https:\/\/territorialchallenges.com\/2024\/11\/07\/vers-une-ville-intelligente-la-resilience-et-la-durabilite-avant-la-competition-technologique\/123514\/\",\"url\":\"https:\/\/territorialchallenges.com\/2024\/11\/07\/vers-une-ville-intelligente-la-resilience-et-la-durabilite-avant-la-competition-technologique\/123514\/\",\"name\":\"Vers une ville intelligente : la r\u00e9silience et la durabilit\u00e9 avant la comp\u00e9tition technologique - Territorial Challenges\",\"isPartOf\":{\"@id\":\"https:\/\/territorialchallenges.com\/#website\"},\"datePublished\":\"2024-11-07T16:05:14+00:00\",\"dateModified\":\"2024-11-07T16:05:15+00:00\",\"breadcrumb\":{\"@id\":\"https:\/\/territorialchallenges.com\/2024\/11\/07\/vers-une-ville-intelligente-la-resilience-et-la-durabilite-avant-la-competition-technologique\/123514\/#breadcrumb\"},\"inLanguage\":\"de\",\"potentialAction\":[{\"@type\":\"ReadAction\",\"target\":[\"https:\/\/territorialchallenges.com\/2024\/11\/07\/vers-une-ville-intelligente-la-resilience-et-la-durabilite-avant-la-competition-technologique\/123514\/\"]}]},{\"@type\":\"BreadcrumbList\",\"@id\":\"https:\/\/territorialchallenges.com\/2024\/11\/07\/vers-une-ville-intelligente-la-resilience-et-la-durabilite-avant-la-competition-technologique\/123514\/#breadcrumb\",\"itemListElement\":[{\"@type\":\"ListItem\",\"position\":1,\"name\":\"Home\",\"item\":\"https:\/\/territorialchallenges.com\/\"},{\"@type\":\"ListItem\",\"position\":2,\"name\":\"Vers une ville intelligente : la r\u00e9silience et la durabilit\u00e9 avant la comp\u00e9tition technologique\"}]},{\"@type\":\"WebSite\",\"@id\":\"https:\/\/territorialchallenges.com\/#website\",\"url\":\"https:\/\/territorialchallenges.com\/\",\"name\":\"Territorial Challenges\",\"description\":\"Veille Internationale - Strat\u00e9gie Intelligentes - Bonnes pratiques\",\"publisher\":{\"@id\":\"https:\/\/territorialchallenges.com\/#organization\"},\"potentialAction\":[{\"@type\":\"SearchAction\",\"target\":{\"@type\":\"EntryPoint\",\"urlTemplate\":\"https:\/\/territorialchallenges.com\/?s={search_term_string}\"},\"query-input\":\"required name=search_term_string\"}],\"inLanguage\":\"de\"},{\"@type\":\"Organization\",\"@id\":\"https:\/\/territorialchallenges.com\/#organization\",\"name\":\"Territorial Challenges\",\"url\":\"https:\/\/territorialchallenges.com\/\",\"logo\":{\"@type\":\"ImageObject\",\"inLanguage\":\"de\",\"@id\":\"https:\/\/territorialchallenges.com\/#\/schema\/logo\/image\/\",\"url\":\"https:\/\/territorialchallenges.com\/wp-content\/uploads\/2023\/10\/logo-1.png\",\"contentUrl\":\"https:\/\/territorialchallenges.com\/wp-content\/uploads\/2023\/10\/logo-1.png\",\"width\":1832,\"height\":576,\"caption\":\"Territorial Challenges\"},\"image\":{\"@id\":\"https:\/\/territorialchallenges.com\/#\/schema\/logo\/image\/\"}},{\"@type\":\"Person\",\"@id\":\"https:\/\/territorialchallenges.com\/#\/schema\/person\/098f145c7c61a021c425e010f840080f\",\"name\":\"ni.abdi\",\"image\":{\"@type\":\"ImageObject\",\"inLanguage\":\"de\",\"@id\":\"https:\/\/territorialchallenges.com\/#\/schema\/person\/image\/\",\"url\":\"https:\/\/secure.gravatar.com\/avatar\/2a2f2491f3c80039986ba989b1e4b510?s=96&d=identicon&r=g\",\"contentUrl\":\"https:\/\/secure.gravatar.com\/avatar\/2a2f2491f3c80039986ba989b1e4b510?s=96&d=identicon&r=g\",\"caption\":\"ni.abdi\"},\"sameAs\":[\"https:\/\/twitter.com\/Ni.abdi\"],\"url\":\"https:\/\/territorialchallenges.com\/de\/author\/ni-abdi\/\"}]}<\/script>\n<!-- \/ Yoast SEO plugin. -->","yoast_head_json":{"title":"Vers une ville intelligente : la r\u00e9silience et la durabilit\u00e9 avant la comp\u00e9tition technologique - Territorial Challenges","robots":{"index":"index","follow":"follow","max-snippet":"max-snippet:-1","max-image-preview":"max-image-preview:large","max-video-preview":"max-video-preview:-1"},"canonical":"https:\/\/territorialchallenges.com\/de\/2024\/11\/07\/vers-une-ville-intelligente-la-resilience-et-la-durabilite-avant-la-competition-technologique\/123514\/","og_locale":"de_DE","og_type":"article","og_title":"Vers une ville intelligente : la r\u00e9silience et la durabilit\u00e9 avant la comp\u00e9tition technologique - Territorial Challenges","og_description":"Les inondations de Valence ont r\u00e9v\u00e9l\u00e9 les failles des syst\u00e8mes d&rsquo;alerte num\u00e9rique et l&rsquo;importance d\u2019une gestion plus int\u00e9gr\u00e9e et humaine des crises climatiques. \u00c0 l\u2019heure o\u00f9 les villes s&rsquo;\u00e9quipent de nouvelles technologies, il devient essentiel de prioriser leur utilit\u00e9 pour la durabilit\u00e9 et la r\u00e9silience urbaine, au-del\u00e0 des int\u00e9r\u00eats commerciaux ou de la seule innovation [&hellip;]","og_url":"https:\/\/territorialchallenges.com\/de\/2024\/11\/07\/vers-une-ville-intelligente-la-resilience-et-la-durabilite-avant-la-competition-technologique\/123514\/","og_site_name":"Territorial Challenges","article_published_time":"2024-11-07T16:05:14+00:00","article_modified_time":"2024-11-07T16:05:15+00:00","og_image":[{"width":720,"height":800,"url":"https:\/\/territorialchallenges.com\/wp-content\/uploads\/2024\/11\/valenciaReflexion.jpg","type":"image\/jpeg"}],"author":"ni.abdi","twitter_card":"summary_large_image","twitter_creator":"@Ni.abdi","twitter_misc":{"Verfasst von":"ni.abdi","Gesch\u00e4tzte Lesezeit":"4\u00a0Minuten"},"schema":{"@context":"https:\/\/schema.org","@graph":[{"@type":"Article","@id":"https:\/\/territorialchallenges.com\/2024\/11\/07\/vers-une-ville-intelligente-la-resilience-et-la-durabilite-avant-la-competition-technologique\/123514\/#article","isPartOf":{"@id":"https:\/\/territorialchallenges.com\/2024\/11\/07\/vers-une-ville-intelligente-la-resilience-et-la-durabilite-avant-la-competition-technologique\/123514\/"},"author":{"name":"ni.abdi","@id":"https:\/\/territorialchallenges.com\/#\/schema\/person\/098f145c7c61a021c425e010f840080f"},"headline":"Vers une ville intelligente : la r\u00e9silience et la durabilit\u00e9 avant la comp\u00e9tition technologique","datePublished":"2024-11-07T16:05:14+00:00","dateModified":"2024-11-07T16:05:15+00:00","mainEntityOfPage":{"@id":"https:\/\/territorialchallenges.com\/2024\/11\/07\/vers-une-ville-intelligente-la-resilience-et-la-durabilite-avant-la-competition-technologique\/123514\/"},"wordCount":789,"publisher":{"@id":"https:\/\/territorialchallenges.com\/#organization"},"articleSection":["R\u00e9flexion faite","\u00c9cosyst\u00e8me"],"inLanguage":"de"},{"@type":"WebPage","@id":"https:\/\/territorialchallenges.com\/2024\/11\/07\/vers-une-ville-intelligente-la-resilience-et-la-durabilite-avant-la-competition-technologique\/123514\/","url":"https:\/\/territorialchallenges.com\/2024\/11\/07\/vers-une-ville-intelligente-la-resilience-et-la-durabilite-avant-la-competition-technologique\/123514\/","name":"Vers une ville intelligente : la r\u00e9silience et la durabilit\u00e9 avant la comp\u00e9tition technologique - Territorial Challenges","isPartOf":{"@id":"https:\/\/territorialchallenges.com\/#website"},"datePublished":"2024-11-07T16:05:14+00:00","dateModified":"2024-11-07T16:05:15+00:00","breadcrumb":{"@id":"https:\/\/territorialchallenges.com\/2024\/11\/07\/vers-une-ville-intelligente-la-resilience-et-la-durabilite-avant-la-competition-technologique\/123514\/#breadcrumb"},"inLanguage":"de","potentialAction":[{"@type":"ReadAction","target":["https:\/\/territorialchallenges.com\/2024\/11\/07\/vers-une-ville-intelligente-la-resilience-et-la-durabilite-avant-la-competition-technologique\/123514\/"]}]},{"@type":"BreadcrumbList","@id":"https:\/\/territorialchallenges.com\/2024\/11\/07\/vers-une-ville-intelligente-la-resilience-et-la-durabilite-avant-la-competition-technologique\/123514\/#breadcrumb","itemListElement":[{"@type":"ListItem","position":1,"name":"Home","item":"https:\/\/territorialchallenges.com\/"},{"@type":"ListItem","position":2,"name":"Vers une ville intelligente : la r\u00e9silience et la durabilit\u00e9 avant la comp\u00e9tition technologique"}]},{"@type":"WebSite","@id":"https:\/\/territorialchallenges.com\/#website","url":"https:\/\/territorialchallenges.com\/","name":"Territoriale Herausforderungen","description":"Internationales Monitoring \u2013 Intelligente Strategien \u2013 Best Practices","publisher":{"@id":"https:\/\/territorialchallenges.com\/#organization"},"potentialAction":[{"@type":"SearchAction","target":{"@type":"EntryPoint","urlTemplate":"https:\/\/territorialchallenges.com\/?s={search_term_string}"},"query-input":"required name=search_term_string"}],"inLanguage":"de"},{"@type":"Organization","@id":"https:\/\/territorialchallenges.com\/#organization","name":"Territoriale Herausforderungen","url":"https:\/\/territorialchallenges.com\/","logo":{"@type":"ImageObject","inLanguage":"de","@id":"https:\/\/territorialchallenges.com\/#\/schema\/logo\/image\/","url":"https:\/\/territorialchallenges.com\/wp-content\/uploads\/2023\/10\/logo-1.png","contentUrl":"https:\/\/territorialchallenges.com\/wp-content\/uploads\/2023\/10\/logo-1.png","width":1832,"height":576,"caption":"Territorial Challenges"},"image":{"@id":"https:\/\/territorialchallenges.com\/#\/schema\/logo\/image\/"}},{"@type":"Person","@id":"https:\/\/territorialchallenges.com\/#\/schema\/person\/098f145c7c61a021c425e010f840080f","name":"ni.abdi","image":{"@type":"ImageObject","inLanguage":"de","@id":"https:\/\/territorialchallenges.com\/#\/schema\/person\/image\/","url":"https:\/\/secure.gravatar.com\/avatar\/2a2f2491f3c80039986ba989b1e4b510?s=96&d=identicon&r=g","contentUrl":"https:\/\/secure.gravatar.com\/avatar\/2a2f2491f3c80039986ba989b1e4b510?s=96&d=identicon&r=g","caption":"ni.abdi"},"sameAs":["https:\/\/twitter.com\/Ni.abdi"],"url":"https:\/\/territorialchallenges.com\/de\/author\/ni-abdi\/"}]}},"_links":{"self":[{"href":"https:\/\/territorialchallenges.com\/de\/wp-json\/wp\/v2\/posts\/123514"}],"collection":[{"href":"https:\/\/territorialchallenges.com\/de\/wp-json\/wp\/v2\/posts"}],"about":[{"href":"https:\/\/territorialchallenges.com\/de\/wp-json\/wp\/v2\/types\/post"}],"author":[{"embeddable":true,"href":"https:\/\/territorialchallenges.com\/de\/wp-json\/wp\/v2\/users\/11"}],"replies":[{"embeddable":true,"href":"https:\/\/territorialchallenges.com\/de\/wp-json\/wp\/v2\/comments?post=123514"}],"version-history":[{"count":1,"href":"https:\/\/territorialchallenges.com\/de\/wp-json\/wp\/v2\/posts\/123514\/revisions"}],"predecessor-version":[{"id":123516,"href":"https:\/\/territorialchallenges.com\/de\/wp-json\/wp\/v2\/posts\/123514\/revisions\/123516"}],"wp:featuredmedia":[{"embeddable":true,"href":"https:\/\/territorialchallenges.com\/de\/wp-json\/wp\/v2\/media\/123515"}],"wp:attachment":[{"href":"https:\/\/territorialchallenges.com\/de\/wp-json\/wp\/v2\/media?parent=123514"}],"wp:term":[{"taxonomy":"category","embeddable":true,"href":"https:\/\/territorialchallenges.com\/de\/wp-json\/wp\/v2\/categories?post=123514"},{"taxonomy":"post_tag","embeddable":true,"href":"https:\/\/territorialchallenges.com\/de\/wp-json\/wp\/v2\/tags?post=123514"}],"curies":[{"name":"wp","href":"https:\/\/api.w.org\/{rel}","templated":true}]}}