{"id":123481,"date":"2024-10-26T22:11:24","date_gmt":"2024-10-26T20:11:24","guid":{"rendered":"https:\/\/territorialchallenges.com\/?p=123481"},"modified":"2024-10-26T22:11:26","modified_gmt":"2024-10-26T20:11:26","slug":"sandra-barnabe-linnovation-territoriale-a-la-portugaise","status":"publish","type":"post","link":"https:\/\/territorialchallenges.com\/de\/2024\/10\/26\/sandra-barnabe-linnovation-territoriale-a-la-portugaise\/123481\/","title":{"rendered":"Sandra Barnab\u00e9: Territorialinnovation im portugiesischen Stil"},"content":{"rendered":"<p>Sandra Barnab\u00e9, Leiterin der Innovationsabteilung bei Ubiwhere in Aveiro, Portugals renommierter Universit\u00e4tsstadt, ist eine Schl\u00fcsselfigur in der Entwicklung intelligenter St\u00e4dte. Mit ihrer Expertise in Projektmanagement, Gesch\u00e4ftsentwicklung und \u00f6ffentlicher Ordnung verk\u00f6rpert sie die Innovation und Kreativit\u00e4t, die erforderlich sind, um St\u00e4dte in nachhaltige und vernetzte R\u00e4ume zu verwandeln. Sandra Barnab\u00e9\u2026 <\/p>\n<div class=\"pmpro_content_message\">Artikel nur f\u00fcr Abonnenten sichtbar.<br \/><a href=\"https:\/\/territorialchallenges.com\/wp-login.php\">Verbindung<\/a><br \/><a href=\"https:\/\/territorialchallenges.com\/de\/wp-login.php\/?action=register\">Registrieren<\/a><\/div>","protected":false},"excerpt":{"rendered":"<p>Sandra Barnab\u00e9, Responsable de l\u2019innovation chez Ubiwhere \u00e0 Aveiro, cit\u00e9 universitaire reconnue du Portugal, est une figure cl\u00e9 dans le d\u00e9veloppement des villes intelligentes. Avec une expertise en gestion de projet, d\u00e9veloppement des affaires et politiques publiques, elle incarne l\u2019innovation et la cr\u00e9ativit\u00e9 n\u00e9cessaires pour transformer les villes en espaces durables et connect\u00e9s. Sandra Barnab\u00e9... <\/p>\n<div class=\"pmpro_content_message\">Artikel nur f\u00fcr Abonnenten sichtbar.<br \/><a href=\"https:\/\/territorialchallenges.com\/wp-login.php\">Verbindung<\/a><br \/><a href=\"https:\/\/territorialchallenges.com\/de\/wp-login.php\/?action=register\">Registrieren<\/a><\/div>","protected":false},"author":11,"featured_media":123482,"comment_status":"closed","ping_status":"closed","sticky":true,"template":"","format":"standard","meta":{"pmpro_default_level":0,"footnotes":""},"categories":[126,117],"tags":[],"blocksy_meta":"","yoast_head":"<!-- This site is optimized with the Yoast SEO plugin v21.5 - https:\/\/yoast.com\/wordpress\/plugins\/seo\/ -->\n<title>Sandra Barnab\u00e9 : l&#039;innovation territoriale \u00e0 la portugaise - Territorial Challenges<\/title>\n<meta name=\"robots\" content=\"index, follow, max-snippet:-1, max-image-preview:large, max-video-preview:-1\" \/>\n<link rel=\"canonical\" href=\"https:\/\/territorialchallenges.com\/de\/2024\/10\/26\/sandra-barnabe-linnovation-territoriale-a-la-portugaise\/123481\/\" \/>\n<meta property=\"og:locale\" content=\"de_DE\" \/>\n<meta property=\"og:type\" content=\"article\" \/>\n<meta property=\"og:title\" content=\"Sandra Barnab\u00e9 : l&#039;innovation territoriale \u00e0 la portugaise - Territorial Challenges\" \/>\n<meta property=\"og:description\" content=\"Sandra Barnab\u00e9, Responsable de l\u2019innovation chez Ubiwhere \u00e0 Aveiro, cit\u00e9 universitaire reconnue du Portugal, est une figure cl\u00e9 dans le d\u00e9veloppement des villes intelligentes. Avec une expertise en gestion de projet, d\u00e9veloppement des affaires et politiques publiques, elle incarne l\u2019innovation et la cr\u00e9ativit\u00e9 n\u00e9cessaires pour transformer les villes en espaces durables et connect\u00e9s. Sandra Barnab\u00e9 [&hellip;]\" \/>\n<meta property=\"og:url\" content=\"https:\/\/territorialchallenges.com\/de\/2024\/10\/26\/sandra-barnabe-linnovation-territoriale-a-la-portugaise\/123481\/\" \/>\n<meta property=\"og:site_name\" content=\"Territorial Challenges\" \/>\n<meta property=\"article:published_time\" content=\"2024-10-26T20:11:24+00:00\" \/>\n<meta property=\"article:modified_time\" content=\"2024-10-26T20:11:26+00:00\" \/>\n<meta property=\"og:image\" content=\"https:\/\/territorialchallenges.com\/wp-content\/uploads\/2024\/10\/onparledeux26.10.24.Image_.jpg\" \/>\n\t<meta property=\"og:image:width\" content=\"225\" \/>\n\t<meta property=\"og:image:height\" content=\"224\" \/>\n\t<meta property=\"og:image:type\" content=\"image\/jpeg\" \/>\n<meta name=\"author\" content=\"ni.abdi\" \/>\n<meta name=\"twitter:card\" content=\"summary_large_image\" \/>\n<meta name=\"twitter:creator\" content=\"@Ni.abdi\" \/>\n<meta name=\"twitter:label1\" content=\"Verfasst von\" \/>\n\t<meta name=\"twitter:data1\" content=\"ni.abdi\" \/>\n\t<meta name=\"twitter:label2\" content=\"Gesch\u00e4tzte Lesezeit\" \/>\n\t<meta name=\"twitter:data2\" content=\"4\u00a0Minuten\" \/>\n<script type=\"application\/ld+json\" class=\"yoast-schema-graph\">{\"@context\":\"https:\/\/schema.org\",\"@graph\":[{\"@type\":\"Article\",\"@id\":\"https:\/\/territorialchallenges.com\/2024\/10\/26\/sandra-barnabe-linnovation-territoriale-a-la-portugaise\/123481\/#article\",\"isPartOf\":{\"@id\":\"https:\/\/territorialchallenges.com\/2024\/10\/26\/sandra-barnabe-linnovation-territoriale-a-la-portugaise\/123481\/\"},\"author\":{\"name\":\"ni.abdi\",\"@id\":\"https:\/\/territorialchallenges.com\/#\/schema\/person\/098f145c7c61a021c425e010f840080f\"},\"headline\":\"Sandra Barnab\u00e9 : l&rsquo;innovation territoriale \u00e0 la portugaise\",\"datePublished\":\"2024-10-26T20:11:24+00:00\",\"dateModified\":\"2024-10-26T20:11:26+00:00\",\"mainEntityOfPage\":{\"@id\":\"https:\/\/territorialchallenges.com\/2024\/10\/26\/sandra-barnabe-linnovation-territoriale-a-la-portugaise\/123481\/\"},\"wordCount\":742,\"publisher\":{\"@id\":\"https:\/\/territorialchallenges.com\/#organization\"},\"articleSection\":[\"On parle d'eux\",\"\u00c9cosyst\u00e8me\"],\"inLanguage\":\"de\"},{\"@type\":\"WebPage\",\"@id\":\"https:\/\/territorialchallenges.com\/2024\/10\/26\/sandra-barnabe-linnovation-territoriale-a-la-portugaise\/123481\/\",\"url\":\"https:\/\/territorialchallenges.com\/2024\/10\/26\/sandra-barnabe-linnovation-territoriale-a-la-portugaise\/123481\/\",\"name\":\"Sandra Barnab\u00e9 : l'innovation territoriale \u00e0 la portugaise - Territorial Challenges\",\"isPartOf\":{\"@id\":\"https:\/\/territorialchallenges.com\/#website\"},\"datePublished\":\"2024-10-26T20:11:24+00:00\",\"dateModified\":\"2024-10-26T20:11:26+00:00\",\"breadcrumb\":{\"@id\":\"https:\/\/territorialchallenges.com\/2024\/10\/26\/sandra-barnabe-linnovation-territoriale-a-la-portugaise\/123481\/#breadcrumb\"},\"inLanguage\":\"de\",\"potentialAction\":[{\"@type\":\"ReadAction\",\"target\":[\"https:\/\/territorialchallenges.com\/2024\/10\/26\/sandra-barnabe-linnovation-territoriale-a-la-portugaise\/123481\/\"]}]},{\"@type\":\"BreadcrumbList\",\"@id\":\"https:\/\/territorialchallenges.com\/2024\/10\/26\/sandra-barnabe-linnovation-territoriale-a-la-portugaise\/123481\/#breadcrumb\",\"itemListElement\":[{\"@type\":\"ListItem\",\"position\":1,\"name\":\"Home\",\"item\":\"https:\/\/territorialchallenges.com\/\"},{\"@type\":\"ListItem\",\"position\":2,\"name\":\"Sandra Barnab\u00e9 : l&rsquo;innovation territoriale \u00e0 la portugaise\"}]},{\"@type\":\"WebSite\",\"@id\":\"https:\/\/territorialchallenges.com\/#website\",\"url\":\"https:\/\/territorialchallenges.com\/\",\"name\":\"Territorial Challenges\",\"description\":\"Veille Internationale - Strat\u00e9gie Intelligentes - Bonnes pratiques\",\"publisher\":{\"@id\":\"https:\/\/territorialchallenges.com\/#organization\"},\"potentialAction\":[{\"@type\":\"SearchAction\",\"target\":{\"@type\":\"EntryPoint\",\"urlTemplate\":\"https:\/\/territorialchallenges.com\/?s={search_term_string}\"},\"query-input\":\"required name=search_term_string\"}],\"inLanguage\":\"de\"},{\"@type\":\"Organization\",\"@id\":\"https:\/\/territorialchallenges.com\/#organization\",\"name\":\"Territorial Challenges\",\"url\":\"https:\/\/territorialchallenges.com\/\",\"logo\":{\"@type\":\"ImageObject\",\"inLanguage\":\"de\",\"@id\":\"https:\/\/territorialchallenges.com\/#\/schema\/logo\/image\/\",\"url\":\"https:\/\/territorialchallenges.com\/wp-content\/uploads\/2023\/10\/logo-1.png\",\"contentUrl\":\"https:\/\/territorialchallenges.com\/wp-content\/uploads\/2023\/10\/logo-1.png\",\"width\":1832,\"height\":576,\"caption\":\"Territorial Challenges\"},\"image\":{\"@id\":\"https:\/\/territorialchallenges.com\/#\/schema\/logo\/image\/\"}},{\"@type\":\"Person\",\"@id\":\"https:\/\/territorialchallenges.com\/#\/schema\/person\/098f145c7c61a021c425e010f840080f\",\"name\":\"ni.abdi\",\"image\":{\"@type\":\"ImageObject\",\"inLanguage\":\"de\",\"@id\":\"https:\/\/territorialchallenges.com\/#\/schema\/person\/image\/\",\"url\":\"https:\/\/secure.gravatar.com\/avatar\/2a2f2491f3c80039986ba989b1e4b510?s=96&d=identicon&r=g\",\"contentUrl\":\"https:\/\/secure.gravatar.com\/avatar\/2a2f2491f3c80039986ba989b1e4b510?s=96&d=identicon&r=g\",\"caption\":\"ni.abdi\"},\"sameAs\":[\"https:\/\/twitter.com\/Ni.abdi\"],\"url\":\"https:\/\/territorialchallenges.com\/de\/author\/ni-abdi\/\"}]}<\/script>\n<!-- \/ Yoast SEO plugin. -->","yoast_head_json":{"title":"Sandra Barnab\u00e9 : l'innovation territoriale \u00e0 la portugaise - Territorial Challenges","robots":{"index":"index","follow":"follow","max-snippet":"max-snippet:-1","max-image-preview":"max-image-preview:large","max-video-preview":"max-video-preview:-1"},"canonical":"https:\/\/territorialchallenges.com\/de\/2024\/10\/26\/sandra-barnabe-linnovation-territoriale-a-la-portugaise\/123481\/","og_locale":"de_DE","og_type":"article","og_title":"Sandra Barnab\u00e9 : l'innovation territoriale \u00e0 la portugaise - Territorial Challenges","og_description":"Sandra Barnab\u00e9, Responsable de l\u2019innovation chez Ubiwhere \u00e0 Aveiro, cit\u00e9 universitaire reconnue du Portugal, est une figure cl\u00e9 dans le d\u00e9veloppement des villes intelligentes. Avec une expertise en gestion de projet, d\u00e9veloppement des affaires et politiques publiques, elle incarne l\u2019innovation et la cr\u00e9ativit\u00e9 n\u00e9cessaires pour transformer les villes en espaces durables et connect\u00e9s. Sandra Barnab\u00e9 [&hellip;]","og_url":"https:\/\/territorialchallenges.com\/de\/2024\/10\/26\/sandra-barnabe-linnovation-territoriale-a-la-portugaise\/123481\/","og_site_name":"Territorial Challenges","article_published_time":"2024-10-26T20:11:24+00:00","article_modified_time":"2024-10-26T20:11:26+00:00","og_image":[{"width":225,"height":224,"url":"https:\/\/territorialchallenges.com\/wp-content\/uploads\/2024\/10\/onparledeux26.10.24.Image_.jpg","type":"image\/jpeg"}],"author":"ni.abdi","twitter_card":"summary_large_image","twitter_creator":"@Ni.abdi","twitter_misc":{"Verfasst von":"ni.abdi","Gesch\u00e4tzte Lesezeit":"4\u00a0Minuten"},"schema":{"@context":"https:\/\/schema.org","@graph":[{"@type":"Article","@id":"https:\/\/territorialchallenges.com\/2024\/10\/26\/sandra-barnabe-linnovation-territoriale-a-la-portugaise\/123481\/#article","isPartOf":{"@id":"https:\/\/territorialchallenges.com\/2024\/10\/26\/sandra-barnabe-linnovation-territoriale-a-la-portugaise\/123481\/"},"author":{"name":"ni.abdi","@id":"https:\/\/territorialchallenges.com\/#\/schema\/person\/098f145c7c61a021c425e010f840080f"},"headline":"Sandra Barnab\u00e9 : l&rsquo;innovation territoriale \u00e0 la portugaise","datePublished":"2024-10-26T20:11:24+00:00","dateModified":"2024-10-26T20:11:26+00:00","mainEntityOfPage":{"@id":"https:\/\/territorialchallenges.com\/2024\/10\/26\/sandra-barnabe-linnovation-territoriale-a-la-portugaise\/123481\/"},"wordCount":742,"publisher":{"@id":"https:\/\/territorialchallenges.com\/#organization"},"articleSection":["On parle d'eux","\u00c9cosyst\u00e8me"],"inLanguage":"de"},{"@type":"WebPage","@id":"https:\/\/territorialchallenges.com\/2024\/10\/26\/sandra-barnabe-linnovation-territoriale-a-la-portugaise\/123481\/","url":"https:\/\/territorialchallenges.com\/2024\/10\/26\/sandra-barnabe-linnovation-territoriale-a-la-portugaise\/123481\/","name":"Sandra Barnab\u00e9 : l'innovation territoriale \u00e0 la portugaise - Territorial Challenges","isPartOf":{"@id":"https:\/\/territorialchallenges.com\/#website"},"datePublished":"2024-10-26T20:11:24+00:00","dateModified":"2024-10-26T20:11:26+00:00","breadcrumb":{"@id":"https:\/\/territorialchallenges.com\/2024\/10\/26\/sandra-barnabe-linnovation-territoriale-a-la-portugaise\/123481\/#breadcrumb"},"inLanguage":"de","potentialAction":[{"@type":"ReadAction","target":["https:\/\/territorialchallenges.com\/2024\/10\/26\/sandra-barnabe-linnovation-territoriale-a-la-portugaise\/123481\/"]}]},{"@type":"BreadcrumbList","@id":"https:\/\/territorialchallenges.com\/2024\/10\/26\/sandra-barnabe-linnovation-territoriale-a-la-portugaise\/123481\/#breadcrumb","itemListElement":[{"@type":"ListItem","position":1,"name":"Home","item":"https:\/\/territorialchallenges.com\/"},{"@type":"ListItem","position":2,"name":"Sandra Barnab\u00e9 : l&rsquo;innovation territoriale \u00e0 la portugaise"}]},{"@type":"WebSite","@id":"https:\/\/territorialchallenges.com\/#website","url":"https:\/\/territorialchallenges.com\/","name":"Territoriale Herausforderungen","description":"Internationales Monitoring \u2013 Intelligente Strategien \u2013 Best Practices","publisher":{"@id":"https:\/\/territorialchallenges.com\/#organization"},"potentialAction":[{"@type":"SearchAction","target":{"@type":"EntryPoint","urlTemplate":"https:\/\/territorialchallenges.com\/?s={search_term_string}"},"query-input":"required name=search_term_string"}],"inLanguage":"de"},{"@type":"Organization","@id":"https:\/\/territorialchallenges.com\/#organization","name":"Territoriale Herausforderungen","url":"https:\/\/territorialchallenges.com\/","logo":{"@type":"ImageObject","inLanguage":"de","@id":"https:\/\/territorialchallenges.com\/#\/schema\/logo\/image\/","url":"https:\/\/territorialchallenges.com\/wp-content\/uploads\/2023\/10\/logo-1.png","contentUrl":"https:\/\/territorialchallenges.com\/wp-content\/uploads\/2023\/10\/logo-1.png","width":1832,"height":576,"caption":"Territorial Challenges"},"image":{"@id":"https:\/\/territorialchallenges.com\/#\/schema\/logo\/image\/"}},{"@type":"Person","@id":"https:\/\/territorialchallenges.com\/#\/schema\/person\/098f145c7c61a021c425e010f840080f","name":"ni.abdi","image":{"@type":"ImageObject","inLanguage":"de","@id":"https:\/\/territorialchallenges.com\/#\/schema\/person\/image\/","url":"https:\/\/secure.gravatar.com\/avatar\/2a2f2491f3c80039986ba989b1e4b510?s=96&d=identicon&r=g","contentUrl":"https:\/\/secure.gravatar.com\/avatar\/2a2f2491f3c80039986ba989b1e4b510?s=96&d=identicon&r=g","caption":"ni.abdi"},"sameAs":["https:\/\/twitter.com\/Ni.abdi"],"url":"https:\/\/territorialchallenges.com\/de\/author\/ni-abdi\/"}]}},"_links":{"self":[{"href":"https:\/\/territorialchallenges.com\/de\/wp-json\/wp\/v2\/posts\/123481"}],"collection":[{"href":"https:\/\/territorialchallenges.com\/de\/wp-json\/wp\/v2\/posts"}],"about":[{"href":"https:\/\/territorialchallenges.com\/de\/wp-json\/wp\/v2\/types\/post"}],"author":[{"embeddable":true,"href":"https:\/\/territorialchallenges.com\/de\/wp-json\/wp\/v2\/users\/11"}],"replies":[{"embeddable":true,"href":"https:\/\/territorialchallenges.com\/de\/wp-json\/wp\/v2\/comments?post=123481"}],"version-history":[{"count":1,"href":"https:\/\/territorialchallenges.com\/de\/wp-json\/wp\/v2\/posts\/123481\/revisions"}],"predecessor-version":[{"id":123483,"href":"https:\/\/territorialchallenges.com\/de\/wp-json\/wp\/v2\/posts\/123481\/revisions\/123483"}],"wp:featuredmedia":[{"embeddable":true,"href":"https:\/\/territorialchallenges.com\/de\/wp-json\/wp\/v2\/media\/123482"}],"wp:attachment":[{"href":"https:\/\/territorialchallenges.com\/de\/wp-json\/wp\/v2\/media?parent=123481"}],"wp:term":[{"taxonomy":"category","embeddable":true,"href":"https:\/\/territorialchallenges.com\/de\/wp-json\/wp\/v2\/categories?post=123481"},{"taxonomy":"post_tag","embeddable":true,"href":"https:\/\/territorialchallenges.com\/de\/wp-json\/wp\/v2\/tags?post=123481"}],"curies":[{"name":"wp","href":"https:\/\/api.w.org\/{rel}","templated":true}]}}