{"id":123310,"date":"2024-09-26T15:36:24","date_gmt":"2024-09-26T13:36:24","guid":{"rendered":"https:\/\/territorialchallenges.com\/?p=123310"},"modified":"2024-09-26T15:38:51","modified_gmt":"2024-09-26T13:38:51","slug":"commemoration-du-cinquantenaire-des-premieres-realisations-de-transmission-denergie-par-lelectricite","status":"publish","type":"post","link":"https:\/\/territorialchallenges.com\/de\/2024\/09\/26\/commemoration-du-cinquantenaire-des-premieres-realisations-de-transmission-denergie-par-lelectricite\/123310\/","title":{"rendered":"Gedenken an den f\u00fcnfzigsten Jahrestag der ersten Erfolge bei der Energie\u00fcbertragung durch Elektrizit\u00e4t"},"content":{"rendered":"<p>Im Jahr 1935 organisierte die franz\u00f6sische Gesellschaft der Elektriker eine denkw\u00fcrdige Zeremonie zum 50. Jahrestag der Experimente von Marcel Deprez und der Arbeit von Lucien Gaulard. Diese Feier fand im Rahmen einer offiziellen Sitzung am Conservatoire national des Arts et M\u00e9tiers statt, gefolgt von einem Bankett in der Salle Hoche. Zu der Veranstaltung kamen prominente Pers\u00f6nlichkeiten zusammen\u2026 <\/p>\n<div class=\"pmpro_content_message\">Artikel nur f\u00fcr Abonnenten sichtbar.<br \/><a href=\"https:\/\/territorialchallenges.com\/wp-login.php\">Verbindung<\/a><br \/><a href=\"https:\/\/territorialchallenges.com\/de\/wp-login.php\/?action=register\">Registrieren<\/a><\/div>","protected":false},"excerpt":{"rendered":"<p>En 1935, la Soci\u00e9t\u00e9 fran\u00e7aise des \u00c9lectriciens a organis\u00e9 une c\u00e9r\u00e9monie m\u00e9morable pour c\u00e9l\u00e9brer le cinquantenaire des exp\u00e9riences de Marcel Deprez et des travaux de Lucien Gaulard. Cette comm\u00e9moration a \u00e9t\u00e9 marqu\u00e9e par une s\u00e9ance solennelle au Conservatoire national des Arts et M\u00e9tiers, suivie d&rsquo;un banquet \u00e0 la Salle Hoche. L&rsquo;\u00e9v\u00e9nement a rassembl\u00e9 des personnalit\u00e9s... <\/p>\n<div class=\"pmpro_content_message\">Artikel nur f\u00fcr Abonnenten sichtbar.<br \/><a href=\"https:\/\/territorialchallenges.com\/wp-login.php\">Verbindung<\/a><br \/><a href=\"https:\/\/territorialchallenges.com\/de\/wp-login.php\/?action=register\">Registrieren<\/a><\/div>","protected":false},"author":11,"featured_media":123311,"comment_status":"closed","ping_status":"closed","sticky":true,"template":"","format":"standard","meta":{"pmpro_default_level":0,"footnotes":""},"categories":[121],"tags":[],"blocksy_meta":"","yoast_head":"<!-- This site is optimized with the Yoast SEO plugin v21.5 - https:\/\/yoast.com\/wordpress\/plugins\/seo\/ -->\n<title>Comm\u00e9moration du cinquantenaire des premi\u00e8res r\u00e9alisations de transmission d&#039;\u00e9nergie par l&#039;\u00e9lectricit\u00e9 - Territorial Challenges<\/title>\n<meta name=\"robots\" content=\"index, follow, max-snippet:-1, max-image-preview:large, max-video-preview:-1\" \/>\n<link rel=\"canonical\" href=\"https:\/\/territorialchallenges.com\/de\/2024\/09\/26\/commemoration-du-cinquantenaire-des-premieres-realisations-de-transmission-denergie-par-lelectricite\/123310\/\" \/>\n<meta property=\"og:locale\" content=\"de_DE\" \/>\n<meta property=\"og:type\" content=\"article\" \/>\n<meta property=\"og:title\" content=\"Comm\u00e9moration du cinquantenaire des premi\u00e8res r\u00e9alisations de transmission d&#039;\u00e9nergie par l&#039;\u00e9lectricit\u00e9 - Territorial Challenges\" \/>\n<meta property=\"og:description\" content=\"En 1935, la Soci\u00e9t\u00e9 fran\u00e7aise des \u00c9lectriciens a organis\u00e9 une c\u00e9r\u00e9monie m\u00e9morable pour c\u00e9l\u00e9brer le cinquantenaire des exp\u00e9riences de Marcel Deprez et des travaux de Lucien Gaulard. Cette comm\u00e9moration a \u00e9t\u00e9 marqu\u00e9e par une s\u00e9ance solennelle au Conservatoire national des Arts et M\u00e9tiers, suivie d&rsquo;un banquet \u00e0 la Salle Hoche. L&rsquo;\u00e9v\u00e9nement a rassembl\u00e9 des personnalit\u00e9s [&hellip;]\" \/>\n<meta property=\"og:url\" content=\"https:\/\/territorialchallenges.com\/de\/2024\/09\/26\/commemoration-du-cinquantenaire-des-premieres-realisations-de-transmission-denergie-par-lelectricite\/123310\/\" \/>\n<meta property=\"og:site_name\" content=\"Territorial Challenges\" \/>\n<meta property=\"article:published_time\" content=\"2024-09-26T13:36:24+00:00\" \/>\n<meta property=\"article:modified_time\" content=\"2024-09-26T13:38:51+00:00\" \/>\n<meta property=\"og:image\" content=\"https:\/\/territorialchallenges.com\/wp-content\/uploads\/2024\/09\/memoireimageelectriciens.jpeg\" \/>\n\t<meta property=\"og:image:width\" content=\"486\" \/>\n\t<meta property=\"og:image:height\" content=\"639\" \/>\n\t<meta property=\"og:image:type\" content=\"image\/jpeg\" \/>\n<meta name=\"author\" content=\"ni.abdi\" \/>\n<meta name=\"twitter:card\" content=\"summary_large_image\" \/>\n<meta name=\"twitter:creator\" content=\"@Ni.abdi\" \/>\n<meta name=\"twitter:label1\" content=\"Verfasst von\" \/>\n\t<meta name=\"twitter:data1\" content=\"ni.abdi\" \/>\n\t<meta name=\"twitter:label2\" content=\"Gesch\u00e4tzte Lesezeit\" \/>\n\t<meta name=\"twitter:data2\" content=\"3\u00a0Minuten\" \/>\n<script type=\"application\/ld+json\" class=\"yoast-schema-graph\">{\"@context\":\"https:\/\/schema.org\",\"@graph\":[{\"@type\":\"Article\",\"@id\":\"https:\/\/territorialchallenges.com\/2024\/09\/26\/commemoration-du-cinquantenaire-des-premieres-realisations-de-transmission-denergie-par-lelectricite\/123310\/#article\",\"isPartOf\":{\"@id\":\"https:\/\/territorialchallenges.com\/2024\/09\/26\/commemoration-du-cinquantenaire-des-premieres-realisations-de-transmission-denergie-par-lelectricite\/123310\/\"},\"author\":{\"name\":\"ni.abdi\",\"@id\":\"https:\/\/territorialchallenges.com\/#\/schema\/person\/098f145c7c61a021c425e010f840080f\"},\"headline\":\"Comm\u00e9moration du cinquantenaire des premi\u00e8res r\u00e9alisations de transmission d&rsquo;\u00e9nergie par l&rsquo;\u00e9lectricit\u00e9\",\"datePublished\":\"2024-09-26T13:36:24+00:00\",\"dateModified\":\"2024-09-26T13:38:51+00:00\",\"mainEntityOfPage\":{\"@id\":\"https:\/\/territorialchallenges.com\/2024\/09\/26\/commemoration-du-cinquantenaire-des-premieres-realisations-de-transmission-denergie-par-lelectricite\/123310\/\"},\"wordCount\":686,\"publisher\":{\"@id\":\"https:\/\/territorialchallenges.com\/#organization\"},\"articleSection\":[\"M\u00e9moire\"],\"inLanguage\":\"de\"},{\"@type\":\"WebPage\",\"@id\":\"https:\/\/territorialchallenges.com\/2024\/09\/26\/commemoration-du-cinquantenaire-des-premieres-realisations-de-transmission-denergie-par-lelectricite\/123310\/\",\"url\":\"https:\/\/territorialchallenges.com\/2024\/09\/26\/commemoration-du-cinquantenaire-des-premieres-realisations-de-transmission-denergie-par-lelectricite\/123310\/\",\"name\":\"Comm\u00e9moration du cinquantenaire des premi\u00e8res r\u00e9alisations de transmission d'\u00e9nergie par l'\u00e9lectricit\u00e9 - Territorial Challenges\",\"isPartOf\":{\"@id\":\"https:\/\/territorialchallenges.com\/#website\"},\"datePublished\":\"2024-09-26T13:36:24+00:00\",\"dateModified\":\"2024-09-26T13:38:51+00:00\",\"breadcrumb\":{\"@id\":\"https:\/\/territorialchallenges.com\/2024\/09\/26\/commemoration-du-cinquantenaire-des-premieres-realisations-de-transmission-denergie-par-lelectricite\/123310\/#breadcrumb\"},\"inLanguage\":\"de\",\"potentialAction\":[{\"@type\":\"ReadAction\",\"target\":[\"https:\/\/territorialchallenges.com\/2024\/09\/26\/commemoration-du-cinquantenaire-des-premieres-realisations-de-transmission-denergie-par-lelectricite\/123310\/\"]}]},{\"@type\":\"BreadcrumbList\",\"@id\":\"https:\/\/territorialchallenges.com\/2024\/09\/26\/commemoration-du-cinquantenaire-des-premieres-realisations-de-transmission-denergie-par-lelectricite\/123310\/#breadcrumb\",\"itemListElement\":[{\"@type\":\"ListItem\",\"position\":1,\"name\":\"Home\",\"item\":\"https:\/\/territorialchallenges.com\/\"},{\"@type\":\"ListItem\",\"position\":2,\"name\":\"Comm\u00e9moration du cinquantenaire des premi\u00e8res r\u00e9alisations de transmission d&rsquo;\u00e9nergie par l&rsquo;\u00e9lectricit\u00e9\"}]},{\"@type\":\"WebSite\",\"@id\":\"https:\/\/territorialchallenges.com\/#website\",\"url\":\"https:\/\/territorialchallenges.com\/\",\"name\":\"Territorial Challenges\",\"description\":\"Veille Internationale - Strat\u00e9gie Intelligentes - Bonnes pratiques\",\"publisher\":{\"@id\":\"https:\/\/territorialchallenges.com\/#organization\"},\"potentialAction\":[{\"@type\":\"SearchAction\",\"target\":{\"@type\":\"EntryPoint\",\"urlTemplate\":\"https:\/\/territorialchallenges.com\/?s={search_term_string}\"},\"query-input\":\"required name=search_term_string\"}],\"inLanguage\":\"de\"},{\"@type\":\"Organization\",\"@id\":\"https:\/\/territorialchallenges.com\/#organization\",\"name\":\"Territorial Challenges\",\"url\":\"https:\/\/territorialchallenges.com\/\",\"logo\":{\"@type\":\"ImageObject\",\"inLanguage\":\"de\",\"@id\":\"https:\/\/territorialchallenges.com\/#\/schema\/logo\/image\/\",\"url\":\"https:\/\/territorialchallenges.com\/wp-content\/uploads\/2023\/10\/logo-1.png\",\"contentUrl\":\"https:\/\/territorialchallenges.com\/wp-content\/uploads\/2023\/10\/logo-1.png\",\"width\":1832,\"height\":576,\"caption\":\"Territorial Challenges\"},\"image\":{\"@id\":\"https:\/\/territorialchallenges.com\/#\/schema\/logo\/image\/\"}},{\"@type\":\"Person\",\"@id\":\"https:\/\/territorialchallenges.com\/#\/schema\/person\/098f145c7c61a021c425e010f840080f\",\"name\":\"ni.abdi\",\"image\":{\"@type\":\"ImageObject\",\"inLanguage\":\"de\",\"@id\":\"https:\/\/territorialchallenges.com\/#\/schema\/person\/image\/\",\"url\":\"https:\/\/secure.gravatar.com\/avatar\/2a2f2491f3c80039986ba989b1e4b510?s=96&d=identicon&r=g\",\"contentUrl\":\"https:\/\/secure.gravatar.com\/avatar\/2a2f2491f3c80039986ba989b1e4b510?s=96&d=identicon&r=g\",\"caption\":\"ni.abdi\"},\"sameAs\":[\"https:\/\/twitter.com\/Ni.abdi\"],\"url\":\"https:\/\/territorialchallenges.com\/de\/author\/ni-abdi\/\"}]}<\/script>\n<!-- \/ Yoast SEO plugin. -->","yoast_head_json":{"title":"Comm\u00e9moration du cinquantenaire des premi\u00e8res r\u00e9alisations de transmission d'\u00e9nergie par l'\u00e9lectricit\u00e9 - Territorial Challenges","robots":{"index":"index","follow":"follow","max-snippet":"max-snippet:-1","max-image-preview":"max-image-preview:large","max-video-preview":"max-video-preview:-1"},"canonical":"https:\/\/territorialchallenges.com\/de\/2024\/09\/26\/commemoration-du-cinquantenaire-des-premieres-realisations-de-transmission-denergie-par-lelectricite\/123310\/","og_locale":"de_DE","og_type":"article","og_title":"Comm\u00e9moration du cinquantenaire des premi\u00e8res r\u00e9alisations de transmission d'\u00e9nergie par l'\u00e9lectricit\u00e9 - Territorial Challenges","og_description":"En 1935, la Soci\u00e9t\u00e9 fran\u00e7aise des \u00c9lectriciens a organis\u00e9 une c\u00e9r\u00e9monie m\u00e9morable pour c\u00e9l\u00e9brer le cinquantenaire des exp\u00e9riences de Marcel Deprez et des travaux de Lucien Gaulard. Cette comm\u00e9moration a \u00e9t\u00e9 marqu\u00e9e par une s\u00e9ance solennelle au Conservatoire national des Arts et M\u00e9tiers, suivie d&rsquo;un banquet \u00e0 la Salle Hoche. L&rsquo;\u00e9v\u00e9nement a rassembl\u00e9 des personnalit\u00e9s [&hellip;]","og_url":"https:\/\/territorialchallenges.com\/de\/2024\/09\/26\/commemoration-du-cinquantenaire-des-premieres-realisations-de-transmission-denergie-par-lelectricite\/123310\/","og_site_name":"Territorial Challenges","article_published_time":"2024-09-26T13:36:24+00:00","article_modified_time":"2024-09-26T13:38:51+00:00","og_image":[{"width":486,"height":639,"url":"https:\/\/territorialchallenges.com\/wp-content\/uploads\/2024\/09\/memoireimageelectriciens.jpeg","type":"image\/jpeg"}],"author":"ni.abdi","twitter_card":"summary_large_image","twitter_creator":"@Ni.abdi","twitter_misc":{"Verfasst von":"ni.abdi","Gesch\u00e4tzte Lesezeit":"3\u00a0Minuten"},"schema":{"@context":"https:\/\/schema.org","@graph":[{"@type":"Article","@id":"https:\/\/territorialchallenges.com\/2024\/09\/26\/commemoration-du-cinquantenaire-des-premieres-realisations-de-transmission-denergie-par-lelectricite\/123310\/#article","isPartOf":{"@id":"https:\/\/territorialchallenges.com\/2024\/09\/26\/commemoration-du-cinquantenaire-des-premieres-realisations-de-transmission-denergie-par-lelectricite\/123310\/"},"author":{"name":"ni.abdi","@id":"https:\/\/territorialchallenges.com\/#\/schema\/person\/098f145c7c61a021c425e010f840080f"},"headline":"Comm\u00e9moration du cinquantenaire des premi\u00e8res r\u00e9alisations de transmission d&rsquo;\u00e9nergie par l&rsquo;\u00e9lectricit\u00e9","datePublished":"2024-09-26T13:36:24+00:00","dateModified":"2024-09-26T13:38:51+00:00","mainEntityOfPage":{"@id":"https:\/\/territorialchallenges.com\/2024\/09\/26\/commemoration-du-cinquantenaire-des-premieres-realisations-de-transmission-denergie-par-lelectricite\/123310\/"},"wordCount":686,"publisher":{"@id":"https:\/\/territorialchallenges.com\/#organization"},"articleSection":["M\u00e9moire"],"inLanguage":"de"},{"@type":"WebPage","@id":"https:\/\/territorialchallenges.com\/2024\/09\/26\/commemoration-du-cinquantenaire-des-premieres-realisations-de-transmission-denergie-par-lelectricite\/123310\/","url":"https:\/\/territorialchallenges.com\/2024\/09\/26\/commemoration-du-cinquantenaire-des-premieres-realisations-de-transmission-denergie-par-lelectricite\/123310\/","name":"Comm\u00e9moration du cinquantenaire des premi\u00e8res r\u00e9alisations de transmission d'\u00e9nergie par l'\u00e9lectricit\u00e9 - Territorial Challenges","isPartOf":{"@id":"https:\/\/territorialchallenges.com\/#website"},"datePublished":"2024-09-26T13:36:24+00:00","dateModified":"2024-09-26T13:38:51+00:00","breadcrumb":{"@id":"https:\/\/territorialchallenges.com\/2024\/09\/26\/commemoration-du-cinquantenaire-des-premieres-realisations-de-transmission-denergie-par-lelectricite\/123310\/#breadcrumb"},"inLanguage":"de","potentialAction":[{"@type":"ReadAction","target":["https:\/\/territorialchallenges.com\/2024\/09\/26\/commemoration-du-cinquantenaire-des-premieres-realisations-de-transmission-denergie-par-lelectricite\/123310\/"]}]},{"@type":"BreadcrumbList","@id":"https:\/\/territorialchallenges.com\/2024\/09\/26\/commemoration-du-cinquantenaire-des-premieres-realisations-de-transmission-denergie-par-lelectricite\/123310\/#breadcrumb","itemListElement":[{"@type":"ListItem","position":1,"name":"Home","item":"https:\/\/territorialchallenges.com\/"},{"@type":"ListItem","position":2,"name":"Comm\u00e9moration du cinquantenaire des premi\u00e8res r\u00e9alisations de transmission d&rsquo;\u00e9nergie par l&rsquo;\u00e9lectricit\u00e9"}]},{"@type":"WebSite","@id":"https:\/\/territorialchallenges.com\/#website","url":"https:\/\/territorialchallenges.com\/","name":"Territoriale Herausforderungen","description":"Internationales Monitoring \u2013 Intelligente Strategien \u2013 Best Practices","publisher":{"@id":"https:\/\/territorialchallenges.com\/#organization"},"potentialAction":[{"@type":"SearchAction","target":{"@type":"EntryPoint","urlTemplate":"https:\/\/territorialchallenges.com\/?s={search_term_string}"},"query-input":"required name=search_term_string"}],"inLanguage":"de"},{"@type":"Organization","@id":"https:\/\/territorialchallenges.com\/#organization","name":"Territoriale Herausforderungen","url":"https:\/\/territorialchallenges.com\/","logo":{"@type":"ImageObject","inLanguage":"de","@id":"https:\/\/territorialchallenges.com\/#\/schema\/logo\/image\/","url":"https:\/\/territorialchallenges.com\/wp-content\/uploads\/2023\/10\/logo-1.png","contentUrl":"https:\/\/territorialchallenges.com\/wp-content\/uploads\/2023\/10\/logo-1.png","width":1832,"height":576,"caption":"Territorial Challenges"},"image":{"@id":"https:\/\/territorialchallenges.com\/#\/schema\/logo\/image\/"}},{"@type":"Person","@id":"https:\/\/territorialchallenges.com\/#\/schema\/person\/098f145c7c61a021c425e010f840080f","name":"ni.abdi","image":{"@type":"ImageObject","inLanguage":"de","@id":"https:\/\/territorialchallenges.com\/#\/schema\/person\/image\/","url":"https:\/\/secure.gravatar.com\/avatar\/2a2f2491f3c80039986ba989b1e4b510?s=96&d=identicon&r=g","contentUrl":"https:\/\/secure.gravatar.com\/avatar\/2a2f2491f3c80039986ba989b1e4b510?s=96&d=identicon&r=g","caption":"ni.abdi"},"sameAs":["https:\/\/twitter.com\/Ni.abdi"],"url":"https:\/\/territorialchallenges.com\/de\/author\/ni-abdi\/"}]}},"_links":{"self":[{"href":"https:\/\/territorialchallenges.com\/de\/wp-json\/wp\/v2\/posts\/123310"}],"collection":[{"href":"https:\/\/territorialchallenges.com\/de\/wp-json\/wp\/v2\/posts"}],"about":[{"href":"https:\/\/territorialchallenges.com\/de\/wp-json\/wp\/v2\/types\/post"}],"author":[{"embeddable":true,"href":"https:\/\/territorialchallenges.com\/de\/wp-json\/wp\/v2\/users\/11"}],"replies":[{"embeddable":true,"href":"https:\/\/territorialchallenges.com\/de\/wp-json\/wp\/v2\/comments?post=123310"}],"version-history":[{"count":2,"href":"https:\/\/territorialchallenges.com\/de\/wp-json\/wp\/v2\/posts\/123310\/revisions"}],"predecessor-version":[{"id":123314,"href":"https:\/\/territorialchallenges.com\/de\/wp-json\/wp\/v2\/posts\/123310\/revisions\/123314"}],"wp:featuredmedia":[{"embeddable":true,"href":"https:\/\/territorialchallenges.com\/de\/wp-json\/wp\/v2\/media\/123311"}],"wp:attachment":[{"href":"https:\/\/territorialchallenges.com\/de\/wp-json\/wp\/v2\/media?parent=123310"}],"wp:term":[{"taxonomy":"category","embeddable":true,"href":"https:\/\/territorialchallenges.com\/de\/wp-json\/wp\/v2\/categories?post=123310"},{"taxonomy":"post_tag","embeddable":true,"href":"https:\/\/territorialchallenges.com\/de\/wp-json\/wp\/v2\/tags?post=123310"}],"curies":[{"name":"wp","href":"https:\/\/api.w.org\/{rel}","templated":true}]}}