{"id":123296,"date":"2024-09-18T15:27:02","date_gmt":"2024-09-18T13:27:02","guid":{"rendered":"https:\/\/territorialchallenges.com\/?p=123296"},"modified":"2024-09-18T15:36:43","modified_gmt":"2024-09-18T13:36:43","slug":"rapport-de-mario-draghi-labsence-cruciale-des-collectivites-territoriales-et-des-poles-universitaires","status":"publish","type":"post","link":"https:\/\/territorialchallenges.com\/de\/2024\/09\/18\/rapport-de-mario-draghi-labsence-cruciale-des-collectivites-territoriales-et-des-poles-universitaires\/123296\/","title":{"rendered":"Mario Draghis Bericht: Das entscheidende Fehlen lokaler Beh\u00f6rden und Universit\u00e4tszentren"},"content":{"rendered":"<p>Mario Draghis Bericht \u00fcber die Wettbewerbsf\u00e4higkeit der Europ\u00e4ischen Union, der am 9. September der Pr\u00e4sidentin der Europ\u00e4ischen Kommission, Ursula von der Leyen, vorgelegt wurde, hebt die technologischen und wirtschaftlichen Herausforderungen hervor, vor denen der alte Kontinent steht. Ein gro\u00dfes Manko dieses Berichts ist jedoch das Fehlen jeglicher Bezugnahme auf die Beziehung zwischen\u2026 <\/p>\n<div class=\"pmpro_content_message\">Artikel nur f\u00fcr Abonnenten sichtbar.<br \/><a href=\"https:\/\/territorialchallenges.com\/wp-login.php\">Verbindung<\/a><br \/><a href=\"https:\/\/territorialchallenges.com\/de\/wp-login.php\/?action=register\">Registrieren<\/a><\/div>","protected":false},"excerpt":{"rendered":"<p>Le rapport de Mario Draghi sur la comp\u00e9titivit\u00e9 de l&rsquo;Union europ\u00e9enne, remis \u00e0 la pr\u00e9sidente de la Commission europ\u00e9enne, Ursula von der Leyen, le 9 septembre, met en lumi\u00e8re les d\u00e9fis technologiques et \u00e9conomiques auxquels le Vieux Continent est confront\u00e9. Cependant, une lacune majeure de ce rapport est l&rsquo;absence de r\u00e9f\u00e9rence \u00e0 la relation entre... <\/p>\n<div class=\"pmpro_content_message\">Artikel nur f\u00fcr Abonnenten sichtbar.<br \/><a href=\"https:\/\/territorialchallenges.com\/wp-login.php\">Verbindung<\/a><br \/><a href=\"https:\/\/territorialchallenges.com\/de\/wp-login.php\/?action=register\">Registrieren<\/a><\/div>","protected":false},"author":11,"featured_media":123297,"comment_status":"closed","ping_status":"closed","sticky":true,"template":"","format":"standard","meta":{"pmpro_default_level":0,"footnotes":""},"categories":[130,117],"tags":[],"blocksy_meta":"","yoast_head":"<!-- This site is optimized with the Yoast SEO plugin v21.5 - https:\/\/yoast.com\/wordpress\/plugins\/seo\/ -->\n<title>Rapport de Mario Draghi : L&#039;absence cruciale des collectivit\u00e9s territoriales et des p\u00f4les universitaires - Territorial Challenges<\/title>\n<meta name=\"robots\" content=\"index, follow, max-snippet:-1, max-image-preview:large, max-video-preview:-1\" \/>\n<link rel=\"canonical\" href=\"https:\/\/territorialchallenges.com\/de\/2024\/09\/18\/rapport-de-mario-draghi-labsence-cruciale-des-collectivites-territoriales-et-des-poles-universitaires\/123296\/\" \/>\n<meta property=\"og:locale\" content=\"de_DE\" \/>\n<meta property=\"og:type\" content=\"article\" \/>\n<meta property=\"og:title\" content=\"Rapport de Mario Draghi : L&#039;absence cruciale des collectivit\u00e9s territoriales et des p\u00f4les universitaires - Territorial Challenges\" \/>\n<meta property=\"og:description\" content=\"Le rapport de Mario Draghi sur la comp\u00e9titivit\u00e9 de l&rsquo;Union europ\u00e9enne, remis \u00e0 la pr\u00e9sidente de la Commission europ\u00e9enne, Ursula von der Leyen, le 9 septembre, met en lumi\u00e8re les d\u00e9fis technologiques et \u00e9conomiques auxquels le Vieux Continent est confront\u00e9. Cependant, une lacune majeure de ce rapport est l&rsquo;absence de r\u00e9f\u00e9rence \u00e0 la relation entre [&hellip;]\" \/>\n<meta property=\"og:url\" content=\"https:\/\/territorialchallenges.com\/de\/2024\/09\/18\/rapport-de-mario-draghi-labsence-cruciale-des-collectivites-territoriales-et-des-poles-universitaires\/123296\/\" \/>\n<meta property=\"og:site_name\" content=\"Territorial Challenges\" \/>\n<meta property=\"article:published_time\" content=\"2024-09-18T13:27:02+00:00\" \/>\n<meta property=\"article:modified_time\" content=\"2024-09-18T13:36:43+00:00\" \/>\n<meta property=\"og:image\" content=\"https:\/\/territorialchallenges.com\/wp-content\/uploads\/2024\/09\/reflexionfaitedraghiphoto.jpg\" \/>\n\t<meta property=\"og:image:width\" content=\"1280\" \/>\n\t<meta property=\"og:image:height\" content=\"853\" \/>\n\t<meta property=\"og:image:type\" content=\"image\/jpeg\" \/>\n<meta name=\"author\" content=\"ni.abdi\" \/>\n<meta name=\"twitter:card\" content=\"summary_large_image\" \/>\n<meta name=\"twitter:creator\" content=\"@Ni.abdi\" \/>\n<meta name=\"twitter:label1\" content=\"Verfasst von\" \/>\n\t<meta name=\"twitter:data1\" content=\"ni.abdi\" \/>\n\t<meta name=\"twitter:label2\" content=\"Gesch\u00e4tzte Lesezeit\" \/>\n\t<meta name=\"twitter:data2\" content=\"4\u00a0Minuten\" \/>\n<script type=\"application\/ld+json\" class=\"yoast-schema-graph\">{\"@context\":\"https:\/\/schema.org\",\"@graph\":[{\"@type\":\"Article\",\"@id\":\"https:\/\/territorialchallenges.com\/2024\/09\/18\/rapport-de-mario-draghi-labsence-cruciale-des-collectivites-territoriales-et-des-poles-universitaires\/123296\/#article\",\"isPartOf\":{\"@id\":\"https:\/\/territorialchallenges.com\/2024\/09\/18\/rapport-de-mario-draghi-labsence-cruciale-des-collectivites-territoriales-et-des-poles-universitaires\/123296\/\"},\"author\":{\"name\":\"ni.abdi\",\"@id\":\"https:\/\/territorialchallenges.com\/#\/schema\/person\/098f145c7c61a021c425e010f840080f\"},\"headline\":\"Rapport de Mario Draghi : L&rsquo;absence cruciale des collectivit\u00e9s territoriales et des p\u00f4les universitaires\",\"datePublished\":\"2024-09-18T13:27:02+00:00\",\"dateModified\":\"2024-09-18T13:36:43+00:00\",\"mainEntityOfPage\":{\"@id\":\"https:\/\/territorialchallenges.com\/2024\/09\/18\/rapport-de-mario-draghi-labsence-cruciale-des-collectivites-territoriales-et-des-poles-universitaires\/123296\/\"},\"wordCount\":851,\"publisher\":{\"@id\":\"https:\/\/territorialchallenges.com\/#organization\"},\"articleSection\":[\"R\u00e9flexion faite\",\"\u00c9cosyst\u00e8me\"],\"inLanguage\":\"de\"},{\"@type\":\"WebPage\",\"@id\":\"https:\/\/territorialchallenges.com\/2024\/09\/18\/rapport-de-mario-draghi-labsence-cruciale-des-collectivites-territoriales-et-des-poles-universitaires\/123296\/\",\"url\":\"https:\/\/territorialchallenges.com\/2024\/09\/18\/rapport-de-mario-draghi-labsence-cruciale-des-collectivites-territoriales-et-des-poles-universitaires\/123296\/\",\"name\":\"Rapport de Mario Draghi : L'absence cruciale des collectivit\u00e9s territoriales et des p\u00f4les universitaires - Territorial Challenges\",\"isPartOf\":{\"@id\":\"https:\/\/territorialchallenges.com\/#website\"},\"datePublished\":\"2024-09-18T13:27:02+00:00\",\"dateModified\":\"2024-09-18T13:36:43+00:00\",\"breadcrumb\":{\"@id\":\"https:\/\/territorialchallenges.com\/2024\/09\/18\/rapport-de-mario-draghi-labsence-cruciale-des-collectivites-territoriales-et-des-poles-universitaires\/123296\/#breadcrumb\"},\"inLanguage\":\"de\",\"potentialAction\":[{\"@type\":\"ReadAction\",\"target\":[\"https:\/\/territorialchallenges.com\/2024\/09\/18\/rapport-de-mario-draghi-labsence-cruciale-des-collectivites-territoriales-et-des-poles-universitaires\/123296\/\"]}]},{\"@type\":\"BreadcrumbList\",\"@id\":\"https:\/\/territorialchallenges.com\/2024\/09\/18\/rapport-de-mario-draghi-labsence-cruciale-des-collectivites-territoriales-et-des-poles-universitaires\/123296\/#breadcrumb\",\"itemListElement\":[{\"@type\":\"ListItem\",\"position\":1,\"name\":\"Home\",\"item\":\"https:\/\/territorialchallenges.com\/\"},{\"@type\":\"ListItem\",\"position\":2,\"name\":\"Rapport de Mario Draghi : L&rsquo;absence cruciale des collectivit\u00e9s territoriales et des p\u00f4les universitaires\"}]},{\"@type\":\"WebSite\",\"@id\":\"https:\/\/territorialchallenges.com\/#website\",\"url\":\"https:\/\/territorialchallenges.com\/\",\"name\":\"Territorial Challenges\",\"description\":\"Veille Internationale - Strat\u00e9gie Intelligentes - Bonnes pratiques\",\"publisher\":{\"@id\":\"https:\/\/territorialchallenges.com\/#organization\"},\"potentialAction\":[{\"@type\":\"SearchAction\",\"target\":{\"@type\":\"EntryPoint\",\"urlTemplate\":\"https:\/\/territorialchallenges.com\/?s={search_term_string}\"},\"query-input\":\"required name=search_term_string\"}],\"inLanguage\":\"de\"},{\"@type\":\"Organization\",\"@id\":\"https:\/\/territorialchallenges.com\/#organization\",\"name\":\"Territorial Challenges\",\"url\":\"https:\/\/territorialchallenges.com\/\",\"logo\":{\"@type\":\"ImageObject\",\"inLanguage\":\"de\",\"@id\":\"https:\/\/territorialchallenges.com\/#\/schema\/logo\/image\/\",\"url\":\"https:\/\/territorialchallenges.com\/wp-content\/uploads\/2023\/10\/logo-1.png\",\"contentUrl\":\"https:\/\/territorialchallenges.com\/wp-content\/uploads\/2023\/10\/logo-1.png\",\"width\":1832,\"height\":576,\"caption\":\"Territorial Challenges\"},\"image\":{\"@id\":\"https:\/\/territorialchallenges.com\/#\/schema\/logo\/image\/\"}},{\"@type\":\"Person\",\"@id\":\"https:\/\/territorialchallenges.com\/#\/schema\/person\/098f145c7c61a021c425e010f840080f\",\"name\":\"ni.abdi\",\"image\":{\"@type\":\"ImageObject\",\"inLanguage\":\"de\",\"@id\":\"https:\/\/territorialchallenges.com\/#\/schema\/person\/image\/\",\"url\":\"https:\/\/secure.gravatar.com\/avatar\/2a2f2491f3c80039986ba989b1e4b510?s=96&d=identicon&r=g\",\"contentUrl\":\"https:\/\/secure.gravatar.com\/avatar\/2a2f2491f3c80039986ba989b1e4b510?s=96&d=identicon&r=g\",\"caption\":\"ni.abdi\"},\"sameAs\":[\"https:\/\/twitter.com\/Ni.abdi\"],\"url\":\"https:\/\/territorialchallenges.com\/de\/author\/ni-abdi\/\"}]}<\/script>\n<!-- \/ Yoast SEO plugin. -->","yoast_head_json":{"title":"Rapport de Mario Draghi : L'absence cruciale des collectivit\u00e9s territoriales et des p\u00f4les universitaires - Territorial Challenges","robots":{"index":"index","follow":"follow","max-snippet":"max-snippet:-1","max-image-preview":"max-image-preview:large","max-video-preview":"max-video-preview:-1"},"canonical":"https:\/\/territorialchallenges.com\/de\/2024\/09\/18\/rapport-de-mario-draghi-labsence-cruciale-des-collectivites-territoriales-et-des-poles-universitaires\/123296\/","og_locale":"de_DE","og_type":"article","og_title":"Rapport de Mario Draghi : L'absence cruciale des collectivit\u00e9s territoriales et des p\u00f4les universitaires - Territorial Challenges","og_description":"Le rapport de Mario Draghi sur la comp\u00e9titivit\u00e9 de l&rsquo;Union europ\u00e9enne, remis \u00e0 la pr\u00e9sidente de la Commission europ\u00e9enne, Ursula von der Leyen, le 9 septembre, met en lumi\u00e8re les d\u00e9fis technologiques et \u00e9conomiques auxquels le Vieux Continent est confront\u00e9. Cependant, une lacune majeure de ce rapport est l&rsquo;absence de r\u00e9f\u00e9rence \u00e0 la relation entre [&hellip;]","og_url":"https:\/\/territorialchallenges.com\/de\/2024\/09\/18\/rapport-de-mario-draghi-labsence-cruciale-des-collectivites-territoriales-et-des-poles-universitaires\/123296\/","og_site_name":"Territorial Challenges","article_published_time":"2024-09-18T13:27:02+00:00","article_modified_time":"2024-09-18T13:36:43+00:00","og_image":[{"width":1280,"height":853,"url":"https:\/\/territorialchallenges.com\/wp-content\/uploads\/2024\/09\/reflexionfaitedraghiphoto.jpg","type":"image\/jpeg"}],"author":"ni.abdi","twitter_card":"summary_large_image","twitter_creator":"@Ni.abdi","twitter_misc":{"Verfasst von":"ni.abdi","Gesch\u00e4tzte Lesezeit":"4\u00a0Minuten"},"schema":{"@context":"https:\/\/schema.org","@graph":[{"@type":"Article","@id":"https:\/\/territorialchallenges.com\/2024\/09\/18\/rapport-de-mario-draghi-labsence-cruciale-des-collectivites-territoriales-et-des-poles-universitaires\/123296\/#article","isPartOf":{"@id":"https:\/\/territorialchallenges.com\/2024\/09\/18\/rapport-de-mario-draghi-labsence-cruciale-des-collectivites-territoriales-et-des-poles-universitaires\/123296\/"},"author":{"name":"ni.abdi","@id":"https:\/\/territorialchallenges.com\/#\/schema\/person\/098f145c7c61a021c425e010f840080f"},"headline":"Rapport de Mario Draghi : L&rsquo;absence cruciale des collectivit\u00e9s territoriales et des p\u00f4les universitaires","datePublished":"2024-09-18T13:27:02+00:00","dateModified":"2024-09-18T13:36:43+00:00","mainEntityOfPage":{"@id":"https:\/\/territorialchallenges.com\/2024\/09\/18\/rapport-de-mario-draghi-labsence-cruciale-des-collectivites-territoriales-et-des-poles-universitaires\/123296\/"},"wordCount":851,"publisher":{"@id":"https:\/\/territorialchallenges.com\/#organization"},"articleSection":["R\u00e9flexion faite","\u00c9cosyst\u00e8me"],"inLanguage":"de"},{"@type":"WebPage","@id":"https:\/\/territorialchallenges.com\/2024\/09\/18\/rapport-de-mario-draghi-labsence-cruciale-des-collectivites-territoriales-et-des-poles-universitaires\/123296\/","url":"https:\/\/territorialchallenges.com\/2024\/09\/18\/rapport-de-mario-draghi-labsence-cruciale-des-collectivites-territoriales-et-des-poles-universitaires\/123296\/","name":"Rapport de Mario Draghi : L'absence cruciale des collectivit\u00e9s territoriales et des p\u00f4les universitaires - Territorial Challenges","isPartOf":{"@id":"https:\/\/territorialchallenges.com\/#website"},"datePublished":"2024-09-18T13:27:02+00:00","dateModified":"2024-09-18T13:36:43+00:00","breadcrumb":{"@id":"https:\/\/territorialchallenges.com\/2024\/09\/18\/rapport-de-mario-draghi-labsence-cruciale-des-collectivites-territoriales-et-des-poles-universitaires\/123296\/#breadcrumb"},"inLanguage":"de","potentialAction":[{"@type":"ReadAction","target":["https:\/\/territorialchallenges.com\/2024\/09\/18\/rapport-de-mario-draghi-labsence-cruciale-des-collectivites-territoriales-et-des-poles-universitaires\/123296\/"]}]},{"@type":"BreadcrumbList","@id":"https:\/\/territorialchallenges.com\/2024\/09\/18\/rapport-de-mario-draghi-labsence-cruciale-des-collectivites-territoriales-et-des-poles-universitaires\/123296\/#breadcrumb","itemListElement":[{"@type":"ListItem","position":1,"name":"Home","item":"https:\/\/territorialchallenges.com\/"},{"@type":"ListItem","position":2,"name":"Rapport de Mario Draghi : L&rsquo;absence cruciale des collectivit\u00e9s territoriales et des p\u00f4les universitaires"}]},{"@type":"WebSite","@id":"https:\/\/territorialchallenges.com\/#website","url":"https:\/\/territorialchallenges.com\/","name":"Territoriale Herausforderungen","description":"Internationales Monitoring \u2013 Intelligente Strategien \u2013 Best Practices","publisher":{"@id":"https:\/\/territorialchallenges.com\/#organization"},"potentialAction":[{"@type":"SearchAction","target":{"@type":"EntryPoint","urlTemplate":"https:\/\/territorialchallenges.com\/?s={search_term_string}"},"query-input":"required name=search_term_string"}],"inLanguage":"de"},{"@type":"Organization","@id":"https:\/\/territorialchallenges.com\/#organization","name":"Territoriale Herausforderungen","url":"https:\/\/territorialchallenges.com\/","logo":{"@type":"ImageObject","inLanguage":"de","@id":"https:\/\/territorialchallenges.com\/#\/schema\/logo\/image\/","url":"https:\/\/territorialchallenges.com\/wp-content\/uploads\/2023\/10\/logo-1.png","contentUrl":"https:\/\/territorialchallenges.com\/wp-content\/uploads\/2023\/10\/logo-1.png","width":1832,"height":576,"caption":"Territorial Challenges"},"image":{"@id":"https:\/\/territorialchallenges.com\/#\/schema\/logo\/image\/"}},{"@type":"Person","@id":"https:\/\/territorialchallenges.com\/#\/schema\/person\/098f145c7c61a021c425e010f840080f","name":"ni.abdi","image":{"@type":"ImageObject","inLanguage":"de","@id":"https:\/\/territorialchallenges.com\/#\/schema\/person\/image\/","url":"https:\/\/secure.gravatar.com\/avatar\/2a2f2491f3c80039986ba989b1e4b510?s=96&d=identicon&r=g","contentUrl":"https:\/\/secure.gravatar.com\/avatar\/2a2f2491f3c80039986ba989b1e4b510?s=96&d=identicon&r=g","caption":"ni.abdi"},"sameAs":["https:\/\/twitter.com\/Ni.abdi"],"url":"https:\/\/territorialchallenges.com\/de\/author\/ni-abdi\/"}]}},"_links":{"self":[{"href":"https:\/\/territorialchallenges.com\/de\/wp-json\/wp\/v2\/posts\/123296"}],"collection":[{"href":"https:\/\/territorialchallenges.com\/de\/wp-json\/wp\/v2\/posts"}],"about":[{"href":"https:\/\/territorialchallenges.com\/de\/wp-json\/wp\/v2\/types\/post"}],"author":[{"embeddable":true,"href":"https:\/\/territorialchallenges.com\/de\/wp-json\/wp\/v2\/users\/11"}],"replies":[{"embeddable":true,"href":"https:\/\/territorialchallenges.com\/de\/wp-json\/wp\/v2\/comments?post=123296"}],"version-history":[{"count":2,"href":"https:\/\/territorialchallenges.com\/de\/wp-json\/wp\/v2\/posts\/123296\/revisions"}],"predecessor-version":[{"id":123299,"href":"https:\/\/territorialchallenges.com\/de\/wp-json\/wp\/v2\/posts\/123296\/revisions\/123299"}],"wp:featuredmedia":[{"embeddable":true,"href":"https:\/\/territorialchallenges.com\/de\/wp-json\/wp\/v2\/media\/123297"}],"wp:attachment":[{"href":"https:\/\/territorialchallenges.com\/de\/wp-json\/wp\/v2\/media?parent=123296"}],"wp:term":[{"taxonomy":"category","embeddable":true,"href":"https:\/\/territorialchallenges.com\/de\/wp-json\/wp\/v2\/categories?post=123296"},{"taxonomy":"post_tag","embeddable":true,"href":"https:\/\/territorialchallenges.com\/de\/wp-json\/wp\/v2\/tags?post=123296"}],"curies":[{"name":"wp","href":"https:\/\/api.w.org\/{rel}","templated":true}]}}