{"id":123239,"date":"2024-09-11T10:52:03","date_gmt":"2024-09-11T08:52:03","guid":{"rendered":"https:\/\/territorialchallenges.com\/?p=123239"},"modified":"2024-09-11T10:52:05","modified_gmt":"2024-09-11T08:52:05","slug":"les-danois-adoptent-les-donnees-energetiques-pour-une-electricite-plus-verte-et-moins-chere","status":"publish","type":"post","link":"https:\/\/territorialchallenges.com\/de\/2024\/09\/11\/les-danois-adoptent-les-donnees-energetiques-pour-une-electricite-plus-verte-et-moins-chere\/123239\/","title":{"rendered":"D\u00e4nen nutzen Energiedaten f\u00fcr umweltfreundlicheren und g\u00fcnstigeren Strom"},"content":{"rendered":"<p>D\u00e4nische Energieverbraucher nutzen zunehmend Daten, um Strom nachhaltiger und g\u00fcnstiger zu verbrauchen. Dank Diensten wie ElOverview von Energinet optimieren eine halbe Million D\u00e4nen ihren Energieverbrauch und tragen so zu einer beschleunigten Energiewende bei. Dieser Artikel untersucht, wie Energiedaten die Energielandschaft ver\u00e4ndern\u2026 <\/p>\n<div class=\"pmpro_content_message\">Artikel nur f\u00fcr Abonnenten sichtbar.<br \/><a href=\"https:\/\/territorialchallenges.com\/wp-login.php\">Verbindung<\/a><br \/><a href=\"https:\/\/territorialchallenges.com\/de\/wp-login.php\/?action=register\">Registrieren<\/a><\/div>","protected":false},"excerpt":{"rendered":"<p>Les consommateurs d\u2019\u00e9nergie danois utilisent de plus en plus les donn\u00e9es pour consommer de l\u2019\u00e9lectricit\u00e9 de mani\u00e8re plus \u00e9cologique et moins ch\u00e8re. Gr\u00e2ce \u00e0 des services comme ElOverview d\u2019Energinet, un demi-million de Danois optimisent leur consommation d\u2019\u00e9nergie, contribuant ainsi \u00e0 une transition verte acc\u00e9l\u00e9r\u00e9e. Cet article explore comment les donn\u00e9es \u00e9nerg\u00e9tiques transforment le paysage \u00e9nerg\u00e9tique... <\/p>\n<div class=\"pmpro_content_message\">Artikel nur f\u00fcr Abonnenten sichtbar.<br \/><a href=\"https:\/\/territorialchallenges.com\/wp-login.php\">Verbindung<\/a><br \/><a href=\"https:\/\/territorialchallenges.com\/de\/wp-login.php\/?action=register\">Registrieren<\/a><\/div>","protected":false},"author":11,"featured_media":123240,"comment_status":"closed","ping_status":"closed","sticky":true,"template":"","format":"standard","meta":{"pmpro_default_level":0,"footnotes":""},"categories":[18,127],"tags":[],"blocksy_meta":"","yoast_head":"<!-- This site is optimized with the Yoast SEO plugin v21.5 - https:\/\/yoast.com\/wordpress\/plugins\/seo\/ -->\n<title>Les Danois adoptent les donn\u00e9es \u00e9nerg\u00e9tiques pour une \u00e9lectricit\u00e9 plus verte et moins ch\u00e8re - Territorial Challenges<\/title>\n<meta name=\"robots\" content=\"index, follow, max-snippet:-1, max-image-preview:large, max-video-preview:-1\" \/>\n<link rel=\"canonical\" href=\"https:\/\/territorialchallenges.com\/de\/2024\/09\/11\/les-danois-adoptent-les-donnees-energetiques-pour-une-electricite-plus-verte-et-moins-chere\/123239\/\" \/>\n<meta property=\"og:locale\" content=\"de_DE\" \/>\n<meta property=\"og:type\" content=\"article\" \/>\n<meta property=\"og:title\" content=\"Les Danois adoptent les donn\u00e9es \u00e9nerg\u00e9tiques pour une \u00e9lectricit\u00e9 plus verte et moins ch\u00e8re - Territorial Challenges\" \/>\n<meta property=\"og:description\" content=\"Les consommateurs d\u2019\u00e9nergie danois utilisent de plus en plus les donn\u00e9es pour consommer de l\u2019\u00e9lectricit\u00e9 de mani\u00e8re plus \u00e9cologique et moins ch\u00e8re. Gr\u00e2ce \u00e0 des services comme ElOverview d\u2019Energinet, un demi-million de Danois optimisent leur consommation d\u2019\u00e9nergie, contribuant ainsi \u00e0 une transition verte acc\u00e9l\u00e9r\u00e9e. Cet article explore comment les donn\u00e9es \u00e9nerg\u00e9tiques transforment le paysage \u00e9nerg\u00e9tique [&hellip;]\" \/>\n<meta property=\"og:url\" content=\"https:\/\/territorialchallenges.com\/de\/2024\/09\/11\/les-danois-adoptent-les-donnees-energetiques-pour-une-electricite-plus-verte-et-moins-chere\/123239\/\" \/>\n<meta property=\"og:site_name\" content=\"Territorial Challenges\" \/>\n<meta property=\"article:published_time\" content=\"2024-09-11T08:52:03+00:00\" \/>\n<meta property=\"article:modified_time\" content=\"2024-09-11T08:52:05+00:00\" \/>\n<meta property=\"og:image\" content=\"https:\/\/territorialchallenges.com\/wp-content\/uploads\/2024\/09\/transitionenergetiqueDanemarck.jpg\" \/>\n\t<meta property=\"og:image:width\" content=\"1280\" \/>\n\t<meta property=\"og:image:height\" content=\"853\" \/>\n\t<meta property=\"og:image:type\" content=\"image\/jpeg\" \/>\n<meta name=\"author\" content=\"ni.abdi\" \/>\n<meta name=\"twitter:card\" content=\"summary_large_image\" \/>\n<meta name=\"twitter:creator\" content=\"@Ni.abdi\" \/>\n<meta name=\"twitter:label1\" content=\"Verfasst von\" \/>\n\t<meta name=\"twitter:data1\" content=\"ni.abdi\" \/>\n\t<meta name=\"twitter:label2\" content=\"Gesch\u00e4tzte Lesezeit\" \/>\n\t<meta name=\"twitter:data2\" content=\"4\u00a0Minuten\" \/>\n<script type=\"application\/ld+json\" class=\"yoast-schema-graph\">{\"@context\":\"https:\/\/schema.org\",\"@graph\":[{\"@type\":\"Article\",\"@id\":\"https:\/\/territorialchallenges.com\/2024\/09\/11\/les-danois-adoptent-les-donnees-energetiques-pour-une-electricite-plus-verte-et-moins-chere\/123239\/#article\",\"isPartOf\":{\"@id\":\"https:\/\/territorialchallenges.com\/2024\/09\/11\/les-danois-adoptent-les-donnees-energetiques-pour-une-electricite-plus-verte-et-moins-chere\/123239\/\"},\"author\":{\"name\":\"ni.abdi\",\"@id\":\"https:\/\/territorialchallenges.com\/#\/schema\/person\/098f145c7c61a021c425e010f840080f\"},\"headline\":\"Les Danois adoptent les donn\u00e9es \u00e9nerg\u00e9tiques pour une \u00e9lectricit\u00e9 plus verte et moins ch\u00e8re\",\"datePublished\":\"2024-09-11T08:52:03+00:00\",\"dateModified\":\"2024-09-11T08:52:05+00:00\",\"mainEntityOfPage\":{\"@id\":\"https:\/\/territorialchallenges.com\/2024\/09\/11\/les-danois-adoptent-les-donnees-energetiques-pour-une-electricite-plus-verte-et-moins-chere\/123239\/\"},\"wordCount\":831,\"publisher\":{\"@id\":\"https:\/\/territorialchallenges.com\/#organization\"},\"articleSection\":[\"Transition \u00c9nerg\u00e9tique\",\"Actualit\u00e9 Europe\"],\"inLanguage\":\"de\"},{\"@type\":\"WebPage\",\"@id\":\"https:\/\/territorialchallenges.com\/2024\/09\/11\/les-danois-adoptent-les-donnees-energetiques-pour-une-electricite-plus-verte-et-moins-chere\/123239\/\",\"url\":\"https:\/\/territorialchallenges.com\/2024\/09\/11\/les-danois-adoptent-les-donnees-energetiques-pour-une-electricite-plus-verte-et-moins-chere\/123239\/\",\"name\":\"Les Danois adoptent les donn\u00e9es \u00e9nerg\u00e9tiques pour une \u00e9lectricit\u00e9 plus verte et moins ch\u00e8re - Territorial Challenges\",\"isPartOf\":{\"@id\":\"https:\/\/territorialchallenges.com\/#website\"},\"datePublished\":\"2024-09-11T08:52:03+00:00\",\"dateModified\":\"2024-09-11T08:52:05+00:00\",\"breadcrumb\":{\"@id\":\"https:\/\/territorialchallenges.com\/2024\/09\/11\/les-danois-adoptent-les-donnees-energetiques-pour-une-electricite-plus-verte-et-moins-chere\/123239\/#breadcrumb\"},\"inLanguage\":\"de\",\"potentialAction\":[{\"@type\":\"ReadAction\",\"target\":[\"https:\/\/territorialchallenges.com\/2024\/09\/11\/les-danois-adoptent-les-donnees-energetiques-pour-une-electricite-plus-verte-et-moins-chere\/123239\/\"]}]},{\"@type\":\"BreadcrumbList\",\"@id\":\"https:\/\/territorialchallenges.com\/2024\/09\/11\/les-danois-adoptent-les-donnees-energetiques-pour-une-electricite-plus-verte-et-moins-chere\/123239\/#breadcrumb\",\"itemListElement\":[{\"@type\":\"ListItem\",\"position\":1,\"name\":\"Home\",\"item\":\"https:\/\/territorialchallenges.com\/\"},{\"@type\":\"ListItem\",\"position\":2,\"name\":\"Les Danois adoptent les donn\u00e9es \u00e9nerg\u00e9tiques pour une \u00e9lectricit\u00e9 plus verte et moins ch\u00e8re\"}]},{\"@type\":\"WebSite\",\"@id\":\"https:\/\/territorialchallenges.com\/#website\",\"url\":\"https:\/\/territorialchallenges.com\/\",\"name\":\"Territorial Challenges\",\"description\":\"Veille Internationale - Strat\u00e9gie Intelligentes - Bonnes pratiques\",\"publisher\":{\"@id\":\"https:\/\/territorialchallenges.com\/#organization\"},\"potentialAction\":[{\"@type\":\"SearchAction\",\"target\":{\"@type\":\"EntryPoint\",\"urlTemplate\":\"https:\/\/territorialchallenges.com\/?s={search_term_string}\"},\"query-input\":\"required name=search_term_string\"}],\"inLanguage\":\"de\"},{\"@type\":\"Organization\",\"@id\":\"https:\/\/territorialchallenges.com\/#organization\",\"name\":\"Territorial Challenges\",\"url\":\"https:\/\/territorialchallenges.com\/\",\"logo\":{\"@type\":\"ImageObject\",\"inLanguage\":\"de\",\"@id\":\"https:\/\/territorialchallenges.com\/#\/schema\/logo\/image\/\",\"url\":\"https:\/\/territorialchallenges.com\/wp-content\/uploads\/2023\/10\/logo-1.png\",\"contentUrl\":\"https:\/\/territorialchallenges.com\/wp-content\/uploads\/2023\/10\/logo-1.png\",\"width\":1832,\"height\":576,\"caption\":\"Territorial Challenges\"},\"image\":{\"@id\":\"https:\/\/territorialchallenges.com\/#\/schema\/logo\/image\/\"}},{\"@type\":\"Person\",\"@id\":\"https:\/\/territorialchallenges.com\/#\/schema\/person\/098f145c7c61a021c425e010f840080f\",\"name\":\"ni.abdi\",\"image\":{\"@type\":\"ImageObject\",\"inLanguage\":\"de\",\"@id\":\"https:\/\/territorialchallenges.com\/#\/schema\/person\/image\/\",\"url\":\"https:\/\/secure.gravatar.com\/avatar\/2a2f2491f3c80039986ba989b1e4b510?s=96&d=identicon&r=g\",\"contentUrl\":\"https:\/\/secure.gravatar.com\/avatar\/2a2f2491f3c80039986ba989b1e4b510?s=96&d=identicon&r=g\",\"caption\":\"ni.abdi\"},\"sameAs\":[\"https:\/\/twitter.com\/Ni.abdi\"],\"url\":\"https:\/\/territorialchallenges.com\/de\/author\/ni-abdi\/\"}]}<\/script>\n<!-- \/ Yoast SEO plugin. -->","yoast_head_json":{"title":"Les Danois adoptent les donn\u00e9es \u00e9nerg\u00e9tiques pour une \u00e9lectricit\u00e9 plus verte et moins ch\u00e8re - Territorial Challenges","robots":{"index":"index","follow":"follow","max-snippet":"max-snippet:-1","max-image-preview":"max-image-preview:large","max-video-preview":"max-video-preview:-1"},"canonical":"https:\/\/territorialchallenges.com\/de\/2024\/09\/11\/les-danois-adoptent-les-donnees-energetiques-pour-une-electricite-plus-verte-et-moins-chere\/123239\/","og_locale":"de_DE","og_type":"article","og_title":"Les Danois adoptent les donn\u00e9es \u00e9nerg\u00e9tiques pour une \u00e9lectricit\u00e9 plus verte et moins ch\u00e8re - Territorial Challenges","og_description":"Les consommateurs d\u2019\u00e9nergie danois utilisent de plus en plus les donn\u00e9es pour consommer de l\u2019\u00e9lectricit\u00e9 de mani\u00e8re plus \u00e9cologique et moins ch\u00e8re. Gr\u00e2ce \u00e0 des services comme ElOverview d\u2019Energinet, un demi-million de Danois optimisent leur consommation d\u2019\u00e9nergie, contribuant ainsi \u00e0 une transition verte acc\u00e9l\u00e9r\u00e9e. Cet article explore comment les donn\u00e9es \u00e9nerg\u00e9tiques transforment le paysage \u00e9nerg\u00e9tique [&hellip;]","og_url":"https:\/\/territorialchallenges.com\/de\/2024\/09\/11\/les-danois-adoptent-les-donnees-energetiques-pour-une-electricite-plus-verte-et-moins-chere\/123239\/","og_site_name":"Territorial Challenges","article_published_time":"2024-09-11T08:52:03+00:00","article_modified_time":"2024-09-11T08:52:05+00:00","og_image":[{"width":1280,"height":853,"url":"https:\/\/territorialchallenges.com\/wp-content\/uploads\/2024\/09\/transitionenergetiqueDanemarck.jpg","type":"image\/jpeg"}],"author":"ni.abdi","twitter_card":"summary_large_image","twitter_creator":"@Ni.abdi","twitter_misc":{"Verfasst von":"ni.abdi","Gesch\u00e4tzte Lesezeit":"4\u00a0Minuten"},"schema":{"@context":"https:\/\/schema.org","@graph":[{"@type":"Article","@id":"https:\/\/territorialchallenges.com\/2024\/09\/11\/les-danois-adoptent-les-donnees-energetiques-pour-une-electricite-plus-verte-et-moins-chere\/123239\/#article","isPartOf":{"@id":"https:\/\/territorialchallenges.com\/2024\/09\/11\/les-danois-adoptent-les-donnees-energetiques-pour-une-electricite-plus-verte-et-moins-chere\/123239\/"},"author":{"name":"ni.abdi","@id":"https:\/\/territorialchallenges.com\/#\/schema\/person\/098f145c7c61a021c425e010f840080f"},"headline":"Les Danois adoptent les donn\u00e9es \u00e9nerg\u00e9tiques pour une \u00e9lectricit\u00e9 plus verte et moins ch\u00e8re","datePublished":"2024-09-11T08:52:03+00:00","dateModified":"2024-09-11T08:52:05+00:00","mainEntityOfPage":{"@id":"https:\/\/territorialchallenges.com\/2024\/09\/11\/les-danois-adoptent-les-donnees-energetiques-pour-une-electricite-plus-verte-et-moins-chere\/123239\/"},"wordCount":831,"publisher":{"@id":"https:\/\/territorialchallenges.com\/#organization"},"articleSection":["Transition \u00c9nerg\u00e9tique","Actualit\u00e9 Europe"],"inLanguage":"de"},{"@type":"WebPage","@id":"https:\/\/territorialchallenges.com\/2024\/09\/11\/les-danois-adoptent-les-donnees-energetiques-pour-une-electricite-plus-verte-et-moins-chere\/123239\/","url":"https:\/\/territorialchallenges.com\/2024\/09\/11\/les-danois-adoptent-les-donnees-energetiques-pour-une-electricite-plus-verte-et-moins-chere\/123239\/","name":"Les Danois adoptent les donn\u00e9es \u00e9nerg\u00e9tiques pour une \u00e9lectricit\u00e9 plus verte et moins ch\u00e8re - Territorial Challenges","isPartOf":{"@id":"https:\/\/territorialchallenges.com\/#website"},"datePublished":"2024-09-11T08:52:03+00:00","dateModified":"2024-09-11T08:52:05+00:00","breadcrumb":{"@id":"https:\/\/territorialchallenges.com\/2024\/09\/11\/les-danois-adoptent-les-donnees-energetiques-pour-une-electricite-plus-verte-et-moins-chere\/123239\/#breadcrumb"},"inLanguage":"de","potentialAction":[{"@type":"ReadAction","target":["https:\/\/territorialchallenges.com\/2024\/09\/11\/les-danois-adoptent-les-donnees-energetiques-pour-une-electricite-plus-verte-et-moins-chere\/123239\/"]}]},{"@type":"BreadcrumbList","@id":"https:\/\/territorialchallenges.com\/2024\/09\/11\/les-danois-adoptent-les-donnees-energetiques-pour-une-electricite-plus-verte-et-moins-chere\/123239\/#breadcrumb","itemListElement":[{"@type":"ListItem","position":1,"name":"Home","item":"https:\/\/territorialchallenges.com\/"},{"@type":"ListItem","position":2,"name":"Les Danois adoptent les donn\u00e9es \u00e9nerg\u00e9tiques pour une \u00e9lectricit\u00e9 plus verte et moins ch\u00e8re"}]},{"@type":"WebSite","@id":"https:\/\/territorialchallenges.com\/#website","url":"https:\/\/territorialchallenges.com\/","name":"Territoriale Herausforderungen","description":"Internationales Monitoring \u2013 Intelligente Strategien \u2013 Best Practices","publisher":{"@id":"https:\/\/territorialchallenges.com\/#organization"},"potentialAction":[{"@type":"SearchAction","target":{"@type":"EntryPoint","urlTemplate":"https:\/\/territorialchallenges.com\/?s={search_term_string}"},"query-input":"required name=search_term_string"}],"inLanguage":"de"},{"@type":"Organization","@id":"https:\/\/territorialchallenges.com\/#organization","name":"Territoriale Herausforderungen","url":"https:\/\/territorialchallenges.com\/","logo":{"@type":"ImageObject","inLanguage":"de","@id":"https:\/\/territorialchallenges.com\/#\/schema\/logo\/image\/","url":"https:\/\/territorialchallenges.com\/wp-content\/uploads\/2023\/10\/logo-1.png","contentUrl":"https:\/\/territorialchallenges.com\/wp-content\/uploads\/2023\/10\/logo-1.png","width":1832,"height":576,"caption":"Territorial Challenges"},"image":{"@id":"https:\/\/territorialchallenges.com\/#\/schema\/logo\/image\/"}},{"@type":"Person","@id":"https:\/\/territorialchallenges.com\/#\/schema\/person\/098f145c7c61a021c425e010f840080f","name":"ni.abdi","image":{"@type":"ImageObject","inLanguage":"de","@id":"https:\/\/territorialchallenges.com\/#\/schema\/person\/image\/","url":"https:\/\/secure.gravatar.com\/avatar\/2a2f2491f3c80039986ba989b1e4b510?s=96&d=identicon&r=g","contentUrl":"https:\/\/secure.gravatar.com\/avatar\/2a2f2491f3c80039986ba989b1e4b510?s=96&d=identicon&r=g","caption":"ni.abdi"},"sameAs":["https:\/\/twitter.com\/Ni.abdi"],"url":"https:\/\/territorialchallenges.com\/de\/author\/ni-abdi\/"}]}},"_links":{"self":[{"href":"https:\/\/territorialchallenges.com\/de\/wp-json\/wp\/v2\/posts\/123239"}],"collection":[{"href":"https:\/\/territorialchallenges.com\/de\/wp-json\/wp\/v2\/posts"}],"about":[{"href":"https:\/\/territorialchallenges.com\/de\/wp-json\/wp\/v2\/types\/post"}],"author":[{"embeddable":true,"href":"https:\/\/territorialchallenges.com\/de\/wp-json\/wp\/v2\/users\/11"}],"replies":[{"embeddable":true,"href":"https:\/\/territorialchallenges.com\/de\/wp-json\/wp\/v2\/comments?post=123239"}],"version-history":[{"count":1,"href":"https:\/\/territorialchallenges.com\/de\/wp-json\/wp\/v2\/posts\/123239\/revisions"}],"predecessor-version":[{"id":123241,"href":"https:\/\/territorialchallenges.com\/de\/wp-json\/wp\/v2\/posts\/123239\/revisions\/123241"}],"wp:featuredmedia":[{"embeddable":true,"href":"https:\/\/territorialchallenges.com\/de\/wp-json\/wp\/v2\/media\/123240"}],"wp:attachment":[{"href":"https:\/\/territorialchallenges.com\/de\/wp-json\/wp\/v2\/media?parent=123239"}],"wp:term":[{"taxonomy":"category","embeddable":true,"href":"https:\/\/territorialchallenges.com\/de\/wp-json\/wp\/v2\/categories?post=123239"},{"taxonomy":"post_tag","embeddable":true,"href":"https:\/\/territorialchallenges.com\/de\/wp-json\/wp\/v2\/tags?post=123239"}],"curies":[{"name":"wp","href":"https:\/\/api.w.org\/{rel}","templated":true}]}}