{"id":123037,"date":"2024-07-10T16:56:37","date_gmt":"2024-07-10T14:56:37","guid":{"rendered":"https:\/\/territorialchallenges.com\/?p=123037"},"modified":"2024-07-10T16:56:38","modified_gmt":"2024-07-10T14:56:38","slug":"anna-lena-meiners-pionniere-de-la-transition-numerique-des-collectivites-locales-allemandes","status":"publish","type":"post","link":"https:\/\/territorialchallenges.com\/de\/2024\/07\/10\/anna-lena-meiners-pionniere-de-la-transition-numerique-des-collectivites-locales-allemandes\/123037\/","title":{"rendered":"Anna-Lena Meiners: Pionierin der digitalen Transformation deutscher Kommunen"},"content":{"rendered":"<p>Seit August 2022 leitet Anna-Lena Meiners die Abteilung Digitale Kommune bei der gemeinn\u00fctzigen Organisation Civitas Connect in M\u00fcnster, Nordrhein-Westfalen. Mit ihrer Expertise in IoT und urbaner Innovation unterst\u00fctzt sie aktiv die Entwicklung digitaler L\u00f6sungen f\u00fcr Kommunen. Ihr von interdisziplin\u00e4ren Erfahrungen gepr\u00e4gter Karriereweg macht sie zu einer Schl\u00fcsselfigur der digitalen Transformation\u2026 <\/p>\n<div class=\"pmpro_content_message\">Artikel nur f\u00fcr Abonnenten sichtbar.<br \/><a href=\"https:\/\/territorialchallenges.com\/wp-login.php\">Verbindung<\/a><br \/><a href=\"https:\/\/territorialchallenges.com\/de\/wp-login.php\/?action=register\">Registrieren<\/a><\/div>","protected":false},"excerpt":{"rendered":"<p>Depuis ao\u00fbt 2022, Anna-Lena Meiners dirige le d\u00e9partement Municipalit\u00e9 num\u00e9rique de l\u2019asbl Civitas Connect \u00e0 M\u00fcnster, en Rh\u00e9nanie-du-Nord-Westphalie. Gr\u00e2ce \u00e0 son expertise en IoT et en innovation urbaine, elle soutient activement le d\u00e9veloppement de solutions num\u00e9riques pour les municipalit\u00e9s. Son parcours, marqu\u00e9 par des exp\u00e9riences interdisciplinaires, fait d\u2019elle une figure incontournable de la transformation num\u00e9rique... <\/p>\n<div class=\"pmpro_content_message\">Artikel nur f\u00fcr Abonnenten sichtbar.<br \/><a href=\"https:\/\/territorialchallenges.com\/wp-login.php\">Verbindung<\/a><br \/><a href=\"https:\/\/territorialchallenges.com\/de\/wp-login.php\/?action=register\">Registrieren<\/a><\/div>","protected":false},"author":11,"featured_media":123038,"comment_status":"closed","ping_status":"closed","sticky":true,"template":"","format":"standard","meta":{"pmpro_default_level":0,"footnotes":""},"categories":[126,117],"tags":[],"blocksy_meta":"","yoast_head":"<!-- This site is optimized with the Yoast SEO plugin v21.5 - https:\/\/yoast.com\/wordpress\/plugins\/seo\/ -->\n<title>Anna-Lena Meiners : pionni\u00e8re de la transition num\u00e9rique des collectivit\u00e9s locales allemandes - Territorial Challenges<\/title>\n<meta name=\"robots\" content=\"index, follow, max-snippet:-1, max-image-preview:large, max-video-preview:-1\" \/>\n<link rel=\"canonical\" href=\"https:\/\/territorialchallenges.com\/de\/2024\/07\/10\/anna-lena-meiners-pionniere-de-la-transition-numerique-des-collectivites-locales-allemandes\/123037\/\" \/>\n<meta property=\"og:locale\" content=\"de_DE\" \/>\n<meta property=\"og:type\" content=\"article\" \/>\n<meta property=\"og:title\" content=\"Anna-Lena Meiners : pionni\u00e8re de la transition num\u00e9rique des collectivit\u00e9s locales allemandes - Territorial Challenges\" \/>\n<meta property=\"og:description\" content=\"Depuis ao\u00fbt 2022, Anna-Lena Meiners dirige le d\u00e9partement Municipalit\u00e9 num\u00e9rique de l\u2019asbl Civitas Connect \u00e0 M\u00fcnster, en Rh\u00e9nanie-du-Nord-Westphalie. Gr\u00e2ce \u00e0 son expertise en IoT et en innovation urbaine, elle soutient activement le d\u00e9veloppement de solutions num\u00e9riques pour les municipalit\u00e9s. Son parcours, marqu\u00e9 par des exp\u00e9riences interdisciplinaires, fait d\u2019elle une figure incontournable de la transformation num\u00e9rique [&hellip;]\" \/>\n<meta property=\"og:url\" content=\"https:\/\/territorialchallenges.com\/de\/2024\/07\/10\/anna-lena-meiners-pionniere-de-la-transition-numerique-des-collectivites-locales-allemandes\/123037\/\" \/>\n<meta property=\"og:site_name\" content=\"Territorial Challenges\" \/>\n<meta property=\"article:published_time\" content=\"2024-07-10T14:56:37+00:00\" \/>\n<meta property=\"article:modified_time\" content=\"2024-07-10T14:56:38+00:00\" \/>\n<meta property=\"og:image\" content=\"https:\/\/territorialchallenges.com\/wp-content\/uploads\/2024\/07\/onparledeuximage.jpeg\" \/>\n\t<meta property=\"og:image:width\" content=\"751\" \/>\n\t<meta property=\"og:image:height\" content=\"751\" \/>\n\t<meta property=\"og:image:type\" content=\"image\/jpeg\" \/>\n<meta name=\"author\" content=\"ni.abdi\" \/>\n<meta name=\"twitter:card\" content=\"summary_large_image\" \/>\n<meta name=\"twitter:creator\" content=\"@Ni.abdi\" \/>\n<meta name=\"twitter:label1\" content=\"Verfasst von\" \/>\n\t<meta name=\"twitter:data1\" content=\"ni.abdi\" \/>\n\t<meta name=\"twitter:label2\" content=\"Gesch\u00e4tzte Lesezeit\" \/>\n\t<meta name=\"twitter:data2\" content=\"4\u00a0Minuten\" \/>\n<script type=\"application\/ld+json\" class=\"yoast-schema-graph\">{\"@context\":\"https:\/\/schema.org\",\"@graph\":[{\"@type\":\"Article\",\"@id\":\"https:\/\/territorialchallenges.com\/2024\/07\/10\/anna-lena-meiners-pionniere-de-la-transition-numerique-des-collectivites-locales-allemandes\/123037\/#article\",\"isPartOf\":{\"@id\":\"https:\/\/territorialchallenges.com\/2024\/07\/10\/anna-lena-meiners-pionniere-de-la-transition-numerique-des-collectivites-locales-allemandes\/123037\/\"},\"author\":{\"name\":\"ni.abdi\",\"@id\":\"https:\/\/territorialchallenges.com\/#\/schema\/person\/098f145c7c61a021c425e010f840080f\"},\"headline\":\"Anna-Lena Meiners : pionni\u00e8re de la transition num\u00e9rique des collectivit\u00e9s locales allemandes\",\"datePublished\":\"2024-07-10T14:56:37+00:00\",\"dateModified\":\"2024-07-10T14:56:38+00:00\",\"mainEntityOfPage\":{\"@id\":\"https:\/\/territorialchallenges.com\/2024\/07\/10\/anna-lena-meiners-pionniere-de-la-transition-numerique-des-collectivites-locales-allemandes\/123037\/\"},\"wordCount\":773,\"publisher\":{\"@id\":\"https:\/\/territorialchallenges.com\/#organization\"},\"articleSection\":[\"On parle d'eux\",\"\u00c9cosyst\u00e8me\"],\"inLanguage\":\"de\"},{\"@type\":\"WebPage\",\"@id\":\"https:\/\/territorialchallenges.com\/2024\/07\/10\/anna-lena-meiners-pionniere-de-la-transition-numerique-des-collectivites-locales-allemandes\/123037\/\",\"url\":\"https:\/\/territorialchallenges.com\/2024\/07\/10\/anna-lena-meiners-pionniere-de-la-transition-numerique-des-collectivites-locales-allemandes\/123037\/\",\"name\":\"Anna-Lena Meiners : pionni\u00e8re de la transition num\u00e9rique des collectivit\u00e9s locales allemandes - Territorial Challenges\",\"isPartOf\":{\"@id\":\"https:\/\/territorialchallenges.com\/#website\"},\"datePublished\":\"2024-07-10T14:56:37+00:00\",\"dateModified\":\"2024-07-10T14:56:38+00:00\",\"breadcrumb\":{\"@id\":\"https:\/\/territorialchallenges.com\/2024\/07\/10\/anna-lena-meiners-pionniere-de-la-transition-numerique-des-collectivites-locales-allemandes\/123037\/#breadcrumb\"},\"inLanguage\":\"de\",\"potentialAction\":[{\"@type\":\"ReadAction\",\"target\":[\"https:\/\/territorialchallenges.com\/2024\/07\/10\/anna-lena-meiners-pionniere-de-la-transition-numerique-des-collectivites-locales-allemandes\/123037\/\"]}]},{\"@type\":\"BreadcrumbList\",\"@id\":\"https:\/\/territorialchallenges.com\/2024\/07\/10\/anna-lena-meiners-pionniere-de-la-transition-numerique-des-collectivites-locales-allemandes\/123037\/#breadcrumb\",\"itemListElement\":[{\"@type\":\"ListItem\",\"position\":1,\"name\":\"Home\",\"item\":\"https:\/\/territorialchallenges.com\/\"},{\"@type\":\"ListItem\",\"position\":2,\"name\":\"Anna-Lena Meiners : pionni\u00e8re de la transition num\u00e9rique des collectivit\u00e9s locales allemandes\"}]},{\"@type\":\"WebSite\",\"@id\":\"https:\/\/territorialchallenges.com\/#website\",\"url\":\"https:\/\/territorialchallenges.com\/\",\"name\":\"Territorial Challenges\",\"description\":\"Veille Internationale - Strat\u00e9gie Intelligentes - Bonnes pratiques\",\"publisher\":{\"@id\":\"https:\/\/territorialchallenges.com\/#organization\"},\"potentialAction\":[{\"@type\":\"SearchAction\",\"target\":{\"@type\":\"EntryPoint\",\"urlTemplate\":\"https:\/\/territorialchallenges.com\/?s={search_term_string}\"},\"query-input\":\"required name=search_term_string\"}],\"inLanguage\":\"de\"},{\"@type\":\"Organization\",\"@id\":\"https:\/\/territorialchallenges.com\/#organization\",\"name\":\"Territorial Challenges\",\"url\":\"https:\/\/territorialchallenges.com\/\",\"logo\":{\"@type\":\"ImageObject\",\"inLanguage\":\"de\",\"@id\":\"https:\/\/territorialchallenges.com\/#\/schema\/logo\/image\/\",\"url\":\"https:\/\/territorialchallenges.com\/wp-content\/uploads\/2023\/10\/logo-1.png\",\"contentUrl\":\"https:\/\/territorialchallenges.com\/wp-content\/uploads\/2023\/10\/logo-1.png\",\"width\":1832,\"height\":576,\"caption\":\"Territorial Challenges\"},\"image\":{\"@id\":\"https:\/\/territorialchallenges.com\/#\/schema\/logo\/image\/\"}},{\"@type\":\"Person\",\"@id\":\"https:\/\/territorialchallenges.com\/#\/schema\/person\/098f145c7c61a021c425e010f840080f\",\"name\":\"ni.abdi\",\"image\":{\"@type\":\"ImageObject\",\"inLanguage\":\"de\",\"@id\":\"https:\/\/territorialchallenges.com\/#\/schema\/person\/image\/\",\"url\":\"https:\/\/secure.gravatar.com\/avatar\/2a2f2491f3c80039986ba989b1e4b510?s=96&d=identicon&r=g\",\"contentUrl\":\"https:\/\/secure.gravatar.com\/avatar\/2a2f2491f3c80039986ba989b1e4b510?s=96&d=identicon&r=g\",\"caption\":\"ni.abdi\"},\"sameAs\":[\"https:\/\/twitter.com\/Ni.abdi\"],\"url\":\"https:\/\/territorialchallenges.com\/de\/author\/ni-abdi\/\"}]}<\/script>\n<!-- \/ Yoast SEO plugin. -->","yoast_head_json":{"title":"Anna-Lena Meiners : pionni\u00e8re de la transition num\u00e9rique des collectivit\u00e9s locales allemandes - Territorial Challenges","robots":{"index":"index","follow":"follow","max-snippet":"max-snippet:-1","max-image-preview":"max-image-preview:large","max-video-preview":"max-video-preview:-1"},"canonical":"https:\/\/territorialchallenges.com\/de\/2024\/07\/10\/anna-lena-meiners-pionniere-de-la-transition-numerique-des-collectivites-locales-allemandes\/123037\/","og_locale":"de_DE","og_type":"article","og_title":"Anna-Lena Meiners : pionni\u00e8re de la transition num\u00e9rique des collectivit\u00e9s locales allemandes - Territorial Challenges","og_description":"Depuis ao\u00fbt 2022, Anna-Lena Meiners dirige le d\u00e9partement Municipalit\u00e9 num\u00e9rique de l\u2019asbl Civitas Connect \u00e0 M\u00fcnster, en Rh\u00e9nanie-du-Nord-Westphalie. Gr\u00e2ce \u00e0 son expertise en IoT et en innovation urbaine, elle soutient activement le d\u00e9veloppement de solutions num\u00e9riques pour les municipalit\u00e9s. Son parcours, marqu\u00e9 par des exp\u00e9riences interdisciplinaires, fait d\u2019elle une figure incontournable de la transformation num\u00e9rique [&hellip;]","og_url":"https:\/\/territorialchallenges.com\/de\/2024\/07\/10\/anna-lena-meiners-pionniere-de-la-transition-numerique-des-collectivites-locales-allemandes\/123037\/","og_site_name":"Territorial Challenges","article_published_time":"2024-07-10T14:56:37+00:00","article_modified_time":"2024-07-10T14:56:38+00:00","og_image":[{"width":751,"height":751,"url":"https:\/\/territorialchallenges.com\/wp-content\/uploads\/2024\/07\/onparledeuximage.jpeg","type":"image\/jpeg"}],"author":"ni.abdi","twitter_card":"summary_large_image","twitter_creator":"@Ni.abdi","twitter_misc":{"Verfasst von":"ni.abdi","Gesch\u00e4tzte Lesezeit":"4\u00a0Minuten"},"schema":{"@context":"https:\/\/schema.org","@graph":[{"@type":"Article","@id":"https:\/\/territorialchallenges.com\/2024\/07\/10\/anna-lena-meiners-pionniere-de-la-transition-numerique-des-collectivites-locales-allemandes\/123037\/#article","isPartOf":{"@id":"https:\/\/territorialchallenges.com\/2024\/07\/10\/anna-lena-meiners-pionniere-de-la-transition-numerique-des-collectivites-locales-allemandes\/123037\/"},"author":{"name":"ni.abdi","@id":"https:\/\/territorialchallenges.com\/#\/schema\/person\/098f145c7c61a021c425e010f840080f"},"headline":"Anna-Lena Meiners : pionni\u00e8re de la transition num\u00e9rique des collectivit\u00e9s locales allemandes","datePublished":"2024-07-10T14:56:37+00:00","dateModified":"2024-07-10T14:56:38+00:00","mainEntityOfPage":{"@id":"https:\/\/territorialchallenges.com\/2024\/07\/10\/anna-lena-meiners-pionniere-de-la-transition-numerique-des-collectivites-locales-allemandes\/123037\/"},"wordCount":773,"publisher":{"@id":"https:\/\/territorialchallenges.com\/#organization"},"articleSection":["On parle d'eux","\u00c9cosyst\u00e8me"],"inLanguage":"de"},{"@type":"WebPage","@id":"https:\/\/territorialchallenges.com\/2024\/07\/10\/anna-lena-meiners-pionniere-de-la-transition-numerique-des-collectivites-locales-allemandes\/123037\/","url":"https:\/\/territorialchallenges.com\/2024\/07\/10\/anna-lena-meiners-pionniere-de-la-transition-numerique-des-collectivites-locales-allemandes\/123037\/","name":"Anna-Lena Meiners : pionni\u00e8re de la transition num\u00e9rique des collectivit\u00e9s locales allemandes - Territorial Challenges","isPartOf":{"@id":"https:\/\/territorialchallenges.com\/#website"},"datePublished":"2024-07-10T14:56:37+00:00","dateModified":"2024-07-10T14:56:38+00:00","breadcrumb":{"@id":"https:\/\/territorialchallenges.com\/2024\/07\/10\/anna-lena-meiners-pionniere-de-la-transition-numerique-des-collectivites-locales-allemandes\/123037\/#breadcrumb"},"inLanguage":"de","potentialAction":[{"@type":"ReadAction","target":["https:\/\/territorialchallenges.com\/2024\/07\/10\/anna-lena-meiners-pionniere-de-la-transition-numerique-des-collectivites-locales-allemandes\/123037\/"]}]},{"@type":"BreadcrumbList","@id":"https:\/\/territorialchallenges.com\/2024\/07\/10\/anna-lena-meiners-pionniere-de-la-transition-numerique-des-collectivites-locales-allemandes\/123037\/#breadcrumb","itemListElement":[{"@type":"ListItem","position":1,"name":"Home","item":"https:\/\/territorialchallenges.com\/"},{"@type":"ListItem","position":2,"name":"Anna-Lena Meiners : pionni\u00e8re de la transition num\u00e9rique des collectivit\u00e9s locales allemandes"}]},{"@type":"WebSite","@id":"https:\/\/territorialchallenges.com\/#website","url":"https:\/\/territorialchallenges.com\/","name":"Territoriale Herausforderungen","description":"Internationales Monitoring \u2013 Intelligente Strategien \u2013 Best Practices","publisher":{"@id":"https:\/\/territorialchallenges.com\/#organization"},"potentialAction":[{"@type":"SearchAction","target":{"@type":"EntryPoint","urlTemplate":"https:\/\/territorialchallenges.com\/?s={search_term_string}"},"query-input":"required name=search_term_string"}],"inLanguage":"de"},{"@type":"Organization","@id":"https:\/\/territorialchallenges.com\/#organization","name":"Territoriale Herausforderungen","url":"https:\/\/territorialchallenges.com\/","logo":{"@type":"ImageObject","inLanguage":"de","@id":"https:\/\/territorialchallenges.com\/#\/schema\/logo\/image\/","url":"https:\/\/territorialchallenges.com\/wp-content\/uploads\/2023\/10\/logo-1.png","contentUrl":"https:\/\/territorialchallenges.com\/wp-content\/uploads\/2023\/10\/logo-1.png","width":1832,"height":576,"caption":"Territorial Challenges"},"image":{"@id":"https:\/\/territorialchallenges.com\/#\/schema\/logo\/image\/"}},{"@type":"Person","@id":"https:\/\/territorialchallenges.com\/#\/schema\/person\/098f145c7c61a021c425e010f840080f","name":"ni.abdi","image":{"@type":"ImageObject","inLanguage":"de","@id":"https:\/\/territorialchallenges.com\/#\/schema\/person\/image\/","url":"https:\/\/secure.gravatar.com\/avatar\/2a2f2491f3c80039986ba989b1e4b510?s=96&d=identicon&r=g","contentUrl":"https:\/\/secure.gravatar.com\/avatar\/2a2f2491f3c80039986ba989b1e4b510?s=96&d=identicon&r=g","caption":"ni.abdi"},"sameAs":["https:\/\/twitter.com\/Ni.abdi"],"url":"https:\/\/territorialchallenges.com\/de\/author\/ni-abdi\/"}]}},"_links":{"self":[{"href":"https:\/\/territorialchallenges.com\/de\/wp-json\/wp\/v2\/posts\/123037"}],"collection":[{"href":"https:\/\/territorialchallenges.com\/de\/wp-json\/wp\/v2\/posts"}],"about":[{"href":"https:\/\/territorialchallenges.com\/de\/wp-json\/wp\/v2\/types\/post"}],"author":[{"embeddable":true,"href":"https:\/\/territorialchallenges.com\/de\/wp-json\/wp\/v2\/users\/11"}],"replies":[{"embeddable":true,"href":"https:\/\/territorialchallenges.com\/de\/wp-json\/wp\/v2\/comments?post=123037"}],"version-history":[{"count":1,"href":"https:\/\/territorialchallenges.com\/de\/wp-json\/wp\/v2\/posts\/123037\/revisions"}],"predecessor-version":[{"id":123039,"href":"https:\/\/territorialchallenges.com\/de\/wp-json\/wp\/v2\/posts\/123037\/revisions\/123039"}],"wp:featuredmedia":[{"embeddable":true,"href":"https:\/\/territorialchallenges.com\/de\/wp-json\/wp\/v2\/media\/123038"}],"wp:attachment":[{"href":"https:\/\/territorialchallenges.com\/de\/wp-json\/wp\/v2\/media?parent=123037"}],"wp:term":[{"taxonomy":"category","embeddable":true,"href":"https:\/\/territorialchallenges.com\/de\/wp-json\/wp\/v2\/categories?post=123037"},{"taxonomy":"post_tag","embeddable":true,"href":"https:\/\/territorialchallenges.com\/de\/wp-json\/wp\/v2\/tags?post=123037"}],"curies":[{"name":"wp","href":"https:\/\/api.w.org\/{rel}","templated":true}]}}