{"id":122956,"date":"2024-06-27T18:34:33","date_gmt":"2024-06-27T16:34:33","guid":{"rendered":"https:\/\/territorialchallenges.com\/?p=122956"},"modified":"2024-06-27T18:35:35","modified_gmt":"2024-06-27T16:35:35","slug":"aalborg-2024-capitale-des-villes-durables-pour-une-conference-dexception","status":"publish","type":"post","link":"https:\/\/territorialchallenges.com\/de\/2024\/06\/27\/aalborg-2024-capitale-des-villes-durables-pour-une-conference-dexception\/122956\/","title":{"rendered":"Aalborg 2024: Hauptstadt der nachhaltigen St\u00e4dte f\u00fcr eine au\u00dfergew\u00f6hnliche Konferenz"},"content":{"rendered":"<p>Vom 1. bis 3. Oktober 2024 findet in Aalborg, D\u00e4nemark, die 10. Europ\u00e4ische Konferenz f\u00fcr nachhaltige St\u00e4dte (ESCT) statt. Diese Gro\u00dfveranstaltung bringt B\u00fcrgermeister und Praktiker aus ganz Europa zusammen, um eine klimaneutrale, widerstandsf\u00e4hige und gerechte Zukunft zu gestalten. Die Konferenz markiert zugleich den 30. Jahrestag der Aalborg-Charta und den 20. Jahrestag des\u2026 <\/p>\n<div class=\"pmpro_content_message\">Artikel nur f\u00fcr Abonnenten sichtbar.<br \/><a href=\"https:\/\/territorialchallenges.com\/wp-login.php\">Verbindung<\/a><br \/><a href=\"https:\/\/territorialchallenges.com\/de\/wp-login.php\/?action=register\">Registrieren<\/a><\/div>","protected":false},"excerpt":{"rendered":"<p>Vom 1. bis 3. Oktober 2024 findet in Aalborg, D\u00e4nemark, die 10. Europ\u00e4ische Konferenz f\u00fcr nachhaltige St\u00e4dte (ESCT) statt. Diese Gro\u00dfveranstaltung bringt B\u00fcrgermeister und Praktiker aus ganz Europa zusammen, um eine klimaneutrale, widerstandsf\u00e4hige und gerechte Zukunft zu gestalten. Die Konferenz markiert zugleich den 30. Jahrestag der Aalborg-Charta und den 20. Jahrestag der... <\/p>\n<div class=\"pmpro_content_message\">Artikel nur f\u00fcr Abonnenten sichtbar.<br \/><a href=\"https:\/\/territorialchallenges.com\/wp-login.php\">Verbindung<\/a><br \/><a href=\"https:\/\/territorialchallenges.com\/de\/wp-login.php\/?action=register\">Registrieren<\/a><\/div>","protected":false},"author":11,"featured_media":122957,"comment_status":"closed","ping_status":"closed","sticky":true,"template":"","format":"standard","meta":{"pmpro_default_level":0,"footnotes":""},"categories":[19,127],"tags":[],"blocksy_meta":"","yoast_head":"<!-- This site is optimized with the Yoast SEO plugin v21.5 - https:\/\/yoast.com\/wordpress\/plugins\/seo\/ -->\n<title>Aalborg 2024 : capitale des villes durables pour une conf\u00e9rence d\u2019exception - Territorial Challenges<\/title>\n<meta name=\"robots\" content=\"index, follow, max-snippet:-1, max-image-preview:large, max-video-preview:-1\" \/>\n<link rel=\"canonical\" href=\"https:\/\/territorialchallenges.com\/de\/2024\/06\/27\/aalborg-2024-capitale-des-villes-durables-pour-une-conference-dexception\/122956\/\" \/>\n<meta property=\"og:locale\" content=\"de_DE\" \/>\n<meta property=\"og:type\" content=\"article\" \/>\n<meta property=\"og:title\" content=\"Aalborg 2024 : capitale des villes durables pour une conf\u00e9rence d\u2019exception - Territorial Challenges\" \/>\n<meta property=\"og:description\" content=\"Du 1er au 3 octobre 2024, Aalborg au Danemark accueillera la 10\u00e8me Conf\u00e9rence europ\u00e9enne sur les villes durables (ESCT). Cet \u00e9v\u00e9nement majeur r\u00e9unira des maires et praticiens de toute l&rsquo;Europe pour fa\u00e7onner un avenir climatiquement neutre, r\u00e9silient et juste. La conf\u00e9rence marque \u00e9galement le 30e anniversaire de la Charte d\u2019Aalborg et le 20e anniversaire des [&hellip;]\" \/>\n<meta property=\"og:url\" content=\"https:\/\/territorialchallenges.com\/de\/2024\/06\/27\/aalborg-2024-capitale-des-villes-durables-pour-une-conference-dexception\/122956\/\" \/>\n<meta property=\"og:site_name\" content=\"Territorial Challenges\" \/>\n<meta property=\"article:published_time\" content=\"2024-06-27T16:34:33+00:00\" \/>\n<meta property=\"article:modified_time\" content=\"2024-06-27T16:35:35+00:00\" \/>\n<meta property=\"og:image\" content=\"https:\/\/territorialchallenges.com\/wp-content\/uploads\/2024\/06\/territoiresintelligentsimage.jpg\" \/>\n\t<meta property=\"og:image:width\" content=\"1280\" \/>\n\t<meta property=\"og:image:height\" content=\"853\" \/>\n\t<meta property=\"og:image:type\" content=\"image\/jpeg\" \/>\n<meta name=\"author\" content=\"ni.abdi\" \/>\n<meta name=\"twitter:card\" content=\"summary_large_image\" \/>\n<meta name=\"twitter:creator\" content=\"@Ni.abdi\" \/>\n<meta name=\"twitter:label1\" content=\"Verfasst von\" \/>\n\t<meta name=\"twitter:data1\" content=\"ni.abdi\" \/>\n\t<meta name=\"twitter:label2\" content=\"Gesch\u00e4tzte Lesezeit\" \/>\n\t<meta name=\"twitter:data2\" content=\"4\u00a0Minuten\" \/>\n<script type=\"application\/ld+json\" class=\"yoast-schema-graph\">{\"@context\":\"https:\/\/schema.org\",\"@graph\":[{\"@type\":\"Article\",\"@id\":\"https:\/\/territorialchallenges.com\/2024\/06\/27\/aalborg-2024-capitale-des-villes-durables-pour-une-conference-dexception\/122956\/#article\",\"isPartOf\":{\"@id\":\"https:\/\/territorialchallenges.com\/2024\/06\/27\/aalborg-2024-capitale-des-villes-durables-pour-une-conference-dexception\/122956\/\"},\"author\":{\"name\":\"ni.abdi\",\"@id\":\"https:\/\/territorialchallenges.com\/#\/schema\/person\/098f145c7c61a021c425e010f840080f\"},\"headline\":\"Aalborg 2024 : capitale des villes durables pour une conf\u00e9rence d\u2019exception\",\"datePublished\":\"2024-06-27T16:34:33+00:00\",\"dateModified\":\"2024-06-27T16:35:35+00:00\",\"mainEntityOfPage\":{\"@id\":\"https:\/\/territorialchallenges.com\/2024\/06\/27\/aalborg-2024-capitale-des-villes-durables-pour-une-conference-dexception\/122956\/\"},\"wordCount\":851,\"publisher\":{\"@id\":\"https:\/\/territorialchallenges.com\/#organization\"},\"articleSection\":[\"Territoires Intelligents\",\"Actualit\u00e9 Europe\"],\"inLanguage\":\"de\"},{\"@type\":\"WebPage\",\"@id\":\"https:\/\/territorialchallenges.com\/2024\/06\/27\/aalborg-2024-capitale-des-villes-durables-pour-une-conference-dexception\/122956\/\",\"url\":\"https:\/\/territorialchallenges.com\/2024\/06\/27\/aalborg-2024-capitale-des-villes-durables-pour-une-conference-dexception\/122956\/\",\"name\":\"Aalborg 2024 : capitale des villes durables pour une conf\u00e9rence d\u2019exception - Territorial Challenges\",\"isPartOf\":{\"@id\":\"https:\/\/territorialchallenges.com\/#website\"},\"datePublished\":\"2024-06-27T16:34:33+00:00\",\"dateModified\":\"2024-06-27T16:35:35+00:00\",\"breadcrumb\":{\"@id\":\"https:\/\/territorialchallenges.com\/2024\/06\/27\/aalborg-2024-capitale-des-villes-durables-pour-une-conference-dexception\/122956\/#breadcrumb\"},\"inLanguage\":\"de\",\"potentialAction\":[{\"@type\":\"ReadAction\",\"target\":[\"https:\/\/territorialchallenges.com\/2024\/06\/27\/aalborg-2024-capitale-des-villes-durables-pour-une-conference-dexception\/122956\/\"]}]},{\"@type\":\"BreadcrumbList\",\"@id\":\"https:\/\/territorialchallenges.com\/2024\/06\/27\/aalborg-2024-capitale-des-villes-durables-pour-une-conference-dexception\/122956\/#breadcrumb\",\"itemListElement\":[{\"@type\":\"ListItem\",\"position\":1,\"name\":\"Home\",\"item\":\"https:\/\/territorialchallenges.com\/\"},{\"@type\":\"ListItem\",\"position\":2,\"name\":\"Aalborg 2024 : capitale des villes durables pour une conf\u00e9rence d\u2019exception\"}]},{\"@type\":\"WebSite\",\"@id\":\"https:\/\/territorialchallenges.com\/#website\",\"url\":\"https:\/\/territorialchallenges.com\/\",\"name\":\"Territorial Challenges\",\"description\":\"Veille Internationale - Strat\u00e9gie Intelligentes - Bonnes pratiques\",\"publisher\":{\"@id\":\"https:\/\/territorialchallenges.com\/#organization\"},\"potentialAction\":[{\"@type\":\"SearchAction\",\"target\":{\"@type\":\"EntryPoint\",\"urlTemplate\":\"https:\/\/territorialchallenges.com\/?s={search_term_string}\"},\"query-input\":\"required name=search_term_string\"}],\"inLanguage\":\"de\"},{\"@type\":\"Organization\",\"@id\":\"https:\/\/territorialchallenges.com\/#organization\",\"name\":\"Territorial Challenges\",\"url\":\"https:\/\/territorialchallenges.com\/\",\"logo\":{\"@type\":\"ImageObject\",\"inLanguage\":\"de\",\"@id\":\"https:\/\/territorialchallenges.com\/#\/schema\/logo\/image\/\",\"url\":\"https:\/\/territorialchallenges.com\/wp-content\/uploads\/2023\/10\/logo-1.png\",\"contentUrl\":\"https:\/\/territorialchallenges.com\/wp-content\/uploads\/2023\/10\/logo-1.png\",\"width\":1832,\"height\":576,\"caption\":\"Territorial Challenges\"},\"image\":{\"@id\":\"https:\/\/territorialchallenges.com\/#\/schema\/logo\/image\/\"}},{\"@type\":\"Person\",\"@id\":\"https:\/\/territorialchallenges.com\/#\/schema\/person\/098f145c7c61a021c425e010f840080f\",\"name\":\"ni.abdi\",\"image\":{\"@type\":\"ImageObject\",\"inLanguage\":\"de\",\"@id\":\"https:\/\/territorialchallenges.com\/#\/schema\/person\/image\/\",\"url\":\"https:\/\/secure.gravatar.com\/avatar\/2a2f2491f3c80039986ba989b1e4b510?s=96&d=identicon&r=g\",\"contentUrl\":\"https:\/\/secure.gravatar.com\/avatar\/2a2f2491f3c80039986ba989b1e4b510?s=96&d=identicon&r=g\",\"caption\":\"ni.abdi\"},\"sameAs\":[\"https:\/\/twitter.com\/Ni.abdi\"],\"url\":\"https:\/\/territorialchallenges.com\/de\/author\/ni-abdi\/\"}]}<\/script>\n<!-- \/ Yoast SEO plugin. -->","yoast_head_json":{"title":"Aalborg 2024: Hauptstadt der nachhaltigen St\u00e4dte f\u00fcr eine au\u00dfergew\u00f6hnliche Konferenz \u2013 Territoriale Herausforderungen","robots":{"index":"index","follow":"follow","max-snippet":"max-snippet:-1","max-image-preview":"max-image-preview:large","max-video-preview":"max-video-preview:-1"},"canonical":"https:\/\/territorialchallenges.com\/de\/2024\/06\/27\/aalborg-2024-capitale-des-villes-durables-pour-une-conference-dexception\/122956\/","og_locale":"de_DE","og_type":"article","og_title":"Aalborg 2024 : capitale des villes durables pour une conf\u00e9rence d\u2019exception - Territorial Challenges","og_description":"Du 1er au 3 octobre 2024, Aalborg au Danemark accueillera la 10\u00e8me Conf\u00e9rence europ\u00e9enne sur les villes durables (ESCT). Cet \u00e9v\u00e9nement majeur r\u00e9unira des maires et praticiens de toute l&rsquo;Europe pour fa\u00e7onner un avenir climatiquement neutre, r\u00e9silient et juste. La conf\u00e9rence marque \u00e9galement le 30e anniversaire de la Charte d\u2019Aalborg et le 20e anniversaire des [&hellip;]","og_url":"https:\/\/territorialchallenges.com\/de\/2024\/06\/27\/aalborg-2024-capitale-des-villes-durables-pour-une-conference-dexception\/122956\/","og_site_name":"Territorial Challenges","article_published_time":"2024-06-27T16:34:33+00:00","article_modified_time":"2024-06-27T16:35:35+00:00","og_image":[{"width":1280,"height":853,"url":"https:\/\/territorialchallenges.com\/wp-content\/uploads\/2024\/06\/territoiresintelligentsimage.jpg","type":"image\/jpeg"}],"author":"ni.abdi","twitter_card":"summary_large_image","twitter_creator":"@Ni.abdi","twitter_misc":{"Verfasst von":"ni.abdi","Gesch\u00e4tzte Lesezeit":"4\u00a0Minuten"},"schema":{"@context":"https:\/\/schema.org","@graph":[{"@type":"Article","@id":"https:\/\/territorialchallenges.com\/2024\/06\/27\/aalborg-2024-capitale-des-villes-durables-pour-une-conference-dexception\/122956\/#article","isPartOf":{"@id":"https:\/\/territorialchallenges.com\/2024\/06\/27\/aalborg-2024-capitale-des-villes-durables-pour-une-conference-dexception\/122956\/"},"author":{"name":"ni.abdi","@id":"https:\/\/territorialchallenges.com\/#\/schema\/person\/098f145c7c61a021c425e010f840080f"},"headline":"Aalborg 2024 : capitale des villes durables pour une conf\u00e9rence d\u2019exception","datePublished":"2024-06-27T16:34:33+00:00","dateModified":"2024-06-27T16:35:35+00:00","mainEntityOfPage":{"@id":"https:\/\/territorialchallenges.com\/2024\/06\/27\/aalborg-2024-capitale-des-villes-durables-pour-une-conference-dexception\/122956\/"},"wordCount":851,"publisher":{"@id":"https:\/\/territorialchallenges.com\/#organization"},"articleSection":["Territoires Intelligents","Actualit\u00e9 Europe"],"inLanguage":"de"},{"@type":"WebPage","@id":"https:\/\/territorialchallenges.com\/2024\/06\/27\/aalborg-2024-capitale-des-villes-durables-pour-une-conference-dexception\/122956\/","url":"https:\/\/territorialchallenges.com\/2024\/06\/27\/aalborg-2024-capitale-des-villes-durables-pour-une-conference-dexception\/122956\/","name":"Aalborg 2024: Hauptstadt der nachhaltigen St\u00e4dte f\u00fcr eine au\u00dfergew\u00f6hnliche Konferenz \u2013 Territoriale Herausforderungen","isPartOf":{"@id":"https:\/\/territorialchallenges.com\/#website"},"datePublished":"2024-06-27T16:34:33+00:00","dateModified":"2024-06-27T16:35:35+00:00","breadcrumb":{"@id":"https:\/\/territorialchallenges.com\/2024\/06\/27\/aalborg-2024-capitale-des-villes-durables-pour-une-conference-dexception\/122956\/#breadcrumb"},"inLanguage":"de","potentialAction":[{"@type":"ReadAction","target":["https:\/\/territorialchallenges.com\/2024\/06\/27\/aalborg-2024-capitale-des-villes-durables-pour-une-conference-dexception\/122956\/"]}]},{"@type":"BreadcrumbList","@id":"https:\/\/territorialchallenges.com\/2024\/06\/27\/aalborg-2024-capitale-des-villes-durables-pour-une-conference-dexception\/122956\/#breadcrumb","itemListElement":[{"@type":"ListItem","position":1,"name":"Home","item":"https:\/\/territorialchallenges.com\/"},{"@type":"ListItem","position":2,"name":"Aalborg 2024 : capitale des villes durables pour une conf\u00e9rence d\u2019exception"}]},{"@type":"WebSite","@id":"https:\/\/territorialchallenges.com\/#website","url":"https:\/\/territorialchallenges.com\/","name":"Territoriale Herausforderungen","description":"Internationales Monitoring \u2013 Intelligente Strategien \u2013 Best Practices","publisher":{"@id":"https:\/\/territorialchallenges.com\/#organization"},"potentialAction":[{"@type":"SearchAction","target":{"@type":"EntryPoint","urlTemplate":"https:\/\/territorialchallenges.com\/?s={search_term_string}"},"query-input":"required name=search_term_string"}],"inLanguage":"de"},{"@type":"Organization","@id":"https:\/\/territorialchallenges.com\/#organization","name":"Territoriale Herausforderungen","url":"https:\/\/territorialchallenges.com\/","logo":{"@type":"ImageObject","inLanguage":"de","@id":"https:\/\/territorialchallenges.com\/#\/schema\/logo\/image\/","url":"https:\/\/territorialchallenges.com\/wp-content\/uploads\/2023\/10\/logo-1.png","contentUrl":"https:\/\/territorialchallenges.com\/wp-content\/uploads\/2023\/10\/logo-1.png","width":1832,"height":576,"caption":"Territorial Challenges"},"image":{"@id":"https:\/\/territorialchallenges.com\/#\/schema\/logo\/image\/"}},{"@type":"Person","@id":"https:\/\/territorialchallenges.com\/#\/schema\/person\/098f145c7c61a021c425e010f840080f","name":"ni.abdi","image":{"@type":"ImageObject","inLanguage":"de","@id":"https:\/\/territorialchallenges.com\/#\/schema\/person\/image\/","url":"https:\/\/secure.gravatar.com\/avatar\/2a2f2491f3c80039986ba989b1e4b510?s=96&d=identicon&r=g","contentUrl":"https:\/\/secure.gravatar.com\/avatar\/2a2f2491f3c80039986ba989b1e4b510?s=96&d=identicon&r=g","caption":"ni.abdi"},"sameAs":["https:\/\/twitter.com\/Ni.abdi"],"url":"https:\/\/territorialchallenges.com\/de\/author\/ni-abdi\/"}]}},"_links":{"self":[{"href":"https:\/\/territorialchallenges.com\/de\/wp-json\/wp\/v2\/posts\/122956"}],"collection":[{"href":"https:\/\/territorialchallenges.com\/de\/wp-json\/wp\/v2\/posts"}],"about":[{"href":"https:\/\/territorialchallenges.com\/de\/wp-json\/wp\/v2\/types\/post"}],"author":[{"embeddable":true,"href":"https:\/\/territorialchallenges.com\/de\/wp-json\/wp\/v2\/users\/11"}],"replies":[{"embeddable":true,"href":"https:\/\/territorialchallenges.com\/de\/wp-json\/wp\/v2\/comments?post=122956"}],"version-history":[{"count":2,"href":"https:\/\/territorialchallenges.com\/de\/wp-json\/wp\/v2\/posts\/122956\/revisions"}],"predecessor-version":[{"id":122959,"href":"https:\/\/territorialchallenges.com\/de\/wp-json\/wp\/v2\/posts\/122956\/revisions\/122959"}],"wp:featuredmedia":[{"embeddable":true,"href":"https:\/\/territorialchallenges.com\/de\/wp-json\/wp\/v2\/media\/122957"}],"wp:attachment":[{"href":"https:\/\/territorialchallenges.com\/de\/wp-json\/wp\/v2\/media?parent=122956"}],"wp:term":[{"taxonomy":"category","embeddable":true,"href":"https:\/\/territorialchallenges.com\/de\/wp-json\/wp\/v2\/categories?post=122956"},{"taxonomy":"post_tag","embeddable":true,"href":"https:\/\/territorialchallenges.com\/de\/wp-json\/wp\/v2\/tags?post=122956"}],"curies":[{"name":"wp","href":"https:\/\/api.w.org\/{rel}","templated":true}]}}