{"id":122930,"date":"2024-06-18T13:17:20","date_gmt":"2024-06-18T11:17:20","guid":{"rendered":"https:\/\/territorialchallenges.com\/?p=122930"},"modified":"2024-06-18T13:21:49","modified_gmt":"2024-06-18T11:21:49","slug":"numerique-impliquer-les-universites-dans-les-politiques-publiques-territoriales","status":"publish","type":"post","link":"https:\/\/territorialchallenges.com\/de\/2024\/06\/18\/numerique-impliquer-les-universites-dans-les-politiques-publiques-territoriales\/122930\/","title":{"rendered":"Digitalisierung: Einbeziehung der Universit\u00e4ten in die \u00f6ffentliche Politik auf regionaler und lokaler Ebene"},"content":{"rendered":"<p>Kommunen stehen vor der gro\u00dfen Herausforderung, ihren B\u00fcrgern vertrauensw\u00fcrdige und belastbare digitale Technologien bereitzustellen. Durch den Ausbau von Partnerschaften mit regionalen Universit\u00e4ten k\u00f6nnen sie nicht nur lokale Innovationen f\u00f6rdern, sondern auch einen ethischen und sicheren Einsatz der Technologie gew\u00e4hrleisten. F\u00fchrende Pers\u00f6nlichkeiten der k\u00fcnstlichen Intelligenz wie\u2026 <\/p>\n<div class=\"pmpro_content_message\">Artikel nur f\u00fcr Abonnenten sichtbar.<br \/><a href=\"https:\/\/territorialchallenges.com\/wp-login.php\">Verbindung<\/a><br \/><a href=\"https:\/\/territorialchallenges.com\/de\/wp-login.php\/?action=register\">Registrieren<\/a><\/div>","protected":false},"excerpt":{"rendered":"<p>Les collectivit\u00e9s territoriales sont confront\u00e9es \u00e0 des d\u00e9fis de taille pour offrir un num\u00e9rique de confiance et de r\u00e9silience \u00e0 leurs citoyens. En multipliant les partenariats avec les universit\u00e9s r\u00e9gionales, elles peuvent non seulement stimuler l&rsquo;innovation locale mais aussi garantir une utilisation \u00e9thique et s\u00e9curis\u00e9e des technologies. Des figures de proue de l&rsquo;intelligence artificielle comme... <\/p>\n<div class=\"pmpro_content_message\">Artikel nur f\u00fcr Abonnenten sichtbar.<br \/><a href=\"https:\/\/territorialchallenges.com\/wp-login.php\">Verbindung<\/a><br \/><a href=\"https:\/\/territorialchallenges.com\/de\/wp-login.php\/?action=register\">Registrieren<\/a><\/div>","protected":false},"author":11,"featured_media":122931,"comment_status":"closed","ping_status":"closed","sticky":true,"template":"","format":"standard","meta":{"pmpro_default_level":0,"footnotes":""},"categories":[130,117],"tags":[],"blocksy_meta":"","yoast_head":"<!-- This site is optimized with the Yoast SEO plugin v21.5 - https:\/\/yoast.com\/wordpress\/plugins\/seo\/ -->\n<title>Num\u00e9rique: impliquer les universit\u00e9s dans les politiques publiques territoriales - Territorial Challenges<\/title>\n<meta name=\"robots\" content=\"index, follow, max-snippet:-1, max-image-preview:large, max-video-preview:-1\" \/>\n<link rel=\"canonical\" href=\"https:\/\/territorialchallenges.com\/de\/2024\/06\/18\/numerique-impliquer-les-universites-dans-les-politiques-publiques-territoriales\/122930\/\" \/>\n<meta property=\"og:locale\" content=\"de_DE\" \/>\n<meta property=\"og:type\" content=\"article\" \/>\n<meta property=\"og:title\" content=\"Num\u00e9rique: impliquer les universit\u00e9s dans les politiques publiques territoriales - Territorial Challenges\" \/>\n<meta property=\"og:description\" content=\"Les collectivit\u00e9s territoriales sont confront\u00e9es \u00e0 des d\u00e9fis de taille pour offrir un num\u00e9rique de confiance et de r\u00e9silience \u00e0 leurs citoyens. En multipliant les partenariats avec les universit\u00e9s r\u00e9gionales, elles peuvent non seulement stimuler l&rsquo;innovation locale mais aussi garantir une utilisation \u00e9thique et s\u00e9curis\u00e9e des technologies. Des figures de proue de l&rsquo;intelligence artificielle comme [&hellip;]\" \/>\n<meta property=\"og:url\" content=\"https:\/\/territorialchallenges.com\/de\/2024\/06\/18\/numerique-impliquer-les-universites-dans-les-politiques-publiques-territoriales\/122930\/\" \/>\n<meta property=\"og:site_name\" content=\"Territorial Challenges\" \/>\n<meta property=\"article:published_time\" content=\"2024-06-18T11:17:20+00:00\" \/>\n<meta property=\"article:modified_time\" content=\"2024-06-18T11:21:49+00:00\" \/>\n<meta property=\"og:image\" content=\"https:\/\/territorialchallenges.com\/wp-content\/uploads\/2024\/06\/reflexionfaiteimage.jpg\" \/>\n\t<meta property=\"og:image:width\" content=\"1280\" \/>\n\t<meta property=\"og:image:height\" content=\"783\" \/>\n\t<meta property=\"og:image:type\" content=\"image\/jpeg\" \/>\n<meta name=\"author\" content=\"ni.abdi\" \/>\n<meta name=\"twitter:card\" content=\"summary_large_image\" \/>\n<meta name=\"twitter:creator\" content=\"@Ni.abdi\" \/>\n<meta name=\"twitter:label1\" content=\"Verfasst von\" \/>\n\t<meta name=\"twitter:data1\" content=\"ni.abdi\" \/>\n\t<meta name=\"twitter:label2\" content=\"Gesch\u00e4tzte Lesezeit\" \/>\n\t<meta name=\"twitter:data2\" content=\"4\u00a0Minuten\" \/>\n<script type=\"application\/ld+json\" class=\"yoast-schema-graph\">{\"@context\":\"https:\/\/schema.org\",\"@graph\":[{\"@type\":\"Article\",\"@id\":\"https:\/\/territorialchallenges.com\/2024\/06\/18\/numerique-impliquer-les-universites-dans-les-politiques-publiques-territoriales\/122930\/#article\",\"isPartOf\":{\"@id\":\"https:\/\/territorialchallenges.com\/2024\/06\/18\/numerique-impliquer-les-universites-dans-les-politiques-publiques-territoriales\/122930\/\"},\"author\":{\"name\":\"ni.abdi\",\"@id\":\"https:\/\/territorialchallenges.com\/#\/schema\/person\/098f145c7c61a021c425e010f840080f\"},\"headline\":\"Num\u00e9rique: impliquer les universit\u00e9s dans les politiques publiques territoriales\",\"datePublished\":\"2024-06-18T11:17:20+00:00\",\"dateModified\":\"2024-06-18T11:21:49+00:00\",\"mainEntityOfPage\":{\"@id\":\"https:\/\/territorialchallenges.com\/2024\/06\/18\/numerique-impliquer-les-universites-dans-les-politiques-publiques-territoriales\/122930\/\"},\"wordCount\":884,\"publisher\":{\"@id\":\"https:\/\/territorialchallenges.com\/#organization\"},\"articleSection\":[\"R\u00e9flexion faite\",\"\u00c9cosyst\u00e8me\"],\"inLanguage\":\"de\"},{\"@type\":\"WebPage\",\"@id\":\"https:\/\/territorialchallenges.com\/2024\/06\/18\/numerique-impliquer-les-universites-dans-les-politiques-publiques-territoriales\/122930\/\",\"url\":\"https:\/\/territorialchallenges.com\/2024\/06\/18\/numerique-impliquer-les-universites-dans-les-politiques-publiques-territoriales\/122930\/\",\"name\":\"Num\u00e9rique: impliquer les universit\u00e9s dans les politiques publiques territoriales - Territorial Challenges\",\"isPartOf\":{\"@id\":\"https:\/\/territorialchallenges.com\/#website\"},\"datePublished\":\"2024-06-18T11:17:20+00:00\",\"dateModified\":\"2024-06-18T11:21:49+00:00\",\"breadcrumb\":{\"@id\":\"https:\/\/territorialchallenges.com\/2024\/06\/18\/numerique-impliquer-les-universites-dans-les-politiques-publiques-territoriales\/122930\/#breadcrumb\"},\"inLanguage\":\"de\",\"potentialAction\":[{\"@type\":\"ReadAction\",\"target\":[\"https:\/\/territorialchallenges.com\/2024\/06\/18\/numerique-impliquer-les-universites-dans-les-politiques-publiques-territoriales\/122930\/\"]}]},{\"@type\":\"BreadcrumbList\",\"@id\":\"https:\/\/territorialchallenges.com\/2024\/06\/18\/numerique-impliquer-les-universites-dans-les-politiques-publiques-territoriales\/122930\/#breadcrumb\",\"itemListElement\":[{\"@type\":\"ListItem\",\"position\":1,\"name\":\"Home\",\"item\":\"https:\/\/territorialchallenges.com\/\"},{\"@type\":\"ListItem\",\"position\":2,\"name\":\"Num\u00e9rique: impliquer les universit\u00e9s dans les politiques publiques territoriales\"}]},{\"@type\":\"WebSite\",\"@id\":\"https:\/\/territorialchallenges.com\/#website\",\"url\":\"https:\/\/territorialchallenges.com\/\",\"name\":\"Territorial Challenges\",\"description\":\"Veille Internationale - Strat\u00e9gie Intelligentes - Bonnes pratiques\",\"publisher\":{\"@id\":\"https:\/\/territorialchallenges.com\/#organization\"},\"potentialAction\":[{\"@type\":\"SearchAction\",\"target\":{\"@type\":\"EntryPoint\",\"urlTemplate\":\"https:\/\/territorialchallenges.com\/?s={search_term_string}\"},\"query-input\":\"required name=search_term_string\"}],\"inLanguage\":\"de\"},{\"@type\":\"Organization\",\"@id\":\"https:\/\/territorialchallenges.com\/#organization\",\"name\":\"Territorial Challenges\",\"url\":\"https:\/\/territorialchallenges.com\/\",\"logo\":{\"@type\":\"ImageObject\",\"inLanguage\":\"de\",\"@id\":\"https:\/\/territorialchallenges.com\/#\/schema\/logo\/image\/\",\"url\":\"https:\/\/territorialchallenges.com\/wp-content\/uploads\/2023\/10\/logo-1.png\",\"contentUrl\":\"https:\/\/territorialchallenges.com\/wp-content\/uploads\/2023\/10\/logo-1.png\",\"width\":1832,\"height\":576,\"caption\":\"Territorial Challenges\"},\"image\":{\"@id\":\"https:\/\/territorialchallenges.com\/#\/schema\/logo\/image\/\"}},{\"@type\":\"Person\",\"@id\":\"https:\/\/territorialchallenges.com\/#\/schema\/person\/098f145c7c61a021c425e010f840080f\",\"name\":\"ni.abdi\",\"image\":{\"@type\":\"ImageObject\",\"inLanguage\":\"de\",\"@id\":\"https:\/\/territorialchallenges.com\/#\/schema\/person\/image\/\",\"url\":\"https:\/\/secure.gravatar.com\/avatar\/2a2f2491f3c80039986ba989b1e4b510?s=96&d=identicon&r=g\",\"contentUrl\":\"https:\/\/secure.gravatar.com\/avatar\/2a2f2491f3c80039986ba989b1e4b510?s=96&d=identicon&r=g\",\"caption\":\"ni.abdi\"},\"sameAs\":[\"https:\/\/twitter.com\/Ni.abdi\"],\"url\":\"https:\/\/territorialchallenges.com\/de\/author\/ni-abdi\/\"}]}<\/script>\n<!-- \/ Yoast SEO plugin. -->","yoast_head_json":{"title":"Num\u00e9rique: impliquer les universit\u00e9s dans les politiques publiques territoriales - Territorial Challenges","robots":{"index":"index","follow":"follow","max-snippet":"max-snippet:-1","max-image-preview":"max-image-preview:large","max-video-preview":"max-video-preview:-1"},"canonical":"https:\/\/territorialchallenges.com\/de\/2024\/06\/18\/numerique-impliquer-les-universites-dans-les-politiques-publiques-territoriales\/122930\/","og_locale":"de_DE","og_type":"article","og_title":"Num\u00e9rique: impliquer les universit\u00e9s dans les politiques publiques territoriales - Territorial Challenges","og_description":"Les collectivit\u00e9s territoriales sont confront\u00e9es \u00e0 des d\u00e9fis de taille pour offrir un num\u00e9rique de confiance et de r\u00e9silience \u00e0 leurs citoyens. En multipliant les partenariats avec les universit\u00e9s r\u00e9gionales, elles peuvent non seulement stimuler l&rsquo;innovation locale mais aussi garantir une utilisation \u00e9thique et s\u00e9curis\u00e9e des technologies. Des figures de proue de l&rsquo;intelligence artificielle comme [&hellip;]","og_url":"https:\/\/territorialchallenges.com\/de\/2024\/06\/18\/numerique-impliquer-les-universites-dans-les-politiques-publiques-territoriales\/122930\/","og_site_name":"Territorial Challenges","article_published_time":"2024-06-18T11:17:20+00:00","article_modified_time":"2024-06-18T11:21:49+00:00","og_image":[{"width":1280,"height":783,"url":"https:\/\/territorialchallenges.com\/wp-content\/uploads\/2024\/06\/reflexionfaiteimage.jpg","type":"image\/jpeg"}],"author":"ni.abdi","twitter_card":"summary_large_image","twitter_creator":"@Ni.abdi","twitter_misc":{"Verfasst von":"ni.abdi","Gesch\u00e4tzte Lesezeit":"4\u00a0Minuten"},"schema":{"@context":"https:\/\/schema.org","@graph":[{"@type":"Article","@id":"https:\/\/territorialchallenges.com\/2024\/06\/18\/numerique-impliquer-les-universites-dans-les-politiques-publiques-territoriales\/122930\/#article","isPartOf":{"@id":"https:\/\/territorialchallenges.com\/2024\/06\/18\/numerique-impliquer-les-universites-dans-les-politiques-publiques-territoriales\/122930\/"},"author":{"name":"ni.abdi","@id":"https:\/\/territorialchallenges.com\/#\/schema\/person\/098f145c7c61a021c425e010f840080f"},"headline":"Num\u00e9rique: impliquer les universit\u00e9s dans les politiques publiques territoriales","datePublished":"2024-06-18T11:17:20+00:00","dateModified":"2024-06-18T11:21:49+00:00","mainEntityOfPage":{"@id":"https:\/\/territorialchallenges.com\/2024\/06\/18\/numerique-impliquer-les-universites-dans-les-politiques-publiques-territoriales\/122930\/"},"wordCount":884,"publisher":{"@id":"https:\/\/territorialchallenges.com\/#organization"},"articleSection":["R\u00e9flexion faite","\u00c9cosyst\u00e8me"],"inLanguage":"de"},{"@type":"WebPage","@id":"https:\/\/territorialchallenges.com\/2024\/06\/18\/numerique-impliquer-les-universites-dans-les-politiques-publiques-territoriales\/122930\/","url":"https:\/\/territorialchallenges.com\/2024\/06\/18\/numerique-impliquer-les-universites-dans-les-politiques-publiques-territoriales\/122930\/","name":"Num\u00e9rique: impliquer les universit\u00e9s dans les politiques publiques territoriales - Territorial Challenges","isPartOf":{"@id":"https:\/\/territorialchallenges.com\/#website"},"datePublished":"2024-06-18T11:17:20+00:00","dateModified":"2024-06-18T11:21:49+00:00","breadcrumb":{"@id":"https:\/\/territorialchallenges.com\/2024\/06\/18\/numerique-impliquer-les-universites-dans-les-politiques-publiques-territoriales\/122930\/#breadcrumb"},"inLanguage":"de","potentialAction":[{"@type":"ReadAction","target":["https:\/\/territorialchallenges.com\/2024\/06\/18\/numerique-impliquer-les-universites-dans-les-politiques-publiques-territoriales\/122930\/"]}]},{"@type":"BreadcrumbList","@id":"https:\/\/territorialchallenges.com\/2024\/06\/18\/numerique-impliquer-les-universites-dans-les-politiques-publiques-territoriales\/122930\/#breadcrumb","itemListElement":[{"@type":"ListItem","position":1,"name":"Home","item":"https:\/\/territorialchallenges.com\/"},{"@type":"ListItem","position":2,"name":"Num\u00e9rique: impliquer les universit\u00e9s dans les politiques publiques territoriales"}]},{"@type":"WebSite","@id":"https:\/\/territorialchallenges.com\/#website","url":"https:\/\/territorialchallenges.com\/","name":"Territoriale Herausforderungen","description":"Internationales Monitoring \u2013 Intelligente Strategien \u2013 Best Practices","publisher":{"@id":"https:\/\/territorialchallenges.com\/#organization"},"potentialAction":[{"@type":"SearchAction","target":{"@type":"EntryPoint","urlTemplate":"https:\/\/territorialchallenges.com\/?s={search_term_string}"},"query-input":"required name=search_term_string"}],"inLanguage":"de"},{"@type":"Organization","@id":"https:\/\/territorialchallenges.com\/#organization","name":"Territoriale Herausforderungen","url":"https:\/\/territorialchallenges.com\/","logo":{"@type":"ImageObject","inLanguage":"de","@id":"https:\/\/territorialchallenges.com\/#\/schema\/logo\/image\/","url":"https:\/\/territorialchallenges.com\/wp-content\/uploads\/2023\/10\/logo-1.png","contentUrl":"https:\/\/territorialchallenges.com\/wp-content\/uploads\/2023\/10\/logo-1.png","width":1832,"height":576,"caption":"Territorial Challenges"},"image":{"@id":"https:\/\/territorialchallenges.com\/#\/schema\/logo\/image\/"}},{"@type":"Person","@id":"https:\/\/territorialchallenges.com\/#\/schema\/person\/098f145c7c61a021c425e010f840080f","name":"ni.abdi","image":{"@type":"ImageObject","inLanguage":"de","@id":"https:\/\/territorialchallenges.com\/#\/schema\/person\/image\/","url":"https:\/\/secure.gravatar.com\/avatar\/2a2f2491f3c80039986ba989b1e4b510?s=96&d=identicon&r=g","contentUrl":"https:\/\/secure.gravatar.com\/avatar\/2a2f2491f3c80039986ba989b1e4b510?s=96&d=identicon&r=g","caption":"ni.abdi"},"sameAs":["https:\/\/twitter.com\/Ni.abdi"],"url":"https:\/\/territorialchallenges.com\/de\/author\/ni-abdi\/"}]}},"_links":{"self":[{"href":"https:\/\/territorialchallenges.com\/de\/wp-json\/wp\/v2\/posts\/122930"}],"collection":[{"href":"https:\/\/territorialchallenges.com\/de\/wp-json\/wp\/v2\/posts"}],"about":[{"href":"https:\/\/territorialchallenges.com\/de\/wp-json\/wp\/v2\/types\/post"}],"author":[{"embeddable":true,"href":"https:\/\/territorialchallenges.com\/de\/wp-json\/wp\/v2\/users\/11"}],"replies":[{"embeddable":true,"href":"https:\/\/territorialchallenges.com\/de\/wp-json\/wp\/v2\/comments?post=122930"}],"version-history":[{"count":2,"href":"https:\/\/territorialchallenges.com\/de\/wp-json\/wp\/v2\/posts\/122930\/revisions"}],"predecessor-version":[{"id":122933,"href":"https:\/\/territorialchallenges.com\/de\/wp-json\/wp\/v2\/posts\/122930\/revisions\/122933"}],"wp:featuredmedia":[{"embeddable":true,"href":"https:\/\/territorialchallenges.com\/de\/wp-json\/wp\/v2\/media\/122931"}],"wp:attachment":[{"href":"https:\/\/territorialchallenges.com\/de\/wp-json\/wp\/v2\/media?parent=122930"}],"wp:term":[{"taxonomy":"category","embeddable":true,"href":"https:\/\/territorialchallenges.com\/de\/wp-json\/wp\/v2\/categories?post=122930"},{"taxonomy":"post_tag","embeddable":true,"href":"https:\/\/territorialchallenges.com\/de\/wp-json\/wp\/v2\/tags?post=122930"}],"curies":[{"name":"wp","href":"https:\/\/api.w.org\/{rel}","templated":true}]}}