{"id":122893,"date":"2024-06-12T20:39:04","date_gmt":"2024-06-12T18:39:04","guid":{"rendered":"https:\/\/territorialchallenges.com\/?p=122893"},"modified":"2024-06-12T20:39:05","modified_gmt":"2024-06-12T18:39:05","slug":"lombre-dalan-turing-sur-leurope-numerique-vers-une-gouvernance-territoriale-resiliente","status":"publish","type":"post","link":"https:\/\/territorialchallenges.com\/de\/2024\/06\/12\/lombre-dalan-turing-sur-leurope-numerique-vers-une-gouvernance-territoriale-resiliente\/122893\/","title":{"rendered":"Alan Turings Schatten auf das digitale Europa: Auf dem Weg zu einer widerstandsf\u00e4higen territorialen Governance"},"content":{"rendered":"<p>W\u00e4hrend Europa der Landung in der Normandie gedenkt, verdient ein weiterer Gedenktag unsere Aufmerksamkeit: der an Alan Turing, den Vater der k\u00fcnstlichen Intelligenz, der am 7. Juni 1954 starb. Turing, der trotz seines wesentlichen Beitrags zum Sieg der Alliierten wegen seiner Homosexualit\u00e4t verfolgt wurde, verk\u00f6rpert ein ergreifendes Symbol f\u00fcr eine ethische und widerstandsf\u00e4hige Geheimdienstverwaltung \u2026 <\/p>\n<div class=\"pmpro_content_message\">Artikel nur f\u00fcr Abonnenten sichtbar.<br \/><a href=\"https:\/\/territorialchallenges.com\/wp-login.php\">Verbindung<\/a><br \/><a href=\"https:\/\/territorialchallenges.com\/de\/wp-login.php\/?action=register\">Registrieren<\/a><\/div>","protected":false},"excerpt":{"rendered":"<p>Alors que l&rsquo;Europe c\u00e9l\u00e8bre le souvenir du D\u00e9barquement de Normandie, une autre comm\u00e9moration m\u00e9rite notre attention : celle d&rsquo;Alan Turing, le p\u00e8re de l&rsquo;intelligence artificielle, d\u00e9c\u00e9d\u00e9 le 7 juin 1954. Turing, pers\u00e9cut\u00e9 pour son homosexualit\u00e9 malgr\u00e9 ses contributions essentielles \u00e0 la victoire alli\u00e9e, incarne un symbole poignant pour une gouvernance \u00e9thique et r\u00e9siliente de l&rsquo;intelligence... <\/p>\n<div class=\"pmpro_content_message\">Artikel nur f\u00fcr Abonnenten sichtbar.<br \/><a href=\"https:\/\/territorialchallenges.com\/wp-login.php\">Verbindung<\/a><br \/><a href=\"https:\/\/territorialchallenges.com\/de\/wp-login.php\/?action=register\">Registrieren<\/a><\/div>","protected":false},"author":11,"featured_media":122894,"comment_status":"closed","ping_status":"closed","sticky":true,"template":"","format":"standard","meta":{"pmpro_default_level":0,"footnotes":""},"categories":[130,117],"tags":[],"blocksy_meta":"","yoast_head":"<!-- This site is optimized with the Yoast SEO plugin v21.5 - https:\/\/yoast.com\/wordpress\/plugins\/seo\/ -->\n<title>L\u2019ombre d\u2019Alan Turing sur l\u2019Europe num\u00e9rique : vers une gouvernance territoriale r\u00e9siliente - Territorial Challenges<\/title>\n<meta name=\"robots\" content=\"index, follow, max-snippet:-1, max-image-preview:large, max-video-preview:-1\" \/>\n<link rel=\"canonical\" href=\"https:\/\/territorialchallenges.com\/de\/2024\/06\/12\/lombre-dalan-turing-sur-leurope-numerique-vers-une-gouvernance-territoriale-resiliente\/122893\/\" \/>\n<meta property=\"og:locale\" content=\"de_DE\" \/>\n<meta property=\"og:type\" content=\"article\" \/>\n<meta property=\"og:title\" content=\"L\u2019ombre d\u2019Alan Turing sur l\u2019Europe num\u00e9rique : vers une gouvernance territoriale r\u00e9siliente - Territorial Challenges\" \/>\n<meta property=\"og:description\" content=\"Alors que l&rsquo;Europe c\u00e9l\u00e8bre le souvenir du D\u00e9barquement de Normandie, une autre comm\u00e9moration m\u00e9rite notre attention : celle d&rsquo;Alan Turing, le p\u00e8re de l&rsquo;intelligence artificielle, d\u00e9c\u00e9d\u00e9 le 7 juin 1954. Turing, pers\u00e9cut\u00e9 pour son homosexualit\u00e9 malgr\u00e9 ses contributions essentielles \u00e0 la victoire alli\u00e9e, incarne un symbole poignant pour une gouvernance \u00e9thique et r\u00e9siliente de l&rsquo;intelligence [&hellip;]\" \/>\n<meta property=\"og:url\" content=\"https:\/\/territorialchallenges.com\/de\/2024\/06\/12\/lombre-dalan-turing-sur-leurope-numerique-vers-une-gouvernance-territoriale-resiliente\/122893\/\" \/>\n<meta property=\"og:site_name\" content=\"Territorial Challenges\" \/>\n<meta property=\"article:published_time\" content=\"2024-06-12T18:39:04+00:00\" \/>\n<meta property=\"article:modified_time\" content=\"2024-06-12T18:39:05+00:00\" \/>\n<meta property=\"og:image\" content=\"https:\/\/territorialchallenges.com\/wp-content\/uploads\/2024\/06\/reflexionfaiteTuringPhoto.jpg\" \/>\n\t<meta property=\"og:image:width\" content=\"1280\" \/>\n\t<meta property=\"og:image:height\" content=\"853\" \/>\n\t<meta property=\"og:image:type\" content=\"image\/jpeg\" \/>\n<meta name=\"author\" content=\"ni.abdi\" \/>\n<meta name=\"twitter:card\" content=\"summary_large_image\" \/>\n<meta name=\"twitter:creator\" content=\"@Ni.abdi\" \/>\n<meta name=\"twitter:label1\" content=\"Verfasst von\" \/>\n\t<meta name=\"twitter:data1\" content=\"ni.abdi\" \/>\n\t<meta name=\"twitter:label2\" content=\"Gesch\u00e4tzte Lesezeit\" \/>\n\t<meta name=\"twitter:data2\" content=\"3\u00a0Minuten\" \/>\n<script type=\"application\/ld+json\" class=\"yoast-schema-graph\">{\"@context\":\"https:\/\/schema.org\",\"@graph\":[{\"@type\":\"Article\",\"@id\":\"https:\/\/territorialchallenges.com\/2024\/06\/12\/lombre-dalan-turing-sur-leurope-numerique-vers-une-gouvernance-territoriale-resiliente\/122893\/#article\",\"isPartOf\":{\"@id\":\"https:\/\/territorialchallenges.com\/2024\/06\/12\/lombre-dalan-turing-sur-leurope-numerique-vers-une-gouvernance-territoriale-resiliente\/122893\/\"},\"author\":{\"name\":\"ni.abdi\",\"@id\":\"https:\/\/territorialchallenges.com\/#\/schema\/person\/098f145c7c61a021c425e010f840080f\"},\"headline\":\"L\u2019ombre d\u2019Alan Turing sur l\u2019Europe num\u00e9rique : vers une gouvernance territoriale r\u00e9siliente\",\"datePublished\":\"2024-06-12T18:39:04+00:00\",\"dateModified\":\"2024-06-12T18:39:05+00:00\",\"mainEntityOfPage\":{\"@id\":\"https:\/\/territorialchallenges.com\/2024\/06\/12\/lombre-dalan-turing-sur-leurope-numerique-vers-une-gouvernance-territoriale-resiliente\/122893\/\"},\"wordCount\":687,\"publisher\":{\"@id\":\"https:\/\/territorialchallenges.com\/#organization\"},\"articleSection\":[\"R\u00e9flexion faite\",\"\u00c9cosyst\u00e8me\"],\"inLanguage\":\"de\"},{\"@type\":\"WebPage\",\"@id\":\"https:\/\/territorialchallenges.com\/2024\/06\/12\/lombre-dalan-turing-sur-leurope-numerique-vers-une-gouvernance-territoriale-resiliente\/122893\/\",\"url\":\"https:\/\/territorialchallenges.com\/2024\/06\/12\/lombre-dalan-turing-sur-leurope-numerique-vers-une-gouvernance-territoriale-resiliente\/122893\/\",\"name\":\"L\u2019ombre d\u2019Alan Turing sur l\u2019Europe num\u00e9rique : vers une gouvernance territoriale r\u00e9siliente - Territorial Challenges\",\"isPartOf\":{\"@id\":\"https:\/\/territorialchallenges.com\/#website\"},\"datePublished\":\"2024-06-12T18:39:04+00:00\",\"dateModified\":\"2024-06-12T18:39:05+00:00\",\"breadcrumb\":{\"@id\":\"https:\/\/territorialchallenges.com\/2024\/06\/12\/lombre-dalan-turing-sur-leurope-numerique-vers-une-gouvernance-territoriale-resiliente\/122893\/#breadcrumb\"},\"inLanguage\":\"de\",\"potentialAction\":[{\"@type\":\"ReadAction\",\"target\":[\"https:\/\/territorialchallenges.com\/2024\/06\/12\/lombre-dalan-turing-sur-leurope-numerique-vers-une-gouvernance-territoriale-resiliente\/122893\/\"]}]},{\"@type\":\"BreadcrumbList\",\"@id\":\"https:\/\/territorialchallenges.com\/2024\/06\/12\/lombre-dalan-turing-sur-leurope-numerique-vers-une-gouvernance-territoriale-resiliente\/122893\/#breadcrumb\",\"itemListElement\":[{\"@type\":\"ListItem\",\"position\":1,\"name\":\"Home\",\"item\":\"https:\/\/territorialchallenges.com\/\"},{\"@type\":\"ListItem\",\"position\":2,\"name\":\"L\u2019ombre d\u2019Alan Turing sur l\u2019Europe num\u00e9rique : vers une gouvernance territoriale r\u00e9siliente\"}]},{\"@type\":\"WebSite\",\"@id\":\"https:\/\/territorialchallenges.com\/#website\",\"url\":\"https:\/\/territorialchallenges.com\/\",\"name\":\"Territorial Challenges\",\"description\":\"Veille Internationale - Strat\u00e9gie Intelligentes - Bonnes pratiques\",\"publisher\":{\"@id\":\"https:\/\/territorialchallenges.com\/#organization\"},\"potentialAction\":[{\"@type\":\"SearchAction\",\"target\":{\"@type\":\"EntryPoint\",\"urlTemplate\":\"https:\/\/territorialchallenges.com\/?s={search_term_string}\"},\"query-input\":\"required name=search_term_string\"}],\"inLanguage\":\"de\"},{\"@type\":\"Organization\",\"@id\":\"https:\/\/territorialchallenges.com\/#organization\",\"name\":\"Territorial Challenges\",\"url\":\"https:\/\/territorialchallenges.com\/\",\"logo\":{\"@type\":\"ImageObject\",\"inLanguage\":\"de\",\"@id\":\"https:\/\/territorialchallenges.com\/#\/schema\/logo\/image\/\",\"url\":\"https:\/\/territorialchallenges.com\/wp-content\/uploads\/2023\/10\/logo-1.png\",\"contentUrl\":\"https:\/\/territorialchallenges.com\/wp-content\/uploads\/2023\/10\/logo-1.png\",\"width\":1832,\"height\":576,\"caption\":\"Territorial Challenges\"},\"image\":{\"@id\":\"https:\/\/territorialchallenges.com\/#\/schema\/logo\/image\/\"}},{\"@type\":\"Person\",\"@id\":\"https:\/\/territorialchallenges.com\/#\/schema\/person\/098f145c7c61a021c425e010f840080f\",\"name\":\"ni.abdi\",\"image\":{\"@type\":\"ImageObject\",\"inLanguage\":\"de\",\"@id\":\"https:\/\/territorialchallenges.com\/#\/schema\/person\/image\/\",\"url\":\"https:\/\/secure.gravatar.com\/avatar\/2a2f2491f3c80039986ba989b1e4b510?s=96&d=identicon&r=g\",\"contentUrl\":\"https:\/\/secure.gravatar.com\/avatar\/2a2f2491f3c80039986ba989b1e4b510?s=96&d=identicon&r=g\",\"caption\":\"ni.abdi\"},\"sameAs\":[\"https:\/\/twitter.com\/Ni.abdi\"],\"url\":\"https:\/\/territorialchallenges.com\/de\/author\/ni-abdi\/\"}]}<\/script>\n<!-- \/ Yoast SEO plugin. -->","yoast_head_json":{"title":"L\u2019ombre d\u2019Alan Turing sur l\u2019Europe num\u00e9rique : vers une gouvernance territoriale r\u00e9siliente - Territorial Challenges","robots":{"index":"index","follow":"follow","max-snippet":"max-snippet:-1","max-image-preview":"max-image-preview:large","max-video-preview":"max-video-preview:-1"},"canonical":"https:\/\/territorialchallenges.com\/de\/2024\/06\/12\/lombre-dalan-turing-sur-leurope-numerique-vers-une-gouvernance-territoriale-resiliente\/122893\/","og_locale":"de_DE","og_type":"article","og_title":"L\u2019ombre d\u2019Alan Turing sur l\u2019Europe num\u00e9rique : vers une gouvernance territoriale r\u00e9siliente - Territorial Challenges","og_description":"Alors que l&rsquo;Europe c\u00e9l\u00e8bre le souvenir du D\u00e9barquement de Normandie, une autre comm\u00e9moration m\u00e9rite notre attention : celle d&rsquo;Alan Turing, le p\u00e8re de l&rsquo;intelligence artificielle, d\u00e9c\u00e9d\u00e9 le 7 juin 1954. Turing, pers\u00e9cut\u00e9 pour son homosexualit\u00e9 malgr\u00e9 ses contributions essentielles \u00e0 la victoire alli\u00e9e, incarne un symbole poignant pour une gouvernance \u00e9thique et r\u00e9siliente de l&rsquo;intelligence [&hellip;]","og_url":"https:\/\/territorialchallenges.com\/de\/2024\/06\/12\/lombre-dalan-turing-sur-leurope-numerique-vers-une-gouvernance-territoriale-resiliente\/122893\/","og_site_name":"Territorial Challenges","article_published_time":"2024-06-12T18:39:04+00:00","article_modified_time":"2024-06-12T18:39:05+00:00","og_image":[{"width":1280,"height":853,"url":"https:\/\/territorialchallenges.com\/wp-content\/uploads\/2024\/06\/reflexionfaiteTuringPhoto.jpg","type":"image\/jpeg"}],"author":"ni.abdi","twitter_card":"summary_large_image","twitter_creator":"@Ni.abdi","twitter_misc":{"Verfasst von":"ni.abdi","Gesch\u00e4tzte Lesezeit":"3\u00a0Minuten"},"schema":{"@context":"https:\/\/schema.org","@graph":[{"@type":"Article","@id":"https:\/\/territorialchallenges.com\/2024\/06\/12\/lombre-dalan-turing-sur-leurope-numerique-vers-une-gouvernance-territoriale-resiliente\/122893\/#article","isPartOf":{"@id":"https:\/\/territorialchallenges.com\/2024\/06\/12\/lombre-dalan-turing-sur-leurope-numerique-vers-une-gouvernance-territoriale-resiliente\/122893\/"},"author":{"name":"ni.abdi","@id":"https:\/\/territorialchallenges.com\/#\/schema\/person\/098f145c7c61a021c425e010f840080f"},"headline":"L\u2019ombre d\u2019Alan Turing sur l\u2019Europe num\u00e9rique : vers une gouvernance territoriale r\u00e9siliente","datePublished":"2024-06-12T18:39:04+00:00","dateModified":"2024-06-12T18:39:05+00:00","mainEntityOfPage":{"@id":"https:\/\/territorialchallenges.com\/2024\/06\/12\/lombre-dalan-turing-sur-leurope-numerique-vers-une-gouvernance-territoriale-resiliente\/122893\/"},"wordCount":687,"publisher":{"@id":"https:\/\/territorialchallenges.com\/#organization"},"articleSection":["R\u00e9flexion faite","\u00c9cosyst\u00e8me"],"inLanguage":"de"},{"@type":"WebPage","@id":"https:\/\/territorialchallenges.com\/2024\/06\/12\/lombre-dalan-turing-sur-leurope-numerique-vers-une-gouvernance-territoriale-resiliente\/122893\/","url":"https:\/\/territorialchallenges.com\/2024\/06\/12\/lombre-dalan-turing-sur-leurope-numerique-vers-une-gouvernance-territoriale-resiliente\/122893\/","name":"L\u2019ombre d\u2019Alan Turing sur l\u2019Europe num\u00e9rique : vers une gouvernance territoriale r\u00e9siliente - Territorial Challenges","isPartOf":{"@id":"https:\/\/territorialchallenges.com\/#website"},"datePublished":"2024-06-12T18:39:04+00:00","dateModified":"2024-06-12T18:39:05+00:00","breadcrumb":{"@id":"https:\/\/territorialchallenges.com\/2024\/06\/12\/lombre-dalan-turing-sur-leurope-numerique-vers-une-gouvernance-territoriale-resiliente\/122893\/#breadcrumb"},"inLanguage":"de","potentialAction":[{"@type":"ReadAction","target":["https:\/\/territorialchallenges.com\/2024\/06\/12\/lombre-dalan-turing-sur-leurope-numerique-vers-une-gouvernance-territoriale-resiliente\/122893\/"]}]},{"@type":"BreadcrumbList","@id":"https:\/\/territorialchallenges.com\/2024\/06\/12\/lombre-dalan-turing-sur-leurope-numerique-vers-une-gouvernance-territoriale-resiliente\/122893\/#breadcrumb","itemListElement":[{"@type":"ListItem","position":1,"name":"Home","item":"https:\/\/territorialchallenges.com\/"},{"@type":"ListItem","position":2,"name":"L\u2019ombre d\u2019Alan Turing sur l\u2019Europe num\u00e9rique : vers une gouvernance territoriale r\u00e9siliente"}]},{"@type":"WebSite","@id":"https:\/\/territorialchallenges.com\/#website","url":"https:\/\/territorialchallenges.com\/","name":"Territoriale Herausforderungen","description":"Internationales Monitoring \u2013 Intelligente Strategien \u2013 Best Practices","publisher":{"@id":"https:\/\/territorialchallenges.com\/#organization"},"potentialAction":[{"@type":"SearchAction","target":{"@type":"EntryPoint","urlTemplate":"https:\/\/territorialchallenges.com\/?s={search_term_string}"},"query-input":"required name=search_term_string"}],"inLanguage":"de"},{"@type":"Organization","@id":"https:\/\/territorialchallenges.com\/#organization","name":"Territoriale Herausforderungen","url":"https:\/\/territorialchallenges.com\/","logo":{"@type":"ImageObject","inLanguage":"de","@id":"https:\/\/territorialchallenges.com\/#\/schema\/logo\/image\/","url":"https:\/\/territorialchallenges.com\/wp-content\/uploads\/2023\/10\/logo-1.png","contentUrl":"https:\/\/territorialchallenges.com\/wp-content\/uploads\/2023\/10\/logo-1.png","width":1832,"height":576,"caption":"Territorial Challenges"},"image":{"@id":"https:\/\/territorialchallenges.com\/#\/schema\/logo\/image\/"}},{"@type":"Person","@id":"https:\/\/territorialchallenges.com\/#\/schema\/person\/098f145c7c61a021c425e010f840080f","name":"ni.abdi","image":{"@type":"ImageObject","inLanguage":"de","@id":"https:\/\/territorialchallenges.com\/#\/schema\/person\/image\/","url":"https:\/\/secure.gravatar.com\/avatar\/2a2f2491f3c80039986ba989b1e4b510?s=96&d=identicon&r=g","contentUrl":"https:\/\/secure.gravatar.com\/avatar\/2a2f2491f3c80039986ba989b1e4b510?s=96&d=identicon&r=g","caption":"ni.abdi"},"sameAs":["https:\/\/twitter.com\/Ni.abdi"],"url":"https:\/\/territorialchallenges.com\/de\/author\/ni-abdi\/"}]}},"_links":{"self":[{"href":"https:\/\/territorialchallenges.com\/de\/wp-json\/wp\/v2\/posts\/122893"}],"collection":[{"href":"https:\/\/territorialchallenges.com\/de\/wp-json\/wp\/v2\/posts"}],"about":[{"href":"https:\/\/territorialchallenges.com\/de\/wp-json\/wp\/v2\/types\/post"}],"author":[{"embeddable":true,"href":"https:\/\/territorialchallenges.com\/de\/wp-json\/wp\/v2\/users\/11"}],"replies":[{"embeddable":true,"href":"https:\/\/territorialchallenges.com\/de\/wp-json\/wp\/v2\/comments?post=122893"}],"version-history":[{"count":1,"href":"https:\/\/territorialchallenges.com\/de\/wp-json\/wp\/v2\/posts\/122893\/revisions"}],"predecessor-version":[{"id":122895,"href":"https:\/\/territorialchallenges.com\/de\/wp-json\/wp\/v2\/posts\/122893\/revisions\/122895"}],"wp:featuredmedia":[{"embeddable":true,"href":"https:\/\/territorialchallenges.com\/de\/wp-json\/wp\/v2\/media\/122894"}],"wp:attachment":[{"href":"https:\/\/territorialchallenges.com\/de\/wp-json\/wp\/v2\/media?parent=122893"}],"wp:term":[{"taxonomy":"category","embeddable":true,"href":"https:\/\/territorialchallenges.com\/de\/wp-json\/wp\/v2\/categories?post=122893"},{"taxonomy":"post_tag","embeddable":true,"href":"https:\/\/territorialchallenges.com\/de\/wp-json\/wp\/v2\/tags?post=122893"}],"curies":[{"name":"wp","href":"https:\/\/api.w.org\/{rel}","templated":true}]}}