{"id":122852,"date":"2024-06-04T15:28:06","date_gmt":"2024-06-04T13:28:06","guid":{"rendered":"https:\/\/territorialchallenges.com\/?p=122852"},"modified":"2024-06-04T15:28:08","modified_gmt":"2024-06-04T13:28:08","slug":"dublin-devoile-sa-strategie-de-mobilite-aerienne-urbaine-et-de-drones-pour-une-ville-plus-intelligente-et-durable","status":"publish","type":"post","link":"https:\/\/territorialchallenges.com\/de\/2024\/06\/04\/dublin-devoile-sa-strategie-de-mobilite-aerienne-urbaine-et-de-drones-pour-une-ville-plus-intelligente-et-durable\/122852\/","title":{"rendered":"Dublin enth\u00fcllt seine Strategie f\u00fcr urbane Luftmobilit\u00e4t und Drohnen f\u00fcr eine intelligentere und nachhaltigere Stadt"},"content":{"rendered":"<p>Der Stadtrat von Dublin hat seine erste Strategie f\u00fcr urbane Luftmobilit\u00e4t und Drohnen 2024\u20132029 vorgestellt. Ziel ist es, die Nutzung von Drohnentechnologie zu ver\u00e4ndern, um \u00f6ffentliche Dienstleistungen zu verbessern und den Weg f\u00fcr eine intelligentere, nachhaltigere Stadt zu ebnen. Drohnen werden bereits in einer Reihe von\u2026 eingesetzt. <\/p>\n<div class=\"pmpro_content_message\">Artikel nur f\u00fcr Abonnenten sichtbar.<br \/><a href=\"https:\/\/territorialchallenges.com\/wp-login.php\">Verbindung<\/a><br \/><a href=\"https:\/\/territorialchallenges.com\/de\/wp-login.php\/?action=register\">Registrieren<\/a><\/div>","protected":false},"excerpt":{"rendered":"<p>Le conseil municipal de Dublin a lanc\u00e9 sa premi\u00e8re strat\u00e9gie de mobilit\u00e9 a\u00e9rienne urbaine et de drones 2024-2029, visant \u00e0 transformer la fa\u00e7on dont la ville utilise la technologie des drones pour am\u00e9liorer les services publics et ouvrir la voie \u00e0 une ville plus intelligente et durable. Les drones sont d\u00e9j\u00e0 utilis\u00e9s dans une gamme... <\/p>\n<div class=\"pmpro_content_message\">Artikel nur f\u00fcr Abonnenten sichtbar.<br \/><a href=\"https:\/\/territorialchallenges.com\/wp-login.php\">Verbindung<\/a><br \/><a href=\"https:\/\/territorialchallenges.com\/de\/wp-login.php\/?action=register\">Registrieren<\/a><\/div>","protected":false},"author":11,"featured_media":122853,"comment_status":"closed","ping_status":"closed","sticky":true,"template":"","format":"standard","meta":{"pmpro_default_level":0,"footnotes":""},"categories":[120,117],"tags":[],"blocksy_meta":"","yoast_head":"<!-- This site is optimized with the Yoast SEO plugin v21.5 - https:\/\/yoast.com\/wordpress\/plugins\/seo\/ -->\n<title>Dublin d\u00e9voile sa strat\u00e9gie de mobilit\u00e9 a\u00e9rienne urbaine et de drones pour une ville plus intelligente et durable - Territorial Challenges<\/title>\n<meta name=\"robots\" content=\"index, follow, max-snippet:-1, max-image-preview:large, max-video-preview:-1\" \/>\n<link rel=\"canonical\" href=\"https:\/\/territorialchallenges.com\/de\/2024\/06\/04\/dublin-devoile-sa-strategie-de-mobilite-aerienne-urbaine-et-de-drones-pour-une-ville-plus-intelligente-et-durable\/122852\/\" \/>\n<meta property=\"og:locale\" content=\"de_DE\" \/>\n<meta property=\"og:type\" content=\"article\" \/>\n<meta property=\"og:title\" content=\"Dublin d\u00e9voile sa strat\u00e9gie de mobilit\u00e9 a\u00e9rienne urbaine et de drones pour une ville plus intelligente et durable - Territorial Challenges\" \/>\n<meta property=\"og:description\" content=\"Le conseil municipal de Dublin a lanc\u00e9 sa premi\u00e8re strat\u00e9gie de mobilit\u00e9 a\u00e9rienne urbaine et de drones 2024-2029, visant \u00e0 transformer la fa\u00e7on dont la ville utilise la technologie des drones pour am\u00e9liorer les services publics et ouvrir la voie \u00e0 une ville plus intelligente et durable. Les drones sont d\u00e9j\u00e0 utilis\u00e9s dans une gamme [&hellip;]\" \/>\n<meta property=\"og:url\" content=\"https:\/\/territorialchallenges.com\/de\/2024\/06\/04\/dublin-devoile-sa-strategie-de-mobilite-aerienne-urbaine-et-de-drones-pour-une-ville-plus-intelligente-et-durable\/122852\/\" \/>\n<meta property=\"og:site_name\" content=\"Territorial Challenges\" \/>\n<meta property=\"article:published_time\" content=\"2024-06-04T13:28:06+00:00\" \/>\n<meta property=\"article:modified_time\" content=\"2024-06-04T13:28:08+00:00\" \/>\n<meta property=\"og:image\" content=\"https:\/\/territorialchallenges.com\/wp-content\/uploads\/2024\/06\/ilsestpassea3.06.24.Photo_.jpg\" \/>\n\t<meta property=\"og:image:width\" content=\"1280\" \/>\n\t<meta property=\"og:image:height\" content=\"713\" \/>\n\t<meta property=\"og:image:type\" content=\"image\/jpeg\" \/>\n<meta name=\"author\" content=\"ni.abdi\" \/>\n<meta name=\"twitter:card\" content=\"summary_large_image\" \/>\n<meta name=\"twitter:creator\" content=\"@Ni.abdi\" \/>\n<meta name=\"twitter:label1\" content=\"Verfasst von\" \/>\n\t<meta name=\"twitter:data1\" content=\"ni.abdi\" \/>\n\t<meta name=\"twitter:label2\" content=\"Gesch\u00e4tzte Lesezeit\" \/>\n\t<meta name=\"twitter:data2\" content=\"4\u00a0Minuten\" \/>\n<script type=\"application\/ld+json\" class=\"yoast-schema-graph\">{\"@context\":\"https:\/\/schema.org\",\"@graph\":[{\"@type\":\"Article\",\"@id\":\"https:\/\/territorialchallenges.com\/2024\/06\/04\/dublin-devoile-sa-strategie-de-mobilite-aerienne-urbaine-et-de-drones-pour-une-ville-plus-intelligente-et-durable\/122852\/#article\",\"isPartOf\":{\"@id\":\"https:\/\/territorialchallenges.com\/2024\/06\/04\/dublin-devoile-sa-strategie-de-mobilite-aerienne-urbaine-et-de-drones-pour-une-ville-plus-intelligente-et-durable\/122852\/\"},\"author\":{\"name\":\"ni.abdi\",\"@id\":\"https:\/\/territorialchallenges.com\/#\/schema\/person\/098f145c7c61a021c425e010f840080f\"},\"headline\":\"Dublin d\u00e9voile sa strat\u00e9gie de mobilit\u00e9 a\u00e9rienne urbaine et de drones pour une ville plus intelligente et durable\",\"datePublished\":\"2024-06-04T13:28:06+00:00\",\"dateModified\":\"2024-06-04T13:28:08+00:00\",\"mainEntityOfPage\":{\"@id\":\"https:\/\/territorialchallenges.com\/2024\/06\/04\/dublin-devoile-sa-strategie-de-mobilite-aerienne-urbaine-et-de-drones-pour-une-ville-plus-intelligente-et-durable\/122852\/\"},\"wordCount\":737,\"publisher\":{\"@id\":\"https:\/\/territorialchallenges.com\/#organization\"},\"articleSection\":[\"Il s'est pass\u00e9 \u00e0\",\"\u00c9cosyst\u00e8me\"],\"inLanguage\":\"de\"},{\"@type\":\"WebPage\",\"@id\":\"https:\/\/territorialchallenges.com\/2024\/06\/04\/dublin-devoile-sa-strategie-de-mobilite-aerienne-urbaine-et-de-drones-pour-une-ville-plus-intelligente-et-durable\/122852\/\",\"url\":\"https:\/\/territorialchallenges.com\/2024\/06\/04\/dublin-devoile-sa-strategie-de-mobilite-aerienne-urbaine-et-de-drones-pour-une-ville-plus-intelligente-et-durable\/122852\/\",\"name\":\"Dublin d\u00e9voile sa strat\u00e9gie de mobilit\u00e9 a\u00e9rienne urbaine et de drones pour une ville plus intelligente et durable - Territorial Challenges\",\"isPartOf\":{\"@id\":\"https:\/\/territorialchallenges.com\/#website\"},\"datePublished\":\"2024-06-04T13:28:06+00:00\",\"dateModified\":\"2024-06-04T13:28:08+00:00\",\"breadcrumb\":{\"@id\":\"https:\/\/territorialchallenges.com\/2024\/06\/04\/dublin-devoile-sa-strategie-de-mobilite-aerienne-urbaine-et-de-drones-pour-une-ville-plus-intelligente-et-durable\/122852\/#breadcrumb\"},\"inLanguage\":\"de\",\"potentialAction\":[{\"@type\":\"ReadAction\",\"target\":[\"https:\/\/territorialchallenges.com\/2024\/06\/04\/dublin-devoile-sa-strategie-de-mobilite-aerienne-urbaine-et-de-drones-pour-une-ville-plus-intelligente-et-durable\/122852\/\"]}]},{\"@type\":\"BreadcrumbList\",\"@id\":\"https:\/\/territorialchallenges.com\/2024\/06\/04\/dublin-devoile-sa-strategie-de-mobilite-aerienne-urbaine-et-de-drones-pour-une-ville-plus-intelligente-et-durable\/122852\/#breadcrumb\",\"itemListElement\":[{\"@type\":\"ListItem\",\"position\":1,\"name\":\"Home\",\"item\":\"https:\/\/territorialchallenges.com\/\"},{\"@type\":\"ListItem\",\"position\":2,\"name\":\"Dublin d\u00e9voile sa strat\u00e9gie de mobilit\u00e9 a\u00e9rienne urbaine et de drones pour une ville plus intelligente et durable\"}]},{\"@type\":\"WebSite\",\"@id\":\"https:\/\/territorialchallenges.com\/#website\",\"url\":\"https:\/\/territorialchallenges.com\/\",\"name\":\"Territorial Challenges\",\"description\":\"Veille Internationale - Strat\u00e9gie Intelligentes - Bonnes pratiques\",\"publisher\":{\"@id\":\"https:\/\/territorialchallenges.com\/#organization\"},\"potentialAction\":[{\"@type\":\"SearchAction\",\"target\":{\"@type\":\"EntryPoint\",\"urlTemplate\":\"https:\/\/territorialchallenges.com\/?s={search_term_string}\"},\"query-input\":\"required name=search_term_string\"}],\"inLanguage\":\"de\"},{\"@type\":\"Organization\",\"@id\":\"https:\/\/territorialchallenges.com\/#organization\",\"name\":\"Territorial Challenges\",\"url\":\"https:\/\/territorialchallenges.com\/\",\"logo\":{\"@type\":\"ImageObject\",\"inLanguage\":\"de\",\"@id\":\"https:\/\/territorialchallenges.com\/#\/schema\/logo\/image\/\",\"url\":\"https:\/\/territorialchallenges.com\/wp-content\/uploads\/2023\/10\/logo-1.png\",\"contentUrl\":\"https:\/\/territorialchallenges.com\/wp-content\/uploads\/2023\/10\/logo-1.png\",\"width\":1832,\"height\":576,\"caption\":\"Territorial Challenges\"},\"image\":{\"@id\":\"https:\/\/territorialchallenges.com\/#\/schema\/logo\/image\/\"}},{\"@type\":\"Person\",\"@id\":\"https:\/\/territorialchallenges.com\/#\/schema\/person\/098f145c7c61a021c425e010f840080f\",\"name\":\"ni.abdi\",\"image\":{\"@type\":\"ImageObject\",\"inLanguage\":\"de\",\"@id\":\"https:\/\/territorialchallenges.com\/#\/schema\/person\/image\/\",\"url\":\"https:\/\/secure.gravatar.com\/avatar\/2a2f2491f3c80039986ba989b1e4b510?s=96&d=identicon&r=g\",\"contentUrl\":\"https:\/\/secure.gravatar.com\/avatar\/2a2f2491f3c80039986ba989b1e4b510?s=96&d=identicon&r=g\",\"caption\":\"ni.abdi\"},\"sameAs\":[\"https:\/\/twitter.com\/Ni.abdi\"],\"url\":\"https:\/\/territorialchallenges.com\/de\/author\/ni-abdi\/\"}]}<\/script>\n<!-- \/ Yoast SEO plugin. -->","yoast_head_json":{"title":"Dublin d\u00e9voile sa strat\u00e9gie de mobilit\u00e9 a\u00e9rienne urbaine et de drones pour une ville plus intelligente et durable - Territorial Challenges","robots":{"index":"index","follow":"follow","max-snippet":"max-snippet:-1","max-image-preview":"max-image-preview:large","max-video-preview":"max-video-preview:-1"},"canonical":"https:\/\/territorialchallenges.com\/de\/2024\/06\/04\/dublin-devoile-sa-strategie-de-mobilite-aerienne-urbaine-et-de-drones-pour-une-ville-plus-intelligente-et-durable\/122852\/","og_locale":"de_DE","og_type":"article","og_title":"Dublin d\u00e9voile sa strat\u00e9gie de mobilit\u00e9 a\u00e9rienne urbaine et de drones pour une ville plus intelligente et durable - Territorial Challenges","og_description":"Le conseil municipal de Dublin a lanc\u00e9 sa premi\u00e8re strat\u00e9gie de mobilit\u00e9 a\u00e9rienne urbaine et de drones 2024-2029, visant \u00e0 transformer la fa\u00e7on dont la ville utilise la technologie des drones pour am\u00e9liorer les services publics et ouvrir la voie \u00e0 une ville plus intelligente et durable. Les drones sont d\u00e9j\u00e0 utilis\u00e9s dans une gamme [&hellip;]","og_url":"https:\/\/territorialchallenges.com\/de\/2024\/06\/04\/dublin-devoile-sa-strategie-de-mobilite-aerienne-urbaine-et-de-drones-pour-une-ville-plus-intelligente-et-durable\/122852\/","og_site_name":"Territorial Challenges","article_published_time":"2024-06-04T13:28:06+00:00","article_modified_time":"2024-06-04T13:28:08+00:00","og_image":[{"width":1280,"height":713,"url":"https:\/\/territorialchallenges.com\/wp-content\/uploads\/2024\/06\/ilsestpassea3.06.24.Photo_.jpg","type":"image\/jpeg"}],"author":"ni.abdi","twitter_card":"summary_large_image","twitter_creator":"@Ni.abdi","twitter_misc":{"Verfasst von":"ni.abdi","Gesch\u00e4tzte Lesezeit":"4\u00a0Minuten"},"schema":{"@context":"https:\/\/schema.org","@graph":[{"@type":"Article","@id":"https:\/\/territorialchallenges.com\/2024\/06\/04\/dublin-devoile-sa-strategie-de-mobilite-aerienne-urbaine-et-de-drones-pour-une-ville-plus-intelligente-et-durable\/122852\/#article","isPartOf":{"@id":"https:\/\/territorialchallenges.com\/2024\/06\/04\/dublin-devoile-sa-strategie-de-mobilite-aerienne-urbaine-et-de-drones-pour-une-ville-plus-intelligente-et-durable\/122852\/"},"author":{"name":"ni.abdi","@id":"https:\/\/territorialchallenges.com\/#\/schema\/person\/098f145c7c61a021c425e010f840080f"},"headline":"Dublin d\u00e9voile sa strat\u00e9gie de mobilit\u00e9 a\u00e9rienne urbaine et de drones pour une ville plus intelligente et durable","datePublished":"2024-06-04T13:28:06+00:00","dateModified":"2024-06-04T13:28:08+00:00","mainEntityOfPage":{"@id":"https:\/\/territorialchallenges.com\/2024\/06\/04\/dublin-devoile-sa-strategie-de-mobilite-aerienne-urbaine-et-de-drones-pour-une-ville-plus-intelligente-et-durable\/122852\/"},"wordCount":737,"publisher":{"@id":"https:\/\/territorialchallenges.com\/#organization"},"articleSection":["Il s'est pass\u00e9 \u00e0","\u00c9cosyst\u00e8me"],"inLanguage":"de"},{"@type":"WebPage","@id":"https:\/\/territorialchallenges.com\/2024\/06\/04\/dublin-devoile-sa-strategie-de-mobilite-aerienne-urbaine-et-de-drones-pour-une-ville-plus-intelligente-et-durable\/122852\/","url":"https:\/\/territorialchallenges.com\/2024\/06\/04\/dublin-devoile-sa-strategie-de-mobilite-aerienne-urbaine-et-de-drones-pour-une-ville-plus-intelligente-et-durable\/122852\/","name":"Dublin d\u00e9voile sa strat\u00e9gie de mobilit\u00e9 a\u00e9rienne urbaine et de drones pour une ville plus intelligente et durable - Territorial Challenges","isPartOf":{"@id":"https:\/\/territorialchallenges.com\/#website"},"datePublished":"2024-06-04T13:28:06+00:00","dateModified":"2024-06-04T13:28:08+00:00","breadcrumb":{"@id":"https:\/\/territorialchallenges.com\/2024\/06\/04\/dublin-devoile-sa-strategie-de-mobilite-aerienne-urbaine-et-de-drones-pour-une-ville-plus-intelligente-et-durable\/122852\/#breadcrumb"},"inLanguage":"de","potentialAction":[{"@type":"ReadAction","target":["https:\/\/territorialchallenges.com\/2024\/06\/04\/dublin-devoile-sa-strategie-de-mobilite-aerienne-urbaine-et-de-drones-pour-une-ville-plus-intelligente-et-durable\/122852\/"]}]},{"@type":"BreadcrumbList","@id":"https:\/\/territorialchallenges.com\/2024\/06\/04\/dublin-devoile-sa-strategie-de-mobilite-aerienne-urbaine-et-de-drones-pour-une-ville-plus-intelligente-et-durable\/122852\/#breadcrumb","itemListElement":[{"@type":"ListItem","position":1,"name":"Home","item":"https:\/\/territorialchallenges.com\/"},{"@type":"ListItem","position":2,"name":"Dublin d\u00e9voile sa strat\u00e9gie de mobilit\u00e9 a\u00e9rienne urbaine et de drones pour une ville plus intelligente et durable"}]},{"@type":"WebSite","@id":"https:\/\/territorialchallenges.com\/#website","url":"https:\/\/territorialchallenges.com\/","name":"Territoriale Herausforderungen","description":"Internationales Monitoring \u2013 Intelligente Strategien \u2013 Best Practices","publisher":{"@id":"https:\/\/territorialchallenges.com\/#organization"},"potentialAction":[{"@type":"SearchAction","target":{"@type":"EntryPoint","urlTemplate":"https:\/\/territorialchallenges.com\/?s={search_term_string}"},"query-input":"required name=search_term_string"}],"inLanguage":"de"},{"@type":"Organization","@id":"https:\/\/territorialchallenges.com\/#organization","name":"Territoriale Herausforderungen","url":"https:\/\/territorialchallenges.com\/","logo":{"@type":"ImageObject","inLanguage":"de","@id":"https:\/\/territorialchallenges.com\/#\/schema\/logo\/image\/","url":"https:\/\/territorialchallenges.com\/wp-content\/uploads\/2023\/10\/logo-1.png","contentUrl":"https:\/\/territorialchallenges.com\/wp-content\/uploads\/2023\/10\/logo-1.png","width":1832,"height":576,"caption":"Territorial Challenges"},"image":{"@id":"https:\/\/territorialchallenges.com\/#\/schema\/logo\/image\/"}},{"@type":"Person","@id":"https:\/\/territorialchallenges.com\/#\/schema\/person\/098f145c7c61a021c425e010f840080f","name":"ni.abdi","image":{"@type":"ImageObject","inLanguage":"de","@id":"https:\/\/territorialchallenges.com\/#\/schema\/person\/image\/","url":"https:\/\/secure.gravatar.com\/avatar\/2a2f2491f3c80039986ba989b1e4b510?s=96&d=identicon&r=g","contentUrl":"https:\/\/secure.gravatar.com\/avatar\/2a2f2491f3c80039986ba989b1e4b510?s=96&d=identicon&r=g","caption":"ni.abdi"},"sameAs":["https:\/\/twitter.com\/Ni.abdi"],"url":"https:\/\/territorialchallenges.com\/de\/author\/ni-abdi\/"}]}},"_links":{"self":[{"href":"https:\/\/territorialchallenges.com\/de\/wp-json\/wp\/v2\/posts\/122852"}],"collection":[{"href":"https:\/\/territorialchallenges.com\/de\/wp-json\/wp\/v2\/posts"}],"about":[{"href":"https:\/\/territorialchallenges.com\/de\/wp-json\/wp\/v2\/types\/post"}],"author":[{"embeddable":true,"href":"https:\/\/territorialchallenges.com\/de\/wp-json\/wp\/v2\/users\/11"}],"replies":[{"embeddable":true,"href":"https:\/\/territorialchallenges.com\/de\/wp-json\/wp\/v2\/comments?post=122852"}],"version-history":[{"count":1,"href":"https:\/\/territorialchallenges.com\/de\/wp-json\/wp\/v2\/posts\/122852\/revisions"}],"predecessor-version":[{"id":122854,"href":"https:\/\/territorialchallenges.com\/de\/wp-json\/wp\/v2\/posts\/122852\/revisions\/122854"}],"wp:featuredmedia":[{"embeddable":true,"href":"https:\/\/territorialchallenges.com\/de\/wp-json\/wp\/v2\/media\/122853"}],"wp:attachment":[{"href":"https:\/\/territorialchallenges.com\/de\/wp-json\/wp\/v2\/media?parent=122852"}],"wp:term":[{"taxonomy":"category","embeddable":true,"href":"https:\/\/territorialchallenges.com\/de\/wp-json\/wp\/v2\/categories?post=122852"},{"taxonomy":"post_tag","embeddable":true,"href":"https:\/\/territorialchallenges.com\/de\/wp-json\/wp\/v2\/tags?post=122852"}],"curies":[{"name":"wp","href":"https:\/\/api.w.org\/{rel}","templated":true}]}}