{"id":122838,"date":"2024-06-04T11:47:17","date_gmt":"2024-06-04T09:47:17","guid":{"rendered":"https:\/\/territorialchallenges.com\/?p=122838"},"modified":"2024-06-04T11:47:19","modified_gmt":"2024-06-04T09:47:19","slug":"le-futur-des-usines-selon-un-chercheur-tcheque-une-revolution-technologique-inevitable","status":"publish","type":"post","link":"https:\/\/territorialchallenges.com\/de\/2024\/06\/04\/le-futur-des-usines-selon-un-chercheur-tcheque-une-revolution-technologique-inevitable\/122838\/","title":{"rendered":"Die Zukunft der Fabriken, laut einem tschechischen Forscher: eine unvermeidliche technologische Revolution"},"content":{"rendered":"<p>Der tschechische Professor V\u00e1clav Hlav\u00e1\u010d, ein f\u00fchrender Experte f\u00fcr Robotik und maschinelle Wahrnehmung, teilt seine Gedanken zur Zukunft der Fabriken im Zeitalter von Robotik und digitalen Technologien. Er glaubt, dass wir auf automatisierte, \u201edunkle\u201c Fabriken zusteuern, in denen die menschliche Pr\u00e4senz auf ein Minimum reduziert wird. Zwischen Optimismus und\u2026 <\/p>\n<div class=\"pmpro_content_message\">Artikel nur f\u00fcr Abonnenten sichtbar.<br \/><a href=\"https:\/\/territorialchallenges.com\/wp-login.php\">Verbindung<\/a><br \/><a href=\"https:\/\/territorialchallenges.com\/de\/wp-login.php\/?action=register\">Registrieren<\/a><\/div>","protected":false},"excerpt":{"rendered":"<p>Le professeur tch\u00e8que V\u00e1clav Hlav\u00e1\u010d, \u00e9minent sp\u00e9cialiste de la robotique et de la perception des machines, nous livre ses r\u00e9flexions sur l&rsquo;avenir des usines \u00e0 l&rsquo;\u00e8re de la robotique et des technologies num\u00e9riques. Selon lui, nous nous dirigeons vers des usines automatis\u00e9es et \u00ab\u00a0sombres\u00a0\u00bb, o\u00f9 la pr\u00e9sence humaine sera r\u00e9duite au minimum. Entre optimisme et... <\/p>\n<div class=\"pmpro_content_message\">Artikel nur f\u00fcr Abonnenten sichtbar.<br \/><a href=\"https:\/\/territorialchallenges.com\/wp-login.php\">Verbindung<\/a><br \/><a href=\"https:\/\/territorialchallenges.com\/de\/wp-login.php\/?action=register\">Registrieren<\/a><\/div>","protected":false},"author":11,"featured_media":122839,"comment_status":"closed","ping_status":"closed","sticky":true,"template":"","format":"standard","meta":{"pmpro_default_level":0,"footnotes":""},"categories":[17,127],"tags":[],"blocksy_meta":"","yoast_head":"<!-- This site is optimized with the Yoast SEO plugin v21.5 - https:\/\/yoast.com\/wordpress\/plugins\/seo\/ -->\n<title>Le futur des usines selon un chercheur tch\u00e8que : une r\u00e9volution technologique in\u00e9vitable - Territorial Challenges<\/title>\n<meta name=\"robots\" content=\"index, follow, max-snippet:-1, max-image-preview:large, max-video-preview:-1\" \/>\n<link rel=\"canonical\" href=\"https:\/\/territorialchallenges.com\/de\/2024\/06\/04\/le-futur-des-usines-selon-un-chercheur-tcheque-une-revolution-technologique-inevitable\/122838\/\" \/>\n<meta property=\"og:locale\" content=\"de_DE\" \/>\n<meta property=\"og:type\" content=\"article\" \/>\n<meta property=\"og:title\" content=\"Le futur des usines selon un chercheur tch\u00e8que : une r\u00e9volution technologique in\u00e9vitable - Territorial Challenges\" \/>\n<meta property=\"og:description\" content=\"Le professeur tch\u00e8que V\u00e1clav Hlav\u00e1\u010d, \u00e9minent sp\u00e9cialiste de la robotique et de la perception des machines, nous livre ses r\u00e9flexions sur l&rsquo;avenir des usines \u00e0 l&rsquo;\u00e8re de la robotique et des technologies num\u00e9riques. Selon lui, nous nous dirigeons vers des usines automatis\u00e9es et \u00ab\u00a0sombres\u00a0\u00bb, o\u00f9 la pr\u00e9sence humaine sera r\u00e9duite au minimum. Entre optimisme et [&hellip;]\" \/>\n<meta property=\"og:url\" content=\"https:\/\/territorialchallenges.com\/de\/2024\/06\/04\/le-futur-des-usines-selon-un-chercheur-tcheque-une-revolution-technologique-inevitable\/122838\/\" \/>\n<meta property=\"og:site_name\" content=\"Territorial Challenges\" \/>\n<meta property=\"article:published_time\" content=\"2024-06-04T09:47:17+00:00\" \/>\n<meta property=\"article:modified_time\" content=\"2024-06-04T09:47:19+00:00\" \/>\n<meta property=\"og:image\" content=\"https:\/\/territorialchallenges.com\/wp-content\/uploads\/2024\/06\/industrie4.0.03.06.24Photo.jpg\" \/>\n\t<meta property=\"og:image:width\" content=\"1280\" \/>\n\t<meta property=\"og:image:height\" content=\"853\" \/>\n\t<meta property=\"og:image:type\" content=\"image\/jpeg\" \/>\n<meta name=\"author\" content=\"ni.abdi\" \/>\n<meta name=\"twitter:card\" content=\"summary_large_image\" \/>\n<meta name=\"twitter:creator\" content=\"@Ni.abdi\" \/>\n<meta name=\"twitter:label1\" content=\"Verfasst von\" \/>\n\t<meta name=\"twitter:data1\" content=\"ni.abdi\" \/>\n\t<meta name=\"twitter:label2\" content=\"Gesch\u00e4tzte Lesezeit\" \/>\n\t<meta name=\"twitter:data2\" content=\"4\u00a0Minuten\" \/>\n<script type=\"application\/ld+json\" class=\"yoast-schema-graph\">{\"@context\":\"https:\/\/schema.org\",\"@graph\":[{\"@type\":\"Article\",\"@id\":\"https:\/\/territorialchallenges.com\/2024\/06\/04\/le-futur-des-usines-selon-un-chercheur-tcheque-une-revolution-technologique-inevitable\/122838\/#article\",\"isPartOf\":{\"@id\":\"https:\/\/territorialchallenges.com\/2024\/06\/04\/le-futur-des-usines-selon-un-chercheur-tcheque-une-revolution-technologique-inevitable\/122838\/\"},\"author\":{\"name\":\"ni.abdi\",\"@id\":\"https:\/\/territorialchallenges.com\/#\/schema\/person\/098f145c7c61a021c425e010f840080f\"},\"headline\":\"Le futur des usines selon un chercheur tch\u00e8que : une r\u00e9volution technologique in\u00e9vitable\",\"datePublished\":\"2024-06-04T09:47:17+00:00\",\"dateModified\":\"2024-06-04T09:47:19+00:00\",\"mainEntityOfPage\":{\"@id\":\"https:\/\/territorialchallenges.com\/2024\/06\/04\/le-futur-des-usines-selon-un-chercheur-tcheque-une-revolution-technologique-inevitable\/122838\/\"},\"wordCount\":883,\"publisher\":{\"@id\":\"https:\/\/territorialchallenges.com\/#organization\"},\"articleSection\":[\"Industrie 5.0\",\"Actualit\u00e9 Europe\"],\"inLanguage\":\"de\"},{\"@type\":\"WebPage\",\"@id\":\"https:\/\/territorialchallenges.com\/2024\/06\/04\/le-futur-des-usines-selon-un-chercheur-tcheque-une-revolution-technologique-inevitable\/122838\/\",\"url\":\"https:\/\/territorialchallenges.com\/2024\/06\/04\/le-futur-des-usines-selon-un-chercheur-tcheque-une-revolution-technologique-inevitable\/122838\/\",\"name\":\"Le futur des usines selon un chercheur tch\u00e8que : une r\u00e9volution technologique in\u00e9vitable - Territorial Challenges\",\"isPartOf\":{\"@id\":\"https:\/\/territorialchallenges.com\/#website\"},\"datePublished\":\"2024-06-04T09:47:17+00:00\",\"dateModified\":\"2024-06-04T09:47:19+00:00\",\"breadcrumb\":{\"@id\":\"https:\/\/territorialchallenges.com\/2024\/06\/04\/le-futur-des-usines-selon-un-chercheur-tcheque-une-revolution-technologique-inevitable\/122838\/#breadcrumb\"},\"inLanguage\":\"de\",\"potentialAction\":[{\"@type\":\"ReadAction\",\"target\":[\"https:\/\/territorialchallenges.com\/2024\/06\/04\/le-futur-des-usines-selon-un-chercheur-tcheque-une-revolution-technologique-inevitable\/122838\/\"]}]},{\"@type\":\"BreadcrumbList\",\"@id\":\"https:\/\/territorialchallenges.com\/2024\/06\/04\/le-futur-des-usines-selon-un-chercheur-tcheque-une-revolution-technologique-inevitable\/122838\/#breadcrumb\",\"itemListElement\":[{\"@type\":\"ListItem\",\"position\":1,\"name\":\"Home\",\"item\":\"https:\/\/territorialchallenges.com\/\"},{\"@type\":\"ListItem\",\"position\":2,\"name\":\"Le futur des usines selon un chercheur tch\u00e8que : une r\u00e9volution technologique in\u00e9vitable\"}]},{\"@type\":\"WebSite\",\"@id\":\"https:\/\/territorialchallenges.com\/#website\",\"url\":\"https:\/\/territorialchallenges.com\/\",\"name\":\"Territorial Challenges\",\"description\":\"Veille Internationale - Strat\u00e9gie Intelligentes - Bonnes pratiques\",\"publisher\":{\"@id\":\"https:\/\/territorialchallenges.com\/#organization\"},\"potentialAction\":[{\"@type\":\"SearchAction\",\"target\":{\"@type\":\"EntryPoint\",\"urlTemplate\":\"https:\/\/territorialchallenges.com\/?s={search_term_string}\"},\"query-input\":\"required name=search_term_string\"}],\"inLanguage\":\"de\"},{\"@type\":\"Organization\",\"@id\":\"https:\/\/territorialchallenges.com\/#organization\",\"name\":\"Territorial Challenges\",\"url\":\"https:\/\/territorialchallenges.com\/\",\"logo\":{\"@type\":\"ImageObject\",\"inLanguage\":\"de\",\"@id\":\"https:\/\/territorialchallenges.com\/#\/schema\/logo\/image\/\",\"url\":\"https:\/\/territorialchallenges.com\/wp-content\/uploads\/2023\/10\/logo-1.png\",\"contentUrl\":\"https:\/\/territorialchallenges.com\/wp-content\/uploads\/2023\/10\/logo-1.png\",\"width\":1832,\"height\":576,\"caption\":\"Territorial Challenges\"},\"image\":{\"@id\":\"https:\/\/territorialchallenges.com\/#\/schema\/logo\/image\/\"}},{\"@type\":\"Person\",\"@id\":\"https:\/\/territorialchallenges.com\/#\/schema\/person\/098f145c7c61a021c425e010f840080f\",\"name\":\"ni.abdi\",\"image\":{\"@type\":\"ImageObject\",\"inLanguage\":\"de\",\"@id\":\"https:\/\/territorialchallenges.com\/#\/schema\/person\/image\/\",\"url\":\"https:\/\/secure.gravatar.com\/avatar\/2a2f2491f3c80039986ba989b1e4b510?s=96&d=identicon&r=g\",\"contentUrl\":\"https:\/\/secure.gravatar.com\/avatar\/2a2f2491f3c80039986ba989b1e4b510?s=96&d=identicon&r=g\",\"caption\":\"ni.abdi\"},\"sameAs\":[\"https:\/\/twitter.com\/Ni.abdi\"],\"url\":\"https:\/\/territorialchallenges.com\/de\/author\/ni-abdi\/\"}]}<\/script>\n<!-- \/ Yoast SEO plugin. -->","yoast_head_json":{"title":"Le futur des usines selon un chercheur tch\u00e8que : une r\u00e9volution technologique in\u00e9vitable - Territorial Challenges","robots":{"index":"index","follow":"follow","max-snippet":"max-snippet:-1","max-image-preview":"max-image-preview:large","max-video-preview":"max-video-preview:-1"},"canonical":"https:\/\/territorialchallenges.com\/de\/2024\/06\/04\/le-futur-des-usines-selon-un-chercheur-tcheque-une-revolution-technologique-inevitable\/122838\/","og_locale":"de_DE","og_type":"article","og_title":"Le futur des usines selon un chercheur tch\u00e8que : une r\u00e9volution technologique in\u00e9vitable - Territorial Challenges","og_description":"Le professeur tch\u00e8que V\u00e1clav Hlav\u00e1\u010d, \u00e9minent sp\u00e9cialiste de la robotique et de la perception des machines, nous livre ses r\u00e9flexions sur l&rsquo;avenir des usines \u00e0 l&rsquo;\u00e8re de la robotique et des technologies num\u00e9riques. Selon lui, nous nous dirigeons vers des usines automatis\u00e9es et \u00ab\u00a0sombres\u00a0\u00bb, o\u00f9 la pr\u00e9sence humaine sera r\u00e9duite au minimum. Entre optimisme et [&hellip;]","og_url":"https:\/\/territorialchallenges.com\/de\/2024\/06\/04\/le-futur-des-usines-selon-un-chercheur-tcheque-une-revolution-technologique-inevitable\/122838\/","og_site_name":"Territorial Challenges","article_published_time":"2024-06-04T09:47:17+00:00","article_modified_time":"2024-06-04T09:47:19+00:00","og_image":[{"width":1280,"height":853,"url":"https:\/\/territorialchallenges.com\/wp-content\/uploads\/2024\/06\/industrie4.0.03.06.24Photo.jpg","type":"image\/jpeg"}],"author":"ni.abdi","twitter_card":"summary_large_image","twitter_creator":"@Ni.abdi","twitter_misc":{"Verfasst von":"ni.abdi","Gesch\u00e4tzte Lesezeit":"4\u00a0Minuten"},"schema":{"@context":"https:\/\/schema.org","@graph":[{"@type":"Article","@id":"https:\/\/territorialchallenges.com\/2024\/06\/04\/le-futur-des-usines-selon-un-chercheur-tcheque-une-revolution-technologique-inevitable\/122838\/#article","isPartOf":{"@id":"https:\/\/territorialchallenges.com\/2024\/06\/04\/le-futur-des-usines-selon-un-chercheur-tcheque-une-revolution-technologique-inevitable\/122838\/"},"author":{"name":"ni.abdi","@id":"https:\/\/territorialchallenges.com\/#\/schema\/person\/098f145c7c61a021c425e010f840080f"},"headline":"Le futur des usines selon un chercheur tch\u00e8que : une r\u00e9volution technologique in\u00e9vitable","datePublished":"2024-06-04T09:47:17+00:00","dateModified":"2024-06-04T09:47:19+00:00","mainEntityOfPage":{"@id":"https:\/\/territorialchallenges.com\/2024\/06\/04\/le-futur-des-usines-selon-un-chercheur-tcheque-une-revolution-technologique-inevitable\/122838\/"},"wordCount":883,"publisher":{"@id":"https:\/\/territorialchallenges.com\/#organization"},"articleSection":["Industrie 5.0","Actualit\u00e9 Europe"],"inLanguage":"de"},{"@type":"WebPage","@id":"https:\/\/territorialchallenges.com\/2024\/06\/04\/le-futur-des-usines-selon-un-chercheur-tcheque-une-revolution-technologique-inevitable\/122838\/","url":"https:\/\/territorialchallenges.com\/2024\/06\/04\/le-futur-des-usines-selon-un-chercheur-tcheque-une-revolution-technologique-inevitable\/122838\/","name":"Le futur des usines selon un chercheur tch\u00e8que : une r\u00e9volution technologique in\u00e9vitable - Territorial Challenges","isPartOf":{"@id":"https:\/\/territorialchallenges.com\/#website"},"datePublished":"2024-06-04T09:47:17+00:00","dateModified":"2024-06-04T09:47:19+00:00","breadcrumb":{"@id":"https:\/\/territorialchallenges.com\/2024\/06\/04\/le-futur-des-usines-selon-un-chercheur-tcheque-une-revolution-technologique-inevitable\/122838\/#breadcrumb"},"inLanguage":"de","potentialAction":[{"@type":"ReadAction","target":["https:\/\/territorialchallenges.com\/2024\/06\/04\/le-futur-des-usines-selon-un-chercheur-tcheque-une-revolution-technologique-inevitable\/122838\/"]}]},{"@type":"BreadcrumbList","@id":"https:\/\/territorialchallenges.com\/2024\/06\/04\/le-futur-des-usines-selon-un-chercheur-tcheque-une-revolution-technologique-inevitable\/122838\/#breadcrumb","itemListElement":[{"@type":"ListItem","position":1,"name":"Home","item":"https:\/\/territorialchallenges.com\/"},{"@type":"ListItem","position":2,"name":"Le futur des usines selon un chercheur tch\u00e8que : une r\u00e9volution technologique in\u00e9vitable"}]},{"@type":"WebSite","@id":"https:\/\/territorialchallenges.com\/#website","url":"https:\/\/territorialchallenges.com\/","name":"Territoriale Herausforderungen","description":"Internationales Monitoring \u2013 Intelligente Strategien \u2013 Best Practices","publisher":{"@id":"https:\/\/territorialchallenges.com\/#organization"},"potentialAction":[{"@type":"SearchAction","target":{"@type":"EntryPoint","urlTemplate":"https:\/\/territorialchallenges.com\/?s={search_term_string}"},"query-input":"required name=search_term_string"}],"inLanguage":"de"},{"@type":"Organization","@id":"https:\/\/territorialchallenges.com\/#organization","name":"Territoriale Herausforderungen","url":"https:\/\/territorialchallenges.com\/","logo":{"@type":"ImageObject","inLanguage":"de","@id":"https:\/\/territorialchallenges.com\/#\/schema\/logo\/image\/","url":"https:\/\/territorialchallenges.com\/wp-content\/uploads\/2023\/10\/logo-1.png","contentUrl":"https:\/\/territorialchallenges.com\/wp-content\/uploads\/2023\/10\/logo-1.png","width":1832,"height":576,"caption":"Territorial Challenges"},"image":{"@id":"https:\/\/territorialchallenges.com\/#\/schema\/logo\/image\/"}},{"@type":"Person","@id":"https:\/\/territorialchallenges.com\/#\/schema\/person\/098f145c7c61a021c425e010f840080f","name":"ni.abdi","image":{"@type":"ImageObject","inLanguage":"de","@id":"https:\/\/territorialchallenges.com\/#\/schema\/person\/image\/","url":"https:\/\/secure.gravatar.com\/avatar\/2a2f2491f3c80039986ba989b1e4b510?s=96&d=identicon&r=g","contentUrl":"https:\/\/secure.gravatar.com\/avatar\/2a2f2491f3c80039986ba989b1e4b510?s=96&d=identicon&r=g","caption":"ni.abdi"},"sameAs":["https:\/\/twitter.com\/Ni.abdi"],"url":"https:\/\/territorialchallenges.com\/de\/author\/ni-abdi\/"}]}},"_links":{"self":[{"href":"https:\/\/territorialchallenges.com\/de\/wp-json\/wp\/v2\/posts\/122838"}],"collection":[{"href":"https:\/\/territorialchallenges.com\/de\/wp-json\/wp\/v2\/posts"}],"about":[{"href":"https:\/\/territorialchallenges.com\/de\/wp-json\/wp\/v2\/types\/post"}],"author":[{"embeddable":true,"href":"https:\/\/territorialchallenges.com\/de\/wp-json\/wp\/v2\/users\/11"}],"replies":[{"embeddable":true,"href":"https:\/\/territorialchallenges.com\/de\/wp-json\/wp\/v2\/comments?post=122838"}],"version-history":[{"count":1,"href":"https:\/\/territorialchallenges.com\/de\/wp-json\/wp\/v2\/posts\/122838\/revisions"}],"predecessor-version":[{"id":122840,"href":"https:\/\/territorialchallenges.com\/de\/wp-json\/wp\/v2\/posts\/122838\/revisions\/122840"}],"wp:featuredmedia":[{"embeddable":true,"href":"https:\/\/territorialchallenges.com\/de\/wp-json\/wp\/v2\/media\/122839"}],"wp:attachment":[{"href":"https:\/\/territorialchallenges.com\/de\/wp-json\/wp\/v2\/media?parent=122838"}],"wp:term":[{"taxonomy":"category","embeddable":true,"href":"https:\/\/territorialchallenges.com\/de\/wp-json\/wp\/v2\/categories?post=122838"},{"taxonomy":"post_tag","embeddable":true,"href":"https:\/\/territorialchallenges.com\/de\/wp-json\/wp\/v2\/tags?post=122838"}],"curies":[{"name":"wp","href":"https:\/\/api.w.org\/{rel}","templated":true}]}}