{"id":122733,"date":"2024-05-14T10:10:13","date_gmt":"2024-05-14T08:10:13","guid":{"rendered":"https:\/\/territorialchallenges.com\/?p=122733"},"modified":"2024-05-14T10:10:47","modified_gmt":"2024-05-14T08:10:47","slug":"la-catalogne-a-la-pointe-de-leconomie-numerique-un-moteur-de-croissance-et-dinnovation","status":"publish","type":"post","link":"https:\/\/territorialchallenges.com\/de\/2024\/05\/14\/la-catalogne-a-la-pointe-de-leconomie-numerique-un-moteur-de-croissance-et-dinnovation\/122733\/","title":{"rendered":"Katalonien an der Spitze der digitalen Wirtschaft: ein Motor f\u00fcr Wachstum und Innovation"},"content":{"rendered":"<p>Die katalanische Digitalwirtschaft entwickelt sich zu einer wichtigen S\u00e4ule des regionalen Wachstums, die bereits 13 % des BIP ausmacht und mehr als 180.000 Menschen besch\u00e4ftigt. Anl\u00e4sslich des Mobile World Congress 2024 betonten die katalanischen Beh\u00f6rden die strategische Bedeutung dieses schnell wachsenden Sektors und best\u00e4tigten die Position Kataloniens als Technologie-Hub... <\/p>\n<div class=\"pmpro_content_message\">Artikel nur f\u00fcr Abonnenten sichtbar.<br \/><a href=\"https:\/\/territorialchallenges.com\/wp-login.php\">Verbindung<\/a><br \/><a href=\"https:\/\/territorialchallenges.com\/de\/wp-login.php\/?action=register\">Registrieren<\/a><\/div>","protected":false},"excerpt":{"rendered":"<p>L&rsquo;\u00e9conomie num\u00e9rique catalane s&rsquo;affirme comme un pilier essentiel de la croissance r\u00e9gionale, repr\u00e9sentant d\u00e9j\u00e0 13 % du PIB et employant plus de 180 000 personnes. \u00c0 l&rsquo;occasion du Mobile World Congress 2024, les autorit\u00e9s catalanes ont soulign\u00e9 l&rsquo;importance strat\u00e9gique de ce secteur en pleine expansion, confirmant la position de la Catalogne comme un hub technologique... <\/p>\n<div class=\"pmpro_content_message\">Artikel nur f\u00fcr Abonnenten sichtbar.<br \/><a href=\"https:\/\/territorialchallenges.com\/wp-login.php\">Verbindung<\/a><br \/><a href=\"https:\/\/territorialchallenges.com\/de\/wp-login.php\/?action=register\">Registrieren<\/a><\/div>","protected":false},"author":11,"featured_media":122738,"comment_status":"closed","ping_status":"closed","sticky":true,"template":"","format":"standard","meta":{"pmpro_default_level":0,"footnotes":""},"categories":[19,127],"tags":[],"blocksy_meta":"","yoast_head":"<!-- This site is optimized with the Yoast SEO plugin v21.5 - https:\/\/yoast.com\/wordpress\/plugins\/seo\/ -->\n<title>La Catalogne \u00e0 la pointe de l&#039;\u00e9conomie num\u00e9rique : un moteur de croissance et d&#039;innovation - Territorial Challenges<\/title>\n<meta name=\"robots\" content=\"index, follow, max-snippet:-1, max-image-preview:large, max-video-preview:-1\" \/>\n<link rel=\"canonical\" href=\"https:\/\/territorialchallenges.com\/de\/2024\/05\/14\/la-catalogne-a-la-pointe-de-leconomie-numerique-un-moteur-de-croissance-et-dinnovation\/122733\/\" \/>\n<meta property=\"og:locale\" content=\"de_DE\" \/>\n<meta property=\"og:type\" content=\"article\" \/>\n<meta property=\"og:title\" content=\"La Catalogne \u00e0 la pointe de l&#039;\u00e9conomie num\u00e9rique : un moteur de croissance et d&#039;innovation - Territorial Challenges\" \/>\n<meta property=\"og:description\" content=\"L&rsquo;\u00e9conomie num\u00e9rique catalane s&rsquo;affirme comme un pilier essentiel de la croissance r\u00e9gionale, repr\u00e9sentant d\u00e9j\u00e0 13 % du PIB et employant plus de 180 000 personnes. \u00c0 l&rsquo;occasion du Mobile World Congress 2024, les autorit\u00e9s catalanes ont soulign\u00e9 l&rsquo;importance strat\u00e9gique de ce secteur en pleine expansion, confirmant la position de la Catalogne comme un hub technologique [&hellip;]\" \/>\n<meta property=\"og:url\" content=\"https:\/\/territorialchallenges.com\/de\/2024\/05\/14\/la-catalogne-a-la-pointe-de-leconomie-numerique-un-moteur-de-croissance-et-dinnovation\/122733\/\" \/>\n<meta property=\"og:site_name\" content=\"Territorial Challenges\" \/>\n<meta property=\"article:published_time\" content=\"2024-05-14T08:10:13+00:00\" \/>\n<meta property=\"article:modified_time\" content=\"2024-05-14T08:10:47+00:00\" \/>\n<meta property=\"og:image\" content=\"https:\/\/territorialchallenges.com\/wp-content\/uploads\/2024\/05\/territoiresintelligentsCatalognePhoto.jpg\" \/>\n\t<meta property=\"og:image:width\" content=\"1280\" \/>\n\t<meta property=\"og:image:height\" content=\"853\" \/>\n\t<meta property=\"og:image:type\" content=\"image\/jpeg\" \/>\n<meta name=\"author\" content=\"ni.abdi\" \/>\n<meta name=\"twitter:card\" content=\"summary_large_image\" \/>\n<meta name=\"twitter:creator\" content=\"@Ni.abdi\" \/>\n<meta name=\"twitter:label1\" content=\"Verfasst von\" \/>\n\t<meta name=\"twitter:data1\" content=\"ni.abdi\" \/>\n\t<meta name=\"twitter:label2\" content=\"Gesch\u00e4tzte Lesezeit\" \/>\n\t<meta name=\"twitter:data2\" content=\"3\u00a0Minuten\" \/>\n<script type=\"application\/ld+json\" class=\"yoast-schema-graph\">{\"@context\":\"https:\/\/schema.org\",\"@graph\":[{\"@type\":\"Article\",\"@id\":\"https:\/\/territorialchallenges.com\/2024\/05\/14\/la-catalogne-a-la-pointe-de-leconomie-numerique-un-moteur-de-croissance-et-dinnovation\/122733\/#article\",\"isPartOf\":{\"@id\":\"https:\/\/territorialchallenges.com\/2024\/05\/14\/la-catalogne-a-la-pointe-de-leconomie-numerique-un-moteur-de-croissance-et-dinnovation\/122733\/\"},\"author\":{\"name\":\"ni.abdi\",\"@id\":\"https:\/\/territorialchallenges.com\/#\/schema\/person\/098f145c7c61a021c425e010f840080f\"},\"headline\":\"La Catalogne \u00e0 la pointe de l&rsquo;\u00e9conomie num\u00e9rique : un moteur de croissance et d&rsquo;innovation\",\"datePublished\":\"2024-05-14T08:10:13+00:00\",\"dateModified\":\"2024-05-14T08:10:47+00:00\",\"mainEntityOfPage\":{\"@id\":\"https:\/\/territorialchallenges.com\/2024\/05\/14\/la-catalogne-a-la-pointe-de-leconomie-numerique-un-moteur-de-croissance-et-dinnovation\/122733\/\"},\"wordCount\":474,\"publisher\":{\"@id\":\"https:\/\/territorialchallenges.com\/#organization\"},\"articleSection\":[\"Territoires Intelligents\",\"Actualit\u00e9 Europe\"],\"inLanguage\":\"de\"},{\"@type\":\"WebPage\",\"@id\":\"https:\/\/territorialchallenges.com\/2024\/05\/14\/la-catalogne-a-la-pointe-de-leconomie-numerique-un-moteur-de-croissance-et-dinnovation\/122733\/\",\"url\":\"https:\/\/territorialchallenges.com\/2024\/05\/14\/la-catalogne-a-la-pointe-de-leconomie-numerique-un-moteur-de-croissance-et-dinnovation\/122733\/\",\"name\":\"La Catalogne \u00e0 la pointe de l'\u00e9conomie num\u00e9rique : un moteur de croissance et d'innovation - Territorial Challenges\",\"isPartOf\":{\"@id\":\"https:\/\/territorialchallenges.com\/#website\"},\"datePublished\":\"2024-05-14T08:10:13+00:00\",\"dateModified\":\"2024-05-14T08:10:47+00:00\",\"breadcrumb\":{\"@id\":\"https:\/\/territorialchallenges.com\/2024\/05\/14\/la-catalogne-a-la-pointe-de-leconomie-numerique-un-moteur-de-croissance-et-dinnovation\/122733\/#breadcrumb\"},\"inLanguage\":\"de\",\"potentialAction\":[{\"@type\":\"ReadAction\",\"target\":[\"https:\/\/territorialchallenges.com\/2024\/05\/14\/la-catalogne-a-la-pointe-de-leconomie-numerique-un-moteur-de-croissance-et-dinnovation\/122733\/\"]}]},{\"@type\":\"BreadcrumbList\",\"@id\":\"https:\/\/territorialchallenges.com\/2024\/05\/14\/la-catalogne-a-la-pointe-de-leconomie-numerique-un-moteur-de-croissance-et-dinnovation\/122733\/#breadcrumb\",\"itemListElement\":[{\"@type\":\"ListItem\",\"position\":1,\"name\":\"Home\",\"item\":\"https:\/\/territorialchallenges.com\/\"},{\"@type\":\"ListItem\",\"position\":2,\"name\":\"La Catalogne \u00e0 la pointe de l&rsquo;\u00e9conomie num\u00e9rique : un moteur de croissance et d&rsquo;innovation\"}]},{\"@type\":\"WebSite\",\"@id\":\"https:\/\/territorialchallenges.com\/#website\",\"url\":\"https:\/\/territorialchallenges.com\/\",\"name\":\"Territorial Challenges\",\"description\":\"Veille Internationale - Strat\u00e9gie Intelligentes - Bonnes pratiques\",\"publisher\":{\"@id\":\"https:\/\/territorialchallenges.com\/#organization\"},\"potentialAction\":[{\"@type\":\"SearchAction\",\"target\":{\"@type\":\"EntryPoint\",\"urlTemplate\":\"https:\/\/territorialchallenges.com\/?s={search_term_string}\"},\"query-input\":\"required name=search_term_string\"}],\"inLanguage\":\"de\"},{\"@type\":\"Organization\",\"@id\":\"https:\/\/territorialchallenges.com\/#organization\",\"name\":\"Territorial Challenges\",\"url\":\"https:\/\/territorialchallenges.com\/\",\"logo\":{\"@type\":\"ImageObject\",\"inLanguage\":\"de\",\"@id\":\"https:\/\/territorialchallenges.com\/#\/schema\/logo\/image\/\",\"url\":\"https:\/\/territorialchallenges.com\/wp-content\/uploads\/2023\/10\/logo-1.png\",\"contentUrl\":\"https:\/\/territorialchallenges.com\/wp-content\/uploads\/2023\/10\/logo-1.png\",\"width\":1832,\"height\":576,\"caption\":\"Territorial Challenges\"},\"image\":{\"@id\":\"https:\/\/territorialchallenges.com\/#\/schema\/logo\/image\/\"}},{\"@type\":\"Person\",\"@id\":\"https:\/\/territorialchallenges.com\/#\/schema\/person\/098f145c7c61a021c425e010f840080f\",\"name\":\"ni.abdi\",\"image\":{\"@type\":\"ImageObject\",\"inLanguage\":\"de\",\"@id\":\"https:\/\/territorialchallenges.com\/#\/schema\/person\/image\/\",\"url\":\"https:\/\/secure.gravatar.com\/avatar\/2a2f2491f3c80039986ba989b1e4b510?s=96&d=identicon&r=g\",\"contentUrl\":\"https:\/\/secure.gravatar.com\/avatar\/2a2f2491f3c80039986ba989b1e4b510?s=96&d=identicon&r=g\",\"caption\":\"ni.abdi\"},\"sameAs\":[\"https:\/\/twitter.com\/Ni.abdi\"],\"url\":\"https:\/\/territorialchallenges.com\/de\/author\/ni-abdi\/\"}]}<\/script>\n<!-- \/ Yoast SEO plugin. -->","yoast_head_json":{"title":"La Catalogne \u00e0 la pointe de l'\u00e9conomie num\u00e9rique : un moteur de croissance et d'innovation - Territorial Challenges","robots":{"index":"index","follow":"follow","max-snippet":"max-snippet:-1","max-image-preview":"max-image-preview:large","max-video-preview":"max-video-preview:-1"},"canonical":"https:\/\/territorialchallenges.com\/de\/2024\/05\/14\/la-catalogne-a-la-pointe-de-leconomie-numerique-un-moteur-de-croissance-et-dinnovation\/122733\/","og_locale":"de_DE","og_type":"article","og_title":"La Catalogne \u00e0 la pointe de l'\u00e9conomie num\u00e9rique : un moteur de croissance et d'innovation - Territorial Challenges","og_description":"L&rsquo;\u00e9conomie num\u00e9rique catalane s&rsquo;affirme comme un pilier essentiel de la croissance r\u00e9gionale, repr\u00e9sentant d\u00e9j\u00e0 13 % du PIB et employant plus de 180 000 personnes. \u00c0 l&rsquo;occasion du Mobile World Congress 2024, les autorit\u00e9s catalanes ont soulign\u00e9 l&rsquo;importance strat\u00e9gique de ce secteur en pleine expansion, confirmant la position de la Catalogne comme un hub technologique [&hellip;]","og_url":"https:\/\/territorialchallenges.com\/de\/2024\/05\/14\/la-catalogne-a-la-pointe-de-leconomie-numerique-un-moteur-de-croissance-et-dinnovation\/122733\/","og_site_name":"Territorial Challenges","article_published_time":"2024-05-14T08:10:13+00:00","article_modified_time":"2024-05-14T08:10:47+00:00","og_image":[{"width":1280,"height":853,"url":"https:\/\/territorialchallenges.com\/wp-content\/uploads\/2024\/05\/territoiresintelligentsCatalognePhoto.jpg","type":"image\/jpeg"}],"author":"ni.abdi","twitter_card":"summary_large_image","twitter_creator":"@Ni.abdi","twitter_misc":{"Verfasst von":"ni.abdi","Gesch\u00e4tzte Lesezeit":"3\u00a0Minuten"},"schema":{"@context":"https:\/\/schema.org","@graph":[{"@type":"Article","@id":"https:\/\/territorialchallenges.com\/2024\/05\/14\/la-catalogne-a-la-pointe-de-leconomie-numerique-un-moteur-de-croissance-et-dinnovation\/122733\/#article","isPartOf":{"@id":"https:\/\/territorialchallenges.com\/2024\/05\/14\/la-catalogne-a-la-pointe-de-leconomie-numerique-un-moteur-de-croissance-et-dinnovation\/122733\/"},"author":{"name":"ni.abdi","@id":"https:\/\/territorialchallenges.com\/#\/schema\/person\/098f145c7c61a021c425e010f840080f"},"headline":"La Catalogne \u00e0 la pointe de l&rsquo;\u00e9conomie num\u00e9rique : un moteur de croissance et d&rsquo;innovation","datePublished":"2024-05-14T08:10:13+00:00","dateModified":"2024-05-14T08:10:47+00:00","mainEntityOfPage":{"@id":"https:\/\/territorialchallenges.com\/2024\/05\/14\/la-catalogne-a-la-pointe-de-leconomie-numerique-un-moteur-de-croissance-et-dinnovation\/122733\/"},"wordCount":474,"publisher":{"@id":"https:\/\/territorialchallenges.com\/#organization"},"articleSection":["Territoires Intelligents","Actualit\u00e9 Europe"],"inLanguage":"de"},{"@type":"WebPage","@id":"https:\/\/territorialchallenges.com\/2024\/05\/14\/la-catalogne-a-la-pointe-de-leconomie-numerique-un-moteur-de-croissance-et-dinnovation\/122733\/","url":"https:\/\/territorialchallenges.com\/2024\/05\/14\/la-catalogne-a-la-pointe-de-leconomie-numerique-un-moteur-de-croissance-et-dinnovation\/122733\/","name":"La Catalogne \u00e0 la pointe de l'\u00e9conomie num\u00e9rique : un moteur de croissance et d'innovation - Territorial Challenges","isPartOf":{"@id":"https:\/\/territorialchallenges.com\/#website"},"datePublished":"2024-05-14T08:10:13+00:00","dateModified":"2024-05-14T08:10:47+00:00","breadcrumb":{"@id":"https:\/\/territorialchallenges.com\/2024\/05\/14\/la-catalogne-a-la-pointe-de-leconomie-numerique-un-moteur-de-croissance-et-dinnovation\/122733\/#breadcrumb"},"inLanguage":"de","potentialAction":[{"@type":"ReadAction","target":["https:\/\/territorialchallenges.com\/2024\/05\/14\/la-catalogne-a-la-pointe-de-leconomie-numerique-un-moteur-de-croissance-et-dinnovation\/122733\/"]}]},{"@type":"BreadcrumbList","@id":"https:\/\/territorialchallenges.com\/2024\/05\/14\/la-catalogne-a-la-pointe-de-leconomie-numerique-un-moteur-de-croissance-et-dinnovation\/122733\/#breadcrumb","itemListElement":[{"@type":"ListItem","position":1,"name":"Home","item":"https:\/\/territorialchallenges.com\/"},{"@type":"ListItem","position":2,"name":"La Catalogne \u00e0 la pointe de l&rsquo;\u00e9conomie num\u00e9rique : un moteur de croissance et d&rsquo;innovation"}]},{"@type":"WebSite","@id":"https:\/\/territorialchallenges.com\/#website","url":"https:\/\/territorialchallenges.com\/","name":"Territoriale Herausforderungen","description":"Internationales Monitoring \u2013 Intelligente Strategien \u2013 Best Practices","publisher":{"@id":"https:\/\/territorialchallenges.com\/#organization"},"potentialAction":[{"@type":"SearchAction","target":{"@type":"EntryPoint","urlTemplate":"https:\/\/territorialchallenges.com\/?s={search_term_string}"},"query-input":"required name=search_term_string"}],"inLanguage":"de"},{"@type":"Organization","@id":"https:\/\/territorialchallenges.com\/#organization","name":"Territoriale Herausforderungen","url":"https:\/\/territorialchallenges.com\/","logo":{"@type":"ImageObject","inLanguage":"de","@id":"https:\/\/territorialchallenges.com\/#\/schema\/logo\/image\/","url":"https:\/\/territorialchallenges.com\/wp-content\/uploads\/2023\/10\/logo-1.png","contentUrl":"https:\/\/territorialchallenges.com\/wp-content\/uploads\/2023\/10\/logo-1.png","width":1832,"height":576,"caption":"Territorial Challenges"},"image":{"@id":"https:\/\/territorialchallenges.com\/#\/schema\/logo\/image\/"}},{"@type":"Person","@id":"https:\/\/territorialchallenges.com\/#\/schema\/person\/098f145c7c61a021c425e010f840080f","name":"ni.abdi","image":{"@type":"ImageObject","inLanguage":"de","@id":"https:\/\/territorialchallenges.com\/#\/schema\/person\/image\/","url":"https:\/\/secure.gravatar.com\/avatar\/2a2f2491f3c80039986ba989b1e4b510?s=96&d=identicon&r=g","contentUrl":"https:\/\/secure.gravatar.com\/avatar\/2a2f2491f3c80039986ba989b1e4b510?s=96&d=identicon&r=g","caption":"ni.abdi"},"sameAs":["https:\/\/twitter.com\/Ni.abdi"],"url":"https:\/\/territorialchallenges.com\/de\/author\/ni-abdi\/"}]}},"_links":{"self":[{"href":"https:\/\/territorialchallenges.com\/de\/wp-json\/wp\/v2\/posts\/122733"}],"collection":[{"href":"https:\/\/territorialchallenges.com\/de\/wp-json\/wp\/v2\/posts"}],"about":[{"href":"https:\/\/territorialchallenges.com\/de\/wp-json\/wp\/v2\/types\/post"}],"author":[{"embeddable":true,"href":"https:\/\/territorialchallenges.com\/de\/wp-json\/wp\/v2\/users\/11"}],"replies":[{"embeddable":true,"href":"https:\/\/territorialchallenges.com\/de\/wp-json\/wp\/v2\/comments?post=122733"}],"version-history":[{"count":2,"href":"https:\/\/territorialchallenges.com\/de\/wp-json\/wp\/v2\/posts\/122733\/revisions"}],"predecessor-version":[{"id":122740,"href":"https:\/\/territorialchallenges.com\/de\/wp-json\/wp\/v2\/posts\/122733\/revisions\/122740"}],"wp:featuredmedia":[{"embeddable":true,"href":"https:\/\/territorialchallenges.com\/de\/wp-json\/wp\/v2\/media\/122738"}],"wp:attachment":[{"href":"https:\/\/territorialchallenges.com\/de\/wp-json\/wp\/v2\/media?parent=122733"}],"wp:term":[{"taxonomy":"category","embeddable":true,"href":"https:\/\/territorialchallenges.com\/de\/wp-json\/wp\/v2\/categories?post=122733"},{"taxonomy":"post_tag","embeddable":true,"href":"https:\/\/territorialchallenges.com\/de\/wp-json\/wp\/v2\/tags?post=122733"}],"curies":[{"name":"wp","href":"https:\/\/api.w.org\/{rel}","templated":true}]}}