{"id":122730,"date":"2024-05-14T10:01:53","date_gmt":"2024-05-14T08:01:53","guid":{"rendered":"https:\/\/territorialchallenges.com\/?p=122730"},"modified":"2024-05-14T10:01:55","modified_gmt":"2024-05-14T08:01:55","slug":"espagne-iberdrola-revolutionne-les-reseaux-electriques-grace-a-lia","status":"publish","type":"post","link":"https:\/\/territorialchallenges.com\/de\/2024\/05\/14\/espagne-iberdrola-revolutionne-les-reseaux-electriques-grace-a-lia\/122730\/","title":{"rendered":"Spanien: Iberdrola revolutioniert Stromnetze mit KI"},"content":{"rendered":"<p>Der spanische Energieriese Iberdrola k\u00fcndigt den Start des Projekts AI Innovation Data Space (i-DS) an, mit dem Ziel, das Stromnetzmanagement zu revolutionieren. Durch die Partnerschaft mit dem Baskischen Zentrum f\u00fcr Angewandte Mathematik (BCAM) und die Nutzung des Global Smart Grids Innovation Hub will das Unternehmen die Effizienz von Verteilnetzen durch\u2026 maximieren. <\/p>\n<div class=\"pmpro_content_message\">Artikel nur f\u00fcr Abonnenten sichtbar.<br \/><a href=\"https:\/\/territorialchallenges.com\/wp-login.php\">Verbindung<\/a><br \/><a href=\"https:\/\/territorialchallenges.com\/de\/wp-login.php\/?action=register\">Registrieren<\/a><\/div>","protected":false},"excerpt":{"rendered":"<p>Iberdrola, g\u00e9ant de l&rsquo;\u00e9nergie espagnol, annonce le lancement du projet AI Innovation Data Space (i-DS) dans le but de r\u00e9volutionner la gestion des r\u00e9seaux \u00e9lectriques. En s&rsquo;associant au Centre basque de math\u00e9matiques appliqu\u00e9es (BCAM) et en s&rsquo;appuyant sur le Global Smart Grids Innovation Hub, l&rsquo;entreprise vise \u00e0 maximiser l&rsquo;efficacit\u00e9 des r\u00e9seaux de distribution gr\u00e2ce \u00e0... <\/p>\n<div class=\"pmpro_content_message\">Artikel nur f\u00fcr Abonnenten sichtbar.<br \/><a href=\"https:\/\/territorialchallenges.com\/wp-login.php\">Verbindung<\/a><br \/><a href=\"https:\/\/territorialchallenges.com\/de\/wp-login.php\/?action=register\">Registrieren<\/a><\/div>","protected":false},"author":11,"featured_media":122731,"comment_status":"closed","ping_status":"closed","sticky":true,"template":"","format":"standard","meta":{"pmpro_default_level":0,"footnotes":""},"categories":[18,127],"tags":[],"blocksy_meta":"","yoast_head":"<!-- This site is optimized with the Yoast SEO plugin v21.5 - https:\/\/yoast.com\/wordpress\/plugins\/seo\/ -->\n<title>Espagne: Iberdrola r\u00e9volutionne les r\u00e9seaux \u00e9lectriques gr\u00e2ce \u00e0 l&#039;IA - Territorial Challenges<\/title>\n<meta name=\"robots\" content=\"index, follow, max-snippet:-1, max-image-preview:large, max-video-preview:-1\" \/>\n<link rel=\"canonical\" href=\"https:\/\/territorialchallenges.com\/de\/2024\/05\/14\/espagne-iberdrola-revolutionne-les-reseaux-electriques-grace-a-lia\/122730\/\" \/>\n<meta property=\"og:locale\" content=\"de_DE\" \/>\n<meta property=\"og:type\" content=\"article\" \/>\n<meta property=\"og:title\" content=\"Espagne: Iberdrola r\u00e9volutionne les r\u00e9seaux \u00e9lectriques gr\u00e2ce \u00e0 l&#039;IA - Territorial Challenges\" \/>\n<meta property=\"og:description\" content=\"Iberdrola, g\u00e9ant de l&rsquo;\u00e9nergie espagnol, annonce le lancement du projet AI Innovation Data Space (i-DS) dans le but de r\u00e9volutionner la gestion des r\u00e9seaux \u00e9lectriques. En s&rsquo;associant au Centre basque de math\u00e9matiques appliqu\u00e9es (BCAM) et en s&rsquo;appuyant sur le Global Smart Grids Innovation Hub, l&rsquo;entreprise vise \u00e0 maximiser l&rsquo;efficacit\u00e9 des r\u00e9seaux de distribution gr\u00e2ce \u00e0 [&hellip;]\" \/>\n<meta property=\"og:url\" content=\"https:\/\/territorialchallenges.com\/de\/2024\/05\/14\/espagne-iberdrola-revolutionne-les-reseaux-electriques-grace-a-lia\/122730\/\" \/>\n<meta property=\"og:site_name\" content=\"Territorial Challenges\" \/>\n<meta property=\"article:published_time\" content=\"2024-05-14T08:01:53+00:00\" \/>\n<meta property=\"article:modified_time\" content=\"2024-05-14T08:01:55+00:00\" \/>\n<meta property=\"og:image\" content=\"https:\/\/territorialchallenges.com\/wp-content\/uploads\/2024\/05\/transitionenergetiquePhoto.png\" \/>\n\t<meta property=\"og:image:width\" content=\"1280\" \/>\n\t<meta property=\"og:image:height\" content=\"1217\" \/>\n\t<meta property=\"og:image:type\" content=\"image\/png\" \/>\n<meta name=\"author\" content=\"ni.abdi\" \/>\n<meta name=\"twitter:card\" content=\"summary_large_image\" \/>\n<meta name=\"twitter:creator\" content=\"@Ni.abdi\" \/>\n<meta name=\"twitter:label1\" content=\"Verfasst von\" \/>\n\t<meta name=\"twitter:data1\" content=\"ni.abdi\" \/>\n\t<meta name=\"twitter:label2\" content=\"Gesch\u00e4tzte Lesezeit\" \/>\n\t<meta name=\"twitter:data2\" content=\"3\u00a0Minuten\" \/>\n<script type=\"application\/ld+json\" class=\"yoast-schema-graph\">{\"@context\":\"https:\/\/schema.org\",\"@graph\":[{\"@type\":\"Article\",\"@id\":\"https:\/\/territorialchallenges.com\/2024\/05\/14\/espagne-iberdrola-revolutionne-les-reseaux-electriques-grace-a-lia\/122730\/#article\",\"isPartOf\":{\"@id\":\"https:\/\/territorialchallenges.com\/2024\/05\/14\/espagne-iberdrola-revolutionne-les-reseaux-electriques-grace-a-lia\/122730\/\"},\"author\":{\"name\":\"ni.abdi\",\"@id\":\"https:\/\/territorialchallenges.com\/#\/schema\/person\/098f145c7c61a021c425e010f840080f\"},\"headline\":\"Espagne: Iberdrola r\u00e9volutionne les r\u00e9seaux \u00e9lectriques gr\u00e2ce \u00e0 l&rsquo;IA\",\"datePublished\":\"2024-05-14T08:01:53+00:00\",\"dateModified\":\"2024-05-14T08:01:55+00:00\",\"mainEntityOfPage\":{\"@id\":\"https:\/\/territorialchallenges.com\/2024\/05\/14\/espagne-iberdrola-revolutionne-les-reseaux-electriques-grace-a-lia\/122730\/\"},\"wordCount\":604,\"publisher\":{\"@id\":\"https:\/\/territorialchallenges.com\/#organization\"},\"articleSection\":[\"Transition \u00c9nerg\u00e9tique\",\"Actualit\u00e9 Europe\"],\"inLanguage\":\"de\"},{\"@type\":\"WebPage\",\"@id\":\"https:\/\/territorialchallenges.com\/2024\/05\/14\/espagne-iberdrola-revolutionne-les-reseaux-electriques-grace-a-lia\/122730\/\",\"url\":\"https:\/\/territorialchallenges.com\/2024\/05\/14\/espagne-iberdrola-revolutionne-les-reseaux-electriques-grace-a-lia\/122730\/\",\"name\":\"Espagne: Iberdrola r\u00e9volutionne les r\u00e9seaux \u00e9lectriques gr\u00e2ce \u00e0 l'IA - Territorial Challenges\",\"isPartOf\":{\"@id\":\"https:\/\/territorialchallenges.com\/#website\"},\"datePublished\":\"2024-05-14T08:01:53+00:00\",\"dateModified\":\"2024-05-14T08:01:55+00:00\",\"breadcrumb\":{\"@id\":\"https:\/\/territorialchallenges.com\/2024\/05\/14\/espagne-iberdrola-revolutionne-les-reseaux-electriques-grace-a-lia\/122730\/#breadcrumb\"},\"inLanguage\":\"de\",\"potentialAction\":[{\"@type\":\"ReadAction\",\"target\":[\"https:\/\/territorialchallenges.com\/2024\/05\/14\/espagne-iberdrola-revolutionne-les-reseaux-electriques-grace-a-lia\/122730\/\"]}]},{\"@type\":\"BreadcrumbList\",\"@id\":\"https:\/\/territorialchallenges.com\/2024\/05\/14\/espagne-iberdrola-revolutionne-les-reseaux-electriques-grace-a-lia\/122730\/#breadcrumb\",\"itemListElement\":[{\"@type\":\"ListItem\",\"position\":1,\"name\":\"Home\",\"item\":\"https:\/\/territorialchallenges.com\/\"},{\"@type\":\"ListItem\",\"position\":2,\"name\":\"Espagne: Iberdrola r\u00e9volutionne les r\u00e9seaux \u00e9lectriques gr\u00e2ce \u00e0 l&rsquo;IA\"}]},{\"@type\":\"WebSite\",\"@id\":\"https:\/\/territorialchallenges.com\/#website\",\"url\":\"https:\/\/territorialchallenges.com\/\",\"name\":\"Territorial Challenges\",\"description\":\"Veille Internationale - Strat\u00e9gie Intelligentes - Bonnes pratiques\",\"publisher\":{\"@id\":\"https:\/\/territorialchallenges.com\/#organization\"},\"potentialAction\":[{\"@type\":\"SearchAction\",\"target\":{\"@type\":\"EntryPoint\",\"urlTemplate\":\"https:\/\/territorialchallenges.com\/?s={search_term_string}\"},\"query-input\":\"required name=search_term_string\"}],\"inLanguage\":\"de\"},{\"@type\":\"Organization\",\"@id\":\"https:\/\/territorialchallenges.com\/#organization\",\"name\":\"Territorial Challenges\",\"url\":\"https:\/\/territorialchallenges.com\/\",\"logo\":{\"@type\":\"ImageObject\",\"inLanguage\":\"de\",\"@id\":\"https:\/\/territorialchallenges.com\/#\/schema\/logo\/image\/\",\"url\":\"https:\/\/territorialchallenges.com\/wp-content\/uploads\/2023\/10\/logo-1.png\",\"contentUrl\":\"https:\/\/territorialchallenges.com\/wp-content\/uploads\/2023\/10\/logo-1.png\",\"width\":1832,\"height\":576,\"caption\":\"Territorial Challenges\"},\"image\":{\"@id\":\"https:\/\/territorialchallenges.com\/#\/schema\/logo\/image\/\"}},{\"@type\":\"Person\",\"@id\":\"https:\/\/territorialchallenges.com\/#\/schema\/person\/098f145c7c61a021c425e010f840080f\",\"name\":\"ni.abdi\",\"image\":{\"@type\":\"ImageObject\",\"inLanguage\":\"de\",\"@id\":\"https:\/\/territorialchallenges.com\/#\/schema\/person\/image\/\",\"url\":\"https:\/\/secure.gravatar.com\/avatar\/2a2f2491f3c80039986ba989b1e4b510?s=96&d=identicon&r=g\",\"contentUrl\":\"https:\/\/secure.gravatar.com\/avatar\/2a2f2491f3c80039986ba989b1e4b510?s=96&d=identicon&r=g\",\"caption\":\"ni.abdi\"},\"sameAs\":[\"https:\/\/twitter.com\/Ni.abdi\"],\"url\":\"https:\/\/territorialchallenges.com\/de\/author\/ni-abdi\/\"}]}<\/script>\n<!-- \/ Yoast SEO plugin. -->","yoast_head_json":{"title":"Espagne: Iberdrola r\u00e9volutionne les r\u00e9seaux \u00e9lectriques gr\u00e2ce \u00e0 l'IA - Territorial Challenges","robots":{"index":"index","follow":"follow","max-snippet":"max-snippet:-1","max-image-preview":"max-image-preview:large","max-video-preview":"max-video-preview:-1"},"canonical":"https:\/\/territorialchallenges.com\/de\/2024\/05\/14\/espagne-iberdrola-revolutionne-les-reseaux-electriques-grace-a-lia\/122730\/","og_locale":"de_DE","og_type":"article","og_title":"Espagne: Iberdrola r\u00e9volutionne les r\u00e9seaux \u00e9lectriques gr\u00e2ce \u00e0 l'IA - Territorial Challenges","og_description":"Iberdrola, g\u00e9ant de l&rsquo;\u00e9nergie espagnol, annonce le lancement du projet AI Innovation Data Space (i-DS) dans le but de r\u00e9volutionner la gestion des r\u00e9seaux \u00e9lectriques. En s&rsquo;associant au Centre basque de math\u00e9matiques appliqu\u00e9es (BCAM) et en s&rsquo;appuyant sur le Global Smart Grids Innovation Hub, l&rsquo;entreprise vise \u00e0 maximiser l&rsquo;efficacit\u00e9 des r\u00e9seaux de distribution gr\u00e2ce \u00e0 [&hellip;]","og_url":"https:\/\/territorialchallenges.com\/de\/2024\/05\/14\/espagne-iberdrola-revolutionne-les-reseaux-electriques-grace-a-lia\/122730\/","og_site_name":"Territorial Challenges","article_published_time":"2024-05-14T08:01:53+00:00","article_modified_time":"2024-05-14T08:01:55+00:00","og_image":[{"width":1280,"height":1217,"url":"https:\/\/territorialchallenges.com\/wp-content\/uploads\/2024\/05\/transitionenergetiquePhoto.png","type":"image\/png"}],"author":"ni.abdi","twitter_card":"summary_large_image","twitter_creator":"@Ni.abdi","twitter_misc":{"Verfasst von":"ni.abdi","Gesch\u00e4tzte Lesezeit":"3\u00a0Minuten"},"schema":{"@context":"https:\/\/schema.org","@graph":[{"@type":"Article","@id":"https:\/\/territorialchallenges.com\/2024\/05\/14\/espagne-iberdrola-revolutionne-les-reseaux-electriques-grace-a-lia\/122730\/#article","isPartOf":{"@id":"https:\/\/territorialchallenges.com\/2024\/05\/14\/espagne-iberdrola-revolutionne-les-reseaux-electriques-grace-a-lia\/122730\/"},"author":{"name":"ni.abdi","@id":"https:\/\/territorialchallenges.com\/#\/schema\/person\/098f145c7c61a021c425e010f840080f"},"headline":"Espagne: Iberdrola r\u00e9volutionne les r\u00e9seaux \u00e9lectriques gr\u00e2ce \u00e0 l&rsquo;IA","datePublished":"2024-05-14T08:01:53+00:00","dateModified":"2024-05-14T08:01:55+00:00","mainEntityOfPage":{"@id":"https:\/\/territorialchallenges.com\/2024\/05\/14\/espagne-iberdrola-revolutionne-les-reseaux-electriques-grace-a-lia\/122730\/"},"wordCount":604,"publisher":{"@id":"https:\/\/territorialchallenges.com\/#organization"},"articleSection":["Transition \u00c9nerg\u00e9tique","Actualit\u00e9 Europe"],"inLanguage":"de"},{"@type":"WebPage","@id":"https:\/\/territorialchallenges.com\/2024\/05\/14\/espagne-iberdrola-revolutionne-les-reseaux-electriques-grace-a-lia\/122730\/","url":"https:\/\/territorialchallenges.com\/2024\/05\/14\/espagne-iberdrola-revolutionne-les-reseaux-electriques-grace-a-lia\/122730\/","name":"Espagne: Iberdrola r\u00e9volutionne les r\u00e9seaux \u00e9lectriques gr\u00e2ce \u00e0 l'IA - Territorial Challenges","isPartOf":{"@id":"https:\/\/territorialchallenges.com\/#website"},"datePublished":"2024-05-14T08:01:53+00:00","dateModified":"2024-05-14T08:01:55+00:00","breadcrumb":{"@id":"https:\/\/territorialchallenges.com\/2024\/05\/14\/espagne-iberdrola-revolutionne-les-reseaux-electriques-grace-a-lia\/122730\/#breadcrumb"},"inLanguage":"de","potentialAction":[{"@type":"ReadAction","target":["https:\/\/territorialchallenges.com\/2024\/05\/14\/espagne-iberdrola-revolutionne-les-reseaux-electriques-grace-a-lia\/122730\/"]}]},{"@type":"BreadcrumbList","@id":"https:\/\/territorialchallenges.com\/2024\/05\/14\/espagne-iberdrola-revolutionne-les-reseaux-electriques-grace-a-lia\/122730\/#breadcrumb","itemListElement":[{"@type":"ListItem","position":1,"name":"Home","item":"https:\/\/territorialchallenges.com\/"},{"@type":"ListItem","position":2,"name":"Espagne: Iberdrola r\u00e9volutionne les r\u00e9seaux \u00e9lectriques gr\u00e2ce \u00e0 l&rsquo;IA"}]},{"@type":"WebSite","@id":"https:\/\/territorialchallenges.com\/#website","url":"https:\/\/territorialchallenges.com\/","name":"Territoriale Herausforderungen","description":"Internationales Monitoring \u2013 Intelligente Strategien \u2013 Best Practices","publisher":{"@id":"https:\/\/territorialchallenges.com\/#organization"},"potentialAction":[{"@type":"SearchAction","target":{"@type":"EntryPoint","urlTemplate":"https:\/\/territorialchallenges.com\/?s={search_term_string}"},"query-input":"required name=search_term_string"}],"inLanguage":"de"},{"@type":"Organization","@id":"https:\/\/territorialchallenges.com\/#organization","name":"Territoriale Herausforderungen","url":"https:\/\/territorialchallenges.com\/","logo":{"@type":"ImageObject","inLanguage":"de","@id":"https:\/\/territorialchallenges.com\/#\/schema\/logo\/image\/","url":"https:\/\/territorialchallenges.com\/wp-content\/uploads\/2023\/10\/logo-1.png","contentUrl":"https:\/\/territorialchallenges.com\/wp-content\/uploads\/2023\/10\/logo-1.png","width":1832,"height":576,"caption":"Territorial Challenges"},"image":{"@id":"https:\/\/territorialchallenges.com\/#\/schema\/logo\/image\/"}},{"@type":"Person","@id":"https:\/\/territorialchallenges.com\/#\/schema\/person\/098f145c7c61a021c425e010f840080f","name":"ni.abdi","image":{"@type":"ImageObject","inLanguage":"de","@id":"https:\/\/territorialchallenges.com\/#\/schema\/person\/image\/","url":"https:\/\/secure.gravatar.com\/avatar\/2a2f2491f3c80039986ba989b1e4b510?s=96&d=identicon&r=g","contentUrl":"https:\/\/secure.gravatar.com\/avatar\/2a2f2491f3c80039986ba989b1e4b510?s=96&d=identicon&r=g","caption":"ni.abdi"},"sameAs":["https:\/\/twitter.com\/Ni.abdi"],"url":"https:\/\/territorialchallenges.com\/de\/author\/ni-abdi\/"}]}},"_links":{"self":[{"href":"https:\/\/territorialchallenges.com\/de\/wp-json\/wp\/v2\/posts\/122730"}],"collection":[{"href":"https:\/\/territorialchallenges.com\/de\/wp-json\/wp\/v2\/posts"}],"about":[{"href":"https:\/\/territorialchallenges.com\/de\/wp-json\/wp\/v2\/types\/post"}],"author":[{"embeddable":true,"href":"https:\/\/territorialchallenges.com\/de\/wp-json\/wp\/v2\/users\/11"}],"replies":[{"embeddable":true,"href":"https:\/\/territorialchallenges.com\/de\/wp-json\/wp\/v2\/comments?post=122730"}],"version-history":[{"count":1,"href":"https:\/\/territorialchallenges.com\/de\/wp-json\/wp\/v2\/posts\/122730\/revisions"}],"predecessor-version":[{"id":122732,"href":"https:\/\/territorialchallenges.com\/de\/wp-json\/wp\/v2\/posts\/122730\/revisions\/122732"}],"wp:featuredmedia":[{"embeddable":true,"href":"https:\/\/territorialchallenges.com\/de\/wp-json\/wp\/v2\/media\/122731"}],"wp:attachment":[{"href":"https:\/\/territorialchallenges.com\/de\/wp-json\/wp\/v2\/media?parent=122730"}],"wp:term":[{"taxonomy":"category","embeddable":true,"href":"https:\/\/territorialchallenges.com\/de\/wp-json\/wp\/v2\/categories?post=122730"},{"taxonomy":"post_tag","embeddable":true,"href":"https:\/\/territorialchallenges.com\/de\/wp-json\/wp\/v2\/tags?post=122730"}],"curies":[{"name":"wp","href":"https:\/\/api.w.org\/{rel}","templated":true}]}}