{"id":122704,"date":"2024-05-03T15:55:39","date_gmt":"2024-05-03T13:55:39","guid":{"rendered":"https:\/\/territorialchallenges.com\/?p=122704"},"modified":"2024-05-03T15:56:01","modified_gmt":"2024-05-03T13:56:01","slug":"preparer-nos-territoires-a-lere-quantique-un-imperatif-pour-lavenir","status":"publish","type":"post","link":"https:\/\/territorialchallenges.com\/de\/2024\/05\/03\/preparer-nos-territoires-a-lere-quantique-un-imperatif-pour-lavenir\/122704\/","title":{"rendered":"Vorbereitung unserer Gebiete auf das Quantenzeitalter: ein Gebot der Zukunft"},"content":{"rendered":"<p>Die Einf\u00fchrung des Quantencomputings wird unsere Gesellschaft revolutionieren. Franz\u00f6sische Kommunen m\u00fcssen sich jetzt darauf vorbereiten, diese technologische Revolution zu nutzen. Lassen Sie sich von internationalen Best Practices und Beispielen innovativer St\u00e4dte inspirieren, um unsere Wettbewerbsf\u00e4higkeit und Nachhaltigkeit in dieser neuen digitalen Landschaft zu sichern. Das Aufkommen des Quantencomputings l\u00e4utet eine \u00c4ra ein\u2026 <\/p>\n<div class=\"pmpro_content_message\">Artikel nur f\u00fcr Abonnenten sichtbar.<br \/><a href=\"https:\/\/territorialchallenges.com\/wp-login.php\">Verbindung<\/a><br \/><a href=\"https:\/\/territorialchallenges.com\/de\/wp-login.php\/?action=register\">Registrieren<\/a><\/div>","protected":false},"excerpt":{"rendered":"<p>Die Einf\u00fchrung des Quantencomputings wird unsere Gesellschaft revolutionieren. Franz\u00f6sische Kommunen m\u00fcssen sich jetzt darauf vorbereiten, diese technologische Revolution zu nutzen. Lassen Sie sich von internationalen Best Practices und Beispielen innovativer St\u00e4dte inspirieren, um unsere Wettbewerbsf\u00e4higkeit und Nachhaltigkeit in dieser neuen digitalen Landschaft zu sichern. Das Aufkommen des Quantencomputings l\u00e4utet eine \u00c4ra ein... <\/p>\n<div class=\"pmpro_content_message\">Artikel nur f\u00fcr Abonnenten sichtbar.<br \/><a href=\"https:\/\/territorialchallenges.com\/wp-login.php\">Verbindung<\/a><br \/><a href=\"https:\/\/territorialchallenges.com\/de\/wp-login.php\/?action=register\">Registrieren<\/a><\/div>","protected":false},"author":11,"featured_media":122705,"comment_status":"closed","ping_status":"closed","sticky":true,"template":"","format":"standard","meta":{"pmpro_default_level":0,"footnotes":""},"categories":[130,117],"tags":[],"blocksy_meta":"","yoast_head":"<!-- This site is optimized with the Yoast SEO plugin v21.5 - https:\/\/yoast.com\/wordpress\/plugins\/seo\/ -->\n<title>Pr\u00e9parer nos territoires \u00e0 l&#039;\u00e8re quantique : un imp\u00e9ratif pour l&#039;avenir - Territorial Challenges<\/title>\n<meta name=\"robots\" content=\"index, follow, max-snippet:-1, max-image-preview:large, max-video-preview:-1\" \/>\n<link rel=\"canonical\" href=\"https:\/\/territorialchallenges.com\/de\/2024\/05\/03\/preparer-nos-territoires-a-lere-quantique-un-imperatif-pour-lavenir\/122704\/\" \/>\n<meta property=\"og:locale\" content=\"de_DE\" \/>\n<meta property=\"og:type\" content=\"article\" \/>\n<meta property=\"og:title\" content=\"Pr\u00e9parer nos territoires \u00e0 l&#039;\u00e8re quantique : un imp\u00e9ratif pour l&#039;avenir - Territorial Challenges\" \/>\n<meta property=\"og:description\" content=\"L&rsquo;av\u00e8nement de l&rsquo;informatique quantique promet de r\u00e9volutionner nos soci\u00e9t\u00e9s. Les collectivit\u00e9s territoriales fran\u00e7aises doivent se pr\u00e9parer d\u00e8s maintenant pour tirer parti de cette r\u00e9volution technologique. Inspirons-nous des bonnes pratiques internationales et des exemples de villes innovantes pour assurer notre comp\u00e9titivit\u00e9 et notre durabilit\u00e9 dans ce nouveau paysage num\u00e9rique. L&rsquo;av\u00e8nement de l&rsquo;informatique quantique annonce une \u00e8re [&hellip;]\" \/>\n<meta property=\"og:url\" content=\"https:\/\/territorialchallenges.com\/de\/2024\/05\/03\/preparer-nos-territoires-a-lere-quantique-un-imperatif-pour-lavenir\/122704\/\" \/>\n<meta property=\"og:site_name\" content=\"Territorial Challenges\" \/>\n<meta property=\"article:published_time\" content=\"2024-05-03T13:55:39+00:00\" \/>\n<meta property=\"article:modified_time\" content=\"2024-05-03T13:56:01+00:00\" \/>\n<meta property=\"og:image\" content=\"https:\/\/territorialchallenges.com\/wp-content\/uploads\/2024\/05\/ReflexionFaitequantiquePhoto.jpg\" \/>\n\t<meta property=\"og:image:width\" content=\"1280\" \/>\n\t<meta property=\"og:image:height\" content=\"720\" \/>\n\t<meta property=\"og:image:type\" content=\"image\/jpeg\" \/>\n<meta name=\"author\" content=\"ni.abdi\" \/>\n<meta name=\"twitter:card\" content=\"summary_large_image\" \/>\n<meta name=\"twitter:creator\" content=\"@Ni.abdi\" \/>\n<meta name=\"twitter:label1\" content=\"Verfasst von\" \/>\n\t<meta name=\"twitter:data1\" content=\"ni.abdi\" \/>\n\t<meta name=\"twitter:label2\" content=\"Gesch\u00e4tzte Lesezeit\" \/>\n\t<meta name=\"twitter:data2\" content=\"3\u00a0Minuten\" \/>\n<script type=\"application\/ld+json\" class=\"yoast-schema-graph\">{\"@context\":\"https:\/\/schema.org\",\"@graph\":[{\"@type\":\"Article\",\"@id\":\"https:\/\/territorialchallenges.com\/2024\/05\/03\/preparer-nos-territoires-a-lere-quantique-un-imperatif-pour-lavenir\/122704\/#article\",\"isPartOf\":{\"@id\":\"https:\/\/territorialchallenges.com\/2024\/05\/03\/preparer-nos-territoires-a-lere-quantique-un-imperatif-pour-lavenir\/122704\/\"},\"author\":{\"name\":\"ni.abdi\",\"@id\":\"https:\/\/territorialchallenges.com\/#\/schema\/person\/098f145c7c61a021c425e010f840080f\"},\"headline\":\"Pr\u00e9parer nos territoires \u00e0 l&rsquo;\u00e8re quantique : un imp\u00e9ratif pour l&rsquo;avenir\",\"datePublished\":\"2024-05-03T13:55:39+00:00\",\"dateModified\":\"2024-05-03T13:56:01+00:00\",\"mainEntityOfPage\":{\"@id\":\"https:\/\/territorialchallenges.com\/2024\/05\/03\/preparer-nos-territoires-a-lere-quantique-un-imperatif-pour-lavenir\/122704\/\"},\"wordCount\":603,\"publisher\":{\"@id\":\"https:\/\/territorialchallenges.com\/#organization\"},\"articleSection\":[\"R\u00e9flexion faite\",\"\u00c9cosyst\u00e8me\"],\"inLanguage\":\"de\"},{\"@type\":\"WebPage\",\"@id\":\"https:\/\/territorialchallenges.com\/2024\/05\/03\/preparer-nos-territoires-a-lere-quantique-un-imperatif-pour-lavenir\/122704\/\",\"url\":\"https:\/\/territorialchallenges.com\/2024\/05\/03\/preparer-nos-territoires-a-lere-quantique-un-imperatif-pour-lavenir\/122704\/\",\"name\":\"Pr\u00e9parer nos territoires \u00e0 l'\u00e8re quantique : un imp\u00e9ratif pour l'avenir - Territorial Challenges\",\"isPartOf\":{\"@id\":\"https:\/\/territorialchallenges.com\/#website\"},\"datePublished\":\"2024-05-03T13:55:39+00:00\",\"dateModified\":\"2024-05-03T13:56:01+00:00\",\"breadcrumb\":{\"@id\":\"https:\/\/territorialchallenges.com\/2024\/05\/03\/preparer-nos-territoires-a-lere-quantique-un-imperatif-pour-lavenir\/122704\/#breadcrumb\"},\"inLanguage\":\"de\",\"potentialAction\":[{\"@type\":\"ReadAction\",\"target\":[\"https:\/\/territorialchallenges.com\/2024\/05\/03\/preparer-nos-territoires-a-lere-quantique-un-imperatif-pour-lavenir\/122704\/\"]}]},{\"@type\":\"BreadcrumbList\",\"@id\":\"https:\/\/territorialchallenges.com\/2024\/05\/03\/preparer-nos-territoires-a-lere-quantique-un-imperatif-pour-lavenir\/122704\/#breadcrumb\",\"itemListElement\":[{\"@type\":\"ListItem\",\"position\":1,\"name\":\"Home\",\"item\":\"https:\/\/territorialchallenges.com\/\"},{\"@type\":\"ListItem\",\"position\":2,\"name\":\"Pr\u00e9parer nos territoires \u00e0 l&rsquo;\u00e8re quantique : un imp\u00e9ratif pour l&rsquo;avenir\"}]},{\"@type\":\"WebSite\",\"@id\":\"https:\/\/territorialchallenges.com\/#website\",\"url\":\"https:\/\/territorialchallenges.com\/\",\"name\":\"Territorial Challenges\",\"description\":\"Veille Internationale - Strat\u00e9gie Intelligentes - Bonnes pratiques\",\"publisher\":{\"@id\":\"https:\/\/territorialchallenges.com\/#organization\"},\"potentialAction\":[{\"@type\":\"SearchAction\",\"target\":{\"@type\":\"EntryPoint\",\"urlTemplate\":\"https:\/\/territorialchallenges.com\/?s={search_term_string}\"},\"query-input\":\"required name=search_term_string\"}],\"inLanguage\":\"de\"},{\"@type\":\"Organization\",\"@id\":\"https:\/\/territorialchallenges.com\/#organization\",\"name\":\"Territorial Challenges\",\"url\":\"https:\/\/territorialchallenges.com\/\",\"logo\":{\"@type\":\"ImageObject\",\"inLanguage\":\"de\",\"@id\":\"https:\/\/territorialchallenges.com\/#\/schema\/logo\/image\/\",\"url\":\"https:\/\/territorialchallenges.com\/wp-content\/uploads\/2023\/10\/logo-1.png\",\"contentUrl\":\"https:\/\/territorialchallenges.com\/wp-content\/uploads\/2023\/10\/logo-1.png\",\"width\":1832,\"height\":576,\"caption\":\"Territorial Challenges\"},\"image\":{\"@id\":\"https:\/\/territorialchallenges.com\/#\/schema\/logo\/image\/\"}},{\"@type\":\"Person\",\"@id\":\"https:\/\/territorialchallenges.com\/#\/schema\/person\/098f145c7c61a021c425e010f840080f\",\"name\":\"ni.abdi\",\"image\":{\"@type\":\"ImageObject\",\"inLanguage\":\"de\",\"@id\":\"https:\/\/territorialchallenges.com\/#\/schema\/person\/image\/\",\"url\":\"https:\/\/secure.gravatar.com\/avatar\/2a2f2491f3c80039986ba989b1e4b510?s=96&d=identicon&r=g\",\"contentUrl\":\"https:\/\/secure.gravatar.com\/avatar\/2a2f2491f3c80039986ba989b1e4b510?s=96&d=identicon&r=g\",\"caption\":\"ni.abdi\"},\"sameAs\":[\"https:\/\/twitter.com\/Ni.abdi\"],\"url\":\"https:\/\/territorialchallenges.com\/de\/author\/ni-abdi\/\"}]}<\/script>\n<!-- \/ Yoast SEO plugin. -->","yoast_head_json":{"title":"Vorbereitung unserer Territorien auf das Quantenzeitalter: ein Gebot der Zukunft - Territoriale Herausforderungen","robots":{"index":"index","follow":"follow","max-snippet":"max-snippet:-1","max-image-preview":"max-image-preview:large","max-video-preview":"max-video-preview:-1"},"canonical":"https:\/\/territorialchallenges.com\/de\/2024\/05\/03\/preparer-nos-territoires-a-lere-quantique-un-imperatif-pour-lavenir\/122704\/","og_locale":"de_DE","og_type":"article","og_title":"Pr\u00e9parer nos territoires \u00e0 l'\u00e8re quantique : un imp\u00e9ratif pour l'avenir - Territorial Challenges","og_description":"L&rsquo;av\u00e8nement de l&rsquo;informatique quantique promet de r\u00e9volutionner nos soci\u00e9t\u00e9s. Les collectivit\u00e9s territoriales fran\u00e7aises doivent se pr\u00e9parer d\u00e8s maintenant pour tirer parti de cette r\u00e9volution technologique. Inspirons-nous des bonnes pratiques internationales et des exemples de villes innovantes pour assurer notre comp\u00e9titivit\u00e9 et notre durabilit\u00e9 dans ce nouveau paysage num\u00e9rique. L&rsquo;av\u00e8nement de l&rsquo;informatique quantique annonce une \u00e8re [&hellip;]","og_url":"https:\/\/territorialchallenges.com\/de\/2024\/05\/03\/preparer-nos-territoires-a-lere-quantique-un-imperatif-pour-lavenir\/122704\/","og_site_name":"Territorial Challenges","article_published_time":"2024-05-03T13:55:39+00:00","article_modified_time":"2024-05-03T13:56:01+00:00","og_image":[{"width":1280,"height":720,"url":"https:\/\/territorialchallenges.com\/wp-content\/uploads\/2024\/05\/ReflexionFaitequantiquePhoto.jpg","type":"image\/jpeg"}],"author":"ni.abdi","twitter_card":"summary_large_image","twitter_creator":"@Ni.abdi","twitter_misc":{"Verfasst von":"ni.abdi","Gesch\u00e4tzte Lesezeit":"3\u00a0Minuten"},"schema":{"@context":"https:\/\/schema.org","@graph":[{"@type":"Article","@id":"https:\/\/territorialchallenges.com\/2024\/05\/03\/preparer-nos-territoires-a-lere-quantique-un-imperatif-pour-lavenir\/122704\/#article","isPartOf":{"@id":"https:\/\/territorialchallenges.com\/2024\/05\/03\/preparer-nos-territoires-a-lere-quantique-un-imperatif-pour-lavenir\/122704\/"},"author":{"name":"ni.abdi","@id":"https:\/\/territorialchallenges.com\/#\/schema\/person\/098f145c7c61a021c425e010f840080f"},"headline":"Pr\u00e9parer nos territoires \u00e0 l&rsquo;\u00e8re quantique : un imp\u00e9ratif pour l&rsquo;avenir","datePublished":"2024-05-03T13:55:39+00:00","dateModified":"2024-05-03T13:56:01+00:00","mainEntityOfPage":{"@id":"https:\/\/territorialchallenges.com\/2024\/05\/03\/preparer-nos-territoires-a-lere-quantique-un-imperatif-pour-lavenir\/122704\/"},"wordCount":603,"publisher":{"@id":"https:\/\/territorialchallenges.com\/#organization"},"articleSection":["R\u00e9flexion faite","\u00c9cosyst\u00e8me"],"inLanguage":"de"},{"@type":"WebPage","@id":"https:\/\/territorialchallenges.com\/2024\/05\/03\/preparer-nos-territoires-a-lere-quantique-un-imperatif-pour-lavenir\/122704\/","url":"https:\/\/territorialchallenges.com\/2024\/05\/03\/preparer-nos-territoires-a-lere-quantique-un-imperatif-pour-lavenir\/122704\/","name":"Vorbereitung unserer Territorien auf das Quantenzeitalter: ein Gebot der Zukunft - Territoriale Herausforderungen","isPartOf":{"@id":"https:\/\/territorialchallenges.com\/#website"},"datePublished":"2024-05-03T13:55:39+00:00","dateModified":"2024-05-03T13:56:01+00:00","breadcrumb":{"@id":"https:\/\/territorialchallenges.com\/2024\/05\/03\/preparer-nos-territoires-a-lere-quantique-un-imperatif-pour-lavenir\/122704\/#breadcrumb"},"inLanguage":"de","potentialAction":[{"@type":"ReadAction","target":["https:\/\/territorialchallenges.com\/2024\/05\/03\/preparer-nos-territoires-a-lere-quantique-un-imperatif-pour-lavenir\/122704\/"]}]},{"@type":"BreadcrumbList","@id":"https:\/\/territorialchallenges.com\/2024\/05\/03\/preparer-nos-territoires-a-lere-quantique-un-imperatif-pour-lavenir\/122704\/#breadcrumb","itemListElement":[{"@type":"ListItem","position":1,"name":"Home","item":"https:\/\/territorialchallenges.com\/"},{"@type":"ListItem","position":2,"name":"Pr\u00e9parer nos territoires \u00e0 l&rsquo;\u00e8re quantique : un imp\u00e9ratif pour l&rsquo;avenir"}]},{"@type":"WebSite","@id":"https:\/\/territorialchallenges.com\/#website","url":"https:\/\/territorialchallenges.com\/","name":"Territoriale Herausforderungen","description":"Internationales Monitoring \u2013 Intelligente Strategien \u2013 Best Practices","publisher":{"@id":"https:\/\/territorialchallenges.com\/#organization"},"potentialAction":[{"@type":"SearchAction","target":{"@type":"EntryPoint","urlTemplate":"https:\/\/territorialchallenges.com\/?s={search_term_string}"},"query-input":"required name=search_term_string"}],"inLanguage":"de"},{"@type":"Organization","@id":"https:\/\/territorialchallenges.com\/#organization","name":"Territoriale Herausforderungen","url":"https:\/\/territorialchallenges.com\/","logo":{"@type":"ImageObject","inLanguage":"de","@id":"https:\/\/territorialchallenges.com\/#\/schema\/logo\/image\/","url":"https:\/\/territorialchallenges.com\/wp-content\/uploads\/2023\/10\/logo-1.png","contentUrl":"https:\/\/territorialchallenges.com\/wp-content\/uploads\/2023\/10\/logo-1.png","width":1832,"height":576,"caption":"Territorial Challenges"},"image":{"@id":"https:\/\/territorialchallenges.com\/#\/schema\/logo\/image\/"}},{"@type":"Person","@id":"https:\/\/territorialchallenges.com\/#\/schema\/person\/098f145c7c61a021c425e010f840080f","name":"ni.abdi","image":{"@type":"ImageObject","inLanguage":"de","@id":"https:\/\/territorialchallenges.com\/#\/schema\/person\/image\/","url":"https:\/\/secure.gravatar.com\/avatar\/2a2f2491f3c80039986ba989b1e4b510?s=96&d=identicon&r=g","contentUrl":"https:\/\/secure.gravatar.com\/avatar\/2a2f2491f3c80039986ba989b1e4b510?s=96&d=identicon&r=g","caption":"ni.abdi"},"sameAs":["https:\/\/twitter.com\/Ni.abdi"],"url":"https:\/\/territorialchallenges.com\/de\/author\/ni-abdi\/"}]}},"_links":{"self":[{"href":"https:\/\/territorialchallenges.com\/de\/wp-json\/wp\/v2\/posts\/122704"}],"collection":[{"href":"https:\/\/territorialchallenges.com\/de\/wp-json\/wp\/v2\/posts"}],"about":[{"href":"https:\/\/territorialchallenges.com\/de\/wp-json\/wp\/v2\/types\/post"}],"author":[{"embeddable":true,"href":"https:\/\/territorialchallenges.com\/de\/wp-json\/wp\/v2\/users\/11"}],"replies":[{"embeddable":true,"href":"https:\/\/territorialchallenges.com\/de\/wp-json\/wp\/v2\/comments?post=122704"}],"version-history":[{"count":2,"href":"https:\/\/territorialchallenges.com\/de\/wp-json\/wp\/v2\/posts\/122704\/revisions"}],"predecessor-version":[{"id":122708,"href":"https:\/\/territorialchallenges.com\/de\/wp-json\/wp\/v2\/posts\/122704\/revisions\/122708"}],"wp:featuredmedia":[{"embeddable":true,"href":"https:\/\/territorialchallenges.com\/de\/wp-json\/wp\/v2\/media\/122705"}],"wp:attachment":[{"href":"https:\/\/territorialchallenges.com\/de\/wp-json\/wp\/v2\/media?parent=122704"}],"wp:term":[{"taxonomy":"category","embeddable":true,"href":"https:\/\/territorialchallenges.com\/de\/wp-json\/wp\/v2\/categories?post=122704"},{"taxonomy":"post_tag","embeddable":true,"href":"https:\/\/territorialchallenges.com\/de\/wp-json\/wp\/v2\/tags?post=122704"}],"curies":[{"name":"wp","href":"https:\/\/api.w.org\/{rel}","templated":true}]}}