{"id":122649,"date":"2024-04-21T21:22:43","date_gmt":"2024-04-21T19:22:43","guid":{"rendered":"https:\/\/territorialchallenges.com\/?p=122649"},"modified":"2024-04-21T21:22:45","modified_gmt":"2024-04-21T19:22:45","slug":"siemens-redefinit-lindustrie-et-linnovation-a-la-foire-de-hanovre","status":"publish","type":"post","link":"https:\/\/territorialchallenges.com\/de\/2024\/04\/21\/siemens-redefinit-lindustrie-et-linnovation-a-la-foire-de-hanovre\/122649\/","title":{"rendered":"Siemens definiert Industrie und Innovation auf der Hannover Messe neu"},"content":{"rendered":"<p>Der deutsche Industriegigant Siemens bereitet sich darauf vor, auf der Hannover Messe (22.-26. April), der weltweit gr\u00f6\u00dften Industriemesse, mit einer Reihe von Ank\u00fcndigungen und Demonstrationen auf sich aufmerksam zu machen, die seine mutige Strategie im Bereich der k\u00fcnstlichen Intelligenz (KI) und der Entwicklung von\u2026 hervorheben. <\/p>\n<div class=\"pmpro_content_message\">Artikel nur f\u00fcr Abonnenten sichtbar.<br \/><a href=\"https:\/\/territorialchallenges.com\/wp-login.php\">Verbindung<\/a><br \/><a href=\"https:\/\/territorialchallenges.com\/de\/wp-login.php\/?action=register\">Registrieren<\/a><\/div>","protected":false},"excerpt":{"rendered":"<p>Siemens, le g\u00e9ant de l&rsquo;industrie allemande, se pr\u00e9pare \u00e0 marquer de son empreinte la Foire de Hanovre (du 22 au 26 avril), le plus grand salon au monde d\u00e9di\u00e9 \u00e0 l&rsquo;industrie, avec une s\u00e9rie d&rsquo;annonces et de d\u00e9monstrations qui mettent en lumi\u00e8re sa strat\u00e9gie audacieuse dans le domaine de l&rsquo;intelligence artificielle (IA) et du d\u00e9veloppement... <\/p>\n<div class=\"pmpro_content_message\">Artikel nur f\u00fcr Abonnenten sichtbar.<br \/><a href=\"https:\/\/territorialchallenges.com\/wp-login.php\">Verbindung<\/a><br \/><a href=\"https:\/\/territorialchallenges.com\/de\/wp-login.php\/?action=register\">Registrieren<\/a><\/div>","protected":false},"author":11,"featured_media":122650,"comment_status":"closed","ping_status":"closed","sticky":true,"template":"","format":"standard","meta":{"pmpro_default_level":0,"footnotes":""},"categories":[17,127],"tags":[],"blocksy_meta":"","yoast_head":"<!-- This site is optimized with the Yoast SEO plugin v21.5 - https:\/\/yoast.com\/wordpress\/plugins\/seo\/ -->\n<title>Siemens red\u00e9finit l\u2019industrie et l\u2019innovation \u00e0 la Foire de Hanovre - Territorial Challenges<\/title>\n<meta name=\"robots\" content=\"index, follow, max-snippet:-1, max-image-preview:large, max-video-preview:-1\" \/>\n<link rel=\"canonical\" href=\"https:\/\/territorialchallenges.com\/de\/2024\/04\/21\/siemens-redefinit-lindustrie-et-linnovation-a-la-foire-de-hanovre\/122649\/\" \/>\n<meta property=\"og:locale\" content=\"de_DE\" \/>\n<meta property=\"og:type\" content=\"article\" \/>\n<meta property=\"og:title\" content=\"Siemens red\u00e9finit l\u2019industrie et l\u2019innovation \u00e0 la Foire de Hanovre - Territorial Challenges\" \/>\n<meta property=\"og:description\" content=\"Siemens, le g\u00e9ant de l&rsquo;industrie allemande, se pr\u00e9pare \u00e0 marquer de son empreinte la Foire de Hanovre (du 22 au 26 avril), le plus grand salon au monde d\u00e9di\u00e9 \u00e0 l&rsquo;industrie, avec une s\u00e9rie d&rsquo;annonces et de d\u00e9monstrations qui mettent en lumi\u00e8re sa strat\u00e9gie audacieuse dans le domaine de l&rsquo;intelligence artificielle (IA) et du d\u00e9veloppement [&hellip;]\" \/>\n<meta property=\"og:url\" content=\"https:\/\/territorialchallenges.com\/de\/2024\/04\/21\/siemens-redefinit-lindustrie-et-linnovation-a-la-foire-de-hanovre\/122649\/\" \/>\n<meta property=\"og:site_name\" content=\"Territorial Challenges\" \/>\n<meta property=\"article:published_time\" content=\"2024-04-21T19:22:43+00:00\" \/>\n<meta property=\"article:modified_time\" content=\"2024-04-21T19:22:45+00:00\" \/>\n<meta property=\"og:image\" content=\"https:\/\/territorialchallenges.com\/wp-content\/uploads\/2024\/04\/Industrie4.0siemens.jpg\" \/>\n\t<meta property=\"og:image:width\" content=\"1280\" \/>\n\t<meta property=\"og:image:height\" content=\"960\" \/>\n\t<meta property=\"og:image:type\" content=\"image\/jpeg\" \/>\n<meta name=\"author\" content=\"ni.abdi\" \/>\n<meta name=\"twitter:card\" content=\"summary_large_image\" \/>\n<meta name=\"twitter:creator\" content=\"@Ni.abdi\" \/>\n<meta name=\"twitter:label1\" content=\"Verfasst von\" \/>\n\t<meta name=\"twitter:data1\" content=\"ni.abdi\" \/>\n\t<meta name=\"twitter:label2\" content=\"Gesch\u00e4tzte Lesezeit\" \/>\n\t<meta name=\"twitter:data2\" content=\"2\u00a0Minuten\" \/>\n<script type=\"application\/ld+json\" class=\"yoast-schema-graph\">{\"@context\":\"https:\/\/schema.org\",\"@graph\":[{\"@type\":\"Article\",\"@id\":\"https:\/\/territorialchallenges.com\/2024\/04\/21\/siemens-redefinit-lindustrie-et-linnovation-a-la-foire-de-hanovre\/122649\/#article\",\"isPartOf\":{\"@id\":\"https:\/\/territorialchallenges.com\/2024\/04\/21\/siemens-redefinit-lindustrie-et-linnovation-a-la-foire-de-hanovre\/122649\/\"},\"author\":{\"name\":\"ni.abdi\",\"@id\":\"https:\/\/territorialchallenges.com\/#\/schema\/person\/098f145c7c61a021c425e010f840080f\"},\"headline\":\"Siemens red\u00e9finit l\u2019industrie et l\u2019innovation \u00e0 la Foire de Hanovre\",\"datePublished\":\"2024-04-21T19:22:43+00:00\",\"dateModified\":\"2024-04-21T19:22:45+00:00\",\"mainEntityOfPage\":{\"@id\":\"https:\/\/territorialchallenges.com\/2024\/04\/21\/siemens-redefinit-lindustrie-et-linnovation-a-la-foire-de-hanovre\/122649\/\"},\"wordCount\":401,\"publisher\":{\"@id\":\"https:\/\/territorialchallenges.com\/#organization\"},\"articleSection\":[\"Industrie 5.0\",\"Actualit\u00e9 Europe\"],\"inLanguage\":\"de\"},{\"@type\":\"WebPage\",\"@id\":\"https:\/\/territorialchallenges.com\/2024\/04\/21\/siemens-redefinit-lindustrie-et-linnovation-a-la-foire-de-hanovre\/122649\/\",\"url\":\"https:\/\/territorialchallenges.com\/2024\/04\/21\/siemens-redefinit-lindustrie-et-linnovation-a-la-foire-de-hanovre\/122649\/\",\"name\":\"Siemens red\u00e9finit l\u2019industrie et l\u2019innovation \u00e0 la Foire de Hanovre - Territorial Challenges\",\"isPartOf\":{\"@id\":\"https:\/\/territorialchallenges.com\/#website\"},\"datePublished\":\"2024-04-21T19:22:43+00:00\",\"dateModified\":\"2024-04-21T19:22:45+00:00\",\"breadcrumb\":{\"@id\":\"https:\/\/territorialchallenges.com\/2024\/04\/21\/siemens-redefinit-lindustrie-et-linnovation-a-la-foire-de-hanovre\/122649\/#breadcrumb\"},\"inLanguage\":\"de\",\"potentialAction\":[{\"@type\":\"ReadAction\",\"target\":[\"https:\/\/territorialchallenges.com\/2024\/04\/21\/siemens-redefinit-lindustrie-et-linnovation-a-la-foire-de-hanovre\/122649\/\"]}]},{\"@type\":\"BreadcrumbList\",\"@id\":\"https:\/\/territorialchallenges.com\/2024\/04\/21\/siemens-redefinit-lindustrie-et-linnovation-a-la-foire-de-hanovre\/122649\/#breadcrumb\",\"itemListElement\":[{\"@type\":\"ListItem\",\"position\":1,\"name\":\"Home\",\"item\":\"https:\/\/territorialchallenges.com\/\"},{\"@type\":\"ListItem\",\"position\":2,\"name\":\"Siemens red\u00e9finit l\u2019industrie et l\u2019innovation \u00e0 la Foire de Hanovre\"}]},{\"@type\":\"WebSite\",\"@id\":\"https:\/\/territorialchallenges.com\/#website\",\"url\":\"https:\/\/territorialchallenges.com\/\",\"name\":\"Territorial Challenges\",\"description\":\"Veille Internationale - Strat\u00e9gie Intelligentes - Bonnes pratiques\",\"publisher\":{\"@id\":\"https:\/\/territorialchallenges.com\/#organization\"},\"potentialAction\":[{\"@type\":\"SearchAction\",\"target\":{\"@type\":\"EntryPoint\",\"urlTemplate\":\"https:\/\/territorialchallenges.com\/?s={search_term_string}\"},\"query-input\":\"required name=search_term_string\"}],\"inLanguage\":\"de\"},{\"@type\":\"Organization\",\"@id\":\"https:\/\/territorialchallenges.com\/#organization\",\"name\":\"Territorial Challenges\",\"url\":\"https:\/\/territorialchallenges.com\/\",\"logo\":{\"@type\":\"ImageObject\",\"inLanguage\":\"de\",\"@id\":\"https:\/\/territorialchallenges.com\/#\/schema\/logo\/image\/\",\"url\":\"https:\/\/territorialchallenges.com\/wp-content\/uploads\/2023\/10\/logo-1.png\",\"contentUrl\":\"https:\/\/territorialchallenges.com\/wp-content\/uploads\/2023\/10\/logo-1.png\",\"width\":1832,\"height\":576,\"caption\":\"Territorial Challenges\"},\"image\":{\"@id\":\"https:\/\/territorialchallenges.com\/#\/schema\/logo\/image\/\"}},{\"@type\":\"Person\",\"@id\":\"https:\/\/territorialchallenges.com\/#\/schema\/person\/098f145c7c61a021c425e010f840080f\",\"name\":\"ni.abdi\",\"image\":{\"@type\":\"ImageObject\",\"inLanguage\":\"de\",\"@id\":\"https:\/\/territorialchallenges.com\/#\/schema\/person\/image\/\",\"url\":\"https:\/\/secure.gravatar.com\/avatar\/2a2f2491f3c80039986ba989b1e4b510?s=96&d=identicon&r=g\",\"contentUrl\":\"https:\/\/secure.gravatar.com\/avatar\/2a2f2491f3c80039986ba989b1e4b510?s=96&d=identicon&r=g\",\"caption\":\"ni.abdi\"},\"sameAs\":[\"https:\/\/twitter.com\/Ni.abdi\"],\"url\":\"https:\/\/territorialchallenges.com\/de\/author\/ni-abdi\/\"}]}<\/script>\n<!-- \/ Yoast SEO plugin. -->","yoast_head_json":{"title":"Siemens red\u00e9finit l\u2019industrie et l\u2019innovation \u00e0 la Foire de Hanovre - Territorial Challenges","robots":{"index":"index","follow":"follow","max-snippet":"max-snippet:-1","max-image-preview":"max-image-preview:large","max-video-preview":"max-video-preview:-1"},"canonical":"https:\/\/territorialchallenges.com\/de\/2024\/04\/21\/siemens-redefinit-lindustrie-et-linnovation-a-la-foire-de-hanovre\/122649\/","og_locale":"de_DE","og_type":"article","og_title":"Siemens red\u00e9finit l\u2019industrie et l\u2019innovation \u00e0 la Foire de Hanovre - Territorial Challenges","og_description":"Siemens, le g\u00e9ant de l&rsquo;industrie allemande, se pr\u00e9pare \u00e0 marquer de son empreinte la Foire de Hanovre (du 22 au 26 avril), le plus grand salon au monde d\u00e9di\u00e9 \u00e0 l&rsquo;industrie, avec une s\u00e9rie d&rsquo;annonces et de d\u00e9monstrations qui mettent en lumi\u00e8re sa strat\u00e9gie audacieuse dans le domaine de l&rsquo;intelligence artificielle (IA) et du d\u00e9veloppement [&hellip;]","og_url":"https:\/\/territorialchallenges.com\/de\/2024\/04\/21\/siemens-redefinit-lindustrie-et-linnovation-a-la-foire-de-hanovre\/122649\/","og_site_name":"Territorial Challenges","article_published_time":"2024-04-21T19:22:43+00:00","article_modified_time":"2024-04-21T19:22:45+00:00","og_image":[{"width":1280,"height":960,"url":"https:\/\/territorialchallenges.com\/wp-content\/uploads\/2024\/04\/Industrie4.0siemens.jpg","type":"image\/jpeg"}],"author":"ni.abdi","twitter_card":"summary_large_image","twitter_creator":"@Ni.abdi","twitter_misc":{"Verfasst von":"ni.abdi","Gesch\u00e4tzte Lesezeit":"2\u00a0Minuten"},"schema":{"@context":"https:\/\/schema.org","@graph":[{"@type":"Article","@id":"https:\/\/territorialchallenges.com\/2024\/04\/21\/siemens-redefinit-lindustrie-et-linnovation-a-la-foire-de-hanovre\/122649\/#article","isPartOf":{"@id":"https:\/\/territorialchallenges.com\/2024\/04\/21\/siemens-redefinit-lindustrie-et-linnovation-a-la-foire-de-hanovre\/122649\/"},"author":{"name":"ni.abdi","@id":"https:\/\/territorialchallenges.com\/#\/schema\/person\/098f145c7c61a021c425e010f840080f"},"headline":"Siemens red\u00e9finit l\u2019industrie et l\u2019innovation \u00e0 la Foire de Hanovre","datePublished":"2024-04-21T19:22:43+00:00","dateModified":"2024-04-21T19:22:45+00:00","mainEntityOfPage":{"@id":"https:\/\/territorialchallenges.com\/2024\/04\/21\/siemens-redefinit-lindustrie-et-linnovation-a-la-foire-de-hanovre\/122649\/"},"wordCount":401,"publisher":{"@id":"https:\/\/territorialchallenges.com\/#organization"},"articleSection":["Industrie 5.0","Actualit\u00e9 Europe"],"inLanguage":"de"},{"@type":"WebPage","@id":"https:\/\/territorialchallenges.com\/2024\/04\/21\/siemens-redefinit-lindustrie-et-linnovation-a-la-foire-de-hanovre\/122649\/","url":"https:\/\/territorialchallenges.com\/2024\/04\/21\/siemens-redefinit-lindustrie-et-linnovation-a-la-foire-de-hanovre\/122649\/","name":"Siemens red\u00e9finit l\u2019industrie et l\u2019innovation \u00e0 la Foire de Hanovre - Territorial Challenges","isPartOf":{"@id":"https:\/\/territorialchallenges.com\/#website"},"datePublished":"2024-04-21T19:22:43+00:00","dateModified":"2024-04-21T19:22:45+00:00","breadcrumb":{"@id":"https:\/\/territorialchallenges.com\/2024\/04\/21\/siemens-redefinit-lindustrie-et-linnovation-a-la-foire-de-hanovre\/122649\/#breadcrumb"},"inLanguage":"de","potentialAction":[{"@type":"ReadAction","target":["https:\/\/territorialchallenges.com\/2024\/04\/21\/siemens-redefinit-lindustrie-et-linnovation-a-la-foire-de-hanovre\/122649\/"]}]},{"@type":"BreadcrumbList","@id":"https:\/\/territorialchallenges.com\/2024\/04\/21\/siemens-redefinit-lindustrie-et-linnovation-a-la-foire-de-hanovre\/122649\/#breadcrumb","itemListElement":[{"@type":"ListItem","position":1,"name":"Home","item":"https:\/\/territorialchallenges.com\/"},{"@type":"ListItem","position":2,"name":"Siemens red\u00e9finit l\u2019industrie et l\u2019innovation \u00e0 la Foire de Hanovre"}]},{"@type":"WebSite","@id":"https:\/\/territorialchallenges.com\/#website","url":"https:\/\/territorialchallenges.com\/","name":"Territoriale Herausforderungen","description":"Internationales Monitoring \u2013 Intelligente Strategien \u2013 Best Practices","publisher":{"@id":"https:\/\/territorialchallenges.com\/#organization"},"potentialAction":[{"@type":"SearchAction","target":{"@type":"EntryPoint","urlTemplate":"https:\/\/territorialchallenges.com\/?s={search_term_string}"},"query-input":"required name=search_term_string"}],"inLanguage":"de"},{"@type":"Organization","@id":"https:\/\/territorialchallenges.com\/#organization","name":"Territoriale Herausforderungen","url":"https:\/\/territorialchallenges.com\/","logo":{"@type":"ImageObject","inLanguage":"de","@id":"https:\/\/territorialchallenges.com\/#\/schema\/logo\/image\/","url":"https:\/\/territorialchallenges.com\/wp-content\/uploads\/2023\/10\/logo-1.png","contentUrl":"https:\/\/territorialchallenges.com\/wp-content\/uploads\/2023\/10\/logo-1.png","width":1832,"height":576,"caption":"Territorial Challenges"},"image":{"@id":"https:\/\/territorialchallenges.com\/#\/schema\/logo\/image\/"}},{"@type":"Person","@id":"https:\/\/territorialchallenges.com\/#\/schema\/person\/098f145c7c61a021c425e010f840080f","name":"ni.abdi","image":{"@type":"ImageObject","inLanguage":"de","@id":"https:\/\/territorialchallenges.com\/#\/schema\/person\/image\/","url":"https:\/\/secure.gravatar.com\/avatar\/2a2f2491f3c80039986ba989b1e4b510?s=96&d=identicon&r=g","contentUrl":"https:\/\/secure.gravatar.com\/avatar\/2a2f2491f3c80039986ba989b1e4b510?s=96&d=identicon&r=g","caption":"ni.abdi"},"sameAs":["https:\/\/twitter.com\/Ni.abdi"],"url":"https:\/\/territorialchallenges.com\/de\/author\/ni-abdi\/"}]}},"_links":{"self":[{"href":"https:\/\/territorialchallenges.com\/de\/wp-json\/wp\/v2\/posts\/122649"}],"collection":[{"href":"https:\/\/territorialchallenges.com\/de\/wp-json\/wp\/v2\/posts"}],"about":[{"href":"https:\/\/territorialchallenges.com\/de\/wp-json\/wp\/v2\/types\/post"}],"author":[{"embeddable":true,"href":"https:\/\/territorialchallenges.com\/de\/wp-json\/wp\/v2\/users\/11"}],"replies":[{"embeddable":true,"href":"https:\/\/territorialchallenges.com\/de\/wp-json\/wp\/v2\/comments?post=122649"}],"version-history":[{"count":1,"href":"https:\/\/territorialchallenges.com\/de\/wp-json\/wp\/v2\/posts\/122649\/revisions"}],"predecessor-version":[{"id":122651,"href":"https:\/\/territorialchallenges.com\/de\/wp-json\/wp\/v2\/posts\/122649\/revisions\/122651"}],"wp:featuredmedia":[{"embeddable":true,"href":"https:\/\/territorialchallenges.com\/de\/wp-json\/wp\/v2\/media\/122650"}],"wp:attachment":[{"href":"https:\/\/territorialchallenges.com\/de\/wp-json\/wp\/v2\/media?parent=122649"}],"wp:term":[{"taxonomy":"category","embeddable":true,"href":"https:\/\/territorialchallenges.com\/de\/wp-json\/wp\/v2\/categories?post=122649"},{"taxonomy":"post_tag","embeddable":true,"href":"https:\/\/territorialchallenges.com\/de\/wp-json\/wp\/v2\/tags?post=122649"}],"curies":[{"name":"wp","href":"https:\/\/api.w.org\/{rel}","templated":true}]}}