{"id":122627,"date":"2024-04-15T10:41:07","date_gmt":"2024-04-15T08:41:07","guid":{"rendered":"https:\/\/territorialchallenges.com\/?p=122627"},"modified":"2024-04-15T10:41:08","modified_gmt":"2024-04-15T08:41:08","slug":"lia-generative-un-defi-energetique-majeur-dans-lere-du-cloud","status":"publish","type":"post","link":"https:\/\/territorialchallenges.com\/de\/2024\/04\/15\/lia-generative-un-defi-energetique-majeur-dans-lere-du-cloud\/122627\/","title":{"rendered":"Generative KI: Eine gro\u00dfe Energieherausforderung im Cloud-Zeitalter"},"content":{"rendered":"<p>Der rasante Aufstieg der generativen k\u00fcnstlichen Intelligenz erh\u00f6ht den Druck auf die Umwelt, die bereits durch die explosionsartige Zunahme von Rechenzentren, die die Cloud betreiben, belastet ist. Im Zentrum dieser digitalen Revolution versch\u00e4rfen sich die Debatten um den Energie- und Wasserverbrauch, eine entscheidende Herausforderung f\u00fcr die Zukunft unseres Planeten. Im Schatten der spektakul\u00e4ren Fortschritte der\u2026 <\/p>\n<div class=\"pmpro_content_message\">Artikel nur f\u00fcr Abonnenten sichtbar.<br \/><a href=\"https:\/\/territorialchallenges.com\/wp-login.php\">Verbindung<\/a><br \/><a href=\"https:\/\/territorialchallenges.com\/de\/wp-login.php\/?action=register\">Registrieren<\/a><\/div>","protected":false},"excerpt":{"rendered":"<p>L&rsquo;essor fulgurant de l&rsquo;Intelligence Artificielle g\u00e9n\u00e9rative aggrave la pression sur l&rsquo;environnement, d\u00e9j\u00e0 mise \u00e0 mal par l&rsquo;explosion des data centers alimentant le Cloud. Au c\u0153ur de cette r\u00e9volution num\u00e9rique, les d\u00e9bats s&rsquo;intensifient autour de la consommation \u00e9nerg\u00e9tique et en eau, posant un d\u00e9fi crucial pour l&rsquo;avenir de notre plan\u00e8te. Dans l&rsquo;ombre des progr\u00e8s spectaculaires de... <\/p>\n<div class=\"pmpro_content_message\">Artikel nur f\u00fcr Abonnenten sichtbar.<br \/><a href=\"https:\/\/territorialchallenges.com\/wp-login.php\">Verbindung<\/a><br \/><a href=\"https:\/\/territorialchallenges.com\/de\/wp-login.php\/?action=register\">Registrieren<\/a><\/div>","protected":false},"author":11,"featured_media":122628,"comment_status":"closed","ping_status":"closed","sticky":true,"template":"","format":"standard","meta":{"pmpro_default_level":0,"footnotes":""},"categories":[130,117],"tags":[],"blocksy_meta":"","yoast_head":"<!-- This site is optimized with the Yoast SEO plugin v21.5 - https:\/\/yoast.com\/wordpress\/plugins\/seo\/ -->\n<title>L&#039;IA g\u00e9n\u00e9rative : un d\u00e9fi \u00e9nerg\u00e9tique majeur dans l&#039;\u00e8re du Cloud - Territorial Challenges<\/title>\n<meta name=\"robots\" content=\"index, follow, max-snippet:-1, max-image-preview:large, max-video-preview:-1\" \/>\n<link rel=\"canonical\" href=\"https:\/\/territorialchallenges.com\/de\/2024\/04\/15\/lia-generative-un-defi-energetique-majeur-dans-lere-du-cloud\/122627\/\" \/>\n<meta property=\"og:locale\" content=\"de_DE\" \/>\n<meta property=\"og:type\" content=\"article\" \/>\n<meta property=\"og:title\" content=\"L&#039;IA g\u00e9n\u00e9rative : un d\u00e9fi \u00e9nerg\u00e9tique majeur dans l&#039;\u00e8re du Cloud - Territorial Challenges\" \/>\n<meta property=\"og:description\" content=\"L&rsquo;essor fulgurant de l&rsquo;Intelligence Artificielle g\u00e9n\u00e9rative aggrave la pression sur l&rsquo;environnement, d\u00e9j\u00e0 mise \u00e0 mal par l&rsquo;explosion des data centers alimentant le Cloud. Au c\u0153ur de cette r\u00e9volution num\u00e9rique, les d\u00e9bats s&rsquo;intensifient autour de la consommation \u00e9nerg\u00e9tique et en eau, posant un d\u00e9fi crucial pour l&rsquo;avenir de notre plan\u00e8te. Dans l&rsquo;ombre des progr\u00e8s spectaculaires de [&hellip;]\" \/>\n<meta property=\"og:url\" content=\"https:\/\/territorialchallenges.com\/de\/2024\/04\/15\/lia-generative-un-defi-energetique-majeur-dans-lere-du-cloud\/122627\/\" \/>\n<meta property=\"og:site_name\" content=\"Territorial Challenges\" \/>\n<meta property=\"article:published_time\" content=\"2024-04-15T08:41:07+00:00\" \/>\n<meta property=\"article:modified_time\" content=\"2024-04-15T08:41:08+00:00\" \/>\n<meta property=\"og:image\" content=\"https:\/\/territorialchallenges.com\/wp-content\/uploads\/2024\/04\/reflexionfaite15.04.24.Photo_.jpg\" \/>\n\t<meta property=\"og:image:width\" content=\"1280\" \/>\n\t<meta property=\"og:image:height\" content=\"853\" \/>\n\t<meta property=\"og:image:type\" content=\"image\/jpeg\" \/>\n<meta name=\"author\" content=\"ni.abdi\" \/>\n<meta name=\"twitter:card\" content=\"summary_large_image\" \/>\n<meta name=\"twitter:creator\" content=\"@Ni.abdi\" \/>\n<meta name=\"twitter:label1\" content=\"Verfasst von\" \/>\n\t<meta name=\"twitter:data1\" content=\"ni.abdi\" \/>\n\t<meta name=\"twitter:label2\" content=\"Gesch\u00e4tzte Lesezeit\" \/>\n\t<meta name=\"twitter:data2\" content=\"3\u00a0Minuten\" \/>\n<script type=\"application\/ld+json\" class=\"yoast-schema-graph\">{\"@context\":\"https:\/\/schema.org\",\"@graph\":[{\"@type\":\"Article\",\"@id\":\"https:\/\/territorialchallenges.com\/2024\/04\/15\/lia-generative-un-defi-energetique-majeur-dans-lere-du-cloud\/122627\/#article\",\"isPartOf\":{\"@id\":\"https:\/\/territorialchallenges.com\/2024\/04\/15\/lia-generative-un-defi-energetique-majeur-dans-lere-du-cloud\/122627\/\"},\"author\":{\"name\":\"ni.abdi\",\"@id\":\"https:\/\/territorialchallenges.com\/#\/schema\/person\/098f145c7c61a021c425e010f840080f\"},\"headline\":\"L&rsquo;IA g\u00e9n\u00e9rative : un d\u00e9fi \u00e9nerg\u00e9tique majeur dans l&rsquo;\u00e8re du Cloud\",\"datePublished\":\"2024-04-15T08:41:07+00:00\",\"dateModified\":\"2024-04-15T08:41:08+00:00\",\"mainEntityOfPage\":{\"@id\":\"https:\/\/territorialchallenges.com\/2024\/04\/15\/lia-generative-un-defi-energetique-majeur-dans-lere-du-cloud\/122627\/\"},\"wordCount\":619,\"publisher\":{\"@id\":\"https:\/\/territorialchallenges.com\/#organization\"},\"articleSection\":[\"R\u00e9flexion faite\",\"\u00c9cosyst\u00e8me\"],\"inLanguage\":\"de\"},{\"@type\":\"WebPage\",\"@id\":\"https:\/\/territorialchallenges.com\/2024\/04\/15\/lia-generative-un-defi-energetique-majeur-dans-lere-du-cloud\/122627\/\",\"url\":\"https:\/\/territorialchallenges.com\/2024\/04\/15\/lia-generative-un-defi-energetique-majeur-dans-lere-du-cloud\/122627\/\",\"name\":\"L'IA g\u00e9n\u00e9rative : un d\u00e9fi \u00e9nerg\u00e9tique majeur dans l'\u00e8re du Cloud - Territorial Challenges\",\"isPartOf\":{\"@id\":\"https:\/\/territorialchallenges.com\/#website\"},\"datePublished\":\"2024-04-15T08:41:07+00:00\",\"dateModified\":\"2024-04-15T08:41:08+00:00\",\"breadcrumb\":{\"@id\":\"https:\/\/territorialchallenges.com\/2024\/04\/15\/lia-generative-un-defi-energetique-majeur-dans-lere-du-cloud\/122627\/#breadcrumb\"},\"inLanguage\":\"de\",\"potentialAction\":[{\"@type\":\"ReadAction\",\"target\":[\"https:\/\/territorialchallenges.com\/2024\/04\/15\/lia-generative-un-defi-energetique-majeur-dans-lere-du-cloud\/122627\/\"]}]},{\"@type\":\"BreadcrumbList\",\"@id\":\"https:\/\/territorialchallenges.com\/2024\/04\/15\/lia-generative-un-defi-energetique-majeur-dans-lere-du-cloud\/122627\/#breadcrumb\",\"itemListElement\":[{\"@type\":\"ListItem\",\"position\":1,\"name\":\"Home\",\"item\":\"https:\/\/territorialchallenges.com\/\"},{\"@type\":\"ListItem\",\"position\":2,\"name\":\"L&rsquo;IA g\u00e9n\u00e9rative : un d\u00e9fi \u00e9nerg\u00e9tique majeur dans l&rsquo;\u00e8re du Cloud\"}]},{\"@type\":\"WebSite\",\"@id\":\"https:\/\/territorialchallenges.com\/#website\",\"url\":\"https:\/\/territorialchallenges.com\/\",\"name\":\"Territorial Challenges\",\"description\":\"Veille Internationale - Strat\u00e9gie Intelligentes - Bonnes pratiques\",\"publisher\":{\"@id\":\"https:\/\/territorialchallenges.com\/#organization\"},\"potentialAction\":[{\"@type\":\"SearchAction\",\"target\":{\"@type\":\"EntryPoint\",\"urlTemplate\":\"https:\/\/territorialchallenges.com\/?s={search_term_string}\"},\"query-input\":\"required name=search_term_string\"}],\"inLanguage\":\"de\"},{\"@type\":\"Organization\",\"@id\":\"https:\/\/territorialchallenges.com\/#organization\",\"name\":\"Territorial Challenges\",\"url\":\"https:\/\/territorialchallenges.com\/\",\"logo\":{\"@type\":\"ImageObject\",\"inLanguage\":\"de\",\"@id\":\"https:\/\/territorialchallenges.com\/#\/schema\/logo\/image\/\",\"url\":\"https:\/\/territorialchallenges.com\/wp-content\/uploads\/2023\/10\/logo-1.png\",\"contentUrl\":\"https:\/\/territorialchallenges.com\/wp-content\/uploads\/2023\/10\/logo-1.png\",\"width\":1832,\"height\":576,\"caption\":\"Territorial Challenges\"},\"image\":{\"@id\":\"https:\/\/territorialchallenges.com\/#\/schema\/logo\/image\/\"}},{\"@type\":\"Person\",\"@id\":\"https:\/\/territorialchallenges.com\/#\/schema\/person\/098f145c7c61a021c425e010f840080f\",\"name\":\"ni.abdi\",\"image\":{\"@type\":\"ImageObject\",\"inLanguage\":\"de\",\"@id\":\"https:\/\/territorialchallenges.com\/#\/schema\/person\/image\/\",\"url\":\"https:\/\/secure.gravatar.com\/avatar\/2a2f2491f3c80039986ba989b1e4b510?s=96&d=identicon&r=g\",\"contentUrl\":\"https:\/\/secure.gravatar.com\/avatar\/2a2f2491f3c80039986ba989b1e4b510?s=96&d=identicon&r=g\",\"caption\":\"ni.abdi\"},\"sameAs\":[\"https:\/\/twitter.com\/Ni.abdi\"],\"url\":\"https:\/\/territorialchallenges.com\/de\/author\/ni-abdi\/\"}]}<\/script>\n<!-- \/ Yoast SEO plugin. -->","yoast_head_json":{"title":"L'IA g\u00e9n\u00e9rative : un d\u00e9fi \u00e9nerg\u00e9tique majeur dans l'\u00e8re du Cloud - Territorial Challenges","robots":{"index":"index","follow":"follow","max-snippet":"max-snippet:-1","max-image-preview":"max-image-preview:large","max-video-preview":"max-video-preview:-1"},"canonical":"https:\/\/territorialchallenges.com\/de\/2024\/04\/15\/lia-generative-un-defi-energetique-majeur-dans-lere-du-cloud\/122627\/","og_locale":"de_DE","og_type":"article","og_title":"L'IA g\u00e9n\u00e9rative : un d\u00e9fi \u00e9nerg\u00e9tique majeur dans l'\u00e8re du Cloud - Territorial Challenges","og_description":"L&rsquo;essor fulgurant de l&rsquo;Intelligence Artificielle g\u00e9n\u00e9rative aggrave la pression sur l&rsquo;environnement, d\u00e9j\u00e0 mise \u00e0 mal par l&rsquo;explosion des data centers alimentant le Cloud. Au c\u0153ur de cette r\u00e9volution num\u00e9rique, les d\u00e9bats s&rsquo;intensifient autour de la consommation \u00e9nerg\u00e9tique et en eau, posant un d\u00e9fi crucial pour l&rsquo;avenir de notre plan\u00e8te. Dans l&rsquo;ombre des progr\u00e8s spectaculaires de [&hellip;]","og_url":"https:\/\/territorialchallenges.com\/de\/2024\/04\/15\/lia-generative-un-defi-energetique-majeur-dans-lere-du-cloud\/122627\/","og_site_name":"Territorial Challenges","article_published_time":"2024-04-15T08:41:07+00:00","article_modified_time":"2024-04-15T08:41:08+00:00","og_image":[{"width":1280,"height":853,"url":"https:\/\/territorialchallenges.com\/wp-content\/uploads\/2024\/04\/reflexionfaite15.04.24.Photo_.jpg","type":"image\/jpeg"}],"author":"ni.abdi","twitter_card":"summary_large_image","twitter_creator":"@Ni.abdi","twitter_misc":{"Verfasst von":"ni.abdi","Gesch\u00e4tzte Lesezeit":"3\u00a0Minuten"},"schema":{"@context":"https:\/\/schema.org","@graph":[{"@type":"Article","@id":"https:\/\/territorialchallenges.com\/2024\/04\/15\/lia-generative-un-defi-energetique-majeur-dans-lere-du-cloud\/122627\/#article","isPartOf":{"@id":"https:\/\/territorialchallenges.com\/2024\/04\/15\/lia-generative-un-defi-energetique-majeur-dans-lere-du-cloud\/122627\/"},"author":{"name":"ni.abdi","@id":"https:\/\/territorialchallenges.com\/#\/schema\/person\/098f145c7c61a021c425e010f840080f"},"headline":"L&rsquo;IA g\u00e9n\u00e9rative : un d\u00e9fi \u00e9nerg\u00e9tique majeur dans l&rsquo;\u00e8re du Cloud","datePublished":"2024-04-15T08:41:07+00:00","dateModified":"2024-04-15T08:41:08+00:00","mainEntityOfPage":{"@id":"https:\/\/territorialchallenges.com\/2024\/04\/15\/lia-generative-un-defi-energetique-majeur-dans-lere-du-cloud\/122627\/"},"wordCount":619,"publisher":{"@id":"https:\/\/territorialchallenges.com\/#organization"},"articleSection":["R\u00e9flexion faite","\u00c9cosyst\u00e8me"],"inLanguage":"de"},{"@type":"WebPage","@id":"https:\/\/territorialchallenges.com\/2024\/04\/15\/lia-generative-un-defi-energetique-majeur-dans-lere-du-cloud\/122627\/","url":"https:\/\/territorialchallenges.com\/2024\/04\/15\/lia-generative-un-defi-energetique-majeur-dans-lere-du-cloud\/122627\/","name":"L'IA g\u00e9n\u00e9rative : un d\u00e9fi \u00e9nerg\u00e9tique majeur dans l'\u00e8re du Cloud - Territorial Challenges","isPartOf":{"@id":"https:\/\/territorialchallenges.com\/#website"},"datePublished":"2024-04-15T08:41:07+00:00","dateModified":"2024-04-15T08:41:08+00:00","breadcrumb":{"@id":"https:\/\/territorialchallenges.com\/2024\/04\/15\/lia-generative-un-defi-energetique-majeur-dans-lere-du-cloud\/122627\/#breadcrumb"},"inLanguage":"de","potentialAction":[{"@type":"ReadAction","target":["https:\/\/territorialchallenges.com\/2024\/04\/15\/lia-generative-un-defi-energetique-majeur-dans-lere-du-cloud\/122627\/"]}]},{"@type":"BreadcrumbList","@id":"https:\/\/territorialchallenges.com\/2024\/04\/15\/lia-generative-un-defi-energetique-majeur-dans-lere-du-cloud\/122627\/#breadcrumb","itemListElement":[{"@type":"ListItem","position":1,"name":"Home","item":"https:\/\/territorialchallenges.com\/"},{"@type":"ListItem","position":2,"name":"L&rsquo;IA g\u00e9n\u00e9rative : un d\u00e9fi \u00e9nerg\u00e9tique majeur dans l&rsquo;\u00e8re du Cloud"}]},{"@type":"WebSite","@id":"https:\/\/territorialchallenges.com\/#website","url":"https:\/\/territorialchallenges.com\/","name":"Territoriale Herausforderungen","description":"Internationales Monitoring \u2013 Intelligente Strategien \u2013 Best Practices","publisher":{"@id":"https:\/\/territorialchallenges.com\/#organization"},"potentialAction":[{"@type":"SearchAction","target":{"@type":"EntryPoint","urlTemplate":"https:\/\/territorialchallenges.com\/?s={search_term_string}"},"query-input":"required name=search_term_string"}],"inLanguage":"de"},{"@type":"Organization","@id":"https:\/\/territorialchallenges.com\/#organization","name":"Territoriale Herausforderungen","url":"https:\/\/territorialchallenges.com\/","logo":{"@type":"ImageObject","inLanguage":"de","@id":"https:\/\/territorialchallenges.com\/#\/schema\/logo\/image\/","url":"https:\/\/territorialchallenges.com\/wp-content\/uploads\/2023\/10\/logo-1.png","contentUrl":"https:\/\/territorialchallenges.com\/wp-content\/uploads\/2023\/10\/logo-1.png","width":1832,"height":576,"caption":"Territorial Challenges"},"image":{"@id":"https:\/\/territorialchallenges.com\/#\/schema\/logo\/image\/"}},{"@type":"Person","@id":"https:\/\/territorialchallenges.com\/#\/schema\/person\/098f145c7c61a021c425e010f840080f","name":"ni.abdi","image":{"@type":"ImageObject","inLanguage":"de","@id":"https:\/\/territorialchallenges.com\/#\/schema\/person\/image\/","url":"https:\/\/secure.gravatar.com\/avatar\/2a2f2491f3c80039986ba989b1e4b510?s=96&d=identicon&r=g","contentUrl":"https:\/\/secure.gravatar.com\/avatar\/2a2f2491f3c80039986ba989b1e4b510?s=96&d=identicon&r=g","caption":"ni.abdi"},"sameAs":["https:\/\/twitter.com\/Ni.abdi"],"url":"https:\/\/territorialchallenges.com\/de\/author\/ni-abdi\/"}]}},"_links":{"self":[{"href":"https:\/\/territorialchallenges.com\/de\/wp-json\/wp\/v2\/posts\/122627"}],"collection":[{"href":"https:\/\/territorialchallenges.com\/de\/wp-json\/wp\/v2\/posts"}],"about":[{"href":"https:\/\/territorialchallenges.com\/de\/wp-json\/wp\/v2\/types\/post"}],"author":[{"embeddable":true,"href":"https:\/\/territorialchallenges.com\/de\/wp-json\/wp\/v2\/users\/11"}],"replies":[{"embeddable":true,"href":"https:\/\/territorialchallenges.com\/de\/wp-json\/wp\/v2\/comments?post=122627"}],"version-history":[{"count":1,"href":"https:\/\/territorialchallenges.com\/de\/wp-json\/wp\/v2\/posts\/122627\/revisions"}],"predecessor-version":[{"id":122629,"href":"https:\/\/territorialchallenges.com\/de\/wp-json\/wp\/v2\/posts\/122627\/revisions\/122629"}],"wp:featuredmedia":[{"embeddable":true,"href":"https:\/\/territorialchallenges.com\/de\/wp-json\/wp\/v2\/media\/122628"}],"wp:attachment":[{"href":"https:\/\/territorialchallenges.com\/de\/wp-json\/wp\/v2\/media?parent=122627"}],"wp:term":[{"taxonomy":"category","embeddable":true,"href":"https:\/\/territorialchallenges.com\/de\/wp-json\/wp\/v2\/categories?post=122627"},{"taxonomy":"post_tag","embeddable":true,"href":"https:\/\/territorialchallenges.com\/de\/wp-json\/wp\/v2\/tags?post=122627"}],"curies":[{"name":"wp","href":"https:\/\/api.w.org\/{rel}","templated":true}]}}