{"id":122544,"date":"2024-04-01T18:12:53","date_gmt":"2024-04-01T16:12:53","guid":{"rendered":"https:\/\/territorialchallenges.com\/?p=122544"},"modified":"2024-04-01T18:12:55","modified_gmt":"2024-04-01T16:12:55","slug":"joachim-kohler-le-visionnaire-de-lia-europeenne-au-service-de-deployai","status":"publish","type":"post","link":"https:\/\/territorialchallenges.com\/de\/2024\/04\/01\/joachim-kohler-le-visionnaire-de-lia-europeenne-au-service-de-deployai\/122544\/","title":{"rendered":"Joachim K\u00f6hler: Europ\u00e4ischer KI-Vision\u00e4r im Dienste von DeployAI"},"content":{"rendered":"<p>Als Leiter der Abteilung NetMedia am Fraunhofer-Institut verk\u00f6rpert Dr. Joachim K\u00f6hler Exzellenz und Vision im Bereich der K\u00fcnstlichen Intelligenz (KI). Als Koordinator der europ\u00e4ischen Plattform DeployAI leitet er eine Initiative zur F\u00f6rderung zuverl\u00e4ssiger, ethischer und transparenter KI-L\u00f6sungen f\u00fcr Industrie und \u00f6ffentlichen Sektor. Sein Engagement verk\u00f6rpert die entscheidende Bedeutung\u2026 <\/p>\n<div class=\"pmpro_content_message\">Artikel nur f\u00fcr Abonnenten sichtbar.<br \/><a href=\"https:\/\/territorialchallenges.com\/wp-login.php\">Verbindung<\/a><br \/><a href=\"https:\/\/territorialchallenges.com\/de\/wp-login.php\/?action=register\">Registrieren<\/a><\/div>","protected":false},"excerpt":{"rendered":"<p>\u00c0 la t\u00eate du d\u00e9partement NetMedia de l&rsquo;Institut Fraunhofer, Dr. Joachim K\u00f6hler incarne l&rsquo;excellence et la vision dans le domaine de l&rsquo;intelligence artificielle (IA). Coordinateur de la plateforme europ\u00e9enne DeployAI, il conduit une initiative visant \u00e0 promouvoir des solutions d&rsquo;IA fiables, \u00e9thiques et transparentes pour l&rsquo;industrie et le secteur public. Son engagement incarne l&rsquo;importance cruciale... <\/p>\n<div class=\"pmpro_content_message\">Artikel nur f\u00fcr Abonnenten sichtbar.<br \/><a href=\"https:\/\/territorialchallenges.com\/wp-login.php\">Verbindung<\/a><br \/><a href=\"https:\/\/territorialchallenges.com\/de\/wp-login.php\/?action=register\">Registrieren<\/a><\/div>","protected":false},"author":11,"featured_media":122545,"comment_status":"closed","ping_status":"closed","sticky":true,"template":"","format":"standard","meta":{"pmpro_default_level":0,"footnotes":""},"categories":[126,117],"tags":[],"blocksy_meta":"","yoast_head":"<!-- This site is optimized with the Yoast SEO plugin v21.5 - https:\/\/yoast.com\/wordpress\/plugins\/seo\/ -->\n<title>Joachim K\u00f6hler : le visionnaire de l&#039;IA europ\u00e9enne au service de DeployAI - Territorial Challenges<\/title>\n<meta name=\"robots\" content=\"index, follow, max-snippet:-1, max-image-preview:large, max-video-preview:-1\" \/>\n<link rel=\"canonical\" href=\"https:\/\/territorialchallenges.com\/de\/2024\/04\/01\/joachim-kohler-le-visionnaire-de-lia-europeenne-au-service-de-deployai\/122544\/\" \/>\n<meta property=\"og:locale\" content=\"de_DE\" \/>\n<meta property=\"og:type\" content=\"article\" \/>\n<meta property=\"og:title\" content=\"Joachim K\u00f6hler : le visionnaire de l&#039;IA europ\u00e9enne au service de DeployAI - Territorial Challenges\" \/>\n<meta property=\"og:description\" content=\"\u00c0 la t\u00eate du d\u00e9partement NetMedia de l&rsquo;Institut Fraunhofer, Dr. Joachim K\u00f6hler incarne l&rsquo;excellence et la vision dans le domaine de l&rsquo;intelligence artificielle (IA). Coordinateur de la plateforme europ\u00e9enne DeployAI, il conduit une initiative visant \u00e0 promouvoir des solutions d&rsquo;IA fiables, \u00e9thiques et transparentes pour l&rsquo;industrie et le secteur public. Son engagement incarne l&rsquo;importance cruciale [&hellip;]\" \/>\n<meta property=\"og:url\" content=\"https:\/\/territorialchallenges.com\/de\/2024\/04\/01\/joachim-kohler-le-visionnaire-de-lia-europeenne-au-service-de-deployai\/122544\/\" \/>\n<meta property=\"og:site_name\" content=\"Territorial Challenges\" \/>\n<meta property=\"article:published_time\" content=\"2024-04-01T16:12:53+00:00\" \/>\n<meta property=\"article:modified_time\" content=\"2024-04-01T16:12:55+00:00\" \/>\n<meta property=\"og:image\" content=\"https:\/\/territorialchallenges.com\/wp-content\/uploads\/2024\/04\/onparledeuxIA.jpeg\" \/>\n\t<meta property=\"og:image:width\" content=\"800\" \/>\n\t<meta property=\"og:image:height\" content=\"800\" \/>\n\t<meta property=\"og:image:type\" content=\"image\/jpeg\" \/>\n<meta name=\"author\" content=\"ni.abdi\" \/>\n<meta name=\"twitter:card\" content=\"summary_large_image\" \/>\n<meta name=\"twitter:creator\" content=\"@Ni.abdi\" \/>\n<meta name=\"twitter:label1\" content=\"Verfasst von\" \/>\n\t<meta name=\"twitter:data1\" content=\"ni.abdi\" \/>\n\t<meta name=\"twitter:label2\" content=\"Gesch\u00e4tzte Lesezeit\" \/>\n\t<meta name=\"twitter:data2\" content=\"3\u00a0Minuten\" \/>\n<script type=\"application\/ld+json\" class=\"yoast-schema-graph\">{\"@context\":\"https:\/\/schema.org\",\"@graph\":[{\"@type\":\"Article\",\"@id\":\"https:\/\/territorialchallenges.com\/2024\/04\/01\/joachim-kohler-le-visionnaire-de-lia-europeenne-au-service-de-deployai\/122544\/#article\",\"isPartOf\":{\"@id\":\"https:\/\/territorialchallenges.com\/2024\/04\/01\/joachim-kohler-le-visionnaire-de-lia-europeenne-au-service-de-deployai\/122544\/\"},\"author\":{\"name\":\"ni.abdi\",\"@id\":\"https:\/\/territorialchallenges.com\/#\/schema\/person\/098f145c7c61a021c425e010f840080f\"},\"headline\":\"Joachim K\u00f6hler : le visionnaire de l&rsquo;IA europ\u00e9enne au service de DeployAI\",\"datePublished\":\"2024-04-01T16:12:53+00:00\",\"dateModified\":\"2024-04-01T16:12:55+00:00\",\"mainEntityOfPage\":{\"@id\":\"https:\/\/territorialchallenges.com\/2024\/04\/01\/joachim-kohler-le-visionnaire-de-lia-europeenne-au-service-de-deployai\/122544\/\"},\"wordCount\":546,\"publisher\":{\"@id\":\"https:\/\/territorialchallenges.com\/#organization\"},\"articleSection\":[\"On parle d'eux\",\"\u00c9cosyst\u00e8me\"],\"inLanguage\":\"de\"},{\"@type\":\"WebPage\",\"@id\":\"https:\/\/territorialchallenges.com\/2024\/04\/01\/joachim-kohler-le-visionnaire-de-lia-europeenne-au-service-de-deployai\/122544\/\",\"url\":\"https:\/\/territorialchallenges.com\/2024\/04\/01\/joachim-kohler-le-visionnaire-de-lia-europeenne-au-service-de-deployai\/122544\/\",\"name\":\"Joachim K\u00f6hler : le visionnaire de l'IA europ\u00e9enne au service de DeployAI - Territorial Challenges\",\"isPartOf\":{\"@id\":\"https:\/\/territorialchallenges.com\/#website\"},\"datePublished\":\"2024-04-01T16:12:53+00:00\",\"dateModified\":\"2024-04-01T16:12:55+00:00\",\"breadcrumb\":{\"@id\":\"https:\/\/territorialchallenges.com\/2024\/04\/01\/joachim-kohler-le-visionnaire-de-lia-europeenne-au-service-de-deployai\/122544\/#breadcrumb\"},\"inLanguage\":\"de\",\"potentialAction\":[{\"@type\":\"ReadAction\",\"target\":[\"https:\/\/territorialchallenges.com\/2024\/04\/01\/joachim-kohler-le-visionnaire-de-lia-europeenne-au-service-de-deployai\/122544\/\"]}]},{\"@type\":\"BreadcrumbList\",\"@id\":\"https:\/\/territorialchallenges.com\/2024\/04\/01\/joachim-kohler-le-visionnaire-de-lia-europeenne-au-service-de-deployai\/122544\/#breadcrumb\",\"itemListElement\":[{\"@type\":\"ListItem\",\"position\":1,\"name\":\"Home\",\"item\":\"https:\/\/territorialchallenges.com\/\"},{\"@type\":\"ListItem\",\"position\":2,\"name\":\"Joachim K\u00f6hler : le visionnaire de l&rsquo;IA europ\u00e9enne au service de DeployAI\"}]},{\"@type\":\"WebSite\",\"@id\":\"https:\/\/territorialchallenges.com\/#website\",\"url\":\"https:\/\/territorialchallenges.com\/\",\"name\":\"Territorial Challenges\",\"description\":\"Veille Internationale - Strat\u00e9gie Intelligentes - Bonnes pratiques\",\"publisher\":{\"@id\":\"https:\/\/territorialchallenges.com\/#organization\"},\"potentialAction\":[{\"@type\":\"SearchAction\",\"target\":{\"@type\":\"EntryPoint\",\"urlTemplate\":\"https:\/\/territorialchallenges.com\/?s={search_term_string}\"},\"query-input\":\"required name=search_term_string\"}],\"inLanguage\":\"de\"},{\"@type\":\"Organization\",\"@id\":\"https:\/\/territorialchallenges.com\/#organization\",\"name\":\"Territorial Challenges\",\"url\":\"https:\/\/territorialchallenges.com\/\",\"logo\":{\"@type\":\"ImageObject\",\"inLanguage\":\"de\",\"@id\":\"https:\/\/territorialchallenges.com\/#\/schema\/logo\/image\/\",\"url\":\"https:\/\/territorialchallenges.com\/wp-content\/uploads\/2023\/10\/logo-1.png\",\"contentUrl\":\"https:\/\/territorialchallenges.com\/wp-content\/uploads\/2023\/10\/logo-1.png\",\"width\":1832,\"height\":576,\"caption\":\"Territorial Challenges\"},\"image\":{\"@id\":\"https:\/\/territorialchallenges.com\/#\/schema\/logo\/image\/\"}},{\"@type\":\"Person\",\"@id\":\"https:\/\/territorialchallenges.com\/#\/schema\/person\/098f145c7c61a021c425e010f840080f\",\"name\":\"ni.abdi\",\"image\":{\"@type\":\"ImageObject\",\"inLanguage\":\"de\",\"@id\":\"https:\/\/territorialchallenges.com\/#\/schema\/person\/image\/\",\"url\":\"https:\/\/secure.gravatar.com\/avatar\/2a2f2491f3c80039986ba989b1e4b510?s=96&d=identicon&r=g\",\"contentUrl\":\"https:\/\/secure.gravatar.com\/avatar\/2a2f2491f3c80039986ba989b1e4b510?s=96&d=identicon&r=g\",\"caption\":\"ni.abdi\"},\"sameAs\":[\"https:\/\/twitter.com\/Ni.abdi\"],\"url\":\"https:\/\/territorialchallenges.com\/de\/author\/ni-abdi\/\"}]}<\/script>\n<!-- \/ Yoast SEO plugin. -->","yoast_head_json":{"title":"Joachim K\u00f6hler : le visionnaire de l'IA europ\u00e9enne au service de DeployAI - Territorial Challenges","robots":{"index":"index","follow":"follow","max-snippet":"max-snippet:-1","max-image-preview":"max-image-preview:large","max-video-preview":"max-video-preview:-1"},"canonical":"https:\/\/territorialchallenges.com\/de\/2024\/04\/01\/joachim-kohler-le-visionnaire-de-lia-europeenne-au-service-de-deployai\/122544\/","og_locale":"de_DE","og_type":"article","og_title":"Joachim K\u00f6hler : le visionnaire de l'IA europ\u00e9enne au service de DeployAI - Territorial Challenges","og_description":"\u00c0 la t\u00eate du d\u00e9partement NetMedia de l&rsquo;Institut Fraunhofer, Dr. Joachim K\u00f6hler incarne l&rsquo;excellence et la vision dans le domaine de l&rsquo;intelligence artificielle (IA). Coordinateur de la plateforme europ\u00e9enne DeployAI, il conduit une initiative visant \u00e0 promouvoir des solutions d&rsquo;IA fiables, \u00e9thiques et transparentes pour l&rsquo;industrie et le secteur public. Son engagement incarne l&rsquo;importance cruciale [&hellip;]","og_url":"https:\/\/territorialchallenges.com\/de\/2024\/04\/01\/joachim-kohler-le-visionnaire-de-lia-europeenne-au-service-de-deployai\/122544\/","og_site_name":"Territorial Challenges","article_published_time":"2024-04-01T16:12:53+00:00","article_modified_time":"2024-04-01T16:12:55+00:00","og_image":[{"width":800,"height":800,"url":"https:\/\/territorialchallenges.com\/wp-content\/uploads\/2024\/04\/onparledeuxIA.jpeg","type":"image\/jpeg"}],"author":"ni.abdi","twitter_card":"summary_large_image","twitter_creator":"@Ni.abdi","twitter_misc":{"Verfasst von":"ni.abdi","Gesch\u00e4tzte Lesezeit":"3\u00a0Minuten"},"schema":{"@context":"https:\/\/schema.org","@graph":[{"@type":"Article","@id":"https:\/\/territorialchallenges.com\/2024\/04\/01\/joachim-kohler-le-visionnaire-de-lia-europeenne-au-service-de-deployai\/122544\/#article","isPartOf":{"@id":"https:\/\/territorialchallenges.com\/2024\/04\/01\/joachim-kohler-le-visionnaire-de-lia-europeenne-au-service-de-deployai\/122544\/"},"author":{"name":"ni.abdi","@id":"https:\/\/territorialchallenges.com\/#\/schema\/person\/098f145c7c61a021c425e010f840080f"},"headline":"Joachim K\u00f6hler : le visionnaire de l&rsquo;IA europ\u00e9enne au service de DeployAI","datePublished":"2024-04-01T16:12:53+00:00","dateModified":"2024-04-01T16:12:55+00:00","mainEntityOfPage":{"@id":"https:\/\/territorialchallenges.com\/2024\/04\/01\/joachim-kohler-le-visionnaire-de-lia-europeenne-au-service-de-deployai\/122544\/"},"wordCount":546,"publisher":{"@id":"https:\/\/territorialchallenges.com\/#organization"},"articleSection":["On parle d'eux","\u00c9cosyst\u00e8me"],"inLanguage":"de"},{"@type":"WebPage","@id":"https:\/\/territorialchallenges.com\/2024\/04\/01\/joachim-kohler-le-visionnaire-de-lia-europeenne-au-service-de-deployai\/122544\/","url":"https:\/\/territorialchallenges.com\/2024\/04\/01\/joachim-kohler-le-visionnaire-de-lia-europeenne-au-service-de-deployai\/122544\/","name":"Joachim K\u00f6hler : le visionnaire de l'IA europ\u00e9enne au service de DeployAI - Territorial Challenges","isPartOf":{"@id":"https:\/\/territorialchallenges.com\/#website"},"datePublished":"2024-04-01T16:12:53+00:00","dateModified":"2024-04-01T16:12:55+00:00","breadcrumb":{"@id":"https:\/\/territorialchallenges.com\/2024\/04\/01\/joachim-kohler-le-visionnaire-de-lia-europeenne-au-service-de-deployai\/122544\/#breadcrumb"},"inLanguage":"de","potentialAction":[{"@type":"ReadAction","target":["https:\/\/territorialchallenges.com\/2024\/04\/01\/joachim-kohler-le-visionnaire-de-lia-europeenne-au-service-de-deployai\/122544\/"]}]},{"@type":"BreadcrumbList","@id":"https:\/\/territorialchallenges.com\/2024\/04\/01\/joachim-kohler-le-visionnaire-de-lia-europeenne-au-service-de-deployai\/122544\/#breadcrumb","itemListElement":[{"@type":"ListItem","position":1,"name":"Home","item":"https:\/\/territorialchallenges.com\/"},{"@type":"ListItem","position":2,"name":"Joachim K\u00f6hler : le visionnaire de l&rsquo;IA europ\u00e9enne au service de DeployAI"}]},{"@type":"WebSite","@id":"https:\/\/territorialchallenges.com\/#website","url":"https:\/\/territorialchallenges.com\/","name":"Territoriale Herausforderungen","description":"Internationales Monitoring \u2013 Intelligente Strategien \u2013 Best Practices","publisher":{"@id":"https:\/\/territorialchallenges.com\/#organization"},"potentialAction":[{"@type":"SearchAction","target":{"@type":"EntryPoint","urlTemplate":"https:\/\/territorialchallenges.com\/?s={search_term_string}"},"query-input":"required name=search_term_string"}],"inLanguage":"de"},{"@type":"Organization","@id":"https:\/\/territorialchallenges.com\/#organization","name":"Territoriale Herausforderungen","url":"https:\/\/territorialchallenges.com\/","logo":{"@type":"ImageObject","inLanguage":"de","@id":"https:\/\/territorialchallenges.com\/#\/schema\/logo\/image\/","url":"https:\/\/territorialchallenges.com\/wp-content\/uploads\/2023\/10\/logo-1.png","contentUrl":"https:\/\/territorialchallenges.com\/wp-content\/uploads\/2023\/10\/logo-1.png","width":1832,"height":576,"caption":"Territorial Challenges"},"image":{"@id":"https:\/\/territorialchallenges.com\/#\/schema\/logo\/image\/"}},{"@type":"Person","@id":"https:\/\/territorialchallenges.com\/#\/schema\/person\/098f145c7c61a021c425e010f840080f","name":"ni.abdi","image":{"@type":"ImageObject","inLanguage":"de","@id":"https:\/\/territorialchallenges.com\/#\/schema\/person\/image\/","url":"https:\/\/secure.gravatar.com\/avatar\/2a2f2491f3c80039986ba989b1e4b510?s=96&d=identicon&r=g","contentUrl":"https:\/\/secure.gravatar.com\/avatar\/2a2f2491f3c80039986ba989b1e4b510?s=96&d=identicon&r=g","caption":"ni.abdi"},"sameAs":["https:\/\/twitter.com\/Ni.abdi"],"url":"https:\/\/territorialchallenges.com\/de\/author\/ni-abdi\/"}]}},"_links":{"self":[{"href":"https:\/\/territorialchallenges.com\/de\/wp-json\/wp\/v2\/posts\/122544"}],"collection":[{"href":"https:\/\/territorialchallenges.com\/de\/wp-json\/wp\/v2\/posts"}],"about":[{"href":"https:\/\/territorialchallenges.com\/de\/wp-json\/wp\/v2\/types\/post"}],"author":[{"embeddable":true,"href":"https:\/\/territorialchallenges.com\/de\/wp-json\/wp\/v2\/users\/11"}],"replies":[{"embeddable":true,"href":"https:\/\/territorialchallenges.com\/de\/wp-json\/wp\/v2\/comments?post=122544"}],"version-history":[{"count":1,"href":"https:\/\/territorialchallenges.com\/de\/wp-json\/wp\/v2\/posts\/122544\/revisions"}],"predecessor-version":[{"id":122546,"href":"https:\/\/territorialchallenges.com\/de\/wp-json\/wp\/v2\/posts\/122544\/revisions\/122546"}],"wp:featuredmedia":[{"embeddable":true,"href":"https:\/\/territorialchallenges.com\/de\/wp-json\/wp\/v2\/media\/122545"}],"wp:attachment":[{"href":"https:\/\/territorialchallenges.com\/de\/wp-json\/wp\/v2\/media?parent=122544"}],"wp:term":[{"taxonomy":"category","embeddable":true,"href":"https:\/\/territorialchallenges.com\/de\/wp-json\/wp\/v2\/categories?post=122544"},{"taxonomy":"post_tag","embeddable":true,"href":"https:\/\/territorialchallenges.com\/de\/wp-json\/wp\/v2\/tags?post=122544"}],"curies":[{"name":"wp","href":"https:\/\/api.w.org\/{rel}","templated":true}]}}