{"id":122530,"date":"2024-04-01T17:55:43","date_gmt":"2024-04-01T15:55:43","guid":{"rendered":"https:\/\/territorialchallenges.com\/?p=122530"},"modified":"2024-04-01T17:55:45","modified_gmt":"2024-04-01T15:55:45","slug":"horizon-europe-2025-2027-le-chemin-vers-une-transition-energetique-durable","status":"publish","type":"post","link":"https:\/\/territorialchallenges.com\/de\/2024\/04\/01\/horizon-europe-2025-2027-le-chemin-vers-une-transition-energetique-durable\/122530\/","title":{"rendered":"Horizont Europa 2025\u20132027: Der Weg zu einer nachhaltigen Energiewende"},"content":{"rendered":"<p>Horizont Europa stellt seinen strategischen Plan f\u00fcr 2025\u20132027 vor und skizziert eine ehrgeizige Vision f\u00fcr eine nachhaltige Energie- und Klimawende. Der Plan konzentriert sich auf den europ\u00e4ischen Gr\u00fcnen Deal und zielt darauf ab, die Widerstandsf\u00e4higkeit der EU zu st\u00e4rken und gleichzeitig die Wettbewerbsf\u00e4higkeit und hochwertige gr\u00fcne Arbeitspl\u00e4tze zu f\u00f6rdern. Hier ist ein \u00dcberblick \u00fcber\u2026 <\/p>\n<div class=\"pmpro_content_message\">Artikel nur f\u00fcr Abonnenten sichtbar.<br \/><a href=\"https:\/\/territorialchallenges.com\/wp-login.php\">Verbindung<\/a><br \/><a href=\"https:\/\/territorialchallenges.com\/de\/wp-login.php\/?action=register\">Registrieren<\/a><\/div>","protected":false},"excerpt":{"rendered":"<p>Horizon Europe d\u00e9voile son plan strat\u00e9gique pour les ann\u00e9es 2025-2027, mettant en avant une vision ambitieuse pour une transition \u00e9nerg\u00e9tique et climatique durable. Ax\u00e9 sur le Pacte Vert pour l&rsquo;Europe, ce plan vise \u00e0 renforcer la r\u00e9silience de l&rsquo;UE tout en favorisant une comp\u00e9titivit\u00e9 accrue et des emplois verts de qualit\u00e9. Voici un aper\u00e7u des... <\/p>\n<div class=\"pmpro_content_message\">Artikel nur f\u00fcr Abonnenten sichtbar.<br \/><a href=\"https:\/\/territorialchallenges.com\/wp-login.php\">Verbindung<\/a><br \/><a href=\"https:\/\/territorialchallenges.com\/de\/wp-login.php\/?action=register\">Registrieren<\/a><\/div>","protected":false},"author":11,"featured_media":122531,"comment_status":"closed","ping_status":"closed","sticky":true,"template":"","format":"standard","meta":{"pmpro_default_level":0,"footnotes":""},"categories":[18,127],"tags":[],"blocksy_meta":"","yoast_head":"<!-- This site is optimized with the Yoast SEO plugin v21.5 - https:\/\/yoast.com\/wordpress\/plugins\/seo\/ -->\n<title>Horizon Europe 2025-2027 : le chemin vers une transition \u00e9nerg\u00e9tique durable - Territorial Challenges<\/title>\n<meta name=\"robots\" content=\"index, follow, max-snippet:-1, max-image-preview:large, max-video-preview:-1\" \/>\n<link rel=\"canonical\" href=\"https:\/\/territorialchallenges.com\/de\/2024\/04\/01\/horizon-europe-2025-2027-le-chemin-vers-une-transition-energetique-durable\/122530\/\" \/>\n<meta property=\"og:locale\" content=\"de_DE\" \/>\n<meta property=\"og:type\" content=\"article\" \/>\n<meta property=\"og:title\" content=\"Horizon Europe 2025-2027 : le chemin vers une transition \u00e9nerg\u00e9tique durable - Territorial Challenges\" \/>\n<meta property=\"og:description\" content=\"Horizon Europe d\u00e9voile son plan strat\u00e9gique pour les ann\u00e9es 2025-2027, mettant en avant une vision ambitieuse pour une transition \u00e9nerg\u00e9tique et climatique durable. Ax\u00e9 sur le Pacte Vert pour l&rsquo;Europe, ce plan vise \u00e0 renforcer la r\u00e9silience de l&rsquo;UE tout en favorisant une comp\u00e9titivit\u00e9 accrue et des emplois verts de qualit\u00e9. Voici un aper\u00e7u des [&hellip;]\" \/>\n<meta property=\"og:url\" content=\"https:\/\/territorialchallenges.com\/de\/2024\/04\/01\/horizon-europe-2025-2027-le-chemin-vers-une-transition-energetique-durable\/122530\/\" \/>\n<meta property=\"og:site_name\" content=\"Territorial Challenges\" \/>\n<meta property=\"article:published_time\" content=\"2024-04-01T15:55:43+00:00\" \/>\n<meta property=\"article:modified_time\" content=\"2024-04-01T15:55:45+00:00\" \/>\n<meta property=\"og:image\" content=\"https:\/\/territorialchallenges.com\/wp-content\/uploads\/2024\/04\/transitionenergetiqueEuropePhoto.jpg\" \/>\n\t<meta property=\"og:image:width\" content=\"1280\" \/>\n\t<meta property=\"og:image:height\" content=\"853\" \/>\n\t<meta property=\"og:image:type\" content=\"image\/jpeg\" \/>\n<meta name=\"author\" content=\"ni.abdi\" \/>\n<meta name=\"twitter:card\" content=\"summary_large_image\" \/>\n<meta name=\"twitter:creator\" content=\"@Ni.abdi\" \/>\n<meta name=\"twitter:label1\" content=\"Verfasst von\" \/>\n\t<meta name=\"twitter:data1\" content=\"ni.abdi\" \/>\n\t<meta name=\"twitter:label2\" content=\"Gesch\u00e4tzte Lesezeit\" \/>\n\t<meta name=\"twitter:data2\" content=\"3\u00a0Minuten\" \/>\n<script type=\"application\/ld+json\" class=\"yoast-schema-graph\">{\"@context\":\"https:\/\/schema.org\",\"@graph\":[{\"@type\":\"Article\",\"@id\":\"https:\/\/territorialchallenges.com\/2024\/04\/01\/horizon-europe-2025-2027-le-chemin-vers-une-transition-energetique-durable\/122530\/#article\",\"isPartOf\":{\"@id\":\"https:\/\/territorialchallenges.com\/2024\/04\/01\/horizon-europe-2025-2027-le-chemin-vers-une-transition-energetique-durable\/122530\/\"},\"author\":{\"name\":\"ni.abdi\",\"@id\":\"https:\/\/territorialchallenges.com\/#\/schema\/person\/098f145c7c61a021c425e010f840080f\"},\"headline\":\"Horizon Europe 2025-2027 : le chemin vers une transition \u00e9nerg\u00e9tique durable\",\"datePublished\":\"2024-04-01T15:55:43+00:00\",\"dateModified\":\"2024-04-01T15:55:45+00:00\",\"mainEntityOfPage\":{\"@id\":\"https:\/\/territorialchallenges.com\/2024\/04\/01\/horizon-europe-2025-2027-le-chemin-vers-une-transition-energetique-durable\/122530\/\"},\"wordCount\":563,\"publisher\":{\"@id\":\"https:\/\/territorialchallenges.com\/#organization\"},\"articleSection\":[\"Transition \u00c9nerg\u00e9tique\",\"Actualit\u00e9 Europe\"],\"inLanguage\":\"de\"},{\"@type\":\"WebPage\",\"@id\":\"https:\/\/territorialchallenges.com\/2024\/04\/01\/horizon-europe-2025-2027-le-chemin-vers-une-transition-energetique-durable\/122530\/\",\"url\":\"https:\/\/territorialchallenges.com\/2024\/04\/01\/horizon-europe-2025-2027-le-chemin-vers-une-transition-energetique-durable\/122530\/\",\"name\":\"Horizon Europe 2025-2027 : le chemin vers une transition \u00e9nerg\u00e9tique durable - Territorial Challenges\",\"isPartOf\":{\"@id\":\"https:\/\/territorialchallenges.com\/#website\"},\"datePublished\":\"2024-04-01T15:55:43+00:00\",\"dateModified\":\"2024-04-01T15:55:45+00:00\",\"breadcrumb\":{\"@id\":\"https:\/\/territorialchallenges.com\/2024\/04\/01\/horizon-europe-2025-2027-le-chemin-vers-une-transition-energetique-durable\/122530\/#breadcrumb\"},\"inLanguage\":\"de\",\"potentialAction\":[{\"@type\":\"ReadAction\",\"target\":[\"https:\/\/territorialchallenges.com\/2024\/04\/01\/horizon-europe-2025-2027-le-chemin-vers-une-transition-energetique-durable\/122530\/\"]}]},{\"@type\":\"BreadcrumbList\",\"@id\":\"https:\/\/territorialchallenges.com\/2024\/04\/01\/horizon-europe-2025-2027-le-chemin-vers-une-transition-energetique-durable\/122530\/#breadcrumb\",\"itemListElement\":[{\"@type\":\"ListItem\",\"position\":1,\"name\":\"Home\",\"item\":\"https:\/\/territorialchallenges.com\/\"},{\"@type\":\"ListItem\",\"position\":2,\"name\":\"Horizon Europe 2025-2027 : le chemin vers une transition \u00e9nerg\u00e9tique durable\"}]},{\"@type\":\"WebSite\",\"@id\":\"https:\/\/territorialchallenges.com\/#website\",\"url\":\"https:\/\/territorialchallenges.com\/\",\"name\":\"Territorial Challenges\",\"description\":\"Veille Internationale - Strat\u00e9gie Intelligentes - Bonnes pratiques\",\"publisher\":{\"@id\":\"https:\/\/territorialchallenges.com\/#organization\"},\"potentialAction\":[{\"@type\":\"SearchAction\",\"target\":{\"@type\":\"EntryPoint\",\"urlTemplate\":\"https:\/\/territorialchallenges.com\/?s={search_term_string}\"},\"query-input\":\"required name=search_term_string\"}],\"inLanguage\":\"de\"},{\"@type\":\"Organization\",\"@id\":\"https:\/\/territorialchallenges.com\/#organization\",\"name\":\"Territorial Challenges\",\"url\":\"https:\/\/territorialchallenges.com\/\",\"logo\":{\"@type\":\"ImageObject\",\"inLanguage\":\"de\",\"@id\":\"https:\/\/territorialchallenges.com\/#\/schema\/logo\/image\/\",\"url\":\"https:\/\/territorialchallenges.com\/wp-content\/uploads\/2023\/10\/logo-1.png\",\"contentUrl\":\"https:\/\/territorialchallenges.com\/wp-content\/uploads\/2023\/10\/logo-1.png\",\"width\":1832,\"height\":576,\"caption\":\"Territorial Challenges\"},\"image\":{\"@id\":\"https:\/\/territorialchallenges.com\/#\/schema\/logo\/image\/\"}},{\"@type\":\"Person\",\"@id\":\"https:\/\/territorialchallenges.com\/#\/schema\/person\/098f145c7c61a021c425e010f840080f\",\"name\":\"ni.abdi\",\"image\":{\"@type\":\"ImageObject\",\"inLanguage\":\"de\",\"@id\":\"https:\/\/territorialchallenges.com\/#\/schema\/person\/image\/\",\"url\":\"https:\/\/secure.gravatar.com\/avatar\/2a2f2491f3c80039986ba989b1e4b510?s=96&d=identicon&r=g\",\"contentUrl\":\"https:\/\/secure.gravatar.com\/avatar\/2a2f2491f3c80039986ba989b1e4b510?s=96&d=identicon&r=g\",\"caption\":\"ni.abdi\"},\"sameAs\":[\"https:\/\/twitter.com\/Ni.abdi\"],\"url\":\"https:\/\/territorialchallenges.com\/de\/author\/ni-abdi\/\"}]}<\/script>\n<!-- \/ Yoast SEO plugin. -->","yoast_head_json":{"title":"Horizon Europe 2025-2027 : le chemin vers une transition \u00e9nerg\u00e9tique durable - Territorial Challenges","robots":{"index":"index","follow":"follow","max-snippet":"max-snippet:-1","max-image-preview":"max-image-preview:large","max-video-preview":"max-video-preview:-1"},"canonical":"https:\/\/territorialchallenges.com\/de\/2024\/04\/01\/horizon-europe-2025-2027-le-chemin-vers-une-transition-energetique-durable\/122530\/","og_locale":"de_DE","og_type":"article","og_title":"Horizon Europe 2025-2027 : le chemin vers une transition \u00e9nerg\u00e9tique durable - Territorial Challenges","og_description":"Horizon Europe d\u00e9voile son plan strat\u00e9gique pour les ann\u00e9es 2025-2027, mettant en avant une vision ambitieuse pour une transition \u00e9nerg\u00e9tique et climatique durable. Ax\u00e9 sur le Pacte Vert pour l&rsquo;Europe, ce plan vise \u00e0 renforcer la r\u00e9silience de l&rsquo;UE tout en favorisant une comp\u00e9titivit\u00e9 accrue et des emplois verts de qualit\u00e9. Voici un aper\u00e7u des [&hellip;]","og_url":"https:\/\/territorialchallenges.com\/de\/2024\/04\/01\/horizon-europe-2025-2027-le-chemin-vers-une-transition-energetique-durable\/122530\/","og_site_name":"Territorial Challenges","article_published_time":"2024-04-01T15:55:43+00:00","article_modified_time":"2024-04-01T15:55:45+00:00","og_image":[{"width":1280,"height":853,"url":"https:\/\/territorialchallenges.com\/wp-content\/uploads\/2024\/04\/transitionenergetiqueEuropePhoto.jpg","type":"image\/jpeg"}],"author":"ni.abdi","twitter_card":"summary_large_image","twitter_creator":"@Ni.abdi","twitter_misc":{"Verfasst von":"ni.abdi","Gesch\u00e4tzte Lesezeit":"3\u00a0Minuten"},"schema":{"@context":"https:\/\/schema.org","@graph":[{"@type":"Article","@id":"https:\/\/territorialchallenges.com\/2024\/04\/01\/horizon-europe-2025-2027-le-chemin-vers-une-transition-energetique-durable\/122530\/#article","isPartOf":{"@id":"https:\/\/territorialchallenges.com\/2024\/04\/01\/horizon-europe-2025-2027-le-chemin-vers-une-transition-energetique-durable\/122530\/"},"author":{"name":"ni.abdi","@id":"https:\/\/territorialchallenges.com\/#\/schema\/person\/098f145c7c61a021c425e010f840080f"},"headline":"Horizon Europe 2025-2027 : le chemin vers une transition \u00e9nerg\u00e9tique durable","datePublished":"2024-04-01T15:55:43+00:00","dateModified":"2024-04-01T15:55:45+00:00","mainEntityOfPage":{"@id":"https:\/\/territorialchallenges.com\/2024\/04\/01\/horizon-europe-2025-2027-le-chemin-vers-une-transition-energetique-durable\/122530\/"},"wordCount":563,"publisher":{"@id":"https:\/\/territorialchallenges.com\/#organization"},"articleSection":["Transition \u00c9nerg\u00e9tique","Actualit\u00e9 Europe"],"inLanguage":"de"},{"@type":"WebPage","@id":"https:\/\/territorialchallenges.com\/2024\/04\/01\/horizon-europe-2025-2027-le-chemin-vers-une-transition-energetique-durable\/122530\/","url":"https:\/\/territorialchallenges.com\/2024\/04\/01\/horizon-europe-2025-2027-le-chemin-vers-une-transition-energetique-durable\/122530\/","name":"Horizon Europe 2025-2027 : le chemin vers une transition \u00e9nerg\u00e9tique durable - Territorial Challenges","isPartOf":{"@id":"https:\/\/territorialchallenges.com\/#website"},"datePublished":"2024-04-01T15:55:43+00:00","dateModified":"2024-04-01T15:55:45+00:00","breadcrumb":{"@id":"https:\/\/territorialchallenges.com\/2024\/04\/01\/horizon-europe-2025-2027-le-chemin-vers-une-transition-energetique-durable\/122530\/#breadcrumb"},"inLanguage":"de","potentialAction":[{"@type":"ReadAction","target":["https:\/\/territorialchallenges.com\/2024\/04\/01\/horizon-europe-2025-2027-le-chemin-vers-une-transition-energetique-durable\/122530\/"]}]},{"@type":"BreadcrumbList","@id":"https:\/\/territorialchallenges.com\/2024\/04\/01\/horizon-europe-2025-2027-le-chemin-vers-une-transition-energetique-durable\/122530\/#breadcrumb","itemListElement":[{"@type":"ListItem","position":1,"name":"Home","item":"https:\/\/territorialchallenges.com\/"},{"@type":"ListItem","position":2,"name":"Horizon Europe 2025-2027 : le chemin vers une transition \u00e9nerg\u00e9tique durable"}]},{"@type":"WebSite","@id":"https:\/\/territorialchallenges.com\/#website","url":"https:\/\/territorialchallenges.com\/","name":"Territoriale Herausforderungen","description":"Internationales Monitoring \u2013 Intelligente Strategien \u2013 Best Practices","publisher":{"@id":"https:\/\/territorialchallenges.com\/#organization"},"potentialAction":[{"@type":"SearchAction","target":{"@type":"EntryPoint","urlTemplate":"https:\/\/territorialchallenges.com\/?s={search_term_string}"},"query-input":"required name=search_term_string"}],"inLanguage":"de"},{"@type":"Organization","@id":"https:\/\/territorialchallenges.com\/#organization","name":"Territoriale Herausforderungen","url":"https:\/\/territorialchallenges.com\/","logo":{"@type":"ImageObject","inLanguage":"de","@id":"https:\/\/territorialchallenges.com\/#\/schema\/logo\/image\/","url":"https:\/\/territorialchallenges.com\/wp-content\/uploads\/2023\/10\/logo-1.png","contentUrl":"https:\/\/territorialchallenges.com\/wp-content\/uploads\/2023\/10\/logo-1.png","width":1832,"height":576,"caption":"Territorial Challenges"},"image":{"@id":"https:\/\/territorialchallenges.com\/#\/schema\/logo\/image\/"}},{"@type":"Person","@id":"https:\/\/territorialchallenges.com\/#\/schema\/person\/098f145c7c61a021c425e010f840080f","name":"ni.abdi","image":{"@type":"ImageObject","inLanguage":"de","@id":"https:\/\/territorialchallenges.com\/#\/schema\/person\/image\/","url":"https:\/\/secure.gravatar.com\/avatar\/2a2f2491f3c80039986ba989b1e4b510?s=96&d=identicon&r=g","contentUrl":"https:\/\/secure.gravatar.com\/avatar\/2a2f2491f3c80039986ba989b1e4b510?s=96&d=identicon&r=g","caption":"ni.abdi"},"sameAs":["https:\/\/twitter.com\/Ni.abdi"],"url":"https:\/\/territorialchallenges.com\/de\/author\/ni-abdi\/"}]}},"_links":{"self":[{"href":"https:\/\/territorialchallenges.com\/de\/wp-json\/wp\/v2\/posts\/122530"}],"collection":[{"href":"https:\/\/territorialchallenges.com\/de\/wp-json\/wp\/v2\/posts"}],"about":[{"href":"https:\/\/territorialchallenges.com\/de\/wp-json\/wp\/v2\/types\/post"}],"author":[{"embeddable":true,"href":"https:\/\/territorialchallenges.com\/de\/wp-json\/wp\/v2\/users\/11"}],"replies":[{"embeddable":true,"href":"https:\/\/territorialchallenges.com\/de\/wp-json\/wp\/v2\/comments?post=122530"}],"version-history":[{"count":1,"href":"https:\/\/territorialchallenges.com\/de\/wp-json\/wp\/v2\/posts\/122530\/revisions"}],"predecessor-version":[{"id":122532,"href":"https:\/\/territorialchallenges.com\/de\/wp-json\/wp\/v2\/posts\/122530\/revisions\/122532"}],"wp:featuredmedia":[{"embeddable":true,"href":"https:\/\/territorialchallenges.com\/de\/wp-json\/wp\/v2\/media\/122531"}],"wp:attachment":[{"href":"https:\/\/territorialchallenges.com\/de\/wp-json\/wp\/v2\/media?parent=122530"}],"wp:term":[{"taxonomy":"category","embeddable":true,"href":"https:\/\/territorialchallenges.com\/de\/wp-json\/wp\/v2\/categories?post=122530"},{"taxonomy":"post_tag","embeddable":true,"href":"https:\/\/territorialchallenges.com\/de\/wp-json\/wp\/v2\/tags?post=122530"}],"curies":[{"name":"wp","href":"https:\/\/api.w.org\/{rel}","templated":true}]}}