{"id":122495,"date":"2024-03-25T19:20:59","date_gmt":"2024-03-25T18:20:59","guid":{"rendered":"https:\/\/territorialchallenges.com\/?p=122495"},"modified":"2024-03-25T19:21:00","modified_gmt":"2024-03-25T18:21:00","slug":"trente-en-italie-la-transition-energetique-comme-defi-territorial","status":"publish","type":"post","link":"https:\/\/territorialchallenges.com\/de\/2024\/03\/25\/trente-en-italie-la-transition-energetique-comme-defi-territorial\/122495\/","title":{"rendered":"Trient in Italien: Die Energiewende als territoriale Herausforderung"},"content":{"rendered":"<p>Die Energiewende ist eine der gr\u00f6\u00dften Herausforderungen f\u00fcr unsere Regionen in den kommenden Jahren. Doch wie l\u00e4sst sich dieser Wandel in die Struktur unserer St\u00e4dte und Landschaften integrieren? Dies ist der Schwerpunkt des Kurses \u201eDie Energiewende als territoriale Herausforderung\u201c, der von der TSM \u2013 Trentino School organisiert wird\u2026 <\/p>\n<div class=\"pmpro_content_message\">Artikel nur f\u00fcr Abonnenten sichtbar.<br \/><a href=\"https:\/\/territorialchallenges.com\/wp-login.php\">Verbindung<\/a><br \/><a href=\"https:\/\/territorialchallenges.com\/de\/wp-login.php\/?action=register\">Registrieren<\/a><\/div>","protected":false},"excerpt":{"rendered":"<p>La transition \u00e9nerg\u00e9tique est l\u2019un des d\u00e9fis les plus importants auxquels nos territoires seront confront\u00e9s dans les ann\u00e9es \u00e0 venir. Mais comment int\u00e9grer cette transformation dans le tissu m\u00eame de nos villes et paysages ? C&rsquo;est l\u00e0 que r\u00e9side tout l&rsquo;enjeu du cours \u00ab\u00a0La transition \u00e9nerg\u00e9tique comme enjeu territorial\u00a0\u00bb, organis\u00e9 par TSM &#8211; Trentino School... <\/p>\n<div class=\"pmpro_content_message\">Artikel nur f\u00fcr Abonnenten sichtbar.<br \/><a href=\"https:\/\/territorialchallenges.com\/wp-login.php\">Verbindung<\/a><br \/><a href=\"https:\/\/territorialchallenges.com\/de\/wp-login.php\/?action=register\">Registrieren<\/a><\/div>","protected":false},"author":11,"featured_media":122496,"comment_status":"closed","ping_status":"closed","sticky":true,"template":"","format":"standard","meta":{"pmpro_default_level":0,"footnotes":""},"categories":[18,127],"tags":[],"blocksy_meta":"","yoast_head":"<!-- This site is optimized with the Yoast SEO plugin v21.5 - https:\/\/yoast.com\/wordpress\/plugins\/seo\/ -->\n<title>Trente en Italie\u00a0: la transition \u00e9nerg\u00e9tique comme d\u00e9fi territorial - Territorial Challenges<\/title>\n<meta name=\"robots\" content=\"index, follow, max-snippet:-1, max-image-preview:large, max-video-preview:-1\" \/>\n<link rel=\"canonical\" href=\"https:\/\/territorialchallenges.com\/de\/2024\/03\/25\/trente-en-italie-la-transition-energetique-comme-defi-territorial\/122495\/\" \/>\n<meta property=\"og:locale\" content=\"de_DE\" \/>\n<meta property=\"og:type\" content=\"article\" \/>\n<meta property=\"og:title\" content=\"Trente en Italie\u00a0: la transition \u00e9nerg\u00e9tique comme d\u00e9fi territorial - Territorial Challenges\" \/>\n<meta property=\"og:description\" content=\"La transition \u00e9nerg\u00e9tique est l\u2019un des d\u00e9fis les plus importants auxquels nos territoires seront confront\u00e9s dans les ann\u00e9es \u00e0 venir. Mais comment int\u00e9grer cette transformation dans le tissu m\u00eame de nos villes et paysages ? C&rsquo;est l\u00e0 que r\u00e9side tout l&rsquo;enjeu du cours \u00ab\u00a0La transition \u00e9nerg\u00e9tique comme enjeu territorial\u00a0\u00bb, organis\u00e9 par TSM &#8211; Trentino School [&hellip;]\" \/>\n<meta property=\"og:url\" content=\"https:\/\/territorialchallenges.com\/de\/2024\/03\/25\/trente-en-italie-la-transition-energetique-comme-defi-territorial\/122495\/\" \/>\n<meta property=\"og:site_name\" content=\"Territorial Challenges\" \/>\n<meta property=\"article:published_time\" content=\"2024-03-25T18:20:59+00:00\" \/>\n<meta property=\"article:modified_time\" content=\"2024-03-25T18:21:00+00:00\" \/>\n<meta property=\"og:image\" content=\"https:\/\/territorialchallenges.com\/wp-content\/uploads\/2024\/03\/transitionenergetiqueTrento.png\" \/>\n\t<meta property=\"og:image:width\" content=\"600\" \/>\n\t<meta property=\"og:image:height\" content=\"410\" \/>\n\t<meta property=\"og:image:type\" content=\"image\/png\" \/>\n<meta name=\"author\" content=\"ni.abdi\" \/>\n<meta name=\"twitter:card\" content=\"summary_large_image\" \/>\n<meta name=\"twitter:creator\" content=\"@Ni.abdi\" \/>\n<meta name=\"twitter:label1\" content=\"Verfasst von\" \/>\n\t<meta name=\"twitter:data1\" content=\"ni.abdi\" \/>\n\t<meta name=\"twitter:label2\" content=\"Gesch\u00e4tzte Lesezeit\" \/>\n\t<meta name=\"twitter:data2\" content=\"3\u00a0Minuten\" \/>\n<script type=\"application\/ld+json\" class=\"yoast-schema-graph\">{\"@context\":\"https:\/\/schema.org\",\"@graph\":[{\"@type\":\"Article\",\"@id\":\"https:\/\/territorialchallenges.com\/2024\/03\/25\/trente-en-italie-la-transition-energetique-comme-defi-territorial\/122495\/#article\",\"isPartOf\":{\"@id\":\"https:\/\/territorialchallenges.com\/2024\/03\/25\/trente-en-italie-la-transition-energetique-comme-defi-territorial\/122495\/\"},\"author\":{\"name\":\"ni.abdi\",\"@id\":\"https:\/\/territorialchallenges.com\/#\/schema\/person\/098f145c7c61a021c425e010f840080f\"},\"headline\":\"Trente en Italie\u00a0: la transition \u00e9nerg\u00e9tique comme d\u00e9fi territorial\",\"datePublished\":\"2024-03-25T18:20:59+00:00\",\"dateModified\":\"2024-03-25T18:21:00+00:00\",\"mainEntityOfPage\":{\"@id\":\"https:\/\/territorialchallenges.com\/2024\/03\/25\/trente-en-italie-la-transition-energetique-comme-defi-territorial\/122495\/\"},\"wordCount\":590,\"publisher\":{\"@id\":\"https:\/\/territorialchallenges.com\/#organization\"},\"articleSection\":[\"Transition \u00c9nerg\u00e9tique\",\"Actualit\u00e9 Europe\"],\"inLanguage\":\"de\"},{\"@type\":\"WebPage\",\"@id\":\"https:\/\/territorialchallenges.com\/2024\/03\/25\/trente-en-italie-la-transition-energetique-comme-defi-territorial\/122495\/\",\"url\":\"https:\/\/territorialchallenges.com\/2024\/03\/25\/trente-en-italie-la-transition-energetique-comme-defi-territorial\/122495\/\",\"name\":\"Trente en Italie\u00a0: la transition \u00e9nerg\u00e9tique comme d\u00e9fi territorial - Territorial Challenges\",\"isPartOf\":{\"@id\":\"https:\/\/territorialchallenges.com\/#website\"},\"datePublished\":\"2024-03-25T18:20:59+00:00\",\"dateModified\":\"2024-03-25T18:21:00+00:00\",\"breadcrumb\":{\"@id\":\"https:\/\/territorialchallenges.com\/2024\/03\/25\/trente-en-italie-la-transition-energetique-comme-defi-territorial\/122495\/#breadcrumb\"},\"inLanguage\":\"de\",\"potentialAction\":[{\"@type\":\"ReadAction\",\"target\":[\"https:\/\/territorialchallenges.com\/2024\/03\/25\/trente-en-italie-la-transition-energetique-comme-defi-territorial\/122495\/\"]}]},{\"@type\":\"BreadcrumbList\",\"@id\":\"https:\/\/territorialchallenges.com\/2024\/03\/25\/trente-en-italie-la-transition-energetique-comme-defi-territorial\/122495\/#breadcrumb\",\"itemListElement\":[{\"@type\":\"ListItem\",\"position\":1,\"name\":\"Home\",\"item\":\"https:\/\/territorialchallenges.com\/\"},{\"@type\":\"ListItem\",\"position\":2,\"name\":\"Trente en Italie\u00a0: la transition \u00e9nerg\u00e9tique comme d\u00e9fi territorial\"}]},{\"@type\":\"WebSite\",\"@id\":\"https:\/\/territorialchallenges.com\/#website\",\"url\":\"https:\/\/territorialchallenges.com\/\",\"name\":\"Territorial Challenges\",\"description\":\"Veille Internationale - Strat\u00e9gie Intelligentes - Bonnes pratiques\",\"publisher\":{\"@id\":\"https:\/\/territorialchallenges.com\/#organization\"},\"potentialAction\":[{\"@type\":\"SearchAction\",\"target\":{\"@type\":\"EntryPoint\",\"urlTemplate\":\"https:\/\/territorialchallenges.com\/?s={search_term_string}\"},\"query-input\":\"required name=search_term_string\"}],\"inLanguage\":\"de\"},{\"@type\":\"Organization\",\"@id\":\"https:\/\/territorialchallenges.com\/#organization\",\"name\":\"Territorial Challenges\",\"url\":\"https:\/\/territorialchallenges.com\/\",\"logo\":{\"@type\":\"ImageObject\",\"inLanguage\":\"de\",\"@id\":\"https:\/\/territorialchallenges.com\/#\/schema\/logo\/image\/\",\"url\":\"https:\/\/territorialchallenges.com\/wp-content\/uploads\/2023\/10\/logo-1.png\",\"contentUrl\":\"https:\/\/territorialchallenges.com\/wp-content\/uploads\/2023\/10\/logo-1.png\",\"width\":1832,\"height\":576,\"caption\":\"Territorial Challenges\"},\"image\":{\"@id\":\"https:\/\/territorialchallenges.com\/#\/schema\/logo\/image\/\"}},{\"@type\":\"Person\",\"@id\":\"https:\/\/territorialchallenges.com\/#\/schema\/person\/098f145c7c61a021c425e010f840080f\",\"name\":\"ni.abdi\",\"image\":{\"@type\":\"ImageObject\",\"inLanguage\":\"de\",\"@id\":\"https:\/\/territorialchallenges.com\/#\/schema\/person\/image\/\",\"url\":\"https:\/\/secure.gravatar.com\/avatar\/2a2f2491f3c80039986ba989b1e4b510?s=96&d=identicon&r=g\",\"contentUrl\":\"https:\/\/secure.gravatar.com\/avatar\/2a2f2491f3c80039986ba989b1e4b510?s=96&d=identicon&r=g\",\"caption\":\"ni.abdi\"},\"sameAs\":[\"https:\/\/twitter.com\/Ni.abdi\"],\"url\":\"https:\/\/territorialchallenges.com\/de\/author\/ni-abdi\/\"}]}<\/script>\n<!-- \/ Yoast SEO plugin. -->","yoast_head_json":{"title":"Trente en Italie\u00a0: la transition \u00e9nerg\u00e9tique comme d\u00e9fi territorial - Territorial Challenges","robots":{"index":"index","follow":"follow","max-snippet":"max-snippet:-1","max-image-preview":"max-image-preview:large","max-video-preview":"max-video-preview:-1"},"canonical":"https:\/\/territorialchallenges.com\/de\/2024\/03\/25\/trente-en-italie-la-transition-energetique-comme-defi-territorial\/122495\/","og_locale":"de_DE","og_type":"article","og_title":"Trente en Italie\u00a0: la transition \u00e9nerg\u00e9tique comme d\u00e9fi territorial - Territorial Challenges","og_description":"La transition \u00e9nerg\u00e9tique est l\u2019un des d\u00e9fis les plus importants auxquels nos territoires seront confront\u00e9s dans les ann\u00e9es \u00e0 venir. Mais comment int\u00e9grer cette transformation dans le tissu m\u00eame de nos villes et paysages ? C&rsquo;est l\u00e0 que r\u00e9side tout l&rsquo;enjeu du cours \u00ab\u00a0La transition \u00e9nerg\u00e9tique comme enjeu territorial\u00a0\u00bb, organis\u00e9 par TSM &#8211; Trentino School [&hellip;]","og_url":"https:\/\/territorialchallenges.com\/de\/2024\/03\/25\/trente-en-italie-la-transition-energetique-comme-defi-territorial\/122495\/","og_site_name":"Territorial Challenges","article_published_time":"2024-03-25T18:20:59+00:00","article_modified_time":"2024-03-25T18:21:00+00:00","og_image":[{"width":600,"height":410,"url":"https:\/\/territorialchallenges.com\/wp-content\/uploads\/2024\/03\/transitionenergetiqueTrento.png","type":"image\/png"}],"author":"ni.abdi","twitter_card":"summary_large_image","twitter_creator":"@Ni.abdi","twitter_misc":{"Verfasst von":"ni.abdi","Gesch\u00e4tzte Lesezeit":"3\u00a0Minuten"},"schema":{"@context":"https:\/\/schema.org","@graph":[{"@type":"Article","@id":"https:\/\/territorialchallenges.com\/2024\/03\/25\/trente-en-italie-la-transition-energetique-comme-defi-territorial\/122495\/#article","isPartOf":{"@id":"https:\/\/territorialchallenges.com\/2024\/03\/25\/trente-en-italie-la-transition-energetique-comme-defi-territorial\/122495\/"},"author":{"name":"ni.abdi","@id":"https:\/\/territorialchallenges.com\/#\/schema\/person\/098f145c7c61a021c425e010f840080f"},"headline":"Trente en Italie\u00a0: la transition \u00e9nerg\u00e9tique comme d\u00e9fi territorial","datePublished":"2024-03-25T18:20:59+00:00","dateModified":"2024-03-25T18:21:00+00:00","mainEntityOfPage":{"@id":"https:\/\/territorialchallenges.com\/2024\/03\/25\/trente-en-italie-la-transition-energetique-comme-defi-territorial\/122495\/"},"wordCount":590,"publisher":{"@id":"https:\/\/territorialchallenges.com\/#organization"},"articleSection":["Transition \u00c9nerg\u00e9tique","Actualit\u00e9 Europe"],"inLanguage":"de"},{"@type":"WebPage","@id":"https:\/\/territorialchallenges.com\/2024\/03\/25\/trente-en-italie-la-transition-energetique-comme-defi-territorial\/122495\/","url":"https:\/\/territorialchallenges.com\/2024\/03\/25\/trente-en-italie-la-transition-energetique-comme-defi-territorial\/122495\/","name":"Trente en Italie\u00a0: la transition \u00e9nerg\u00e9tique comme d\u00e9fi territorial - Territorial Challenges","isPartOf":{"@id":"https:\/\/territorialchallenges.com\/#website"},"datePublished":"2024-03-25T18:20:59+00:00","dateModified":"2024-03-25T18:21:00+00:00","breadcrumb":{"@id":"https:\/\/territorialchallenges.com\/2024\/03\/25\/trente-en-italie-la-transition-energetique-comme-defi-territorial\/122495\/#breadcrumb"},"inLanguage":"de","potentialAction":[{"@type":"ReadAction","target":["https:\/\/territorialchallenges.com\/2024\/03\/25\/trente-en-italie-la-transition-energetique-comme-defi-territorial\/122495\/"]}]},{"@type":"BreadcrumbList","@id":"https:\/\/territorialchallenges.com\/2024\/03\/25\/trente-en-italie-la-transition-energetique-comme-defi-territorial\/122495\/#breadcrumb","itemListElement":[{"@type":"ListItem","position":1,"name":"Home","item":"https:\/\/territorialchallenges.com\/"},{"@type":"ListItem","position":2,"name":"Trente en Italie\u00a0: la transition \u00e9nerg\u00e9tique comme d\u00e9fi territorial"}]},{"@type":"WebSite","@id":"https:\/\/territorialchallenges.com\/#website","url":"https:\/\/territorialchallenges.com\/","name":"Territoriale Herausforderungen","description":"Internationales Monitoring \u2013 Intelligente Strategien \u2013 Best Practices","publisher":{"@id":"https:\/\/territorialchallenges.com\/#organization"},"potentialAction":[{"@type":"SearchAction","target":{"@type":"EntryPoint","urlTemplate":"https:\/\/territorialchallenges.com\/?s={search_term_string}"},"query-input":"required name=search_term_string"}],"inLanguage":"de"},{"@type":"Organization","@id":"https:\/\/territorialchallenges.com\/#organization","name":"Territoriale Herausforderungen","url":"https:\/\/territorialchallenges.com\/","logo":{"@type":"ImageObject","inLanguage":"de","@id":"https:\/\/territorialchallenges.com\/#\/schema\/logo\/image\/","url":"https:\/\/territorialchallenges.com\/wp-content\/uploads\/2023\/10\/logo-1.png","contentUrl":"https:\/\/territorialchallenges.com\/wp-content\/uploads\/2023\/10\/logo-1.png","width":1832,"height":576,"caption":"Territorial Challenges"},"image":{"@id":"https:\/\/territorialchallenges.com\/#\/schema\/logo\/image\/"}},{"@type":"Person","@id":"https:\/\/territorialchallenges.com\/#\/schema\/person\/098f145c7c61a021c425e010f840080f","name":"ni.abdi","image":{"@type":"ImageObject","inLanguage":"de","@id":"https:\/\/territorialchallenges.com\/#\/schema\/person\/image\/","url":"https:\/\/secure.gravatar.com\/avatar\/2a2f2491f3c80039986ba989b1e4b510?s=96&d=identicon&r=g","contentUrl":"https:\/\/secure.gravatar.com\/avatar\/2a2f2491f3c80039986ba989b1e4b510?s=96&d=identicon&r=g","caption":"ni.abdi"},"sameAs":["https:\/\/twitter.com\/Ni.abdi"],"url":"https:\/\/territorialchallenges.com\/de\/author\/ni-abdi\/"}]}},"_links":{"self":[{"href":"https:\/\/territorialchallenges.com\/de\/wp-json\/wp\/v2\/posts\/122495"}],"collection":[{"href":"https:\/\/territorialchallenges.com\/de\/wp-json\/wp\/v2\/posts"}],"about":[{"href":"https:\/\/territorialchallenges.com\/de\/wp-json\/wp\/v2\/types\/post"}],"author":[{"embeddable":true,"href":"https:\/\/territorialchallenges.com\/de\/wp-json\/wp\/v2\/users\/11"}],"replies":[{"embeddable":true,"href":"https:\/\/territorialchallenges.com\/de\/wp-json\/wp\/v2\/comments?post=122495"}],"version-history":[{"count":1,"href":"https:\/\/territorialchallenges.com\/de\/wp-json\/wp\/v2\/posts\/122495\/revisions"}],"predecessor-version":[{"id":122497,"href":"https:\/\/territorialchallenges.com\/de\/wp-json\/wp\/v2\/posts\/122495\/revisions\/122497"}],"wp:featuredmedia":[{"embeddable":true,"href":"https:\/\/territorialchallenges.com\/de\/wp-json\/wp\/v2\/media\/122496"}],"wp:attachment":[{"href":"https:\/\/territorialchallenges.com\/de\/wp-json\/wp\/v2\/media?parent=122495"}],"wp:term":[{"taxonomy":"category","embeddable":true,"href":"https:\/\/territorialchallenges.com\/de\/wp-json\/wp\/v2\/categories?post=122495"},{"taxonomy":"post_tag","embeddable":true,"href":"https:\/\/territorialchallenges.com\/de\/wp-json\/wp\/v2\/tags?post=122495"}],"curies":[{"name":"wp","href":"https:\/\/api.w.org\/{rel}","templated":true}]}}