{"id":122403,"date":"2024-03-05T21:36:34","date_gmt":"2024-03-05T20:36:34","guid":{"rendered":"https:\/\/territorialchallenges.com\/?p=122403"},"modified":"2024-03-05T21:36:36","modified_gmt":"2024-03-05T20:36:36","slug":"kulle-tarnov-fusionner-linnovation-et-leducation-pour-un-futur-durable-en-estonie","status":"publish","type":"post","link":"https:\/\/territorialchallenges.com\/de\/2024\/03\/05\/kulle-tarnov-fusionner-linnovation-et-leducation-pour-un-futur-durable-en-estonie\/122403\/","title":{"rendered":"K\u00fclle T\u00e4rnov: Innovation und Bildung f\u00fcr eine nachhaltige Zukunft in Estland"},"content":{"rendered":"<p>An der Schnittstelle zwischen technologischer Innovation und Bildung ist K\u00fclle T\u00e4rnov, Leiterin der Innovationsabteilung des FinEst Center for Smart Cities von TalTech in Tallinn, eine Schl\u00fcsselfigur bei der Transformation moderner St\u00e4dte. Mit \u00fcber 20 Jahren Erfahrung in Management, Entwicklung und Betreuung orchestriert sie Projekte von internationalem Ausma\u00df und gestaltet die Zukunft der St\u00e4dte\u2026 <\/p>\n<div class=\"pmpro_content_message\">Artikel nur f\u00fcr Abonnenten sichtbar.<br \/><a href=\"https:\/\/territorialchallenges.com\/wp-login.php\">Verbindung<\/a><br \/><a href=\"https:\/\/territorialchallenges.com\/de\/wp-login.php\/?action=register\">Registrieren<\/a><\/div>","protected":false},"excerpt":{"rendered":"<p>\u00c0 la crois\u00e9e de l&rsquo;innovation technologique et de l&rsquo;\u00e9ducation, K\u00fclle T\u00e4rnov, Responsable de l&rsquo;Innovation au FinEst Center for Smart Cities de TalTech \u00e0 Tallinn, incarne une figure cl\u00e9 dans la transformation des villes modernes. Avec plus de 20 ans d&rsquo;exp\u00e9rience en gestion, d\u00e9veloppement, et supervision, elle orchestre des projets d&rsquo;envergure internationale, modelant l&rsquo;avenir des villes... <\/p>\n<div class=\"pmpro_content_message\">Artikel nur f\u00fcr Abonnenten sichtbar.<br \/><a href=\"https:\/\/territorialchallenges.com\/wp-login.php\">Verbindung<\/a><br \/><a href=\"https:\/\/territorialchallenges.com\/de\/wp-login.php\/?action=register\">Registrieren<\/a><\/div>","protected":false},"author":11,"featured_media":122404,"comment_status":"closed","ping_status":"closed","sticky":true,"template":"","format":"standard","meta":{"pmpro_default_level":0,"footnotes":""},"categories":[126,117],"tags":[],"blocksy_meta":"","yoast_head":"<!-- This site is optimized with the Yoast SEO plugin v21.5 - https:\/\/yoast.com\/wordpress\/plugins\/seo\/ -->\n<title>K\u00fclle T\u00e4rnov: fusionner l&#039;innovation et l&#039;\u00e9ducation pour un futur durable en Estonie - Territorial Challenges<\/title>\n<meta name=\"robots\" content=\"index, follow, max-snippet:-1, max-image-preview:large, max-video-preview:-1\" \/>\n<link rel=\"canonical\" href=\"https:\/\/territorialchallenges.com\/de\/2024\/03\/05\/kulle-tarnov-fusionner-linnovation-et-leducation-pour-un-futur-durable-en-estonie\/122403\/\" \/>\n<meta property=\"og:locale\" content=\"de_DE\" \/>\n<meta property=\"og:type\" content=\"article\" \/>\n<meta property=\"og:title\" content=\"K\u00fclle T\u00e4rnov: fusionner l&#039;innovation et l&#039;\u00e9ducation pour un futur durable en Estonie - Territorial Challenges\" \/>\n<meta property=\"og:description\" content=\"\u00c0 la crois\u00e9e de l&rsquo;innovation technologique et de l&rsquo;\u00e9ducation, K\u00fclle T\u00e4rnov, Responsable de l&rsquo;Innovation au FinEst Center for Smart Cities de TalTech \u00e0 Tallinn, incarne une figure cl\u00e9 dans la transformation des villes modernes. Avec plus de 20 ans d&rsquo;exp\u00e9rience en gestion, d\u00e9veloppement, et supervision, elle orchestre des projets d&rsquo;envergure internationale, modelant l&rsquo;avenir des villes [&hellip;]\" \/>\n<meta property=\"og:url\" content=\"https:\/\/territorialchallenges.com\/de\/2024\/03\/05\/kulle-tarnov-fusionner-linnovation-et-leducation-pour-un-futur-durable-en-estonie\/122403\/\" \/>\n<meta property=\"og:site_name\" content=\"Territorial Challenges\" \/>\n<meta property=\"article:published_time\" content=\"2024-03-05T20:36:34+00:00\" \/>\n<meta property=\"article:modified_time\" content=\"2024-03-05T20:36:36+00:00\" \/>\n<meta property=\"og:image\" content=\"https:\/\/territorialchallenges.com\/wp-content\/uploads\/2024\/03\/onparledeux4.0.jpeg\" \/>\n\t<meta property=\"og:image:width\" content=\"200\" \/>\n\t<meta property=\"og:image:height\" content=\"200\" \/>\n\t<meta property=\"og:image:type\" content=\"image\/jpeg\" \/>\n<meta name=\"author\" content=\"ni.abdi\" \/>\n<meta name=\"twitter:card\" content=\"summary_large_image\" \/>\n<meta name=\"twitter:creator\" content=\"@Ni.abdi\" \/>\n<meta name=\"twitter:label1\" content=\"Verfasst von\" \/>\n\t<meta name=\"twitter:data1\" content=\"ni.abdi\" \/>\n\t<meta name=\"twitter:label2\" content=\"Gesch\u00e4tzte Lesezeit\" \/>\n\t<meta name=\"twitter:data2\" content=\"3\u00a0Minuten\" \/>\n<script type=\"application\/ld+json\" class=\"yoast-schema-graph\">{\"@context\":\"https:\/\/schema.org\",\"@graph\":[{\"@type\":\"Article\",\"@id\":\"https:\/\/territorialchallenges.com\/2024\/03\/05\/kulle-tarnov-fusionner-linnovation-et-leducation-pour-un-futur-durable-en-estonie\/122403\/#article\",\"isPartOf\":{\"@id\":\"https:\/\/territorialchallenges.com\/2024\/03\/05\/kulle-tarnov-fusionner-linnovation-et-leducation-pour-un-futur-durable-en-estonie\/122403\/\"},\"author\":{\"name\":\"ni.abdi\",\"@id\":\"https:\/\/territorialchallenges.com\/#\/schema\/person\/098f145c7c61a021c425e010f840080f\"},\"headline\":\"K\u00fclle T\u00e4rnov: fusionner l&rsquo;innovation et l&rsquo;\u00e9ducation pour un futur durable en Estonie\",\"datePublished\":\"2024-03-05T20:36:34+00:00\",\"dateModified\":\"2024-03-05T20:36:36+00:00\",\"mainEntityOfPage\":{\"@id\":\"https:\/\/territorialchallenges.com\/2024\/03\/05\/kulle-tarnov-fusionner-linnovation-et-leducation-pour-un-futur-durable-en-estonie\/122403\/\"},\"wordCount\":591,\"publisher\":{\"@id\":\"https:\/\/territorialchallenges.com\/#organization\"},\"articleSection\":[\"On parle d'eux\",\"\u00c9cosyst\u00e8me\"],\"inLanguage\":\"de\"},{\"@type\":\"WebPage\",\"@id\":\"https:\/\/territorialchallenges.com\/2024\/03\/05\/kulle-tarnov-fusionner-linnovation-et-leducation-pour-un-futur-durable-en-estonie\/122403\/\",\"url\":\"https:\/\/territorialchallenges.com\/2024\/03\/05\/kulle-tarnov-fusionner-linnovation-et-leducation-pour-un-futur-durable-en-estonie\/122403\/\",\"name\":\"K\u00fclle T\u00e4rnov: fusionner l'innovation et l'\u00e9ducation pour un futur durable en Estonie - Territorial Challenges\",\"isPartOf\":{\"@id\":\"https:\/\/territorialchallenges.com\/#website\"},\"datePublished\":\"2024-03-05T20:36:34+00:00\",\"dateModified\":\"2024-03-05T20:36:36+00:00\",\"breadcrumb\":{\"@id\":\"https:\/\/territorialchallenges.com\/2024\/03\/05\/kulle-tarnov-fusionner-linnovation-et-leducation-pour-un-futur-durable-en-estonie\/122403\/#breadcrumb\"},\"inLanguage\":\"de\",\"potentialAction\":[{\"@type\":\"ReadAction\",\"target\":[\"https:\/\/territorialchallenges.com\/2024\/03\/05\/kulle-tarnov-fusionner-linnovation-et-leducation-pour-un-futur-durable-en-estonie\/122403\/\"]}]},{\"@type\":\"BreadcrumbList\",\"@id\":\"https:\/\/territorialchallenges.com\/2024\/03\/05\/kulle-tarnov-fusionner-linnovation-et-leducation-pour-un-futur-durable-en-estonie\/122403\/#breadcrumb\",\"itemListElement\":[{\"@type\":\"ListItem\",\"position\":1,\"name\":\"Home\",\"item\":\"https:\/\/territorialchallenges.com\/\"},{\"@type\":\"ListItem\",\"position\":2,\"name\":\"K\u00fclle T\u00e4rnov: fusionner l&rsquo;innovation et l&rsquo;\u00e9ducation pour un futur durable en Estonie\"}]},{\"@type\":\"WebSite\",\"@id\":\"https:\/\/territorialchallenges.com\/#website\",\"url\":\"https:\/\/territorialchallenges.com\/\",\"name\":\"Territorial Challenges\",\"description\":\"Veille Internationale - Strat\u00e9gie Intelligentes - Bonnes pratiques\",\"publisher\":{\"@id\":\"https:\/\/territorialchallenges.com\/#organization\"},\"potentialAction\":[{\"@type\":\"SearchAction\",\"target\":{\"@type\":\"EntryPoint\",\"urlTemplate\":\"https:\/\/territorialchallenges.com\/?s={search_term_string}\"},\"query-input\":\"required name=search_term_string\"}],\"inLanguage\":\"de\"},{\"@type\":\"Organization\",\"@id\":\"https:\/\/territorialchallenges.com\/#organization\",\"name\":\"Territorial Challenges\",\"url\":\"https:\/\/territorialchallenges.com\/\",\"logo\":{\"@type\":\"ImageObject\",\"inLanguage\":\"de\",\"@id\":\"https:\/\/territorialchallenges.com\/#\/schema\/logo\/image\/\",\"url\":\"https:\/\/territorialchallenges.com\/wp-content\/uploads\/2023\/10\/logo-1.png\",\"contentUrl\":\"https:\/\/territorialchallenges.com\/wp-content\/uploads\/2023\/10\/logo-1.png\",\"width\":1832,\"height\":576,\"caption\":\"Territorial Challenges\"},\"image\":{\"@id\":\"https:\/\/territorialchallenges.com\/#\/schema\/logo\/image\/\"}},{\"@type\":\"Person\",\"@id\":\"https:\/\/territorialchallenges.com\/#\/schema\/person\/098f145c7c61a021c425e010f840080f\",\"name\":\"ni.abdi\",\"image\":{\"@type\":\"ImageObject\",\"inLanguage\":\"de\",\"@id\":\"https:\/\/territorialchallenges.com\/#\/schema\/person\/image\/\",\"url\":\"https:\/\/secure.gravatar.com\/avatar\/2a2f2491f3c80039986ba989b1e4b510?s=96&d=identicon&r=g\",\"contentUrl\":\"https:\/\/secure.gravatar.com\/avatar\/2a2f2491f3c80039986ba989b1e4b510?s=96&d=identicon&r=g\",\"caption\":\"ni.abdi\"},\"sameAs\":[\"https:\/\/twitter.com\/Ni.abdi\"],\"url\":\"https:\/\/territorialchallenges.com\/de\/author\/ni-abdi\/\"}]}<\/script>\n<!-- \/ Yoast SEO plugin. -->","yoast_head_json":{"title":"K\u00fclle T\u00e4rnov: fusionner l'innovation et l'\u00e9ducation pour un futur durable en Estonie - Territorial Challenges","robots":{"index":"index","follow":"follow","max-snippet":"max-snippet:-1","max-image-preview":"max-image-preview:large","max-video-preview":"max-video-preview:-1"},"canonical":"https:\/\/territorialchallenges.com\/de\/2024\/03\/05\/kulle-tarnov-fusionner-linnovation-et-leducation-pour-un-futur-durable-en-estonie\/122403\/","og_locale":"de_DE","og_type":"article","og_title":"K\u00fclle T\u00e4rnov: fusionner l'innovation et l'\u00e9ducation pour un futur durable en Estonie - Territorial Challenges","og_description":"\u00c0 la crois\u00e9e de l&rsquo;innovation technologique et de l&rsquo;\u00e9ducation, K\u00fclle T\u00e4rnov, Responsable de l&rsquo;Innovation au FinEst Center for Smart Cities de TalTech \u00e0 Tallinn, incarne une figure cl\u00e9 dans la transformation des villes modernes. Avec plus de 20 ans d&rsquo;exp\u00e9rience en gestion, d\u00e9veloppement, et supervision, elle orchestre des projets d&rsquo;envergure internationale, modelant l&rsquo;avenir des villes [&hellip;]","og_url":"https:\/\/territorialchallenges.com\/de\/2024\/03\/05\/kulle-tarnov-fusionner-linnovation-et-leducation-pour-un-futur-durable-en-estonie\/122403\/","og_site_name":"Territorial Challenges","article_published_time":"2024-03-05T20:36:34+00:00","article_modified_time":"2024-03-05T20:36:36+00:00","og_image":[{"width":200,"height":200,"url":"https:\/\/territorialchallenges.com\/wp-content\/uploads\/2024\/03\/onparledeux4.0.jpeg","type":"image\/jpeg"}],"author":"ni.abdi","twitter_card":"summary_large_image","twitter_creator":"@Ni.abdi","twitter_misc":{"Verfasst von":"ni.abdi","Gesch\u00e4tzte Lesezeit":"3\u00a0Minuten"},"schema":{"@context":"https:\/\/schema.org","@graph":[{"@type":"Article","@id":"https:\/\/territorialchallenges.com\/2024\/03\/05\/kulle-tarnov-fusionner-linnovation-et-leducation-pour-un-futur-durable-en-estonie\/122403\/#article","isPartOf":{"@id":"https:\/\/territorialchallenges.com\/2024\/03\/05\/kulle-tarnov-fusionner-linnovation-et-leducation-pour-un-futur-durable-en-estonie\/122403\/"},"author":{"name":"ni.abdi","@id":"https:\/\/territorialchallenges.com\/#\/schema\/person\/098f145c7c61a021c425e010f840080f"},"headline":"K\u00fclle T\u00e4rnov: fusionner l&rsquo;innovation et l&rsquo;\u00e9ducation pour un futur durable en Estonie","datePublished":"2024-03-05T20:36:34+00:00","dateModified":"2024-03-05T20:36:36+00:00","mainEntityOfPage":{"@id":"https:\/\/territorialchallenges.com\/2024\/03\/05\/kulle-tarnov-fusionner-linnovation-et-leducation-pour-un-futur-durable-en-estonie\/122403\/"},"wordCount":591,"publisher":{"@id":"https:\/\/territorialchallenges.com\/#organization"},"articleSection":["On parle d'eux","\u00c9cosyst\u00e8me"],"inLanguage":"de"},{"@type":"WebPage","@id":"https:\/\/territorialchallenges.com\/2024\/03\/05\/kulle-tarnov-fusionner-linnovation-et-leducation-pour-un-futur-durable-en-estonie\/122403\/","url":"https:\/\/territorialchallenges.com\/2024\/03\/05\/kulle-tarnov-fusionner-linnovation-et-leducation-pour-un-futur-durable-en-estonie\/122403\/","name":"K\u00fclle T\u00e4rnov: fusionner l'innovation et l'\u00e9ducation pour un futur durable en Estonie - Territorial Challenges","isPartOf":{"@id":"https:\/\/territorialchallenges.com\/#website"},"datePublished":"2024-03-05T20:36:34+00:00","dateModified":"2024-03-05T20:36:36+00:00","breadcrumb":{"@id":"https:\/\/territorialchallenges.com\/2024\/03\/05\/kulle-tarnov-fusionner-linnovation-et-leducation-pour-un-futur-durable-en-estonie\/122403\/#breadcrumb"},"inLanguage":"de","potentialAction":[{"@type":"ReadAction","target":["https:\/\/territorialchallenges.com\/2024\/03\/05\/kulle-tarnov-fusionner-linnovation-et-leducation-pour-un-futur-durable-en-estonie\/122403\/"]}]},{"@type":"BreadcrumbList","@id":"https:\/\/territorialchallenges.com\/2024\/03\/05\/kulle-tarnov-fusionner-linnovation-et-leducation-pour-un-futur-durable-en-estonie\/122403\/#breadcrumb","itemListElement":[{"@type":"ListItem","position":1,"name":"Home","item":"https:\/\/territorialchallenges.com\/"},{"@type":"ListItem","position":2,"name":"K\u00fclle T\u00e4rnov: fusionner l&rsquo;innovation et l&rsquo;\u00e9ducation pour un futur durable en Estonie"}]},{"@type":"WebSite","@id":"https:\/\/territorialchallenges.com\/#website","url":"https:\/\/territorialchallenges.com\/","name":"Territoriale Herausforderungen","description":"Internationales Monitoring \u2013 Intelligente Strategien \u2013 Best Practices","publisher":{"@id":"https:\/\/territorialchallenges.com\/#organization"},"potentialAction":[{"@type":"SearchAction","target":{"@type":"EntryPoint","urlTemplate":"https:\/\/territorialchallenges.com\/?s={search_term_string}"},"query-input":"required name=search_term_string"}],"inLanguage":"de"},{"@type":"Organization","@id":"https:\/\/territorialchallenges.com\/#organization","name":"Territoriale Herausforderungen","url":"https:\/\/territorialchallenges.com\/","logo":{"@type":"ImageObject","inLanguage":"de","@id":"https:\/\/territorialchallenges.com\/#\/schema\/logo\/image\/","url":"https:\/\/territorialchallenges.com\/wp-content\/uploads\/2023\/10\/logo-1.png","contentUrl":"https:\/\/territorialchallenges.com\/wp-content\/uploads\/2023\/10\/logo-1.png","width":1832,"height":576,"caption":"Territorial Challenges"},"image":{"@id":"https:\/\/territorialchallenges.com\/#\/schema\/logo\/image\/"}},{"@type":"Person","@id":"https:\/\/territorialchallenges.com\/#\/schema\/person\/098f145c7c61a021c425e010f840080f","name":"ni.abdi","image":{"@type":"ImageObject","inLanguage":"de","@id":"https:\/\/territorialchallenges.com\/#\/schema\/person\/image\/","url":"https:\/\/secure.gravatar.com\/avatar\/2a2f2491f3c80039986ba989b1e4b510?s=96&d=identicon&r=g","contentUrl":"https:\/\/secure.gravatar.com\/avatar\/2a2f2491f3c80039986ba989b1e4b510?s=96&d=identicon&r=g","caption":"ni.abdi"},"sameAs":["https:\/\/twitter.com\/Ni.abdi"],"url":"https:\/\/territorialchallenges.com\/de\/author\/ni-abdi\/"}]}},"_links":{"self":[{"href":"https:\/\/territorialchallenges.com\/de\/wp-json\/wp\/v2\/posts\/122403"}],"collection":[{"href":"https:\/\/territorialchallenges.com\/de\/wp-json\/wp\/v2\/posts"}],"about":[{"href":"https:\/\/territorialchallenges.com\/de\/wp-json\/wp\/v2\/types\/post"}],"author":[{"embeddable":true,"href":"https:\/\/territorialchallenges.com\/de\/wp-json\/wp\/v2\/users\/11"}],"replies":[{"embeddable":true,"href":"https:\/\/territorialchallenges.com\/de\/wp-json\/wp\/v2\/comments?post=122403"}],"version-history":[{"count":1,"href":"https:\/\/territorialchallenges.com\/de\/wp-json\/wp\/v2\/posts\/122403\/revisions"}],"predecessor-version":[{"id":122405,"href":"https:\/\/territorialchallenges.com\/de\/wp-json\/wp\/v2\/posts\/122403\/revisions\/122405"}],"wp:featuredmedia":[{"embeddable":true,"href":"https:\/\/territorialchallenges.com\/de\/wp-json\/wp\/v2\/media\/122404"}],"wp:attachment":[{"href":"https:\/\/territorialchallenges.com\/de\/wp-json\/wp\/v2\/media?parent=122403"}],"wp:term":[{"taxonomy":"category","embeddable":true,"href":"https:\/\/territorialchallenges.com\/de\/wp-json\/wp\/v2\/categories?post=122403"},{"taxonomy":"post_tag","embeddable":true,"href":"https:\/\/territorialchallenges.com\/de\/wp-json\/wp\/v2\/tags?post=122403"}],"curies":[{"name":"wp","href":"https:\/\/api.w.org\/{rel}","templated":true}]}}