{"id":122380,"date":"2024-03-05T21:02:20","date_gmt":"2024-03-05T20:02:20","guid":{"rendered":"https:\/\/territorialchallenges.com\/?p=122380"},"modified":"2024-03-05T21:02:22","modified_gmt":"2024-03-05T20:02:22","slug":"andre-vitalis-le-vigilant-de-linformatique","status":"publish","type":"post","link":"https:\/\/territorialchallenges.com\/de\/2024\/03\/05\/andre-vitalis-le-vigilant-de-linformatique\/122380\/","title":{"rendered":"Andr\u00e9 Vitalis: der IT-B\u00fcrgermeister"},"content":{"rendered":"<p>Andr\u00e9 Vitalis, Doktor der Politikwissenschaften und Dozent an der Universit\u00e4t Nantes, beleuchtet in seinem 1988 erschienenen Buch \u201eComputer, Macht und Freiheiten\u201c die komplexe Welt der Computer. Mit einem Vorwort von Jacques Ellul enth\u00fcllt dieses Werk die Paradoxien einer Gesellschaft, die vom Potenzial der Technologie fasziniert ist, und wirft gleichzeitig entscheidende Fragen \u00fcber die \u2026 auf. <\/p>\n<div class=\"pmpro_content_message\">Artikel nur f\u00fcr Abonnenten sichtbar.<br \/><a href=\"https:\/\/territorialchallenges.com\/wp-login.php\">Verbindung<\/a><br \/><a href=\"https:\/\/territorialchallenges.com\/de\/wp-login.php\/?action=register\">Registrieren<\/a><\/div>","protected":false},"excerpt":{"rendered":"<p>Docteur en sciences politiques, ma\u00eetre de conf\u00e9rences \u00e0 l&rsquo;Universit\u00e9 de Nantes, Andr\u00e9 Vitalis \u00e9claire l&rsquo;univers complexe de l&rsquo;informatique \u00e0 travers son livre \u00ab\u00a0Informatique, Pouvoir et Libert\u00e9s\u00a0\u00bb, publi\u00e9 en 1988. Pr\u00e9fac\u00e9 par Jacques Ellul, cet ouvrage r\u00e9v\u00e8le les paradoxes d&rsquo;une soci\u00e9t\u00e9 fascin\u00e9e par les potentialit\u00e9s de la technologie, tout en soulevant des questions cruciales sur le... <\/p>\n<div class=\"pmpro_content_message\">Artikel nur f\u00fcr Abonnenten sichtbar.<br \/><a href=\"https:\/\/territorialchallenges.com\/wp-login.php\">Verbindung<\/a><br \/><a href=\"https:\/\/territorialchallenges.com\/de\/wp-login.php\/?action=register\">Registrieren<\/a><\/div>","protected":false},"author":11,"featured_media":122381,"comment_status":"closed","ping_status":"closed","sticky":true,"template":"","format":"standard","meta":{"pmpro_default_level":0,"footnotes":""},"categories":[121],"tags":[],"blocksy_meta":"","yoast_head":"<!-- This site is optimized with the Yoast SEO plugin v21.5 - https:\/\/yoast.com\/wordpress\/plugins\/seo\/ -->\n<title>Andr\u00e9 Vitalis : le vigilant de l&#039;informatique - Territorial Challenges<\/title>\n<meta name=\"robots\" content=\"index, follow, max-snippet:-1, max-image-preview:large, max-video-preview:-1\" \/>\n<link rel=\"canonical\" href=\"https:\/\/territorialchallenges.com\/de\/2024\/03\/05\/andre-vitalis-le-vigilant-de-linformatique\/122380\/\" \/>\n<meta property=\"og:locale\" content=\"de_DE\" \/>\n<meta property=\"og:type\" content=\"article\" \/>\n<meta property=\"og:title\" content=\"Andr\u00e9 Vitalis : le vigilant de l&#039;informatique - Territorial Challenges\" \/>\n<meta property=\"og:description\" content=\"Docteur en sciences politiques, ma\u00eetre de conf\u00e9rences \u00e0 l&rsquo;Universit\u00e9 de Nantes, Andr\u00e9 Vitalis \u00e9claire l&rsquo;univers complexe de l&rsquo;informatique \u00e0 travers son livre \u00ab\u00a0Informatique, Pouvoir et Libert\u00e9s\u00a0\u00bb, publi\u00e9 en 1988. Pr\u00e9fac\u00e9 par Jacques Ellul, cet ouvrage r\u00e9v\u00e8le les paradoxes d&rsquo;une soci\u00e9t\u00e9 fascin\u00e9e par les potentialit\u00e9s de la technologie, tout en soulevant des questions cruciales sur le [&hellip;]\" \/>\n<meta property=\"og:url\" content=\"https:\/\/territorialchallenges.com\/de\/2024\/03\/05\/andre-vitalis-le-vigilant-de-linformatique\/122380\/\" \/>\n<meta property=\"og:site_name\" content=\"Territorial Challenges\" \/>\n<meta property=\"article:published_time\" content=\"2024-03-05T20:02:20+00:00\" \/>\n<meta property=\"article:modified_time\" content=\"2024-03-05T20:02:22+00:00\" \/>\n<meta property=\"og:image\" content=\"https:\/\/territorialchallenges.com\/wp-content\/uploads\/2024\/03\/MemoireAndre_VITALIS.jpg\" \/>\n\t<meta property=\"og:image:width\" content=\"260\" \/>\n\t<meta property=\"og:image:height\" content=\"347\" \/>\n\t<meta property=\"og:image:type\" content=\"image\/jpeg\" \/>\n<meta name=\"author\" content=\"ni.abdi\" \/>\n<meta name=\"twitter:card\" content=\"summary_large_image\" \/>\n<meta name=\"twitter:creator\" content=\"@Ni.abdi\" \/>\n<meta name=\"twitter:label1\" content=\"Verfasst von\" \/>\n\t<meta name=\"twitter:data1\" content=\"ni.abdi\" \/>\n\t<meta name=\"twitter:label2\" content=\"Gesch\u00e4tzte Lesezeit\" \/>\n\t<meta name=\"twitter:data2\" content=\"3\u00a0Minuten\" \/>\n<script type=\"application\/ld+json\" class=\"yoast-schema-graph\">{\"@context\":\"https:\/\/schema.org\",\"@graph\":[{\"@type\":\"Article\",\"@id\":\"https:\/\/territorialchallenges.com\/2024\/03\/05\/andre-vitalis-le-vigilant-de-linformatique\/122380\/#article\",\"isPartOf\":{\"@id\":\"https:\/\/territorialchallenges.com\/2024\/03\/05\/andre-vitalis-le-vigilant-de-linformatique\/122380\/\"},\"author\":{\"name\":\"ni.abdi\",\"@id\":\"https:\/\/territorialchallenges.com\/#\/schema\/person\/098f145c7c61a021c425e010f840080f\"},\"headline\":\"Andr\u00e9 Vitalis : le vigilant de l&rsquo;informatique\",\"datePublished\":\"2024-03-05T20:02:20+00:00\",\"dateModified\":\"2024-03-05T20:02:22+00:00\",\"mainEntityOfPage\":{\"@id\":\"https:\/\/territorialchallenges.com\/2024\/03\/05\/andre-vitalis-le-vigilant-de-linformatique\/122380\/\"},\"wordCount\":594,\"publisher\":{\"@id\":\"https:\/\/territorialchallenges.com\/#organization\"},\"articleSection\":[\"M\u00e9moire\"],\"inLanguage\":\"de\"},{\"@type\":\"WebPage\",\"@id\":\"https:\/\/territorialchallenges.com\/2024\/03\/05\/andre-vitalis-le-vigilant-de-linformatique\/122380\/\",\"url\":\"https:\/\/territorialchallenges.com\/2024\/03\/05\/andre-vitalis-le-vigilant-de-linformatique\/122380\/\",\"name\":\"Andr\u00e9 Vitalis : le vigilant de l'informatique - Territorial Challenges\",\"isPartOf\":{\"@id\":\"https:\/\/territorialchallenges.com\/#website\"},\"datePublished\":\"2024-03-05T20:02:20+00:00\",\"dateModified\":\"2024-03-05T20:02:22+00:00\",\"breadcrumb\":{\"@id\":\"https:\/\/territorialchallenges.com\/2024\/03\/05\/andre-vitalis-le-vigilant-de-linformatique\/122380\/#breadcrumb\"},\"inLanguage\":\"de\",\"potentialAction\":[{\"@type\":\"ReadAction\",\"target\":[\"https:\/\/territorialchallenges.com\/2024\/03\/05\/andre-vitalis-le-vigilant-de-linformatique\/122380\/\"]}]},{\"@type\":\"BreadcrumbList\",\"@id\":\"https:\/\/territorialchallenges.com\/2024\/03\/05\/andre-vitalis-le-vigilant-de-linformatique\/122380\/#breadcrumb\",\"itemListElement\":[{\"@type\":\"ListItem\",\"position\":1,\"name\":\"Home\",\"item\":\"https:\/\/territorialchallenges.com\/\"},{\"@type\":\"ListItem\",\"position\":2,\"name\":\"Andr\u00e9 Vitalis : le vigilant de l&rsquo;informatique\"}]},{\"@type\":\"WebSite\",\"@id\":\"https:\/\/territorialchallenges.com\/#website\",\"url\":\"https:\/\/territorialchallenges.com\/\",\"name\":\"Territorial Challenges\",\"description\":\"Veille Internationale - Strat\u00e9gie Intelligentes - Bonnes pratiques\",\"publisher\":{\"@id\":\"https:\/\/territorialchallenges.com\/#organization\"},\"potentialAction\":[{\"@type\":\"SearchAction\",\"target\":{\"@type\":\"EntryPoint\",\"urlTemplate\":\"https:\/\/territorialchallenges.com\/?s={search_term_string}\"},\"query-input\":\"required name=search_term_string\"}],\"inLanguage\":\"de\"},{\"@type\":\"Organization\",\"@id\":\"https:\/\/territorialchallenges.com\/#organization\",\"name\":\"Territorial Challenges\",\"url\":\"https:\/\/territorialchallenges.com\/\",\"logo\":{\"@type\":\"ImageObject\",\"inLanguage\":\"de\",\"@id\":\"https:\/\/territorialchallenges.com\/#\/schema\/logo\/image\/\",\"url\":\"https:\/\/territorialchallenges.com\/wp-content\/uploads\/2023\/10\/logo-1.png\",\"contentUrl\":\"https:\/\/territorialchallenges.com\/wp-content\/uploads\/2023\/10\/logo-1.png\",\"width\":1832,\"height\":576,\"caption\":\"Territorial Challenges\"},\"image\":{\"@id\":\"https:\/\/territorialchallenges.com\/#\/schema\/logo\/image\/\"}},{\"@type\":\"Person\",\"@id\":\"https:\/\/territorialchallenges.com\/#\/schema\/person\/098f145c7c61a021c425e010f840080f\",\"name\":\"ni.abdi\",\"image\":{\"@type\":\"ImageObject\",\"inLanguage\":\"de\",\"@id\":\"https:\/\/territorialchallenges.com\/#\/schema\/person\/image\/\",\"url\":\"https:\/\/secure.gravatar.com\/avatar\/2a2f2491f3c80039986ba989b1e4b510?s=96&d=identicon&r=g\",\"contentUrl\":\"https:\/\/secure.gravatar.com\/avatar\/2a2f2491f3c80039986ba989b1e4b510?s=96&d=identicon&r=g\",\"caption\":\"ni.abdi\"},\"sameAs\":[\"https:\/\/twitter.com\/Ni.abdi\"],\"url\":\"https:\/\/territorialchallenges.com\/de\/author\/ni-abdi\/\"}]}<\/script>\n<!-- \/ Yoast SEO plugin. -->","yoast_head_json":{"title":"Andr\u00e9 Vitalis : le vigilant de l'informatique - Territorial Challenges","robots":{"index":"index","follow":"follow","max-snippet":"max-snippet:-1","max-image-preview":"max-image-preview:large","max-video-preview":"max-video-preview:-1"},"canonical":"https:\/\/territorialchallenges.com\/de\/2024\/03\/05\/andre-vitalis-le-vigilant-de-linformatique\/122380\/","og_locale":"de_DE","og_type":"article","og_title":"Andr\u00e9 Vitalis : le vigilant de l'informatique - Territorial Challenges","og_description":"Docteur en sciences politiques, ma\u00eetre de conf\u00e9rences \u00e0 l&rsquo;Universit\u00e9 de Nantes, Andr\u00e9 Vitalis \u00e9claire l&rsquo;univers complexe de l&rsquo;informatique \u00e0 travers son livre \u00ab\u00a0Informatique, Pouvoir et Libert\u00e9s\u00a0\u00bb, publi\u00e9 en 1988. Pr\u00e9fac\u00e9 par Jacques Ellul, cet ouvrage r\u00e9v\u00e8le les paradoxes d&rsquo;une soci\u00e9t\u00e9 fascin\u00e9e par les potentialit\u00e9s de la technologie, tout en soulevant des questions cruciales sur le [&hellip;]","og_url":"https:\/\/territorialchallenges.com\/de\/2024\/03\/05\/andre-vitalis-le-vigilant-de-linformatique\/122380\/","og_site_name":"Territorial Challenges","article_published_time":"2024-03-05T20:02:20+00:00","article_modified_time":"2024-03-05T20:02:22+00:00","og_image":[{"width":260,"height":347,"url":"https:\/\/territorialchallenges.com\/wp-content\/uploads\/2024\/03\/MemoireAndre_VITALIS.jpg","type":"image\/jpeg"}],"author":"ni.abdi","twitter_card":"summary_large_image","twitter_creator":"@Ni.abdi","twitter_misc":{"Verfasst von":"ni.abdi","Gesch\u00e4tzte Lesezeit":"3\u00a0Minuten"},"schema":{"@context":"https:\/\/schema.org","@graph":[{"@type":"Article","@id":"https:\/\/territorialchallenges.com\/2024\/03\/05\/andre-vitalis-le-vigilant-de-linformatique\/122380\/#article","isPartOf":{"@id":"https:\/\/territorialchallenges.com\/2024\/03\/05\/andre-vitalis-le-vigilant-de-linformatique\/122380\/"},"author":{"name":"ni.abdi","@id":"https:\/\/territorialchallenges.com\/#\/schema\/person\/098f145c7c61a021c425e010f840080f"},"headline":"Andr\u00e9 Vitalis : le vigilant de l&rsquo;informatique","datePublished":"2024-03-05T20:02:20+00:00","dateModified":"2024-03-05T20:02:22+00:00","mainEntityOfPage":{"@id":"https:\/\/territorialchallenges.com\/2024\/03\/05\/andre-vitalis-le-vigilant-de-linformatique\/122380\/"},"wordCount":594,"publisher":{"@id":"https:\/\/territorialchallenges.com\/#organization"},"articleSection":["M\u00e9moire"],"inLanguage":"de"},{"@type":"WebPage","@id":"https:\/\/territorialchallenges.com\/2024\/03\/05\/andre-vitalis-le-vigilant-de-linformatique\/122380\/","url":"https:\/\/territorialchallenges.com\/2024\/03\/05\/andre-vitalis-le-vigilant-de-linformatique\/122380\/","name":"Andr\u00e9 Vitalis : le vigilant de l'informatique - Territorial Challenges","isPartOf":{"@id":"https:\/\/territorialchallenges.com\/#website"},"datePublished":"2024-03-05T20:02:20+00:00","dateModified":"2024-03-05T20:02:22+00:00","breadcrumb":{"@id":"https:\/\/territorialchallenges.com\/2024\/03\/05\/andre-vitalis-le-vigilant-de-linformatique\/122380\/#breadcrumb"},"inLanguage":"de","potentialAction":[{"@type":"ReadAction","target":["https:\/\/territorialchallenges.com\/2024\/03\/05\/andre-vitalis-le-vigilant-de-linformatique\/122380\/"]}]},{"@type":"BreadcrumbList","@id":"https:\/\/territorialchallenges.com\/2024\/03\/05\/andre-vitalis-le-vigilant-de-linformatique\/122380\/#breadcrumb","itemListElement":[{"@type":"ListItem","position":1,"name":"Home","item":"https:\/\/territorialchallenges.com\/"},{"@type":"ListItem","position":2,"name":"Andr\u00e9 Vitalis : le vigilant de l&rsquo;informatique"}]},{"@type":"WebSite","@id":"https:\/\/territorialchallenges.com\/#website","url":"https:\/\/territorialchallenges.com\/","name":"Territoriale Herausforderungen","description":"Internationales Monitoring \u2013 Intelligente Strategien \u2013 Best Practices","publisher":{"@id":"https:\/\/territorialchallenges.com\/#organization"},"potentialAction":[{"@type":"SearchAction","target":{"@type":"EntryPoint","urlTemplate":"https:\/\/territorialchallenges.com\/?s={search_term_string}"},"query-input":"required name=search_term_string"}],"inLanguage":"de"},{"@type":"Organization","@id":"https:\/\/territorialchallenges.com\/#organization","name":"Territoriale Herausforderungen","url":"https:\/\/territorialchallenges.com\/","logo":{"@type":"ImageObject","inLanguage":"de","@id":"https:\/\/territorialchallenges.com\/#\/schema\/logo\/image\/","url":"https:\/\/territorialchallenges.com\/wp-content\/uploads\/2023\/10\/logo-1.png","contentUrl":"https:\/\/territorialchallenges.com\/wp-content\/uploads\/2023\/10\/logo-1.png","width":1832,"height":576,"caption":"Territorial Challenges"},"image":{"@id":"https:\/\/territorialchallenges.com\/#\/schema\/logo\/image\/"}},{"@type":"Person","@id":"https:\/\/territorialchallenges.com\/#\/schema\/person\/098f145c7c61a021c425e010f840080f","name":"ni.abdi","image":{"@type":"ImageObject","inLanguage":"de","@id":"https:\/\/territorialchallenges.com\/#\/schema\/person\/image\/","url":"https:\/\/secure.gravatar.com\/avatar\/2a2f2491f3c80039986ba989b1e4b510?s=96&d=identicon&r=g","contentUrl":"https:\/\/secure.gravatar.com\/avatar\/2a2f2491f3c80039986ba989b1e4b510?s=96&d=identicon&r=g","caption":"ni.abdi"},"sameAs":["https:\/\/twitter.com\/Ni.abdi"],"url":"https:\/\/territorialchallenges.com\/de\/author\/ni-abdi\/"}]}},"_links":{"self":[{"href":"https:\/\/territorialchallenges.com\/de\/wp-json\/wp\/v2\/posts\/122380"}],"collection":[{"href":"https:\/\/territorialchallenges.com\/de\/wp-json\/wp\/v2\/posts"}],"about":[{"href":"https:\/\/territorialchallenges.com\/de\/wp-json\/wp\/v2\/types\/post"}],"author":[{"embeddable":true,"href":"https:\/\/territorialchallenges.com\/de\/wp-json\/wp\/v2\/users\/11"}],"replies":[{"embeddable":true,"href":"https:\/\/territorialchallenges.com\/de\/wp-json\/wp\/v2\/comments?post=122380"}],"version-history":[{"count":1,"href":"https:\/\/territorialchallenges.com\/de\/wp-json\/wp\/v2\/posts\/122380\/revisions"}],"predecessor-version":[{"id":122382,"href":"https:\/\/territorialchallenges.com\/de\/wp-json\/wp\/v2\/posts\/122380\/revisions\/122382"}],"wp:featuredmedia":[{"embeddable":true,"href":"https:\/\/territorialchallenges.com\/de\/wp-json\/wp\/v2\/media\/122381"}],"wp:attachment":[{"href":"https:\/\/territorialchallenges.com\/de\/wp-json\/wp\/v2\/media?parent=122380"}],"wp:term":[{"taxonomy":"category","embeddable":true,"href":"https:\/\/territorialchallenges.com\/de\/wp-json\/wp\/v2\/categories?post=122380"},{"taxonomy":"post_tag","embeddable":true,"href":"https:\/\/territorialchallenges.com\/de\/wp-json\/wp\/v2\/tags?post=122380"}],"curies":[{"name":"wp","href":"https:\/\/api.w.org\/{rel}","templated":true}]}}