{"id":122364,"date":"2024-02-26T21:23:07","date_gmt":"2024-02-26T20:23:07","guid":{"rendered":"https:\/\/territorialchallenges.com\/?p=122364"},"modified":"2024-02-26T21:23:56","modified_gmt":"2024-02-26T20:23:56","slug":"aveiro-tech-city-une-revolution-numerique-pour-une-ville-connectee-et-durable","status":"publish","type":"post","link":"https:\/\/territorialchallenges.com\/de\/2024\/02\/26\/aveiro-tech-city-une-revolution-numerique-pour-une-ville-connectee-et-durable\/122364\/","title":{"rendered":"Aveiro Tech City: Eine digitale Revolution f\u00fcr eine vernetzte und nachhaltige Stadt"},"content":{"rendered":"<p>Die portugiesische Stadt Aveiro verwandelt sich dank der innovativen Initiative Aveiro Tech City in ein lebendiges Labor. Dieses ehrgeizige Projekt unter der Leitung der Stadtverwaltung zielt darauf ab, mithilfe von Technologie die Lebensqualit\u00e4t der B\u00fcrger zu verbessern, Governance-Standards neu zu definieren und eine digitale und vernetzte Stadt mit Fokus auf Nachhaltigkeit zu schaffen. Im Mittelpunkt\u2026 <\/p>\n<div class=\"pmpro_content_message\">Artikel nur f\u00fcr Abonnenten sichtbar.<br \/><a href=\"https:\/\/territorialchallenges.com\/wp-login.php\">Verbindung<\/a><br \/><a href=\"https:\/\/territorialchallenges.com\/de\/wp-login.php\/?action=register\">Registrieren<\/a><\/div>","protected":false},"excerpt":{"rendered":"<p>Die portugiesische Stadt Aveiro verwandelt sich dank der innovativen Initiative Aveiro Tech City in ein lebendiges Labor. Dieses ehrgeizige Projekt unter der Leitung der Stadtverwaltung zielt darauf ab, mithilfe von Technologie die Lebensqualit\u00e4t der B\u00fcrger zu verbessern, Governance-Standards neu zu definieren und eine digitale und vernetzte Stadt mit Fokus auf Nachhaltigkeit zu schaffen. Im Mittelpunkt... <\/p>\n<div class=\"pmpro_content_message\">Artikel nur f\u00fcr Abonnenten sichtbar.<br \/><a href=\"https:\/\/territorialchallenges.com\/wp-login.php\">Verbindung<\/a><br \/><a href=\"https:\/\/territorialchallenges.com\/de\/wp-login.php\/?action=register\">Registrieren<\/a><\/div>","protected":false},"author":11,"featured_media":122365,"comment_status":"closed","ping_status":"closed","sticky":true,"template":"","format":"standard","meta":{"pmpro_default_level":0,"footnotes":""},"categories":[120,117],"tags":[],"blocksy_meta":"","yoast_head":"<!-- This site is optimized with the Yoast SEO plugin v21.5 - https:\/\/yoast.com\/wordpress\/plugins\/seo\/ -->\n<title>Aveiro Tech City : Une r\u00e9volution num\u00e9rique pour une ville connect\u00e9e et durable - Territorial Challenges<\/title>\n<meta name=\"robots\" content=\"index, follow, max-snippet:-1, max-image-preview:large, max-video-preview:-1\" \/>\n<link rel=\"canonical\" href=\"https:\/\/territorialchallenges.com\/de\/2024\/02\/26\/aveiro-tech-city-une-revolution-numerique-pour-une-ville-connectee-et-durable\/122364\/\" \/>\n<meta property=\"og:locale\" content=\"de_DE\" \/>\n<meta property=\"og:type\" content=\"article\" \/>\n<meta property=\"og:title\" content=\"Aveiro Tech City : Une r\u00e9volution num\u00e9rique pour une ville connect\u00e9e et durable - Territorial Challenges\" \/>\n<meta property=\"og:description\" content=\"La ville d&rsquo;Aveiro, au Portugal, se m\u00e9tamorphose en laboratoire vivant gr\u00e2ce \u00e0 l&rsquo;initiative innovante Aveiro Tech City. Port\u00e9e par la municipalit\u00e9, cette entreprise ambitieuse vise \u00e0 exploiter la technologie pour am\u00e9liorer la qualit\u00e9 de vie des citoyens, red\u00e9finir les normes de gouvernance et cr\u00e9er une ville num\u00e9rique et connect\u00e9e ax\u00e9e sur la durabilit\u00e9. Au c\u0153ur [&hellip;]\" \/>\n<meta property=\"og:url\" content=\"https:\/\/territorialchallenges.com\/de\/2024\/02\/26\/aveiro-tech-city-une-revolution-numerique-pour-une-ville-connectee-et-durable\/122364\/\" \/>\n<meta property=\"og:site_name\" content=\"Territorial Challenges\" \/>\n<meta property=\"article:published_time\" content=\"2024-02-26T20:23:07+00:00\" \/>\n<meta property=\"article:modified_time\" content=\"2024-02-26T20:23:56+00:00\" \/>\n<meta property=\"og:image\" content=\"https:\/\/territorialchallenges.com\/wp-content\/uploads\/2024\/02\/IlsestpasseAaveiro.jpg\" \/>\n\t<meta property=\"og:image:width\" content=\"1280\" \/>\n\t<meta property=\"og:image:height\" content=\"960\" \/>\n\t<meta property=\"og:image:type\" content=\"image\/jpeg\" \/>\n<meta name=\"author\" content=\"ni.abdi\" \/>\n<meta name=\"twitter:card\" content=\"summary_large_image\" \/>\n<meta name=\"twitter:creator\" content=\"@Ni.abdi\" \/>\n<meta name=\"twitter:label1\" content=\"Verfasst von\" \/>\n\t<meta name=\"twitter:data1\" content=\"ni.abdi\" \/>\n\t<meta name=\"twitter:label2\" content=\"Gesch\u00e4tzte Lesezeit\" \/>\n\t<meta name=\"twitter:data2\" content=\"4\u00a0Minuten\" \/>\n<script type=\"application\/ld+json\" class=\"yoast-schema-graph\">{\"@context\":\"https:\/\/schema.org\",\"@graph\":[{\"@type\":\"Article\",\"@id\":\"https:\/\/territorialchallenges.com\/2024\/02\/26\/aveiro-tech-city-une-revolution-numerique-pour-une-ville-connectee-et-durable\/122364\/#article\",\"isPartOf\":{\"@id\":\"https:\/\/territorialchallenges.com\/2024\/02\/26\/aveiro-tech-city-une-revolution-numerique-pour-une-ville-connectee-et-durable\/122364\/\"},\"author\":{\"name\":\"ni.abdi\",\"@id\":\"https:\/\/territorialchallenges.com\/#\/schema\/person\/098f145c7c61a021c425e010f840080f\"},\"headline\":\"Aveiro Tech City : Une r\u00e9volution num\u00e9rique pour une ville connect\u00e9e et durable\",\"datePublished\":\"2024-02-26T20:23:07+00:00\",\"dateModified\":\"2024-02-26T20:23:56+00:00\",\"mainEntityOfPage\":{\"@id\":\"https:\/\/territorialchallenges.com\/2024\/02\/26\/aveiro-tech-city-une-revolution-numerique-pour-une-ville-connectee-et-durable\/122364\/\"},\"wordCount\":692,\"publisher\":{\"@id\":\"https:\/\/territorialchallenges.com\/#organization\"},\"articleSection\":[\"Il s'est pass\u00e9 \u00e0\",\"\u00c9cosyst\u00e8me\"],\"inLanguage\":\"de\"},{\"@type\":\"WebPage\",\"@id\":\"https:\/\/territorialchallenges.com\/2024\/02\/26\/aveiro-tech-city-une-revolution-numerique-pour-une-ville-connectee-et-durable\/122364\/\",\"url\":\"https:\/\/territorialchallenges.com\/2024\/02\/26\/aveiro-tech-city-une-revolution-numerique-pour-une-ville-connectee-et-durable\/122364\/\",\"name\":\"Aveiro Tech City : Une r\u00e9volution num\u00e9rique pour une ville connect\u00e9e et durable - Territorial Challenges\",\"isPartOf\":{\"@id\":\"https:\/\/territorialchallenges.com\/#website\"},\"datePublished\":\"2024-02-26T20:23:07+00:00\",\"dateModified\":\"2024-02-26T20:23:56+00:00\",\"breadcrumb\":{\"@id\":\"https:\/\/territorialchallenges.com\/2024\/02\/26\/aveiro-tech-city-une-revolution-numerique-pour-une-ville-connectee-et-durable\/122364\/#breadcrumb\"},\"inLanguage\":\"de\",\"potentialAction\":[{\"@type\":\"ReadAction\",\"target\":[\"https:\/\/territorialchallenges.com\/2024\/02\/26\/aveiro-tech-city-une-revolution-numerique-pour-une-ville-connectee-et-durable\/122364\/\"]}]},{\"@type\":\"BreadcrumbList\",\"@id\":\"https:\/\/territorialchallenges.com\/2024\/02\/26\/aveiro-tech-city-une-revolution-numerique-pour-une-ville-connectee-et-durable\/122364\/#breadcrumb\",\"itemListElement\":[{\"@type\":\"ListItem\",\"position\":1,\"name\":\"Home\",\"item\":\"https:\/\/territorialchallenges.com\/\"},{\"@type\":\"ListItem\",\"position\":2,\"name\":\"Aveiro Tech City : Une r\u00e9volution num\u00e9rique pour une ville connect\u00e9e et durable\"}]},{\"@type\":\"WebSite\",\"@id\":\"https:\/\/territorialchallenges.com\/#website\",\"url\":\"https:\/\/territorialchallenges.com\/\",\"name\":\"Territorial Challenges\",\"description\":\"Veille Internationale - Strat\u00e9gie Intelligentes - Bonnes pratiques\",\"publisher\":{\"@id\":\"https:\/\/territorialchallenges.com\/#organization\"},\"potentialAction\":[{\"@type\":\"SearchAction\",\"target\":{\"@type\":\"EntryPoint\",\"urlTemplate\":\"https:\/\/territorialchallenges.com\/?s={search_term_string}\"},\"query-input\":\"required name=search_term_string\"}],\"inLanguage\":\"de\"},{\"@type\":\"Organization\",\"@id\":\"https:\/\/territorialchallenges.com\/#organization\",\"name\":\"Territorial Challenges\",\"url\":\"https:\/\/territorialchallenges.com\/\",\"logo\":{\"@type\":\"ImageObject\",\"inLanguage\":\"de\",\"@id\":\"https:\/\/territorialchallenges.com\/#\/schema\/logo\/image\/\",\"url\":\"https:\/\/territorialchallenges.com\/wp-content\/uploads\/2023\/10\/logo-1.png\",\"contentUrl\":\"https:\/\/territorialchallenges.com\/wp-content\/uploads\/2023\/10\/logo-1.png\",\"width\":1832,\"height\":576,\"caption\":\"Territorial Challenges\"},\"image\":{\"@id\":\"https:\/\/territorialchallenges.com\/#\/schema\/logo\/image\/\"}},{\"@type\":\"Person\",\"@id\":\"https:\/\/territorialchallenges.com\/#\/schema\/person\/098f145c7c61a021c425e010f840080f\",\"name\":\"ni.abdi\",\"image\":{\"@type\":\"ImageObject\",\"inLanguage\":\"de\",\"@id\":\"https:\/\/territorialchallenges.com\/#\/schema\/person\/image\/\",\"url\":\"https:\/\/secure.gravatar.com\/avatar\/2a2f2491f3c80039986ba989b1e4b510?s=96&d=identicon&r=g\",\"contentUrl\":\"https:\/\/secure.gravatar.com\/avatar\/2a2f2491f3c80039986ba989b1e4b510?s=96&d=identicon&r=g\",\"caption\":\"ni.abdi\"},\"sameAs\":[\"https:\/\/twitter.com\/Ni.abdi\"],\"url\":\"https:\/\/territorialchallenges.com\/de\/author\/ni-abdi\/\"}]}<\/script>\n<!-- \/ Yoast SEO plugin. -->","yoast_head_json":{"title":"Aveiro Tech City: Eine digitale Revolution f\u00fcr eine vernetzte und nachhaltige Stadt \u2013 Territoriale Herausforderungen","robots":{"index":"index","follow":"follow","max-snippet":"max-snippet:-1","max-image-preview":"max-image-preview:large","max-video-preview":"max-video-preview:-1"},"canonical":"https:\/\/territorialchallenges.com\/de\/2024\/02\/26\/aveiro-tech-city-une-revolution-numerique-pour-une-ville-connectee-et-durable\/122364\/","og_locale":"de_DE","og_type":"article","og_title":"Aveiro Tech City : Une r\u00e9volution num\u00e9rique pour une ville connect\u00e9e et durable - Territorial Challenges","og_description":"La ville d&rsquo;Aveiro, au Portugal, se m\u00e9tamorphose en laboratoire vivant gr\u00e2ce \u00e0 l&rsquo;initiative innovante Aveiro Tech City. Port\u00e9e par la municipalit\u00e9, cette entreprise ambitieuse vise \u00e0 exploiter la technologie pour am\u00e9liorer la qualit\u00e9 de vie des citoyens, red\u00e9finir les normes de gouvernance et cr\u00e9er une ville num\u00e9rique et connect\u00e9e ax\u00e9e sur la durabilit\u00e9. Au c\u0153ur [&hellip;]","og_url":"https:\/\/territorialchallenges.com\/de\/2024\/02\/26\/aveiro-tech-city-une-revolution-numerique-pour-une-ville-connectee-et-durable\/122364\/","og_site_name":"Territorial Challenges","article_published_time":"2024-02-26T20:23:07+00:00","article_modified_time":"2024-02-26T20:23:56+00:00","og_image":[{"width":1280,"height":960,"url":"https:\/\/territorialchallenges.com\/wp-content\/uploads\/2024\/02\/IlsestpasseAaveiro.jpg","type":"image\/jpeg"}],"author":"ni.abdi","twitter_card":"summary_large_image","twitter_creator":"@Ni.abdi","twitter_misc":{"Verfasst von":"ni.abdi","Gesch\u00e4tzte Lesezeit":"4\u00a0Minuten"},"schema":{"@context":"https:\/\/schema.org","@graph":[{"@type":"Article","@id":"https:\/\/territorialchallenges.com\/2024\/02\/26\/aveiro-tech-city-une-revolution-numerique-pour-une-ville-connectee-et-durable\/122364\/#article","isPartOf":{"@id":"https:\/\/territorialchallenges.com\/2024\/02\/26\/aveiro-tech-city-une-revolution-numerique-pour-une-ville-connectee-et-durable\/122364\/"},"author":{"name":"ni.abdi","@id":"https:\/\/territorialchallenges.com\/#\/schema\/person\/098f145c7c61a021c425e010f840080f"},"headline":"Aveiro Tech City : Une r\u00e9volution num\u00e9rique pour une ville connect\u00e9e et durable","datePublished":"2024-02-26T20:23:07+00:00","dateModified":"2024-02-26T20:23:56+00:00","mainEntityOfPage":{"@id":"https:\/\/territorialchallenges.com\/2024\/02\/26\/aveiro-tech-city-une-revolution-numerique-pour-une-ville-connectee-et-durable\/122364\/"},"wordCount":692,"publisher":{"@id":"https:\/\/territorialchallenges.com\/#organization"},"articleSection":["Il s'est pass\u00e9 \u00e0","\u00c9cosyst\u00e8me"],"inLanguage":"de"},{"@type":"WebPage","@id":"https:\/\/territorialchallenges.com\/2024\/02\/26\/aveiro-tech-city-une-revolution-numerique-pour-une-ville-connectee-et-durable\/122364\/","url":"https:\/\/territorialchallenges.com\/2024\/02\/26\/aveiro-tech-city-une-revolution-numerique-pour-une-ville-connectee-et-durable\/122364\/","name":"Aveiro Tech City: Eine digitale Revolution f\u00fcr eine vernetzte und nachhaltige Stadt \u2013 Territoriale Herausforderungen","isPartOf":{"@id":"https:\/\/territorialchallenges.com\/#website"},"datePublished":"2024-02-26T20:23:07+00:00","dateModified":"2024-02-26T20:23:56+00:00","breadcrumb":{"@id":"https:\/\/territorialchallenges.com\/2024\/02\/26\/aveiro-tech-city-une-revolution-numerique-pour-une-ville-connectee-et-durable\/122364\/#breadcrumb"},"inLanguage":"de","potentialAction":[{"@type":"ReadAction","target":["https:\/\/territorialchallenges.com\/2024\/02\/26\/aveiro-tech-city-une-revolution-numerique-pour-une-ville-connectee-et-durable\/122364\/"]}]},{"@type":"BreadcrumbList","@id":"https:\/\/territorialchallenges.com\/2024\/02\/26\/aveiro-tech-city-une-revolution-numerique-pour-une-ville-connectee-et-durable\/122364\/#breadcrumb","itemListElement":[{"@type":"ListItem","position":1,"name":"Home","item":"https:\/\/territorialchallenges.com\/"},{"@type":"ListItem","position":2,"name":"Aveiro Tech City : Une r\u00e9volution num\u00e9rique pour une ville connect\u00e9e et durable"}]},{"@type":"WebSite","@id":"https:\/\/territorialchallenges.com\/#website","url":"https:\/\/territorialchallenges.com\/","name":"Territoriale Herausforderungen","description":"Internationales Monitoring \u2013 Intelligente Strategien \u2013 Best Practices","publisher":{"@id":"https:\/\/territorialchallenges.com\/#organization"},"potentialAction":[{"@type":"SearchAction","target":{"@type":"EntryPoint","urlTemplate":"https:\/\/territorialchallenges.com\/?s={search_term_string}"},"query-input":"required name=search_term_string"}],"inLanguage":"de"},{"@type":"Organization","@id":"https:\/\/territorialchallenges.com\/#organization","name":"Territoriale Herausforderungen","url":"https:\/\/territorialchallenges.com\/","logo":{"@type":"ImageObject","inLanguage":"de","@id":"https:\/\/territorialchallenges.com\/#\/schema\/logo\/image\/","url":"https:\/\/territorialchallenges.com\/wp-content\/uploads\/2023\/10\/logo-1.png","contentUrl":"https:\/\/territorialchallenges.com\/wp-content\/uploads\/2023\/10\/logo-1.png","width":1832,"height":576,"caption":"Territorial Challenges"},"image":{"@id":"https:\/\/territorialchallenges.com\/#\/schema\/logo\/image\/"}},{"@type":"Person","@id":"https:\/\/territorialchallenges.com\/#\/schema\/person\/098f145c7c61a021c425e010f840080f","name":"ni.abdi","image":{"@type":"ImageObject","inLanguage":"de","@id":"https:\/\/territorialchallenges.com\/#\/schema\/person\/image\/","url":"https:\/\/secure.gravatar.com\/avatar\/2a2f2491f3c80039986ba989b1e4b510?s=96&d=identicon&r=g","contentUrl":"https:\/\/secure.gravatar.com\/avatar\/2a2f2491f3c80039986ba989b1e4b510?s=96&d=identicon&r=g","caption":"ni.abdi"},"sameAs":["https:\/\/twitter.com\/Ni.abdi"],"url":"https:\/\/territorialchallenges.com\/de\/author\/ni-abdi\/"}]}},"_links":{"self":[{"href":"https:\/\/territorialchallenges.com\/de\/wp-json\/wp\/v2\/posts\/122364"}],"collection":[{"href":"https:\/\/territorialchallenges.com\/de\/wp-json\/wp\/v2\/posts"}],"about":[{"href":"https:\/\/territorialchallenges.com\/de\/wp-json\/wp\/v2\/types\/post"}],"author":[{"embeddable":true,"href":"https:\/\/territorialchallenges.com\/de\/wp-json\/wp\/v2\/users\/11"}],"replies":[{"embeddable":true,"href":"https:\/\/territorialchallenges.com\/de\/wp-json\/wp\/v2\/comments?post=122364"}],"version-history":[{"count":1,"href":"https:\/\/territorialchallenges.com\/de\/wp-json\/wp\/v2\/posts\/122364\/revisions"}],"predecessor-version":[{"id":122366,"href":"https:\/\/territorialchallenges.com\/de\/wp-json\/wp\/v2\/posts\/122364\/revisions\/122366"}],"wp:featuredmedia":[{"embeddable":true,"href":"https:\/\/territorialchallenges.com\/de\/wp-json\/wp\/v2\/media\/122365"}],"wp:attachment":[{"href":"https:\/\/territorialchallenges.com\/de\/wp-json\/wp\/v2\/media?parent=122364"}],"wp:term":[{"taxonomy":"category","embeddable":true,"href":"https:\/\/territorialchallenges.com\/de\/wp-json\/wp\/v2\/categories?post=122364"},{"taxonomy":"post_tag","embeddable":true,"href":"https:\/\/territorialchallenges.com\/de\/wp-json\/wp\/v2\/tags?post=122364"}],"curies":[{"name":"wp","href":"https:\/\/api.w.org\/{rel}","templated":true}]}}