{"id":122350,"date":"2024-02-26T20:59:14","date_gmt":"2024-02-26T19:59:14","guid":{"rendered":"https:\/\/territorialchallenges.com\/?p=122350"},"modified":"2024-02-26T20:59:15","modified_gmt":"2024-02-26T19:59:15","slug":"port-of-kiel-un-cap-vers-un-avenir-maritime-durable","status":"publish","type":"post","link":"https:\/\/territorialchallenges.com\/de\/2024\/02\/26\/port-of-kiel-un-cap-vers-un-avenir-maritime-durable\/122350\/","title":{"rendered":"Port of Kiel: Kurs auf eine nachhaltige maritime Zukunft"},"content":{"rendered":"<p>Die im Herzen der Ostsee gelegene Stadt Kiel startet mit dem Projekt \u201ePort of Kiel\u201c eine nachhaltige Entwicklungsinitiative. Unter der Leitung von Oberb\u00fcrgermeister Ulf K\u00e4mpfer will die Stadt den Hafen zu einem Vorbild f\u00fcr Nachhaltigkeit machen und seinen Betrieb an den h\u00f6chsten Standards f\u00fcr\u2026 ausrichten. <\/p>\n<div class=\"pmpro_content_message\">Artikel nur f\u00fcr Abonnenten sichtbar.<br \/><a href=\"https:\/\/territorialchallenges.com\/wp-login.php\">Verbindung<\/a><br \/><a href=\"https:\/\/territorialchallenges.com\/de\/wp-login.php\/?action=register\">Registrieren<\/a><\/div>","protected":false},"excerpt":{"rendered":"<p>Die im Herzen der Ostsee gelegene Stadt Kiel startet mit dem Projekt \u201ePort of Kiel\u201c eine Initiative f\u00fcr nachhaltige Entwicklung. Unter der Leitung von Oberb\u00fcrgermeister Ulf K\u00e4mpfer m\u00f6chte die Stadt den Hafen zu einem Modell der Nachhaltigkeit machen und seinen Betrieb an den h\u00f6chsten Standards f\u00fcr... <\/p>\n<div class=\"pmpro_content_message\">Artikel nur f\u00fcr Abonnenten sichtbar.<br \/><a href=\"https:\/\/territorialchallenges.com\/wp-login.php\">Verbindung<\/a><br \/><a href=\"https:\/\/territorialchallenges.com\/de\/wp-login.php\/?action=register\">Registrieren<\/a><\/div>","protected":false},"author":11,"featured_media":122351,"comment_status":"closed","ping_status":"closed","sticky":true,"template":"","format":"standard","meta":{"pmpro_default_level":0,"footnotes":""},"categories":[17,127],"tags":[],"blocksy_meta":"","yoast_head":"<!-- This site is optimized with the Yoast SEO plugin v21.5 - https:\/\/yoast.com\/wordpress\/plugins\/seo\/ -->\n<title>Port of Kiel : un cap vers un avenir maritime durable - Territorial Challenges<\/title>\n<meta name=\"robots\" content=\"index, follow, max-snippet:-1, max-image-preview:large, max-video-preview:-1\" \/>\n<link rel=\"canonical\" href=\"https:\/\/territorialchallenges.com\/de\/2024\/02\/26\/port-of-kiel-un-cap-vers-un-avenir-maritime-durable\/122350\/\" \/>\n<meta property=\"og:locale\" content=\"de_DE\" \/>\n<meta property=\"og:type\" content=\"article\" \/>\n<meta property=\"og:title\" content=\"Port of Kiel : un cap vers un avenir maritime durable - Territorial Challenges\" \/>\n<meta property=\"og:description\" content=\"Situ\u00e9e au c\u0153ur de la mer Baltique, la ville de Kiel en Allemagne se lance dans une initiative de d\u00e9veloppement durable avec son projet \u00ab\u00a0Port of Kiel\u00a0\u00bb. Sous la direction du maire Ulf K\u00e4mpfer, la ville vise \u00e0 faire du port un mod\u00e8le de durabilit\u00e9, alignant ses activit\u00e9s sur les normes les plus strictes pour [&hellip;]\" \/>\n<meta property=\"og:url\" content=\"https:\/\/territorialchallenges.com\/de\/2024\/02\/26\/port-of-kiel-un-cap-vers-un-avenir-maritime-durable\/122350\/\" \/>\n<meta property=\"og:site_name\" content=\"Territorial Challenges\" \/>\n<meta property=\"article:published_time\" content=\"2024-02-26T19:59:14+00:00\" \/>\n<meta property=\"article:modified_time\" content=\"2024-02-26T19:59:15+00:00\" \/>\n<meta property=\"og:image\" content=\"https:\/\/territorialchallenges.com\/wp-content\/uploads\/2024\/02\/KielPhoto.jpg\" \/>\n\t<meta property=\"og:image:width\" content=\"300\" \/>\n\t<meta property=\"og:image:height\" content=\"171\" \/>\n\t<meta property=\"og:image:type\" content=\"image\/jpeg\" \/>\n<meta name=\"author\" content=\"ni.abdi\" \/>\n<meta name=\"twitter:card\" content=\"summary_large_image\" \/>\n<meta name=\"twitter:creator\" content=\"@Ni.abdi\" \/>\n<meta name=\"twitter:label1\" content=\"Verfasst von\" \/>\n\t<meta name=\"twitter:data1\" content=\"ni.abdi\" \/>\n\t<meta name=\"twitter:label2\" content=\"Gesch\u00e4tzte Lesezeit\" \/>\n\t<meta name=\"twitter:data2\" content=\"3\u00a0Minuten\" \/>\n<script type=\"application\/ld+json\" class=\"yoast-schema-graph\">{\"@context\":\"https:\/\/schema.org\",\"@graph\":[{\"@type\":\"Article\",\"@id\":\"https:\/\/territorialchallenges.com\/2024\/02\/26\/port-of-kiel-un-cap-vers-un-avenir-maritime-durable\/122350\/#article\",\"isPartOf\":{\"@id\":\"https:\/\/territorialchallenges.com\/2024\/02\/26\/port-of-kiel-un-cap-vers-un-avenir-maritime-durable\/122350\/\"},\"author\":{\"name\":\"ni.abdi\",\"@id\":\"https:\/\/territorialchallenges.com\/#\/schema\/person\/098f145c7c61a021c425e010f840080f\"},\"headline\":\"Port of Kiel : un cap vers un avenir maritime durable\",\"datePublished\":\"2024-02-26T19:59:14+00:00\",\"dateModified\":\"2024-02-26T19:59:15+00:00\",\"mainEntityOfPage\":{\"@id\":\"https:\/\/territorialchallenges.com\/2024\/02\/26\/port-of-kiel-un-cap-vers-un-avenir-maritime-durable\/122350\/\"},\"wordCount\":611,\"publisher\":{\"@id\":\"https:\/\/territorialchallenges.com\/#organization\"},\"articleSection\":[\"Industrie 5.0\",\"Actualit\u00e9 Europe\"],\"inLanguage\":\"de\"},{\"@type\":\"WebPage\",\"@id\":\"https:\/\/territorialchallenges.com\/2024\/02\/26\/port-of-kiel-un-cap-vers-un-avenir-maritime-durable\/122350\/\",\"url\":\"https:\/\/territorialchallenges.com\/2024\/02\/26\/port-of-kiel-un-cap-vers-un-avenir-maritime-durable\/122350\/\",\"name\":\"Port of Kiel : un cap vers un avenir maritime durable - Territorial Challenges\",\"isPartOf\":{\"@id\":\"https:\/\/territorialchallenges.com\/#website\"},\"datePublished\":\"2024-02-26T19:59:14+00:00\",\"dateModified\":\"2024-02-26T19:59:15+00:00\",\"breadcrumb\":{\"@id\":\"https:\/\/territorialchallenges.com\/2024\/02\/26\/port-of-kiel-un-cap-vers-un-avenir-maritime-durable\/122350\/#breadcrumb\"},\"inLanguage\":\"de\",\"potentialAction\":[{\"@type\":\"ReadAction\",\"target\":[\"https:\/\/territorialchallenges.com\/2024\/02\/26\/port-of-kiel-un-cap-vers-un-avenir-maritime-durable\/122350\/\"]}]},{\"@type\":\"BreadcrumbList\",\"@id\":\"https:\/\/territorialchallenges.com\/2024\/02\/26\/port-of-kiel-un-cap-vers-un-avenir-maritime-durable\/122350\/#breadcrumb\",\"itemListElement\":[{\"@type\":\"ListItem\",\"position\":1,\"name\":\"Home\",\"item\":\"https:\/\/territorialchallenges.com\/\"},{\"@type\":\"ListItem\",\"position\":2,\"name\":\"Port of Kiel : un cap vers un avenir maritime durable\"}]},{\"@type\":\"WebSite\",\"@id\":\"https:\/\/territorialchallenges.com\/#website\",\"url\":\"https:\/\/territorialchallenges.com\/\",\"name\":\"Territorial Challenges\",\"description\":\"Veille Internationale - Strat\u00e9gie Intelligentes - Bonnes pratiques\",\"publisher\":{\"@id\":\"https:\/\/territorialchallenges.com\/#organization\"},\"potentialAction\":[{\"@type\":\"SearchAction\",\"target\":{\"@type\":\"EntryPoint\",\"urlTemplate\":\"https:\/\/territorialchallenges.com\/?s={search_term_string}\"},\"query-input\":\"required name=search_term_string\"}],\"inLanguage\":\"de\"},{\"@type\":\"Organization\",\"@id\":\"https:\/\/territorialchallenges.com\/#organization\",\"name\":\"Territorial Challenges\",\"url\":\"https:\/\/territorialchallenges.com\/\",\"logo\":{\"@type\":\"ImageObject\",\"inLanguage\":\"de\",\"@id\":\"https:\/\/territorialchallenges.com\/#\/schema\/logo\/image\/\",\"url\":\"https:\/\/territorialchallenges.com\/wp-content\/uploads\/2023\/10\/logo-1.png\",\"contentUrl\":\"https:\/\/territorialchallenges.com\/wp-content\/uploads\/2023\/10\/logo-1.png\",\"width\":1832,\"height\":576,\"caption\":\"Territorial Challenges\"},\"image\":{\"@id\":\"https:\/\/territorialchallenges.com\/#\/schema\/logo\/image\/\"}},{\"@type\":\"Person\",\"@id\":\"https:\/\/territorialchallenges.com\/#\/schema\/person\/098f145c7c61a021c425e010f840080f\",\"name\":\"ni.abdi\",\"image\":{\"@type\":\"ImageObject\",\"inLanguage\":\"de\",\"@id\":\"https:\/\/territorialchallenges.com\/#\/schema\/person\/image\/\",\"url\":\"https:\/\/secure.gravatar.com\/avatar\/2a2f2491f3c80039986ba989b1e4b510?s=96&d=identicon&r=g\",\"contentUrl\":\"https:\/\/secure.gravatar.com\/avatar\/2a2f2491f3c80039986ba989b1e4b510?s=96&d=identicon&r=g\",\"caption\":\"ni.abdi\"},\"sameAs\":[\"https:\/\/twitter.com\/Ni.abdi\"],\"url\":\"https:\/\/territorialchallenges.com\/de\/author\/ni-abdi\/\"}]}<\/script>\n<!-- \/ Yoast SEO plugin. -->","yoast_head_json":{"title":"Hafen Kiel: Auf dem Weg in eine nachhaltige maritime Zukunft \u2013 Territoriale Herausforderungen","robots":{"index":"index","follow":"follow","max-snippet":"max-snippet:-1","max-image-preview":"max-image-preview:large","max-video-preview":"max-video-preview:-1"},"canonical":"https:\/\/territorialchallenges.com\/de\/2024\/02\/26\/port-of-kiel-un-cap-vers-un-avenir-maritime-durable\/122350\/","og_locale":"de_DE","og_type":"article","og_title":"Port of Kiel : un cap vers un avenir maritime durable - Territorial Challenges","og_description":"Situ\u00e9e au c\u0153ur de la mer Baltique, la ville de Kiel en Allemagne se lance dans une initiative de d\u00e9veloppement durable avec son projet \u00ab\u00a0Port of Kiel\u00a0\u00bb. Sous la direction du maire Ulf K\u00e4mpfer, la ville vise \u00e0 faire du port un mod\u00e8le de durabilit\u00e9, alignant ses activit\u00e9s sur les normes les plus strictes pour [&hellip;]","og_url":"https:\/\/territorialchallenges.com\/de\/2024\/02\/26\/port-of-kiel-un-cap-vers-un-avenir-maritime-durable\/122350\/","og_site_name":"Territorial Challenges","article_published_time":"2024-02-26T19:59:14+00:00","article_modified_time":"2024-02-26T19:59:15+00:00","og_image":[{"width":300,"height":171,"url":"https:\/\/territorialchallenges.com\/wp-content\/uploads\/2024\/02\/KielPhoto.jpg","type":"image\/jpeg"}],"author":"ni.abdi","twitter_card":"summary_large_image","twitter_creator":"@Ni.abdi","twitter_misc":{"Verfasst von":"ni.abdi","Gesch\u00e4tzte Lesezeit":"3\u00a0Minuten"},"schema":{"@context":"https:\/\/schema.org","@graph":[{"@type":"Article","@id":"https:\/\/territorialchallenges.com\/2024\/02\/26\/port-of-kiel-un-cap-vers-un-avenir-maritime-durable\/122350\/#article","isPartOf":{"@id":"https:\/\/territorialchallenges.com\/2024\/02\/26\/port-of-kiel-un-cap-vers-un-avenir-maritime-durable\/122350\/"},"author":{"name":"ni.abdi","@id":"https:\/\/territorialchallenges.com\/#\/schema\/person\/098f145c7c61a021c425e010f840080f"},"headline":"Port of Kiel : un cap vers un avenir maritime durable","datePublished":"2024-02-26T19:59:14+00:00","dateModified":"2024-02-26T19:59:15+00:00","mainEntityOfPage":{"@id":"https:\/\/territorialchallenges.com\/2024\/02\/26\/port-of-kiel-un-cap-vers-un-avenir-maritime-durable\/122350\/"},"wordCount":611,"publisher":{"@id":"https:\/\/territorialchallenges.com\/#organization"},"articleSection":["Industrie 5.0","Actualit\u00e9 Europe"],"inLanguage":"de"},{"@type":"WebPage","@id":"https:\/\/territorialchallenges.com\/2024\/02\/26\/port-of-kiel-un-cap-vers-un-avenir-maritime-durable\/122350\/","url":"https:\/\/territorialchallenges.com\/2024\/02\/26\/port-of-kiel-un-cap-vers-un-avenir-maritime-durable\/122350\/","name":"Hafen Kiel: Auf dem Weg in eine nachhaltige maritime Zukunft \u2013 Territoriale Herausforderungen","isPartOf":{"@id":"https:\/\/territorialchallenges.com\/#website"},"datePublished":"2024-02-26T19:59:14+00:00","dateModified":"2024-02-26T19:59:15+00:00","breadcrumb":{"@id":"https:\/\/territorialchallenges.com\/2024\/02\/26\/port-of-kiel-un-cap-vers-un-avenir-maritime-durable\/122350\/#breadcrumb"},"inLanguage":"de","potentialAction":[{"@type":"ReadAction","target":["https:\/\/territorialchallenges.com\/2024\/02\/26\/port-of-kiel-un-cap-vers-un-avenir-maritime-durable\/122350\/"]}]},{"@type":"BreadcrumbList","@id":"https:\/\/territorialchallenges.com\/2024\/02\/26\/port-of-kiel-un-cap-vers-un-avenir-maritime-durable\/122350\/#breadcrumb","itemListElement":[{"@type":"ListItem","position":1,"name":"Home","item":"https:\/\/territorialchallenges.com\/"},{"@type":"ListItem","position":2,"name":"Port of Kiel : un cap vers un avenir maritime durable"}]},{"@type":"WebSite","@id":"https:\/\/territorialchallenges.com\/#website","url":"https:\/\/territorialchallenges.com\/","name":"Territoriale Herausforderungen","description":"Internationales Monitoring \u2013 Intelligente Strategien \u2013 Best Practices","publisher":{"@id":"https:\/\/territorialchallenges.com\/#organization"},"potentialAction":[{"@type":"SearchAction","target":{"@type":"EntryPoint","urlTemplate":"https:\/\/territorialchallenges.com\/?s={search_term_string}"},"query-input":"required name=search_term_string"}],"inLanguage":"de"},{"@type":"Organization","@id":"https:\/\/territorialchallenges.com\/#organization","name":"Territoriale Herausforderungen","url":"https:\/\/territorialchallenges.com\/","logo":{"@type":"ImageObject","inLanguage":"de","@id":"https:\/\/territorialchallenges.com\/#\/schema\/logo\/image\/","url":"https:\/\/territorialchallenges.com\/wp-content\/uploads\/2023\/10\/logo-1.png","contentUrl":"https:\/\/territorialchallenges.com\/wp-content\/uploads\/2023\/10\/logo-1.png","width":1832,"height":576,"caption":"Territorial Challenges"},"image":{"@id":"https:\/\/territorialchallenges.com\/#\/schema\/logo\/image\/"}},{"@type":"Person","@id":"https:\/\/territorialchallenges.com\/#\/schema\/person\/098f145c7c61a021c425e010f840080f","name":"ni.abdi","image":{"@type":"ImageObject","inLanguage":"de","@id":"https:\/\/territorialchallenges.com\/#\/schema\/person\/image\/","url":"https:\/\/secure.gravatar.com\/avatar\/2a2f2491f3c80039986ba989b1e4b510?s=96&d=identicon&r=g","contentUrl":"https:\/\/secure.gravatar.com\/avatar\/2a2f2491f3c80039986ba989b1e4b510?s=96&d=identicon&r=g","caption":"ni.abdi"},"sameAs":["https:\/\/twitter.com\/Ni.abdi"],"url":"https:\/\/territorialchallenges.com\/de\/author\/ni-abdi\/"}]}},"_links":{"self":[{"href":"https:\/\/territorialchallenges.com\/de\/wp-json\/wp\/v2\/posts\/122350"}],"collection":[{"href":"https:\/\/territorialchallenges.com\/de\/wp-json\/wp\/v2\/posts"}],"about":[{"href":"https:\/\/territorialchallenges.com\/de\/wp-json\/wp\/v2\/types\/post"}],"author":[{"embeddable":true,"href":"https:\/\/territorialchallenges.com\/de\/wp-json\/wp\/v2\/users\/11"}],"replies":[{"embeddable":true,"href":"https:\/\/territorialchallenges.com\/de\/wp-json\/wp\/v2\/comments?post=122350"}],"version-history":[{"count":1,"href":"https:\/\/territorialchallenges.com\/de\/wp-json\/wp\/v2\/posts\/122350\/revisions"}],"predecessor-version":[{"id":122352,"href":"https:\/\/territorialchallenges.com\/de\/wp-json\/wp\/v2\/posts\/122350\/revisions\/122352"}],"wp:featuredmedia":[{"embeddable":true,"href":"https:\/\/territorialchallenges.com\/de\/wp-json\/wp\/v2\/media\/122351"}],"wp:attachment":[{"href":"https:\/\/territorialchallenges.com\/de\/wp-json\/wp\/v2\/media?parent=122350"}],"wp:term":[{"taxonomy":"category","embeddable":true,"href":"https:\/\/territorialchallenges.com\/de\/wp-json\/wp\/v2\/categories?post=122350"},{"taxonomy":"post_tag","embeddable":true,"href":"https:\/\/territorialchallenges.com\/de\/wp-json\/wp\/v2\/tags?post=122350"}],"curies":[{"name":"wp","href":"https:\/\/api.w.org\/{rel}","templated":true}]}}