{"id":122256,"date":"2024-02-05T22:09:07","date_gmt":"2024-02-05T21:09:07","guid":{"rendered":"https:\/\/territorialchallenges.com\/?p=122256"},"modified":"2024-02-05T22:09:08","modified_gmt":"2024-02-05T21:09:08","slug":"kurt-hofstetter-architecte-du-developpement-durable-a-vienne","status":"publish","type":"post","link":"https:\/\/territorialchallenges.com\/de\/2024\/02\/05\/kurt-hofstetter-architecte-du-developpement-durable-a-vienne\/122256\/","title":{"rendered":"Kurt Hofstetter: Nachhaltiger Entwicklungsarchitekt in Wien"},"content":{"rendered":"<p>Kurt Hofstetter verk\u00f6rpert das Engagement und die Vision einer nachhaltigen Entwicklung in der \u00f6sterreichischen Hauptstadt. Der Stadtplaner, Absolvent der Universit\u00e4t f\u00fcr Bodenkultur Wien, hat in seiner drei Jahrzehnte w\u00e4hrenden Karriere im Dienste der Stadt das Stadtbild der \u00f6sterreichischen Hauptstadt ma\u00dfgeblich gepr\u00e4gt. <\/p>\n<div class=\"pmpro_content_message\">Artikel nur f\u00fcr Abonnenten sichtbar.<br \/><a href=\"https:\/\/territorialchallenges.com\/wp-login.php\">Verbindung<\/a><br \/><a href=\"https:\/\/territorialchallenges.com\/de\/wp-login.php\/?action=register\">Registrieren<\/a><\/div>","protected":false},"excerpt":{"rendered":"<p>Kurt Hofstetter, incarne l&rsquo;engagement et la vision pour le d\u00e9veloppement durable de la capitale autrichienne. Fort d&rsquo;une carri\u00e8re de trois d\u00e9cennies au service de la ville, cet urbaniste dipl\u00f4m\u00e9 de l&rsquo;Universit\u00e9 des ressources naturelles et des sciences appliqu\u00e9es de la vie de Vienne a marqu\u00e9 de son empreinte le paysage urbain de la capitale autrichienne.... <\/p>\n<div class=\"pmpro_content_message\">Artikel nur f\u00fcr Abonnenten sichtbar.<br \/><a href=\"https:\/\/territorialchallenges.com\/wp-login.php\">Verbindung<\/a><br \/><a href=\"https:\/\/territorialchallenges.com\/de\/wp-login.php\/?action=register\">Registrieren<\/a><\/div>","protected":false},"author":11,"featured_media":122257,"comment_status":"closed","ping_status":"closed","sticky":true,"template":"","format":"standard","meta":{"pmpro_default_level":0,"footnotes":""},"categories":[126,117],"tags":[],"blocksy_meta":"","yoast_head":"<!-- This site is optimized with the Yoast SEO plugin v21.5 - https:\/\/yoast.com\/wordpress\/plugins\/seo\/ -->\n<title>Kurt Hofstetter : architecte du d\u00e9veloppement durable \u00e0 Vienne - Territorial Challenges<\/title>\n<meta name=\"robots\" content=\"index, follow, max-snippet:-1, max-image-preview:large, max-video-preview:-1\" \/>\n<link rel=\"canonical\" href=\"https:\/\/territorialchallenges.com\/de\/2024\/02\/05\/kurt-hofstetter-architecte-du-developpement-durable-a-vienne\/122256\/\" \/>\n<meta property=\"og:locale\" content=\"de_DE\" \/>\n<meta property=\"og:type\" content=\"article\" \/>\n<meta property=\"og:title\" content=\"Kurt Hofstetter : architecte du d\u00e9veloppement durable \u00e0 Vienne - Territorial Challenges\" \/>\n<meta property=\"og:description\" content=\"Kurt Hofstetter, incarne l&rsquo;engagement et la vision pour le d\u00e9veloppement durable de la capitale autrichienne. Fort d&rsquo;une carri\u00e8re de trois d\u00e9cennies au service de la ville, cet urbaniste dipl\u00f4m\u00e9 de l&rsquo;Universit\u00e9 des ressources naturelles et des sciences appliqu\u00e9es de la vie de Vienne a marqu\u00e9 de son empreinte le paysage urbain de la capitale autrichienne. [&hellip;]\" \/>\n<meta property=\"og:url\" content=\"https:\/\/territorialchallenges.com\/de\/2024\/02\/05\/kurt-hofstetter-architecte-du-developpement-durable-a-vienne\/122256\/\" \/>\n<meta property=\"og:site_name\" content=\"Territorial Challenges\" \/>\n<meta property=\"article:published_time\" content=\"2024-02-05T21:09:07+00:00\" \/>\n<meta property=\"article:modified_time\" content=\"2024-02-05T21:09:08+00:00\" \/>\n<meta property=\"og:image\" content=\"https:\/\/territorialchallenges.com\/wp-content\/uploads\/2024\/02\/OnparledeuxKurt_Hofstette.jpg\" \/>\n\t<meta property=\"og:image:width\" content=\"223\" \/>\n\t<meta property=\"og:image:height\" content=\"292\" \/>\n\t<meta property=\"og:image:type\" content=\"image\/jpeg\" \/>\n<meta name=\"author\" content=\"ni.abdi\" \/>\n<meta name=\"twitter:card\" content=\"summary_large_image\" \/>\n<meta name=\"twitter:creator\" content=\"@Ni.abdi\" \/>\n<meta name=\"twitter:label1\" content=\"Verfasst von\" \/>\n\t<meta name=\"twitter:data1\" content=\"ni.abdi\" \/>\n\t<meta name=\"twitter:label2\" content=\"Gesch\u00e4tzte Lesezeit\" \/>\n\t<meta name=\"twitter:data2\" content=\"4\u00a0Minuten\" \/>\n<script type=\"application\/ld+json\" class=\"yoast-schema-graph\">{\"@context\":\"https:\/\/schema.org\",\"@graph\":[{\"@type\":\"Article\",\"@id\":\"https:\/\/territorialchallenges.com\/2024\/02\/05\/kurt-hofstetter-architecte-du-developpement-durable-a-vienne\/122256\/#article\",\"isPartOf\":{\"@id\":\"https:\/\/territorialchallenges.com\/2024\/02\/05\/kurt-hofstetter-architecte-du-developpement-durable-a-vienne\/122256\/\"},\"author\":{\"name\":\"ni.abdi\",\"@id\":\"https:\/\/territorialchallenges.com\/#\/schema\/person\/098f145c7c61a021c425e010f840080f\"},\"headline\":\"Kurt Hofstetter : architecte du d\u00e9veloppement durable \u00e0 Vienne\",\"datePublished\":\"2024-02-05T21:09:07+00:00\",\"dateModified\":\"2024-02-05T21:09:08+00:00\",\"mainEntityOfPage\":{\"@id\":\"https:\/\/territorialchallenges.com\/2024\/02\/05\/kurt-hofstetter-architecte-du-developpement-durable-a-vienne\/122256\/\"},\"wordCount\":720,\"publisher\":{\"@id\":\"https:\/\/territorialchallenges.com\/#organization\"},\"articleSection\":[\"On parle d'eux\",\"\u00c9cosyst\u00e8me\"],\"inLanguage\":\"de\"},{\"@type\":\"WebPage\",\"@id\":\"https:\/\/territorialchallenges.com\/2024\/02\/05\/kurt-hofstetter-architecte-du-developpement-durable-a-vienne\/122256\/\",\"url\":\"https:\/\/territorialchallenges.com\/2024\/02\/05\/kurt-hofstetter-architecte-du-developpement-durable-a-vienne\/122256\/\",\"name\":\"Kurt Hofstetter : architecte du d\u00e9veloppement durable \u00e0 Vienne - Territorial Challenges\",\"isPartOf\":{\"@id\":\"https:\/\/territorialchallenges.com\/#website\"},\"datePublished\":\"2024-02-05T21:09:07+00:00\",\"dateModified\":\"2024-02-05T21:09:08+00:00\",\"breadcrumb\":{\"@id\":\"https:\/\/territorialchallenges.com\/2024\/02\/05\/kurt-hofstetter-architecte-du-developpement-durable-a-vienne\/122256\/#breadcrumb\"},\"inLanguage\":\"de\",\"potentialAction\":[{\"@type\":\"ReadAction\",\"target\":[\"https:\/\/territorialchallenges.com\/2024\/02\/05\/kurt-hofstetter-architecte-du-developpement-durable-a-vienne\/122256\/\"]}]},{\"@type\":\"BreadcrumbList\",\"@id\":\"https:\/\/territorialchallenges.com\/2024\/02\/05\/kurt-hofstetter-architecte-du-developpement-durable-a-vienne\/122256\/#breadcrumb\",\"itemListElement\":[{\"@type\":\"ListItem\",\"position\":1,\"name\":\"Home\",\"item\":\"https:\/\/territorialchallenges.com\/\"},{\"@type\":\"ListItem\",\"position\":2,\"name\":\"Kurt Hofstetter : architecte du d\u00e9veloppement durable \u00e0 Vienne\"}]},{\"@type\":\"WebSite\",\"@id\":\"https:\/\/territorialchallenges.com\/#website\",\"url\":\"https:\/\/territorialchallenges.com\/\",\"name\":\"Territorial Challenges\",\"description\":\"Veille Internationale - Strat\u00e9gie Intelligentes - Bonnes pratiques\",\"publisher\":{\"@id\":\"https:\/\/territorialchallenges.com\/#organization\"},\"potentialAction\":[{\"@type\":\"SearchAction\",\"target\":{\"@type\":\"EntryPoint\",\"urlTemplate\":\"https:\/\/territorialchallenges.com\/?s={search_term_string}\"},\"query-input\":\"required name=search_term_string\"}],\"inLanguage\":\"de\"},{\"@type\":\"Organization\",\"@id\":\"https:\/\/territorialchallenges.com\/#organization\",\"name\":\"Territorial Challenges\",\"url\":\"https:\/\/territorialchallenges.com\/\",\"logo\":{\"@type\":\"ImageObject\",\"inLanguage\":\"de\",\"@id\":\"https:\/\/territorialchallenges.com\/#\/schema\/logo\/image\/\",\"url\":\"https:\/\/territorialchallenges.com\/wp-content\/uploads\/2023\/10\/logo-1.png\",\"contentUrl\":\"https:\/\/territorialchallenges.com\/wp-content\/uploads\/2023\/10\/logo-1.png\",\"width\":1832,\"height\":576,\"caption\":\"Territorial Challenges\"},\"image\":{\"@id\":\"https:\/\/territorialchallenges.com\/#\/schema\/logo\/image\/\"}},{\"@type\":\"Person\",\"@id\":\"https:\/\/territorialchallenges.com\/#\/schema\/person\/098f145c7c61a021c425e010f840080f\",\"name\":\"ni.abdi\",\"image\":{\"@type\":\"ImageObject\",\"inLanguage\":\"de\",\"@id\":\"https:\/\/territorialchallenges.com\/#\/schema\/person\/image\/\",\"url\":\"https:\/\/secure.gravatar.com\/avatar\/2a2f2491f3c80039986ba989b1e4b510?s=96&d=identicon&r=g\",\"contentUrl\":\"https:\/\/secure.gravatar.com\/avatar\/2a2f2491f3c80039986ba989b1e4b510?s=96&d=identicon&r=g\",\"caption\":\"ni.abdi\"},\"sameAs\":[\"https:\/\/twitter.com\/Ni.abdi\"],\"url\":\"https:\/\/territorialchallenges.com\/de\/author\/ni-abdi\/\"}]}<\/script>\n<!-- \/ Yoast SEO plugin. -->","yoast_head_json":{"title":"Kurt Hofstetter : architecte du d\u00e9veloppement durable \u00e0 Vienne - Territorial Challenges","robots":{"index":"index","follow":"follow","max-snippet":"max-snippet:-1","max-image-preview":"max-image-preview:large","max-video-preview":"max-video-preview:-1"},"canonical":"https:\/\/territorialchallenges.com\/de\/2024\/02\/05\/kurt-hofstetter-architecte-du-developpement-durable-a-vienne\/122256\/","og_locale":"de_DE","og_type":"article","og_title":"Kurt Hofstetter : architecte du d\u00e9veloppement durable \u00e0 Vienne - Territorial Challenges","og_description":"Kurt Hofstetter, incarne l&rsquo;engagement et la vision pour le d\u00e9veloppement durable de la capitale autrichienne. Fort d&rsquo;une carri\u00e8re de trois d\u00e9cennies au service de la ville, cet urbaniste dipl\u00f4m\u00e9 de l&rsquo;Universit\u00e9 des ressources naturelles et des sciences appliqu\u00e9es de la vie de Vienne a marqu\u00e9 de son empreinte le paysage urbain de la capitale autrichienne. [&hellip;]","og_url":"https:\/\/territorialchallenges.com\/de\/2024\/02\/05\/kurt-hofstetter-architecte-du-developpement-durable-a-vienne\/122256\/","og_site_name":"Territorial Challenges","article_published_time":"2024-02-05T21:09:07+00:00","article_modified_time":"2024-02-05T21:09:08+00:00","og_image":[{"width":223,"height":292,"url":"https:\/\/territorialchallenges.com\/wp-content\/uploads\/2024\/02\/OnparledeuxKurt_Hofstette.jpg","type":"image\/jpeg"}],"author":"ni.abdi","twitter_card":"summary_large_image","twitter_creator":"@Ni.abdi","twitter_misc":{"Verfasst von":"ni.abdi","Gesch\u00e4tzte Lesezeit":"4\u00a0Minuten"},"schema":{"@context":"https:\/\/schema.org","@graph":[{"@type":"Article","@id":"https:\/\/territorialchallenges.com\/2024\/02\/05\/kurt-hofstetter-architecte-du-developpement-durable-a-vienne\/122256\/#article","isPartOf":{"@id":"https:\/\/territorialchallenges.com\/2024\/02\/05\/kurt-hofstetter-architecte-du-developpement-durable-a-vienne\/122256\/"},"author":{"name":"ni.abdi","@id":"https:\/\/territorialchallenges.com\/#\/schema\/person\/098f145c7c61a021c425e010f840080f"},"headline":"Kurt Hofstetter : architecte du d\u00e9veloppement durable \u00e0 Vienne","datePublished":"2024-02-05T21:09:07+00:00","dateModified":"2024-02-05T21:09:08+00:00","mainEntityOfPage":{"@id":"https:\/\/territorialchallenges.com\/2024\/02\/05\/kurt-hofstetter-architecte-du-developpement-durable-a-vienne\/122256\/"},"wordCount":720,"publisher":{"@id":"https:\/\/territorialchallenges.com\/#organization"},"articleSection":["On parle d'eux","\u00c9cosyst\u00e8me"],"inLanguage":"de"},{"@type":"WebPage","@id":"https:\/\/territorialchallenges.com\/2024\/02\/05\/kurt-hofstetter-architecte-du-developpement-durable-a-vienne\/122256\/","url":"https:\/\/territorialchallenges.com\/2024\/02\/05\/kurt-hofstetter-architecte-du-developpement-durable-a-vienne\/122256\/","name":"Kurt Hofstetter : architecte du d\u00e9veloppement durable \u00e0 Vienne - Territorial Challenges","isPartOf":{"@id":"https:\/\/territorialchallenges.com\/#website"},"datePublished":"2024-02-05T21:09:07+00:00","dateModified":"2024-02-05T21:09:08+00:00","breadcrumb":{"@id":"https:\/\/territorialchallenges.com\/2024\/02\/05\/kurt-hofstetter-architecte-du-developpement-durable-a-vienne\/122256\/#breadcrumb"},"inLanguage":"de","potentialAction":[{"@type":"ReadAction","target":["https:\/\/territorialchallenges.com\/2024\/02\/05\/kurt-hofstetter-architecte-du-developpement-durable-a-vienne\/122256\/"]}]},{"@type":"BreadcrumbList","@id":"https:\/\/territorialchallenges.com\/2024\/02\/05\/kurt-hofstetter-architecte-du-developpement-durable-a-vienne\/122256\/#breadcrumb","itemListElement":[{"@type":"ListItem","position":1,"name":"Home","item":"https:\/\/territorialchallenges.com\/"},{"@type":"ListItem","position":2,"name":"Kurt Hofstetter : architecte du d\u00e9veloppement durable \u00e0 Vienne"}]},{"@type":"WebSite","@id":"https:\/\/territorialchallenges.com\/#website","url":"https:\/\/territorialchallenges.com\/","name":"Territoriale Herausforderungen","description":"Internationales Monitoring \u2013 Intelligente Strategien \u2013 Best Practices","publisher":{"@id":"https:\/\/territorialchallenges.com\/#organization"},"potentialAction":[{"@type":"SearchAction","target":{"@type":"EntryPoint","urlTemplate":"https:\/\/territorialchallenges.com\/?s={search_term_string}"},"query-input":"required name=search_term_string"}],"inLanguage":"de"},{"@type":"Organization","@id":"https:\/\/territorialchallenges.com\/#organization","name":"Territoriale Herausforderungen","url":"https:\/\/territorialchallenges.com\/","logo":{"@type":"ImageObject","inLanguage":"de","@id":"https:\/\/territorialchallenges.com\/#\/schema\/logo\/image\/","url":"https:\/\/territorialchallenges.com\/wp-content\/uploads\/2023\/10\/logo-1.png","contentUrl":"https:\/\/territorialchallenges.com\/wp-content\/uploads\/2023\/10\/logo-1.png","width":1832,"height":576,"caption":"Territorial Challenges"},"image":{"@id":"https:\/\/territorialchallenges.com\/#\/schema\/logo\/image\/"}},{"@type":"Person","@id":"https:\/\/territorialchallenges.com\/#\/schema\/person\/098f145c7c61a021c425e010f840080f","name":"ni.abdi","image":{"@type":"ImageObject","inLanguage":"de","@id":"https:\/\/territorialchallenges.com\/#\/schema\/person\/image\/","url":"https:\/\/secure.gravatar.com\/avatar\/2a2f2491f3c80039986ba989b1e4b510?s=96&d=identicon&r=g","contentUrl":"https:\/\/secure.gravatar.com\/avatar\/2a2f2491f3c80039986ba989b1e4b510?s=96&d=identicon&r=g","caption":"ni.abdi"},"sameAs":["https:\/\/twitter.com\/Ni.abdi"],"url":"https:\/\/territorialchallenges.com\/de\/author\/ni-abdi\/"}]}},"_links":{"self":[{"href":"https:\/\/territorialchallenges.com\/de\/wp-json\/wp\/v2\/posts\/122256"}],"collection":[{"href":"https:\/\/territorialchallenges.com\/de\/wp-json\/wp\/v2\/posts"}],"about":[{"href":"https:\/\/territorialchallenges.com\/de\/wp-json\/wp\/v2\/types\/post"}],"author":[{"embeddable":true,"href":"https:\/\/territorialchallenges.com\/de\/wp-json\/wp\/v2\/users\/11"}],"replies":[{"embeddable":true,"href":"https:\/\/territorialchallenges.com\/de\/wp-json\/wp\/v2\/comments?post=122256"}],"version-history":[{"count":1,"href":"https:\/\/territorialchallenges.com\/de\/wp-json\/wp\/v2\/posts\/122256\/revisions"}],"predecessor-version":[{"id":122258,"href":"https:\/\/territorialchallenges.com\/de\/wp-json\/wp\/v2\/posts\/122256\/revisions\/122258"}],"wp:featuredmedia":[{"embeddable":true,"href":"https:\/\/territorialchallenges.com\/de\/wp-json\/wp\/v2\/media\/122257"}],"wp:attachment":[{"href":"https:\/\/territorialchallenges.com\/de\/wp-json\/wp\/v2\/media?parent=122256"}],"wp:term":[{"taxonomy":"category","embeddable":true,"href":"https:\/\/territorialchallenges.com\/de\/wp-json\/wp\/v2\/categories?post=122256"},{"taxonomy":"post_tag","embeddable":true,"href":"https:\/\/territorialchallenges.com\/de\/wp-json\/wp\/v2\/tags?post=122256"}],"curies":[{"name":"wp","href":"https:\/\/api.w.org\/{rel}","templated":true}]}}