{"id":122086,"date":"2024-01-08T11:37:41","date_gmt":"2024-01-08T10:37:41","guid":{"rendered":"https:\/\/territorialchallenges.com\/?p=122086"},"modified":"2024-01-08T12:28:22","modified_gmt":"2024-01-08T11:28:22","slug":"zone-economique-et-commerciale-intelligente-dold-village-un-pas-en-avant-pour-renforcer-la-competitivite-de-velenje-en-slovenie","status":"publish","type":"post","link":"https:\/\/territorialchallenges.com\/de\/2024\/01\/08\/zone-economique-et-commerciale-intelligente-dold-village-un-pas-en-avant-pour-renforcer-la-competitivite-de-velenje-en-slovenie\/122086\/","title":{"rendered":"Smarte Wirtschafts- und Gesch\u00e4ftszone \u201eOld Village\u201c: Ein Schritt nach vorn zur St\u00e4rkung der Wettbewerbsf\u00e4higkeit von Velenje in Slowenien"},"content":{"rendered":"<p>Die Gemeinde Velenje in Slowenien markiert heute mit der Unterzeichnung einer Koinvestitionsvereinbarung f\u00fcr den Bau des Inkubators TecHub i4.0 einen entscheidenden Schritt in die Zukunft ihrer Wirtschaft. Dieses ehrgeizige Projekt ist Teil der Umstrukturierung der Region, f\u00f6rdert das Wachstum wertsch\u00f6pfungsstarker Unternehmen und st\u00e4rkt die Wettbewerbsf\u00e4higkeit durch\u2026 <\/p>\n<div class=\"pmpro_content_message\">Artikel nur f\u00fcr Abonnenten sichtbar.<br \/><a href=\"https:\/\/territorialchallenges.com\/wp-login.php\">Verbindung<\/a><br \/><a href=\"https:\/\/territorialchallenges.com\/de\/wp-login.php\/?action=register\">Registrieren<\/a><\/div>","protected":false},"excerpt":{"rendered":"<p>Aujourd&rsquo;hui, la municipalit\u00e9 de Velenje en Slov\u00e9nie marque une \u00e9tape d\u00e9cisive vers l&rsquo;avenir de son \u00e9conomie avec la signature d&rsquo;un accord de co-investissement pour la construction de l&rsquo;incubateur TecHub i4.0. Cet ambitieux projet s&rsquo;inscrit dans la restructuration de la r\u00e9gion, stimulant la croissance des entreprises \u00e0 forte valeur ajout\u00e9e et renfor\u00e7ant la comp\u00e9titivit\u00e9 gr\u00e2ce \u00e0... <\/p>\n<div class=\"pmpro_content_message\">Artikel nur f\u00fcr Abonnenten sichtbar.<br \/><a href=\"https:\/\/territorialchallenges.com\/wp-login.php\">Verbindung<\/a><br \/><a href=\"https:\/\/territorialchallenges.com\/de\/wp-login.php\/?action=register\">Registrieren<\/a><\/div>","protected":false},"author":11,"featured_media":122087,"comment_status":"closed","ping_status":"closed","sticky":true,"template":"","format":"standard","meta":{"pmpro_default_level":0,"footnotes":""},"categories":[17,127],"tags":[],"blocksy_meta":"","yoast_head":"<!-- This site is optimized with the Yoast SEO plugin v21.5 - https:\/\/yoast.com\/wordpress\/plugins\/seo\/ -->\n<title>Zone \u00e9conomique et commerciale intelligente d\u2019Old Village : un pas en avant pour renforcer la comp\u00e9titivit\u00e9 de Velenje en Slov\u00e9nie - Territorial Challenges<\/title>\n<meta name=\"robots\" content=\"index, follow, max-snippet:-1, max-image-preview:large, max-video-preview:-1\" \/>\n<link rel=\"canonical\" href=\"https:\/\/territorialchallenges.com\/de\/2024\/01\/08\/zone-economique-et-commerciale-intelligente-dold-village-un-pas-en-avant-pour-renforcer-la-competitivite-de-velenje-en-slovenie\/122086\/\" \/>\n<meta property=\"og:locale\" content=\"de_DE\" \/>\n<meta property=\"og:type\" content=\"article\" \/>\n<meta property=\"og:title\" content=\"Zone \u00e9conomique et commerciale intelligente d\u2019Old Village : un pas en avant pour renforcer la comp\u00e9titivit\u00e9 de Velenje en Slov\u00e9nie - Territorial Challenges\" \/>\n<meta property=\"og:description\" content=\"Aujourd&rsquo;hui, la municipalit\u00e9 de Velenje en Slov\u00e9nie marque une \u00e9tape d\u00e9cisive vers l&rsquo;avenir de son \u00e9conomie avec la signature d&rsquo;un accord de co-investissement pour la construction de l&rsquo;incubateur TecHub i4.0. Cet ambitieux projet s&rsquo;inscrit dans la restructuration de la r\u00e9gion, stimulant la croissance des entreprises \u00e0 forte valeur ajout\u00e9e et renfor\u00e7ant la comp\u00e9titivit\u00e9 gr\u00e2ce \u00e0 [&hellip;]\" \/>\n<meta property=\"og:url\" content=\"https:\/\/territorialchallenges.com\/de\/2024\/01\/08\/zone-economique-et-commerciale-intelligente-dold-village-un-pas-en-avant-pour-renforcer-la-competitivite-de-velenje-en-slovenie\/122086\/\" \/>\n<meta property=\"og:site_name\" content=\"Territorial Challenges\" \/>\n<meta property=\"article:published_time\" content=\"2024-01-08T10:37:41+00:00\" \/>\n<meta property=\"article:modified_time\" content=\"2024-01-08T11:28:22+00:00\" \/>\n<meta property=\"og:image\" content=\"https:\/\/territorialchallenges.com\/wp-content\/uploads\/2024\/01\/Industrie4.0.9.01.24.jpg\" \/>\n\t<meta property=\"og:image:width\" content=\"1280\" \/>\n\t<meta property=\"og:image:height\" content=\"1084\" \/>\n\t<meta property=\"og:image:type\" content=\"image\/jpeg\" \/>\n<meta name=\"author\" content=\"ni.abdi\" \/>\n<meta name=\"twitter:card\" content=\"summary_large_image\" \/>\n<meta name=\"twitter:creator\" content=\"@Ni.abdi\" \/>\n<meta name=\"twitter:label1\" content=\"Verfasst von\" \/>\n\t<meta name=\"twitter:data1\" content=\"ni.abdi\" \/>\n\t<meta name=\"twitter:label2\" content=\"Gesch\u00e4tzte Lesezeit\" \/>\n\t<meta name=\"twitter:data2\" content=\"3\u00a0Minuten\" \/>\n<script type=\"application\/ld+json\" class=\"yoast-schema-graph\">{\"@context\":\"https:\/\/schema.org\",\"@graph\":[{\"@type\":\"Article\",\"@id\":\"https:\/\/territorialchallenges.com\/2024\/01\/08\/zone-economique-et-commerciale-intelligente-dold-village-un-pas-en-avant-pour-renforcer-la-competitivite-de-velenje-en-slovenie\/122086\/#article\",\"isPartOf\":{\"@id\":\"https:\/\/territorialchallenges.com\/2024\/01\/08\/zone-economique-et-commerciale-intelligente-dold-village-un-pas-en-avant-pour-renforcer-la-competitivite-de-velenje-en-slovenie\/122086\/\"},\"author\":{\"name\":\"ni.abdi\",\"@id\":\"https:\/\/territorialchallenges.com\/#\/schema\/person\/098f145c7c61a021c425e010f840080f\"},\"headline\":\"Zone \u00e9conomique et commerciale intelligente d\u2019Old Village : un pas en avant pour renforcer la comp\u00e9titivit\u00e9 de Velenje en Slov\u00e9nie\",\"datePublished\":\"2024-01-08T10:37:41+00:00\",\"dateModified\":\"2024-01-08T11:28:22+00:00\",\"mainEntityOfPage\":{\"@id\":\"https:\/\/territorialchallenges.com\/2024\/01\/08\/zone-economique-et-commerciale-intelligente-dold-village-un-pas-en-avant-pour-renforcer-la-competitivite-de-velenje-en-slovenie\/122086\/\"},\"wordCount\":634,\"publisher\":{\"@id\":\"https:\/\/territorialchallenges.com\/#organization\"},\"articleSection\":[\"Industrie 5.0\",\"Actualit\u00e9 Europe\"],\"inLanguage\":\"de\"},{\"@type\":\"WebPage\",\"@id\":\"https:\/\/territorialchallenges.com\/2024\/01\/08\/zone-economique-et-commerciale-intelligente-dold-village-un-pas-en-avant-pour-renforcer-la-competitivite-de-velenje-en-slovenie\/122086\/\",\"url\":\"https:\/\/territorialchallenges.com\/2024\/01\/08\/zone-economique-et-commerciale-intelligente-dold-village-un-pas-en-avant-pour-renforcer-la-competitivite-de-velenje-en-slovenie\/122086\/\",\"name\":\"Zone \u00e9conomique et commerciale intelligente d\u2019Old Village : un pas en avant pour renforcer la comp\u00e9titivit\u00e9 de Velenje en Slov\u00e9nie - Territorial Challenges\",\"isPartOf\":{\"@id\":\"https:\/\/territorialchallenges.com\/#website\"},\"datePublished\":\"2024-01-08T10:37:41+00:00\",\"dateModified\":\"2024-01-08T11:28:22+00:00\",\"breadcrumb\":{\"@id\":\"https:\/\/territorialchallenges.com\/2024\/01\/08\/zone-economique-et-commerciale-intelligente-dold-village-un-pas-en-avant-pour-renforcer-la-competitivite-de-velenje-en-slovenie\/122086\/#breadcrumb\"},\"inLanguage\":\"de\",\"potentialAction\":[{\"@type\":\"ReadAction\",\"target\":[\"https:\/\/territorialchallenges.com\/2024\/01\/08\/zone-economique-et-commerciale-intelligente-dold-village-un-pas-en-avant-pour-renforcer-la-competitivite-de-velenje-en-slovenie\/122086\/\"]}]},{\"@type\":\"BreadcrumbList\",\"@id\":\"https:\/\/territorialchallenges.com\/2024\/01\/08\/zone-economique-et-commerciale-intelligente-dold-village-un-pas-en-avant-pour-renforcer-la-competitivite-de-velenje-en-slovenie\/122086\/#breadcrumb\",\"itemListElement\":[{\"@type\":\"ListItem\",\"position\":1,\"name\":\"Home\",\"item\":\"https:\/\/territorialchallenges.com\/\"},{\"@type\":\"ListItem\",\"position\":2,\"name\":\"Zone \u00e9conomique et commerciale intelligente d\u2019Old Village : un pas en avant pour renforcer la comp\u00e9titivit\u00e9 de Velenje en Slov\u00e9nie\"}]},{\"@type\":\"WebSite\",\"@id\":\"https:\/\/territorialchallenges.com\/#website\",\"url\":\"https:\/\/territorialchallenges.com\/\",\"name\":\"Territorial Challenges\",\"description\":\"Veille Internationale - Strat\u00e9gie Intelligentes - Bonnes pratiques\",\"publisher\":{\"@id\":\"https:\/\/territorialchallenges.com\/#organization\"},\"potentialAction\":[{\"@type\":\"SearchAction\",\"target\":{\"@type\":\"EntryPoint\",\"urlTemplate\":\"https:\/\/territorialchallenges.com\/?s={search_term_string}\"},\"query-input\":\"required name=search_term_string\"}],\"inLanguage\":\"de\"},{\"@type\":\"Organization\",\"@id\":\"https:\/\/territorialchallenges.com\/#organization\",\"name\":\"Territorial Challenges\",\"url\":\"https:\/\/territorialchallenges.com\/\",\"logo\":{\"@type\":\"ImageObject\",\"inLanguage\":\"de\",\"@id\":\"https:\/\/territorialchallenges.com\/#\/schema\/logo\/image\/\",\"url\":\"https:\/\/territorialchallenges.com\/wp-content\/uploads\/2023\/10\/logo-1.png\",\"contentUrl\":\"https:\/\/territorialchallenges.com\/wp-content\/uploads\/2023\/10\/logo-1.png\",\"width\":1832,\"height\":576,\"caption\":\"Territorial Challenges\"},\"image\":{\"@id\":\"https:\/\/territorialchallenges.com\/#\/schema\/logo\/image\/\"}},{\"@type\":\"Person\",\"@id\":\"https:\/\/territorialchallenges.com\/#\/schema\/person\/098f145c7c61a021c425e010f840080f\",\"name\":\"ni.abdi\",\"image\":{\"@type\":\"ImageObject\",\"inLanguage\":\"de\",\"@id\":\"https:\/\/territorialchallenges.com\/#\/schema\/person\/image\/\",\"url\":\"https:\/\/secure.gravatar.com\/avatar\/2a2f2491f3c80039986ba989b1e4b510?s=96&d=identicon&r=g\",\"contentUrl\":\"https:\/\/secure.gravatar.com\/avatar\/2a2f2491f3c80039986ba989b1e4b510?s=96&d=identicon&r=g\",\"caption\":\"ni.abdi\"},\"sameAs\":[\"https:\/\/twitter.com\/Ni.abdi\"],\"url\":\"https:\/\/territorialchallenges.com\/de\/author\/ni-abdi\/\"}]}<\/script>\n<!-- \/ Yoast SEO plugin. -->","yoast_head_json":{"title":"Zone \u00e9conomique et commerciale intelligente d\u2019Old Village : un pas en avant pour renforcer la comp\u00e9titivit\u00e9 de Velenje en Slov\u00e9nie - Territorial Challenges","robots":{"index":"index","follow":"follow","max-snippet":"max-snippet:-1","max-image-preview":"max-image-preview:large","max-video-preview":"max-video-preview:-1"},"canonical":"https:\/\/territorialchallenges.com\/de\/2024\/01\/08\/zone-economique-et-commerciale-intelligente-dold-village-un-pas-en-avant-pour-renforcer-la-competitivite-de-velenje-en-slovenie\/122086\/","og_locale":"de_DE","og_type":"article","og_title":"Zone \u00e9conomique et commerciale intelligente d\u2019Old Village : un pas en avant pour renforcer la comp\u00e9titivit\u00e9 de Velenje en Slov\u00e9nie - Territorial Challenges","og_description":"Aujourd&rsquo;hui, la municipalit\u00e9 de Velenje en Slov\u00e9nie marque une \u00e9tape d\u00e9cisive vers l&rsquo;avenir de son \u00e9conomie avec la signature d&rsquo;un accord de co-investissement pour la construction de l&rsquo;incubateur TecHub i4.0. Cet ambitieux projet s&rsquo;inscrit dans la restructuration de la r\u00e9gion, stimulant la croissance des entreprises \u00e0 forte valeur ajout\u00e9e et renfor\u00e7ant la comp\u00e9titivit\u00e9 gr\u00e2ce \u00e0 [&hellip;]","og_url":"https:\/\/territorialchallenges.com\/de\/2024\/01\/08\/zone-economique-et-commerciale-intelligente-dold-village-un-pas-en-avant-pour-renforcer-la-competitivite-de-velenje-en-slovenie\/122086\/","og_site_name":"Territorial Challenges","article_published_time":"2024-01-08T10:37:41+00:00","article_modified_time":"2024-01-08T11:28:22+00:00","og_image":[{"width":1280,"height":1084,"url":"https:\/\/territorialchallenges.com\/wp-content\/uploads\/2024\/01\/Industrie4.0.9.01.24.jpg","type":"image\/jpeg"}],"author":"ni.abdi","twitter_card":"summary_large_image","twitter_creator":"@Ni.abdi","twitter_misc":{"Verfasst von":"ni.abdi","Gesch\u00e4tzte Lesezeit":"3\u00a0Minuten"},"schema":{"@context":"https:\/\/schema.org","@graph":[{"@type":"Article","@id":"https:\/\/territorialchallenges.com\/2024\/01\/08\/zone-economique-et-commerciale-intelligente-dold-village-un-pas-en-avant-pour-renforcer-la-competitivite-de-velenje-en-slovenie\/122086\/#article","isPartOf":{"@id":"https:\/\/territorialchallenges.com\/2024\/01\/08\/zone-economique-et-commerciale-intelligente-dold-village-un-pas-en-avant-pour-renforcer-la-competitivite-de-velenje-en-slovenie\/122086\/"},"author":{"name":"ni.abdi","@id":"https:\/\/territorialchallenges.com\/#\/schema\/person\/098f145c7c61a021c425e010f840080f"},"headline":"Zone \u00e9conomique et commerciale intelligente d\u2019Old Village : un pas en avant pour renforcer la comp\u00e9titivit\u00e9 de Velenje en Slov\u00e9nie","datePublished":"2024-01-08T10:37:41+00:00","dateModified":"2024-01-08T11:28:22+00:00","mainEntityOfPage":{"@id":"https:\/\/territorialchallenges.com\/2024\/01\/08\/zone-economique-et-commerciale-intelligente-dold-village-un-pas-en-avant-pour-renforcer-la-competitivite-de-velenje-en-slovenie\/122086\/"},"wordCount":634,"publisher":{"@id":"https:\/\/territorialchallenges.com\/#organization"},"articleSection":["Industrie 5.0","Actualit\u00e9 Europe"],"inLanguage":"de"},{"@type":"WebPage","@id":"https:\/\/territorialchallenges.com\/2024\/01\/08\/zone-economique-et-commerciale-intelligente-dold-village-un-pas-en-avant-pour-renforcer-la-competitivite-de-velenje-en-slovenie\/122086\/","url":"https:\/\/territorialchallenges.com\/2024\/01\/08\/zone-economique-et-commerciale-intelligente-dold-village-un-pas-en-avant-pour-renforcer-la-competitivite-de-velenje-en-slovenie\/122086\/","name":"Zone \u00e9conomique et commerciale intelligente d\u2019Old Village : un pas en avant pour renforcer la comp\u00e9titivit\u00e9 de Velenje en Slov\u00e9nie - Territorial Challenges","isPartOf":{"@id":"https:\/\/territorialchallenges.com\/#website"},"datePublished":"2024-01-08T10:37:41+00:00","dateModified":"2024-01-08T11:28:22+00:00","breadcrumb":{"@id":"https:\/\/territorialchallenges.com\/2024\/01\/08\/zone-economique-et-commerciale-intelligente-dold-village-un-pas-en-avant-pour-renforcer-la-competitivite-de-velenje-en-slovenie\/122086\/#breadcrumb"},"inLanguage":"de","potentialAction":[{"@type":"ReadAction","target":["https:\/\/territorialchallenges.com\/2024\/01\/08\/zone-economique-et-commerciale-intelligente-dold-village-un-pas-en-avant-pour-renforcer-la-competitivite-de-velenje-en-slovenie\/122086\/"]}]},{"@type":"BreadcrumbList","@id":"https:\/\/territorialchallenges.com\/2024\/01\/08\/zone-economique-et-commerciale-intelligente-dold-village-un-pas-en-avant-pour-renforcer-la-competitivite-de-velenje-en-slovenie\/122086\/#breadcrumb","itemListElement":[{"@type":"ListItem","position":1,"name":"Home","item":"https:\/\/territorialchallenges.com\/"},{"@type":"ListItem","position":2,"name":"Zone \u00e9conomique et commerciale intelligente d\u2019Old Village : un pas en avant pour renforcer la comp\u00e9titivit\u00e9 de Velenje en Slov\u00e9nie"}]},{"@type":"WebSite","@id":"https:\/\/territorialchallenges.com\/#website","url":"https:\/\/territorialchallenges.com\/","name":"Territoriale Herausforderungen","description":"Internationales Monitoring \u2013 Intelligente Strategien \u2013 Best Practices","publisher":{"@id":"https:\/\/territorialchallenges.com\/#organization"},"potentialAction":[{"@type":"SearchAction","target":{"@type":"EntryPoint","urlTemplate":"https:\/\/territorialchallenges.com\/?s={search_term_string}"},"query-input":"required name=search_term_string"}],"inLanguage":"de"},{"@type":"Organization","@id":"https:\/\/territorialchallenges.com\/#organization","name":"Territoriale Herausforderungen","url":"https:\/\/territorialchallenges.com\/","logo":{"@type":"ImageObject","inLanguage":"de","@id":"https:\/\/territorialchallenges.com\/#\/schema\/logo\/image\/","url":"https:\/\/territorialchallenges.com\/wp-content\/uploads\/2023\/10\/logo-1.png","contentUrl":"https:\/\/territorialchallenges.com\/wp-content\/uploads\/2023\/10\/logo-1.png","width":1832,"height":576,"caption":"Territorial Challenges"},"image":{"@id":"https:\/\/territorialchallenges.com\/#\/schema\/logo\/image\/"}},{"@type":"Person","@id":"https:\/\/territorialchallenges.com\/#\/schema\/person\/098f145c7c61a021c425e010f840080f","name":"ni.abdi","image":{"@type":"ImageObject","inLanguage":"de","@id":"https:\/\/territorialchallenges.com\/#\/schema\/person\/image\/","url":"https:\/\/secure.gravatar.com\/avatar\/2a2f2491f3c80039986ba989b1e4b510?s=96&d=identicon&r=g","contentUrl":"https:\/\/secure.gravatar.com\/avatar\/2a2f2491f3c80039986ba989b1e4b510?s=96&d=identicon&r=g","caption":"ni.abdi"},"sameAs":["https:\/\/twitter.com\/Ni.abdi"],"url":"https:\/\/territorialchallenges.com\/de\/author\/ni-abdi\/"}]}},"_links":{"self":[{"href":"https:\/\/territorialchallenges.com\/de\/wp-json\/wp\/v2\/posts\/122086"}],"collection":[{"href":"https:\/\/territorialchallenges.com\/de\/wp-json\/wp\/v2\/posts"}],"about":[{"href":"https:\/\/territorialchallenges.com\/de\/wp-json\/wp\/v2\/types\/post"}],"author":[{"embeddable":true,"href":"https:\/\/territorialchallenges.com\/de\/wp-json\/wp\/v2\/users\/11"}],"replies":[{"embeddable":true,"href":"https:\/\/territorialchallenges.com\/de\/wp-json\/wp\/v2\/comments?post=122086"}],"version-history":[{"count":1,"href":"https:\/\/territorialchallenges.com\/de\/wp-json\/wp\/v2\/posts\/122086\/revisions"}],"predecessor-version":[{"id":122088,"href":"https:\/\/territorialchallenges.com\/de\/wp-json\/wp\/v2\/posts\/122086\/revisions\/122088"}],"wp:featuredmedia":[{"embeddable":true,"href":"https:\/\/territorialchallenges.com\/de\/wp-json\/wp\/v2\/media\/122087"}],"wp:attachment":[{"href":"https:\/\/territorialchallenges.com\/de\/wp-json\/wp\/v2\/media?parent=122086"}],"wp:term":[{"taxonomy":"category","embeddable":true,"href":"https:\/\/territorialchallenges.com\/de\/wp-json\/wp\/v2\/categories?post=122086"},{"taxonomy":"post_tag","embeddable":true,"href":"https:\/\/territorialchallenges.com\/de\/wp-json\/wp\/v2\/tags?post=122086"}],"curies":[{"name":"wp","href":"https:\/\/api.w.org\/{rel}","templated":true}]}}