{"id":122061,"date":"2024-01-01T22:50:36","date_gmt":"2024-01-01T21:50:36","guid":{"rendered":"https:\/\/territorialchallenges.com\/?p=122061"},"modified":"2024-01-01T22:50:38","modified_gmt":"2024-01-01T21:50:38","slug":"klagenfurt-capitale-verte-autrichienne-et-son-projet-greenschoolenergy","status":"publish","type":"post","link":"https:\/\/territorialchallenges.com\/de\/2024\/01\/01\/klagenfurt-capitale-verte-autrichienne-et-son-projet-greenschoolenergy\/122061\/","title":{"rendered":"Klagenfurt, \u00d6sterreichs gr\u00fcne Hauptstadt, und ihr Projekt GREENsChOOLENERGY"},"content":{"rendered":"<p>Am 12. Oktober 2023 wurde die \u00f6sterreichische Stadt Klagenfurt von der Europ\u00e4ischen Kommission als eine von zehn europ\u00e4ischen St\u00e4dten mit dem renommierten \u201eEU Mission Seal\u201c f\u00fcr ihre herausragenden Bem\u00fchungen zur Erreichung der Klimaneutralit\u00e4t bis 2030 ausgezeichnet. Im Mittelpunkt dieser Anerkennung steht das Projekt\u2026 <\/p>\n<div class=\"pmpro_content_message\">Artikel nur f\u00fcr Abonnenten sichtbar.<br \/><a href=\"https:\/\/territorialchallenges.com\/wp-login.php\">Verbindung<\/a><br \/><a href=\"https:\/\/territorialchallenges.com\/de\/wp-login.php\/?action=register\">Registrieren<\/a><\/div>","protected":false},"excerpt":{"rendered":"<p>Le 12 octobre 2023, la ville autrichienne de Klagenfurt a \u00e9t\u00e9 honor\u00e9e par la Commission europ\u00e9enne en tant que l&rsquo;une des dix villes europ\u00e9ennes r\u00e9compens\u00e9es du prestigieux \u00ab label de mission de l\u2019UE \u00bb pour ses efforts exceptionnels en vue d&rsquo;atteindre la neutralit\u00e9 climatique d&rsquo;ici 2030. Au c\u0153ur de cette reconnaissance se trouve le projet... <\/p>\n<div class=\"pmpro_content_message\">Artikel nur f\u00fcr Abonnenten sichtbar.<br \/><a href=\"https:\/\/territorialchallenges.com\/wp-login.php\">Verbindung<\/a><br \/><a href=\"https:\/\/territorialchallenges.com\/de\/wp-login.php\/?action=register\">Registrieren<\/a><\/div>","protected":false},"author":11,"featured_media":122062,"comment_status":"closed","ping_status":"closed","sticky":true,"template":"","format":"standard","meta":{"pmpro_default_level":0,"footnotes":""},"categories":[120,117],"tags":[],"blocksy_meta":"","yoast_head":"<!-- This site is optimized with the Yoast SEO plugin v21.5 - https:\/\/yoast.com\/wordpress\/plugins\/seo\/ -->\n<title>Klagenfurt, capitale verte autrichienne et son projet GREENsChOOLENERGY - Territorial Challenges<\/title>\n<meta name=\"robots\" content=\"index, follow, max-snippet:-1, max-image-preview:large, max-video-preview:-1\" \/>\n<link rel=\"canonical\" href=\"https:\/\/territorialchallenges.com\/de\/2024\/01\/01\/klagenfurt-capitale-verte-autrichienne-et-son-projet-greenschoolenergy\/122061\/\" \/>\n<meta property=\"og:locale\" content=\"de_DE\" \/>\n<meta property=\"og:type\" content=\"article\" \/>\n<meta property=\"og:title\" content=\"Klagenfurt, capitale verte autrichienne et son projet GREENsChOOLENERGY - Territorial Challenges\" \/>\n<meta property=\"og:description\" content=\"Le 12 octobre 2023, la ville autrichienne de Klagenfurt a \u00e9t\u00e9 honor\u00e9e par la Commission europ\u00e9enne en tant que l&rsquo;une des dix villes europ\u00e9ennes r\u00e9compens\u00e9es du prestigieux \u00ab label de mission de l\u2019UE \u00bb pour ses efforts exceptionnels en vue d&rsquo;atteindre la neutralit\u00e9 climatique d&rsquo;ici 2030. Au c\u0153ur de cette reconnaissance se trouve le projet [&hellip;]\" \/>\n<meta property=\"og:url\" content=\"https:\/\/territorialchallenges.com\/de\/2024\/01\/01\/klagenfurt-capitale-verte-autrichienne-et-son-projet-greenschoolenergy\/122061\/\" \/>\n<meta property=\"og:site_name\" content=\"Territorial Challenges\" \/>\n<meta property=\"article:published_time\" content=\"2024-01-01T21:50:36+00:00\" \/>\n<meta property=\"article:modified_time\" content=\"2024-01-01T21:50:38+00:00\" \/>\n<meta property=\"og:image\" content=\"https:\/\/territorialchallenges.com\/wp-content\/uploads\/2024\/01\/ilsestpasseaPhoto.jpg\" \/>\n\t<meta property=\"og:image:width\" content=\"1280\" \/>\n\t<meta property=\"og:image:height\" content=\"853\" \/>\n\t<meta property=\"og:image:type\" content=\"image\/jpeg\" \/>\n<meta name=\"author\" content=\"ni.abdi\" \/>\n<meta name=\"twitter:card\" content=\"summary_large_image\" \/>\n<meta name=\"twitter:creator\" content=\"@Ni.abdi\" \/>\n<meta name=\"twitter:label1\" content=\"Verfasst von\" \/>\n\t<meta name=\"twitter:data1\" content=\"ni.abdi\" \/>\n\t<meta name=\"twitter:label2\" content=\"Gesch\u00e4tzte Lesezeit\" \/>\n\t<meta name=\"twitter:data2\" content=\"4\u00a0Minuten\" \/>\n<script type=\"application\/ld+json\" class=\"yoast-schema-graph\">{\"@context\":\"https:\/\/schema.org\",\"@graph\":[{\"@type\":\"Article\",\"@id\":\"https:\/\/territorialchallenges.com\/2024\/01\/01\/klagenfurt-capitale-verte-autrichienne-et-son-projet-greenschoolenergy\/122061\/#article\",\"isPartOf\":{\"@id\":\"https:\/\/territorialchallenges.com\/2024\/01\/01\/klagenfurt-capitale-verte-autrichienne-et-son-projet-greenschoolenergy\/122061\/\"},\"author\":{\"name\":\"ni.abdi\",\"@id\":\"https:\/\/territorialchallenges.com\/#\/schema\/person\/098f145c7c61a021c425e010f840080f\"},\"headline\":\"Klagenfurt, capitale verte autrichienne et son projet GREENsChOOLENERGY\",\"datePublished\":\"2024-01-01T21:50:36+00:00\",\"dateModified\":\"2024-01-01T21:50:38+00:00\",\"mainEntityOfPage\":{\"@id\":\"https:\/\/territorialchallenges.com\/2024\/01\/01\/klagenfurt-capitale-verte-autrichienne-et-son-projet-greenschoolenergy\/122061\/\"},\"wordCount\":750,\"publisher\":{\"@id\":\"https:\/\/territorialchallenges.com\/#organization\"},\"articleSection\":[\"Il s'est pass\u00e9 \u00e0\",\"\u00c9cosyst\u00e8me\"],\"inLanguage\":\"de\"},{\"@type\":\"WebPage\",\"@id\":\"https:\/\/territorialchallenges.com\/2024\/01\/01\/klagenfurt-capitale-verte-autrichienne-et-son-projet-greenschoolenergy\/122061\/\",\"url\":\"https:\/\/territorialchallenges.com\/2024\/01\/01\/klagenfurt-capitale-verte-autrichienne-et-son-projet-greenschoolenergy\/122061\/\",\"name\":\"Klagenfurt, capitale verte autrichienne et son projet GREENsChOOLENERGY - Territorial Challenges\",\"isPartOf\":{\"@id\":\"https:\/\/territorialchallenges.com\/#website\"},\"datePublished\":\"2024-01-01T21:50:36+00:00\",\"dateModified\":\"2024-01-01T21:50:38+00:00\",\"breadcrumb\":{\"@id\":\"https:\/\/territorialchallenges.com\/2024\/01\/01\/klagenfurt-capitale-verte-autrichienne-et-son-projet-greenschoolenergy\/122061\/#breadcrumb\"},\"inLanguage\":\"de\",\"potentialAction\":[{\"@type\":\"ReadAction\",\"target\":[\"https:\/\/territorialchallenges.com\/2024\/01\/01\/klagenfurt-capitale-verte-autrichienne-et-son-projet-greenschoolenergy\/122061\/\"]}]},{\"@type\":\"BreadcrumbList\",\"@id\":\"https:\/\/territorialchallenges.com\/2024\/01\/01\/klagenfurt-capitale-verte-autrichienne-et-son-projet-greenschoolenergy\/122061\/#breadcrumb\",\"itemListElement\":[{\"@type\":\"ListItem\",\"position\":1,\"name\":\"Home\",\"item\":\"https:\/\/territorialchallenges.com\/\"},{\"@type\":\"ListItem\",\"position\":2,\"name\":\"Klagenfurt, capitale verte autrichienne et son projet GREENsChOOLENERGY\"}]},{\"@type\":\"WebSite\",\"@id\":\"https:\/\/territorialchallenges.com\/#website\",\"url\":\"https:\/\/territorialchallenges.com\/\",\"name\":\"Territorial Challenges\",\"description\":\"Veille Internationale - Strat\u00e9gie Intelligentes - Bonnes pratiques\",\"publisher\":{\"@id\":\"https:\/\/territorialchallenges.com\/#organization\"},\"potentialAction\":[{\"@type\":\"SearchAction\",\"target\":{\"@type\":\"EntryPoint\",\"urlTemplate\":\"https:\/\/territorialchallenges.com\/?s={search_term_string}\"},\"query-input\":\"required name=search_term_string\"}],\"inLanguage\":\"de\"},{\"@type\":\"Organization\",\"@id\":\"https:\/\/territorialchallenges.com\/#organization\",\"name\":\"Territorial Challenges\",\"url\":\"https:\/\/territorialchallenges.com\/\",\"logo\":{\"@type\":\"ImageObject\",\"inLanguage\":\"de\",\"@id\":\"https:\/\/territorialchallenges.com\/#\/schema\/logo\/image\/\",\"url\":\"https:\/\/territorialchallenges.com\/wp-content\/uploads\/2023\/10\/logo-1.png\",\"contentUrl\":\"https:\/\/territorialchallenges.com\/wp-content\/uploads\/2023\/10\/logo-1.png\",\"width\":1832,\"height\":576,\"caption\":\"Territorial Challenges\"},\"image\":{\"@id\":\"https:\/\/territorialchallenges.com\/#\/schema\/logo\/image\/\"}},{\"@type\":\"Person\",\"@id\":\"https:\/\/territorialchallenges.com\/#\/schema\/person\/098f145c7c61a021c425e010f840080f\",\"name\":\"ni.abdi\",\"image\":{\"@type\":\"ImageObject\",\"inLanguage\":\"de\",\"@id\":\"https:\/\/territorialchallenges.com\/#\/schema\/person\/image\/\",\"url\":\"https:\/\/secure.gravatar.com\/avatar\/2a2f2491f3c80039986ba989b1e4b510?s=96&d=identicon&r=g\",\"contentUrl\":\"https:\/\/secure.gravatar.com\/avatar\/2a2f2491f3c80039986ba989b1e4b510?s=96&d=identicon&r=g\",\"caption\":\"ni.abdi\"},\"sameAs\":[\"https:\/\/twitter.com\/Ni.abdi\"],\"url\":\"https:\/\/territorialchallenges.com\/de\/author\/ni-abdi\/\"}]}<\/script>\n<!-- \/ Yoast SEO plugin. -->","yoast_head_json":{"title":"Klagenfurt, capitale verte autrichienne et son projet GREENsChOOLENERGY - Territorial Challenges","robots":{"index":"index","follow":"follow","max-snippet":"max-snippet:-1","max-image-preview":"max-image-preview:large","max-video-preview":"max-video-preview:-1"},"canonical":"https:\/\/territorialchallenges.com\/de\/2024\/01\/01\/klagenfurt-capitale-verte-autrichienne-et-son-projet-greenschoolenergy\/122061\/","og_locale":"de_DE","og_type":"article","og_title":"Klagenfurt, capitale verte autrichienne et son projet GREENsChOOLENERGY - Territorial Challenges","og_description":"Le 12 octobre 2023, la ville autrichienne de Klagenfurt a \u00e9t\u00e9 honor\u00e9e par la Commission europ\u00e9enne en tant que l&rsquo;une des dix villes europ\u00e9ennes r\u00e9compens\u00e9es du prestigieux \u00ab label de mission de l\u2019UE \u00bb pour ses efforts exceptionnels en vue d&rsquo;atteindre la neutralit\u00e9 climatique d&rsquo;ici 2030. Au c\u0153ur de cette reconnaissance se trouve le projet [&hellip;]","og_url":"https:\/\/territorialchallenges.com\/de\/2024\/01\/01\/klagenfurt-capitale-verte-autrichienne-et-son-projet-greenschoolenergy\/122061\/","og_site_name":"Territorial Challenges","article_published_time":"2024-01-01T21:50:36+00:00","article_modified_time":"2024-01-01T21:50:38+00:00","og_image":[{"width":1280,"height":853,"url":"https:\/\/territorialchallenges.com\/wp-content\/uploads\/2024\/01\/ilsestpasseaPhoto.jpg","type":"image\/jpeg"}],"author":"ni.abdi","twitter_card":"summary_large_image","twitter_creator":"@Ni.abdi","twitter_misc":{"Verfasst von":"ni.abdi","Gesch\u00e4tzte Lesezeit":"4\u00a0Minuten"},"schema":{"@context":"https:\/\/schema.org","@graph":[{"@type":"Article","@id":"https:\/\/territorialchallenges.com\/2024\/01\/01\/klagenfurt-capitale-verte-autrichienne-et-son-projet-greenschoolenergy\/122061\/#article","isPartOf":{"@id":"https:\/\/territorialchallenges.com\/2024\/01\/01\/klagenfurt-capitale-verte-autrichienne-et-son-projet-greenschoolenergy\/122061\/"},"author":{"name":"ni.abdi","@id":"https:\/\/territorialchallenges.com\/#\/schema\/person\/098f145c7c61a021c425e010f840080f"},"headline":"Klagenfurt, capitale verte autrichienne et son projet GREENsChOOLENERGY","datePublished":"2024-01-01T21:50:36+00:00","dateModified":"2024-01-01T21:50:38+00:00","mainEntityOfPage":{"@id":"https:\/\/territorialchallenges.com\/2024\/01\/01\/klagenfurt-capitale-verte-autrichienne-et-son-projet-greenschoolenergy\/122061\/"},"wordCount":750,"publisher":{"@id":"https:\/\/territorialchallenges.com\/#organization"},"articleSection":["Il s'est pass\u00e9 \u00e0","\u00c9cosyst\u00e8me"],"inLanguage":"de"},{"@type":"WebPage","@id":"https:\/\/territorialchallenges.com\/2024\/01\/01\/klagenfurt-capitale-verte-autrichienne-et-son-projet-greenschoolenergy\/122061\/","url":"https:\/\/territorialchallenges.com\/2024\/01\/01\/klagenfurt-capitale-verte-autrichienne-et-son-projet-greenschoolenergy\/122061\/","name":"Klagenfurt, capitale verte autrichienne et son projet GREENsChOOLENERGY - Territorial Challenges","isPartOf":{"@id":"https:\/\/territorialchallenges.com\/#website"},"datePublished":"2024-01-01T21:50:36+00:00","dateModified":"2024-01-01T21:50:38+00:00","breadcrumb":{"@id":"https:\/\/territorialchallenges.com\/2024\/01\/01\/klagenfurt-capitale-verte-autrichienne-et-son-projet-greenschoolenergy\/122061\/#breadcrumb"},"inLanguage":"de","potentialAction":[{"@type":"ReadAction","target":["https:\/\/territorialchallenges.com\/2024\/01\/01\/klagenfurt-capitale-verte-autrichienne-et-son-projet-greenschoolenergy\/122061\/"]}]},{"@type":"BreadcrumbList","@id":"https:\/\/territorialchallenges.com\/2024\/01\/01\/klagenfurt-capitale-verte-autrichienne-et-son-projet-greenschoolenergy\/122061\/#breadcrumb","itemListElement":[{"@type":"ListItem","position":1,"name":"Home","item":"https:\/\/territorialchallenges.com\/"},{"@type":"ListItem","position":2,"name":"Klagenfurt, capitale verte autrichienne et son projet GREENsChOOLENERGY"}]},{"@type":"WebSite","@id":"https:\/\/territorialchallenges.com\/#website","url":"https:\/\/territorialchallenges.com\/","name":"Territoriale Herausforderungen","description":"Internationales Monitoring \u2013 Intelligente Strategien \u2013 Best Practices","publisher":{"@id":"https:\/\/territorialchallenges.com\/#organization"},"potentialAction":[{"@type":"SearchAction","target":{"@type":"EntryPoint","urlTemplate":"https:\/\/territorialchallenges.com\/?s={search_term_string}"},"query-input":"required name=search_term_string"}],"inLanguage":"de"},{"@type":"Organization","@id":"https:\/\/territorialchallenges.com\/#organization","name":"Territoriale Herausforderungen","url":"https:\/\/territorialchallenges.com\/","logo":{"@type":"ImageObject","inLanguage":"de","@id":"https:\/\/territorialchallenges.com\/#\/schema\/logo\/image\/","url":"https:\/\/territorialchallenges.com\/wp-content\/uploads\/2023\/10\/logo-1.png","contentUrl":"https:\/\/territorialchallenges.com\/wp-content\/uploads\/2023\/10\/logo-1.png","width":1832,"height":576,"caption":"Territorial Challenges"},"image":{"@id":"https:\/\/territorialchallenges.com\/#\/schema\/logo\/image\/"}},{"@type":"Person","@id":"https:\/\/territorialchallenges.com\/#\/schema\/person\/098f145c7c61a021c425e010f840080f","name":"ni.abdi","image":{"@type":"ImageObject","inLanguage":"de","@id":"https:\/\/territorialchallenges.com\/#\/schema\/person\/image\/","url":"https:\/\/secure.gravatar.com\/avatar\/2a2f2491f3c80039986ba989b1e4b510?s=96&d=identicon&r=g","contentUrl":"https:\/\/secure.gravatar.com\/avatar\/2a2f2491f3c80039986ba989b1e4b510?s=96&d=identicon&r=g","caption":"ni.abdi"},"sameAs":["https:\/\/twitter.com\/Ni.abdi"],"url":"https:\/\/territorialchallenges.com\/de\/author\/ni-abdi\/"}]}},"_links":{"self":[{"href":"https:\/\/territorialchallenges.com\/de\/wp-json\/wp\/v2\/posts\/122061"}],"collection":[{"href":"https:\/\/territorialchallenges.com\/de\/wp-json\/wp\/v2\/posts"}],"about":[{"href":"https:\/\/territorialchallenges.com\/de\/wp-json\/wp\/v2\/types\/post"}],"author":[{"embeddable":true,"href":"https:\/\/territorialchallenges.com\/de\/wp-json\/wp\/v2\/users\/11"}],"replies":[{"embeddable":true,"href":"https:\/\/territorialchallenges.com\/de\/wp-json\/wp\/v2\/comments?post=122061"}],"version-history":[{"count":1,"href":"https:\/\/territorialchallenges.com\/de\/wp-json\/wp\/v2\/posts\/122061\/revisions"}],"predecessor-version":[{"id":122063,"href":"https:\/\/territorialchallenges.com\/de\/wp-json\/wp\/v2\/posts\/122061\/revisions\/122063"}],"wp:featuredmedia":[{"embeddable":true,"href":"https:\/\/territorialchallenges.com\/de\/wp-json\/wp\/v2\/media\/122062"}],"wp:attachment":[{"href":"https:\/\/territorialchallenges.com\/de\/wp-json\/wp\/v2\/media?parent=122061"}],"wp:term":[{"taxonomy":"category","embeddable":true,"href":"https:\/\/territorialchallenges.com\/de\/wp-json\/wp\/v2\/categories?post=122061"},{"taxonomy":"post_tag","embeddable":true,"href":"https:\/\/territorialchallenges.com\/de\/wp-json\/wp\/v2\/tags?post=122061"}],"curies":[{"name":"wp","href":"https:\/\/api.w.org\/{rel}","templated":true}]}}