{"id":121844,"date":"2023-11-27T11:45:07","date_gmt":"2023-11-27T10:45:07","guid":{"rendered":"https:\/\/territorialchallenges.com\/?p=121844"},"modified":"2023-11-27T11:45:16","modified_gmt":"2023-11-27T10:45:16","slug":"industrie-4-0-la-revolution-numerique-et-lheritage-de-klaus-schwab","status":"publish","type":"post","link":"https:\/\/territorialchallenges.com\/de\/2023\/11\/27\/industrie-4-0-la-revolution-numerique-et-lheritage-de-klaus-schwab\/121844\/","title":{"rendered":"Industrie 4.0: die digitale Revolution und das Erbe von Klaus Schwab"},"content":{"rendered":"<p>Die vierte industrielle Revolution, oft als Industrie 4.0 bezeichnet, zeichnet sich als ein gro\u00dfer Wandel in der globalen Industrielandschaft ab. Klaus Schwab, Gr\u00fcnder des Weltwirtschaftsforums, legte 2016 den Grundstein f\u00fcr dieses Konzept und l\u00e4utete damit eine \u00c4ra ein, die durch die Integration fortschrittlicher Technologien wie k\u00fcnstliche Intelligenz, Robotik und das Internet der\u2026 gekennzeichnet ist. <\/p>\n<div class=\"pmpro_content_message\">Artikel nur f\u00fcr Abonnenten sichtbar.<br \/><a href=\"https:\/\/territorialchallenges.com\/wp-login.php\">Verbindung<\/a><br \/><a href=\"https:\/\/territorialchallenges.com\/de\/wp-login.php\/?action=register\">Registrieren<\/a><\/div>","protected":false},"excerpt":{"rendered":"<p>Die vierte industrielle Revolution, oft als Industrie 4.0 bezeichnet, entwickelt sich zu einem tiefgreifenden Wandel in der globalen Industrielandschaft. Klaus Schwab, Gr\u00fcnder des Weltwirtschaftsforums, legte 2016 den Grundstein f\u00fcr dieses Konzept und l\u00e4utete damit eine \u00c4ra ein, die durch die Integration fortschrittlicher Technologien wie k\u00fcnstliche Intelligenz, Robotik und das Internet der Dinge gepr\u00e4gt ist. <\/p>\n<div class=\"pmpro_content_message\">Artikel nur f\u00fcr Abonnenten sichtbar.<br \/><a href=\"https:\/\/territorialchallenges.com\/wp-login.php\">Verbindung<\/a><br \/><a href=\"https:\/\/territorialchallenges.com\/de\/wp-login.php\/?action=register\">Registrieren<\/a><\/div>","protected":false},"author":11,"featured_media":121845,"comment_status":"closed","ping_status":"closed","sticky":true,"template":"","format":"standard","meta":{"pmpro_default_level":0,"footnotes":""},"categories":[17,127],"tags":[],"blocksy_meta":"","yoast_head":"<!-- This site is optimized with the Yoast SEO plugin v21.5 - https:\/\/yoast.com\/wordpress\/plugins\/seo\/ -->\n<title>Industrie 4.0 : la r\u00e9volution num\u00e9rique et l&#039;h\u00e9ritage de Klaus Schwab - Territorial Challenges<\/title>\n<meta name=\"robots\" content=\"index, follow, max-snippet:-1, max-image-preview:large, max-video-preview:-1\" \/>\n<link rel=\"canonical\" href=\"https:\/\/territorialchallenges.com\/de\/2023\/11\/27\/industrie-4-0-la-revolution-numerique-et-lheritage-de-klaus-schwab\/121844\/\" \/>\n<meta property=\"og:locale\" content=\"de_DE\" \/>\n<meta property=\"og:type\" content=\"article\" \/>\n<meta property=\"og:title\" content=\"Industrie 4.0 : la r\u00e9volution num\u00e9rique et l&#039;h\u00e9ritage de Klaus Schwab - Territorial Challenges\" \/>\n<meta property=\"og:description\" content=\"La quatri\u00e8me r\u00e9volution industrielle, souvent d\u00e9sign\u00e9e sous le terme d&rsquo;Industrie 4.0, \u00e9merge comme une transformation majeure dans le paysage industriel mondial. Klaus Schwab, fondateur du Forum \u00e9conomique mondial, a jet\u00e9 les bases de ce concept en 2016, introduisant une \u00e8re caract\u00e9ris\u00e9e par l&rsquo;int\u00e9gration de technologies avanc\u00e9es telles que l&rsquo;intelligence artificielle, la robotique, et l&rsquo;Internet des [&hellip;]\" \/>\n<meta property=\"og:url\" content=\"https:\/\/territorialchallenges.com\/de\/2023\/11\/27\/industrie-4-0-la-revolution-numerique-et-lheritage-de-klaus-schwab\/121844\/\" \/>\n<meta property=\"og:site_name\" content=\"Territorial Challenges\" \/>\n<meta property=\"article:published_time\" content=\"2023-11-27T10:45:07+00:00\" \/>\n<meta property=\"article:modified_time\" content=\"2023-11-27T10:45:16+00:00\" \/>\n<meta property=\"og:image\" content=\"https:\/\/territorialchallenges.com\/wp-content\/uploads\/2023\/11\/industrie4.0.27.11Photo.jpg\" \/>\n\t<meta property=\"og:image:width\" content=\"1280\" \/>\n\t<meta property=\"og:image:height\" content=\"667\" \/>\n\t<meta property=\"og:image:type\" content=\"image\/jpeg\" \/>\n<meta name=\"author\" content=\"ni.abdi\" \/>\n<meta name=\"twitter:card\" content=\"summary_large_image\" \/>\n<meta name=\"twitter:creator\" content=\"@Ni.abdi\" \/>\n<meta name=\"twitter:label1\" content=\"Verfasst von\" \/>\n\t<meta name=\"twitter:data1\" content=\"ni.abdi\" \/>\n\t<meta name=\"twitter:label2\" content=\"Gesch\u00e4tzte Lesezeit\" \/>\n\t<meta name=\"twitter:data2\" content=\"3\u00a0Minuten\" \/>\n<script type=\"application\/ld+json\" class=\"yoast-schema-graph\">{\"@context\":\"https:\/\/schema.org\",\"@graph\":[{\"@type\":\"Article\",\"@id\":\"https:\/\/territorialchallenges.com\/2023\/11\/27\/industrie-4-0-la-revolution-numerique-et-lheritage-de-klaus-schwab\/121844\/#article\",\"isPartOf\":{\"@id\":\"https:\/\/territorialchallenges.com\/2023\/11\/27\/industrie-4-0-la-revolution-numerique-et-lheritage-de-klaus-schwab\/121844\/\"},\"author\":{\"name\":\"ni.abdi\",\"@id\":\"https:\/\/territorialchallenges.com\/#\/schema\/person\/098f145c7c61a021c425e010f840080f\"},\"headline\":\"Industrie 4.0 : la r\u00e9volution num\u00e9rique et l&rsquo;h\u00e9ritage de Klaus Schwab\",\"datePublished\":\"2023-11-27T10:45:07+00:00\",\"dateModified\":\"2023-11-27T10:45:16+00:00\",\"mainEntityOfPage\":{\"@id\":\"https:\/\/territorialchallenges.com\/2023\/11\/27\/industrie-4-0-la-revolution-numerique-et-lheritage-de-klaus-schwab\/121844\/\"},\"wordCount\":633,\"publisher\":{\"@id\":\"https:\/\/territorialchallenges.com\/#organization\"},\"articleSection\":[\"Industrie 5.0\",\"Actualit\u00e9 Europe\"],\"inLanguage\":\"de\"},{\"@type\":\"WebPage\",\"@id\":\"https:\/\/territorialchallenges.com\/2023\/11\/27\/industrie-4-0-la-revolution-numerique-et-lheritage-de-klaus-schwab\/121844\/\",\"url\":\"https:\/\/territorialchallenges.com\/2023\/11\/27\/industrie-4-0-la-revolution-numerique-et-lheritage-de-klaus-schwab\/121844\/\",\"name\":\"Industrie 4.0 : la r\u00e9volution num\u00e9rique et l'h\u00e9ritage de Klaus Schwab - Territorial Challenges\",\"isPartOf\":{\"@id\":\"https:\/\/territorialchallenges.com\/#website\"},\"datePublished\":\"2023-11-27T10:45:07+00:00\",\"dateModified\":\"2023-11-27T10:45:16+00:00\",\"breadcrumb\":{\"@id\":\"https:\/\/territorialchallenges.com\/2023\/11\/27\/industrie-4-0-la-revolution-numerique-et-lheritage-de-klaus-schwab\/121844\/#breadcrumb\"},\"inLanguage\":\"de\",\"potentialAction\":[{\"@type\":\"ReadAction\",\"target\":[\"https:\/\/territorialchallenges.com\/2023\/11\/27\/industrie-4-0-la-revolution-numerique-et-lheritage-de-klaus-schwab\/121844\/\"]}]},{\"@type\":\"BreadcrumbList\",\"@id\":\"https:\/\/territorialchallenges.com\/2023\/11\/27\/industrie-4-0-la-revolution-numerique-et-lheritage-de-klaus-schwab\/121844\/#breadcrumb\",\"itemListElement\":[{\"@type\":\"ListItem\",\"position\":1,\"name\":\"Home\",\"item\":\"https:\/\/territorialchallenges.com\/\"},{\"@type\":\"ListItem\",\"position\":2,\"name\":\"Industrie 4.0 : la r\u00e9volution num\u00e9rique et l&rsquo;h\u00e9ritage de Klaus Schwab\"}]},{\"@type\":\"WebSite\",\"@id\":\"https:\/\/territorialchallenges.com\/#website\",\"url\":\"https:\/\/territorialchallenges.com\/\",\"name\":\"Territorial Challenges\",\"description\":\"Veille Internationale - Strat\u00e9gie Intelligentes - Bonnes pratiques\",\"publisher\":{\"@id\":\"https:\/\/territorialchallenges.com\/#organization\"},\"potentialAction\":[{\"@type\":\"SearchAction\",\"target\":{\"@type\":\"EntryPoint\",\"urlTemplate\":\"https:\/\/territorialchallenges.com\/?s={search_term_string}\"},\"query-input\":\"required name=search_term_string\"}],\"inLanguage\":\"de\"},{\"@type\":\"Organization\",\"@id\":\"https:\/\/territorialchallenges.com\/#organization\",\"name\":\"Territorial Challenges\",\"url\":\"https:\/\/territorialchallenges.com\/\",\"logo\":{\"@type\":\"ImageObject\",\"inLanguage\":\"de\",\"@id\":\"https:\/\/territorialchallenges.com\/#\/schema\/logo\/image\/\",\"url\":\"https:\/\/territorialchallenges.com\/wp-content\/uploads\/2023\/10\/logo-1.png\",\"contentUrl\":\"https:\/\/territorialchallenges.com\/wp-content\/uploads\/2023\/10\/logo-1.png\",\"width\":1832,\"height\":576,\"caption\":\"Territorial Challenges\"},\"image\":{\"@id\":\"https:\/\/territorialchallenges.com\/#\/schema\/logo\/image\/\"}},{\"@type\":\"Person\",\"@id\":\"https:\/\/territorialchallenges.com\/#\/schema\/person\/098f145c7c61a021c425e010f840080f\",\"name\":\"ni.abdi\",\"image\":{\"@type\":\"ImageObject\",\"inLanguage\":\"de\",\"@id\":\"https:\/\/territorialchallenges.com\/#\/schema\/person\/image\/\",\"url\":\"https:\/\/secure.gravatar.com\/avatar\/2a2f2491f3c80039986ba989b1e4b510?s=96&d=identicon&r=g\",\"contentUrl\":\"https:\/\/secure.gravatar.com\/avatar\/2a2f2491f3c80039986ba989b1e4b510?s=96&d=identicon&r=g\",\"caption\":\"ni.abdi\"},\"sameAs\":[\"https:\/\/twitter.com\/Ni.abdi\"],\"url\":\"https:\/\/territorialchallenges.com\/de\/author\/ni-abdi\/\"}]}<\/script>\n<!-- \/ Yoast SEO plugin. -->","yoast_head_json":{"title":"Industrie 4.0: Die digitale Revolution und das Erbe von Klaus Schwab \u2013 Territoriale Herausforderungen","robots":{"index":"index","follow":"follow","max-snippet":"max-snippet:-1","max-image-preview":"max-image-preview:large","max-video-preview":"max-video-preview:-1"},"canonical":"https:\/\/territorialchallenges.com\/de\/2023\/11\/27\/industrie-4-0-la-revolution-numerique-et-lheritage-de-klaus-schwab\/121844\/","og_locale":"de_DE","og_type":"article","og_title":"Industrie 4.0 : la r\u00e9volution num\u00e9rique et l'h\u00e9ritage de Klaus Schwab - Territorial Challenges","og_description":"La quatri\u00e8me r\u00e9volution industrielle, souvent d\u00e9sign\u00e9e sous le terme d&rsquo;Industrie 4.0, \u00e9merge comme une transformation majeure dans le paysage industriel mondial. Klaus Schwab, fondateur du Forum \u00e9conomique mondial, a jet\u00e9 les bases de ce concept en 2016, introduisant une \u00e8re caract\u00e9ris\u00e9e par l&rsquo;int\u00e9gration de technologies avanc\u00e9es telles que l&rsquo;intelligence artificielle, la robotique, et l&rsquo;Internet des [&hellip;]","og_url":"https:\/\/territorialchallenges.com\/de\/2023\/11\/27\/industrie-4-0-la-revolution-numerique-et-lheritage-de-klaus-schwab\/121844\/","og_site_name":"Territorial Challenges","article_published_time":"2023-11-27T10:45:07+00:00","article_modified_time":"2023-11-27T10:45:16+00:00","og_image":[{"width":1280,"height":667,"url":"https:\/\/territorialchallenges.com\/wp-content\/uploads\/2023\/11\/industrie4.0.27.11Photo.jpg","type":"image\/jpeg"}],"author":"ni.abdi","twitter_card":"summary_large_image","twitter_creator":"@Ni.abdi","twitter_misc":{"Verfasst von":"ni.abdi","Gesch\u00e4tzte Lesezeit":"3\u00a0Minuten"},"schema":{"@context":"https:\/\/schema.org","@graph":[{"@type":"Article","@id":"https:\/\/territorialchallenges.com\/2023\/11\/27\/industrie-4-0-la-revolution-numerique-et-lheritage-de-klaus-schwab\/121844\/#article","isPartOf":{"@id":"https:\/\/territorialchallenges.com\/2023\/11\/27\/industrie-4-0-la-revolution-numerique-et-lheritage-de-klaus-schwab\/121844\/"},"author":{"name":"ni.abdi","@id":"https:\/\/territorialchallenges.com\/#\/schema\/person\/098f145c7c61a021c425e010f840080f"},"headline":"Industrie 4.0 : la r\u00e9volution num\u00e9rique et l&rsquo;h\u00e9ritage de Klaus Schwab","datePublished":"2023-11-27T10:45:07+00:00","dateModified":"2023-11-27T10:45:16+00:00","mainEntityOfPage":{"@id":"https:\/\/territorialchallenges.com\/2023\/11\/27\/industrie-4-0-la-revolution-numerique-et-lheritage-de-klaus-schwab\/121844\/"},"wordCount":633,"publisher":{"@id":"https:\/\/territorialchallenges.com\/#organization"},"articleSection":["Industrie 5.0","Actualit\u00e9 Europe"],"inLanguage":"de"},{"@type":"WebPage","@id":"https:\/\/territorialchallenges.com\/2023\/11\/27\/industrie-4-0-la-revolution-numerique-et-lheritage-de-klaus-schwab\/121844\/","url":"https:\/\/territorialchallenges.com\/2023\/11\/27\/industrie-4-0-la-revolution-numerique-et-lheritage-de-klaus-schwab\/121844\/","name":"Industrie 4.0: Die digitale Revolution und das Erbe von Klaus Schwab \u2013 Territoriale Herausforderungen","isPartOf":{"@id":"https:\/\/territorialchallenges.com\/#website"},"datePublished":"2023-11-27T10:45:07+00:00","dateModified":"2023-11-27T10:45:16+00:00","breadcrumb":{"@id":"https:\/\/territorialchallenges.com\/2023\/11\/27\/industrie-4-0-la-revolution-numerique-et-lheritage-de-klaus-schwab\/121844\/#breadcrumb"},"inLanguage":"de","potentialAction":[{"@type":"ReadAction","target":["https:\/\/territorialchallenges.com\/2023\/11\/27\/industrie-4-0-la-revolution-numerique-et-lheritage-de-klaus-schwab\/121844\/"]}]},{"@type":"BreadcrumbList","@id":"https:\/\/territorialchallenges.com\/2023\/11\/27\/industrie-4-0-la-revolution-numerique-et-lheritage-de-klaus-schwab\/121844\/#breadcrumb","itemListElement":[{"@type":"ListItem","position":1,"name":"Home","item":"https:\/\/territorialchallenges.com\/"},{"@type":"ListItem","position":2,"name":"Industrie 4.0 : la r\u00e9volution num\u00e9rique et l&rsquo;h\u00e9ritage de Klaus Schwab"}]},{"@type":"WebSite","@id":"https:\/\/territorialchallenges.com\/#website","url":"https:\/\/territorialchallenges.com\/","name":"Territoriale Herausforderungen","description":"Internationales Monitoring \u2013 Intelligente Strategien \u2013 Best Practices","publisher":{"@id":"https:\/\/territorialchallenges.com\/#organization"},"potentialAction":[{"@type":"SearchAction","target":{"@type":"EntryPoint","urlTemplate":"https:\/\/territorialchallenges.com\/?s={search_term_string}"},"query-input":"required name=search_term_string"}],"inLanguage":"de"},{"@type":"Organization","@id":"https:\/\/territorialchallenges.com\/#organization","name":"Territoriale Herausforderungen","url":"https:\/\/territorialchallenges.com\/","logo":{"@type":"ImageObject","inLanguage":"de","@id":"https:\/\/territorialchallenges.com\/#\/schema\/logo\/image\/","url":"https:\/\/territorialchallenges.com\/wp-content\/uploads\/2023\/10\/logo-1.png","contentUrl":"https:\/\/territorialchallenges.com\/wp-content\/uploads\/2023\/10\/logo-1.png","width":1832,"height":576,"caption":"Territorial Challenges"},"image":{"@id":"https:\/\/territorialchallenges.com\/#\/schema\/logo\/image\/"}},{"@type":"Person","@id":"https:\/\/territorialchallenges.com\/#\/schema\/person\/098f145c7c61a021c425e010f840080f","name":"ni.abdi","image":{"@type":"ImageObject","inLanguage":"de","@id":"https:\/\/territorialchallenges.com\/#\/schema\/person\/image\/","url":"https:\/\/secure.gravatar.com\/avatar\/2a2f2491f3c80039986ba989b1e4b510?s=96&d=identicon&r=g","contentUrl":"https:\/\/secure.gravatar.com\/avatar\/2a2f2491f3c80039986ba989b1e4b510?s=96&d=identicon&r=g","caption":"ni.abdi"},"sameAs":["https:\/\/twitter.com\/Ni.abdi"],"url":"https:\/\/territorialchallenges.com\/de\/author\/ni-abdi\/"}]}},"_links":{"self":[{"href":"https:\/\/territorialchallenges.com\/de\/wp-json\/wp\/v2\/posts\/121844"}],"collection":[{"href":"https:\/\/territorialchallenges.com\/de\/wp-json\/wp\/v2\/posts"}],"about":[{"href":"https:\/\/territorialchallenges.com\/de\/wp-json\/wp\/v2\/types\/post"}],"author":[{"embeddable":true,"href":"https:\/\/territorialchallenges.com\/de\/wp-json\/wp\/v2\/users\/11"}],"replies":[{"embeddable":true,"href":"https:\/\/territorialchallenges.com\/de\/wp-json\/wp\/v2\/comments?post=121844"}],"version-history":[{"count":1,"href":"https:\/\/territorialchallenges.com\/de\/wp-json\/wp\/v2\/posts\/121844\/revisions"}],"predecessor-version":[{"id":121846,"href":"https:\/\/territorialchallenges.com\/de\/wp-json\/wp\/v2\/posts\/121844\/revisions\/121846"}],"wp:featuredmedia":[{"embeddable":true,"href":"https:\/\/territorialchallenges.com\/de\/wp-json\/wp\/v2\/media\/121845"}],"wp:attachment":[{"href":"https:\/\/territorialchallenges.com\/de\/wp-json\/wp\/v2\/media?parent=121844"}],"wp:term":[{"taxonomy":"category","embeddable":true,"href":"https:\/\/territorialchallenges.com\/de\/wp-json\/wp\/v2\/categories?post=121844"},{"taxonomy":"post_tag","embeddable":true,"href":"https:\/\/territorialchallenges.com\/de\/wp-json\/wp\/v2\/tags?post=121844"}],"curies":[{"name":"wp","href":"https:\/\/api.w.org\/{rel}","templated":true}]}}