{"id":121822,"date":"2023-11-20T10:55:40","date_gmt":"2023-11-20T09:55:40","guid":{"rendered":"https:\/\/territorialchallenges.com\/?p=121822"},"modified":"2023-11-20T11:08:26","modified_gmt":"2023-11-20T10:08:26","slug":"anna-lisa-boni-une-architecte-de-la-transition-ecologique-a-bologne-en-italie","status":"publish","type":"post","link":"https:\/\/territorialchallenges.com\/de\/2023\/11\/20\/anna-lisa-boni-une-architecte-de-la-transition-ecologique-a-bologne-en-italie\/121822\/","title":{"rendered":"Anna Lisa Boni, Architektin des \u00f6kologischen Wandels in Bologna, Italien"},"content":{"rendered":"<p>Anna Lisa Boni, stellvertretende B\u00fcrgermeisterin von Bologna, wurde am 7. November auf dem Smart City Expo World Congress in Barcelona mit einem der prestigetr\u00e4chtigen \u201eLEADERSHIP AWARDs\u201c ausgezeichnet. Seine Schl\u00fcsselrolle bei der Verwaltung von Sanierungsfonds und der EU, dem \u00f6kologischen Wandel sowie den internationalen Beziehungen trieb Bologna dazu,\u2026 <\/p>\n<div class=\"pmpro_content_message\">Artikel nur f\u00fcr Abonnenten sichtbar.<br \/><a href=\"https:\/\/territorialchallenges.com\/wp-login.php\">Verbindung<\/a><br \/><a href=\"https:\/\/territorialchallenges.com\/de\/wp-login.php\/?action=register\">Registrieren<\/a><\/div>","protected":false},"excerpt":{"rendered":"<p>Anna Lisa Boni, Adjoint au Maire de Bologne, s&rsquo;est vue d\u00e9cerner l&rsquo;un des prestigieux \u00ab\u00a0LEADERSHIP AWARD\u00a0\u00bb au Salon Smart City Expo World Congress de Barcelone le 7 novembre dernier. Son r\u00f4le cl\u00e9 dans la gestion des fonds de relance et de l&rsquo;UE, de la transition \u00e9cologique, ainsi que des relations internationales, a propuls\u00e9 Bologne au... <\/p>\n<div class=\"pmpro_content_message\">Artikel nur f\u00fcr Abonnenten sichtbar.<br \/><a href=\"https:\/\/territorialchallenges.com\/wp-login.php\">Verbindung<\/a><br \/><a href=\"https:\/\/territorialchallenges.com\/de\/wp-login.php\/?action=register\">Registrieren<\/a><\/div>","protected":false},"author":11,"featured_media":121823,"comment_status":"closed","ping_status":"closed","sticky":true,"template":"","format":"standard","meta":{"pmpro_default_level":0,"footnotes":""},"categories":[126,117],"tags":[],"blocksy_meta":"","yoast_head":"<!-- This site is optimized with the Yoast SEO plugin v21.5 - https:\/\/yoast.com\/wordpress\/plugins\/seo\/ -->\n<title>Anna Lisa Boni, une architecte de la transition \u00e9cologique \u00e0 Bologne en Italie - Territorial Challenges<\/title>\n<meta name=\"robots\" content=\"index, follow, max-snippet:-1, max-image-preview:large, max-video-preview:-1\" \/>\n<link rel=\"canonical\" href=\"https:\/\/territorialchallenges.com\/de\/2023\/11\/20\/anna-lisa-boni-une-architecte-de-la-transition-ecologique-a-bologne-en-italie\/121822\/\" \/>\n<meta property=\"og:locale\" content=\"de_DE\" \/>\n<meta property=\"og:type\" content=\"article\" \/>\n<meta property=\"og:title\" content=\"Anna Lisa Boni, une architecte de la transition \u00e9cologique \u00e0 Bologne en Italie - Territorial Challenges\" \/>\n<meta property=\"og:description\" content=\"Anna Lisa Boni, Adjoint au Maire de Bologne, s&rsquo;est vue d\u00e9cerner l&rsquo;un des prestigieux \u00ab\u00a0LEADERSHIP AWARD\u00a0\u00bb au Salon Smart City Expo World Congress de Barcelone le 7 novembre dernier. Son r\u00f4le cl\u00e9 dans la gestion des fonds de relance et de l&rsquo;UE, de la transition \u00e9cologique, ainsi que des relations internationales, a propuls\u00e9 Bologne au [&hellip;]\" \/>\n<meta property=\"og:url\" content=\"https:\/\/territorialchallenges.com\/de\/2023\/11\/20\/anna-lisa-boni-une-architecte-de-la-transition-ecologique-a-bologne-en-italie\/121822\/\" \/>\n<meta property=\"og:site_name\" content=\"Territorial Challenges\" \/>\n<meta property=\"article:published_time\" content=\"2023-11-20T09:55:40+00:00\" \/>\n<meta property=\"article:modified_time\" content=\"2023-11-20T10:08:26+00:00\" \/>\n<meta property=\"og:image\" content=\"https:\/\/territorialchallenges.com\/wp-content\/uploads\/2023\/11\/Onparledeuxannalisa-boni.jpg\" \/>\n\t<meta property=\"og:image:width\" content=\"800\" \/>\n\t<meta property=\"og:image:height\" content=\"800\" \/>\n\t<meta property=\"og:image:type\" content=\"image\/jpeg\" \/>\n<meta name=\"author\" content=\"ni.abdi\" \/>\n<meta name=\"twitter:card\" content=\"summary_large_image\" \/>\n<meta name=\"twitter:creator\" content=\"@Ni.abdi\" \/>\n<meta name=\"twitter:label1\" content=\"Verfasst von\" \/>\n\t<meta name=\"twitter:data1\" content=\"ni.abdi\" \/>\n\t<meta name=\"twitter:label2\" content=\"Gesch\u00e4tzte Lesezeit\" \/>\n\t<meta name=\"twitter:data2\" content=\"4\u00a0Minuten\" \/>\n<script type=\"application\/ld+json\" class=\"yoast-schema-graph\">{\"@context\":\"https:\/\/schema.org\",\"@graph\":[{\"@type\":\"Article\",\"@id\":\"https:\/\/territorialchallenges.com\/2023\/11\/20\/anna-lisa-boni-une-architecte-de-la-transition-ecologique-a-bologne-en-italie\/121822\/#article\",\"isPartOf\":{\"@id\":\"https:\/\/territorialchallenges.com\/2023\/11\/20\/anna-lisa-boni-une-architecte-de-la-transition-ecologique-a-bologne-en-italie\/121822\/\"},\"author\":{\"name\":\"ni.abdi\",\"@id\":\"https:\/\/territorialchallenges.com\/#\/schema\/person\/098f145c7c61a021c425e010f840080f\"},\"headline\":\"Anna Lisa Boni, une architecte de la transition \u00e9cologique \u00e0 Bologne en Italie\",\"datePublished\":\"2023-11-20T09:55:40+00:00\",\"dateModified\":\"2023-11-20T10:08:26+00:00\",\"mainEntityOfPage\":{\"@id\":\"https:\/\/territorialchallenges.com\/2023\/11\/20\/anna-lisa-boni-une-architecte-de-la-transition-ecologique-a-bologne-en-italie\/121822\/\"},\"wordCount\":676,\"publisher\":{\"@id\":\"https:\/\/territorialchallenges.com\/#organization\"},\"articleSection\":[\"On parle d'eux\",\"\u00c9cosyst\u00e8me\"],\"inLanguage\":\"de\"},{\"@type\":\"WebPage\",\"@id\":\"https:\/\/territorialchallenges.com\/2023\/11\/20\/anna-lisa-boni-une-architecte-de-la-transition-ecologique-a-bologne-en-italie\/121822\/\",\"url\":\"https:\/\/territorialchallenges.com\/2023\/11\/20\/anna-lisa-boni-une-architecte-de-la-transition-ecologique-a-bologne-en-italie\/121822\/\",\"name\":\"Anna Lisa Boni, une architecte de la transition \u00e9cologique \u00e0 Bologne en Italie - Territorial Challenges\",\"isPartOf\":{\"@id\":\"https:\/\/territorialchallenges.com\/#website\"},\"datePublished\":\"2023-11-20T09:55:40+00:00\",\"dateModified\":\"2023-11-20T10:08:26+00:00\",\"breadcrumb\":{\"@id\":\"https:\/\/territorialchallenges.com\/2023\/11\/20\/anna-lisa-boni-une-architecte-de-la-transition-ecologique-a-bologne-en-italie\/121822\/#breadcrumb\"},\"inLanguage\":\"de\",\"potentialAction\":[{\"@type\":\"ReadAction\",\"target\":[\"https:\/\/territorialchallenges.com\/2023\/11\/20\/anna-lisa-boni-une-architecte-de-la-transition-ecologique-a-bologne-en-italie\/121822\/\"]}]},{\"@type\":\"BreadcrumbList\",\"@id\":\"https:\/\/territorialchallenges.com\/2023\/11\/20\/anna-lisa-boni-une-architecte-de-la-transition-ecologique-a-bologne-en-italie\/121822\/#breadcrumb\",\"itemListElement\":[{\"@type\":\"ListItem\",\"position\":1,\"name\":\"Home\",\"item\":\"https:\/\/territorialchallenges.com\/\"},{\"@type\":\"ListItem\",\"position\":2,\"name\":\"Anna Lisa Boni, une architecte de la transition \u00e9cologique \u00e0 Bologne en Italie\"}]},{\"@type\":\"WebSite\",\"@id\":\"https:\/\/territorialchallenges.com\/#website\",\"url\":\"https:\/\/territorialchallenges.com\/\",\"name\":\"Territorial Challenges\",\"description\":\"Veille Internationale - Strat\u00e9gie Intelligentes - Bonnes pratiques\",\"publisher\":{\"@id\":\"https:\/\/territorialchallenges.com\/#organization\"},\"potentialAction\":[{\"@type\":\"SearchAction\",\"target\":{\"@type\":\"EntryPoint\",\"urlTemplate\":\"https:\/\/territorialchallenges.com\/?s={search_term_string}\"},\"query-input\":\"required name=search_term_string\"}],\"inLanguage\":\"de\"},{\"@type\":\"Organization\",\"@id\":\"https:\/\/territorialchallenges.com\/#organization\",\"name\":\"Territorial Challenges\",\"url\":\"https:\/\/territorialchallenges.com\/\",\"logo\":{\"@type\":\"ImageObject\",\"inLanguage\":\"de\",\"@id\":\"https:\/\/territorialchallenges.com\/#\/schema\/logo\/image\/\",\"url\":\"https:\/\/territorialchallenges.com\/wp-content\/uploads\/2023\/10\/logo-1.png\",\"contentUrl\":\"https:\/\/territorialchallenges.com\/wp-content\/uploads\/2023\/10\/logo-1.png\",\"width\":1832,\"height\":576,\"caption\":\"Territorial Challenges\"},\"image\":{\"@id\":\"https:\/\/territorialchallenges.com\/#\/schema\/logo\/image\/\"}},{\"@type\":\"Person\",\"@id\":\"https:\/\/territorialchallenges.com\/#\/schema\/person\/098f145c7c61a021c425e010f840080f\",\"name\":\"ni.abdi\",\"image\":{\"@type\":\"ImageObject\",\"inLanguage\":\"de\",\"@id\":\"https:\/\/territorialchallenges.com\/#\/schema\/person\/image\/\",\"url\":\"https:\/\/secure.gravatar.com\/avatar\/2a2f2491f3c80039986ba989b1e4b510?s=96&d=identicon&r=g\",\"contentUrl\":\"https:\/\/secure.gravatar.com\/avatar\/2a2f2491f3c80039986ba989b1e4b510?s=96&d=identicon&r=g\",\"caption\":\"ni.abdi\"},\"sameAs\":[\"https:\/\/twitter.com\/Ni.abdi\"],\"url\":\"https:\/\/territorialchallenges.com\/de\/author\/ni-abdi\/\"}]}<\/script>\n<!-- \/ Yoast SEO plugin. -->","yoast_head_json":{"title":"Anna Lisa Boni, une architecte de la transition \u00e9cologique \u00e0 Bologne en Italie - Territorial Challenges","robots":{"index":"index","follow":"follow","max-snippet":"max-snippet:-1","max-image-preview":"max-image-preview:large","max-video-preview":"max-video-preview:-1"},"canonical":"https:\/\/territorialchallenges.com\/de\/2023\/11\/20\/anna-lisa-boni-une-architecte-de-la-transition-ecologique-a-bologne-en-italie\/121822\/","og_locale":"de_DE","og_type":"article","og_title":"Anna Lisa Boni, une architecte de la transition \u00e9cologique \u00e0 Bologne en Italie - Territorial Challenges","og_description":"Anna Lisa Boni, Adjoint au Maire de Bologne, s&rsquo;est vue d\u00e9cerner l&rsquo;un des prestigieux \u00ab\u00a0LEADERSHIP AWARD\u00a0\u00bb au Salon Smart City Expo World Congress de Barcelone le 7 novembre dernier. Son r\u00f4le cl\u00e9 dans la gestion des fonds de relance et de l&rsquo;UE, de la transition \u00e9cologique, ainsi que des relations internationales, a propuls\u00e9 Bologne au [&hellip;]","og_url":"https:\/\/territorialchallenges.com\/de\/2023\/11\/20\/anna-lisa-boni-une-architecte-de-la-transition-ecologique-a-bologne-en-italie\/121822\/","og_site_name":"Territorial Challenges","article_published_time":"2023-11-20T09:55:40+00:00","article_modified_time":"2023-11-20T10:08:26+00:00","og_image":[{"width":800,"height":800,"url":"https:\/\/territorialchallenges.com\/wp-content\/uploads\/2023\/11\/Onparledeuxannalisa-boni.jpg","type":"image\/jpeg"}],"author":"ni.abdi","twitter_card":"summary_large_image","twitter_creator":"@Ni.abdi","twitter_misc":{"Verfasst von":"ni.abdi","Gesch\u00e4tzte Lesezeit":"4\u00a0Minuten"},"schema":{"@context":"https:\/\/schema.org","@graph":[{"@type":"Article","@id":"https:\/\/territorialchallenges.com\/2023\/11\/20\/anna-lisa-boni-une-architecte-de-la-transition-ecologique-a-bologne-en-italie\/121822\/#article","isPartOf":{"@id":"https:\/\/territorialchallenges.com\/2023\/11\/20\/anna-lisa-boni-une-architecte-de-la-transition-ecologique-a-bologne-en-italie\/121822\/"},"author":{"name":"ni.abdi","@id":"https:\/\/territorialchallenges.com\/#\/schema\/person\/098f145c7c61a021c425e010f840080f"},"headline":"Anna Lisa Boni, une architecte de la transition \u00e9cologique \u00e0 Bologne en Italie","datePublished":"2023-11-20T09:55:40+00:00","dateModified":"2023-11-20T10:08:26+00:00","mainEntityOfPage":{"@id":"https:\/\/territorialchallenges.com\/2023\/11\/20\/anna-lisa-boni-une-architecte-de-la-transition-ecologique-a-bologne-en-italie\/121822\/"},"wordCount":676,"publisher":{"@id":"https:\/\/territorialchallenges.com\/#organization"},"articleSection":["On parle d'eux","\u00c9cosyst\u00e8me"],"inLanguage":"de"},{"@type":"WebPage","@id":"https:\/\/territorialchallenges.com\/2023\/11\/20\/anna-lisa-boni-une-architecte-de-la-transition-ecologique-a-bologne-en-italie\/121822\/","url":"https:\/\/territorialchallenges.com\/2023\/11\/20\/anna-lisa-boni-une-architecte-de-la-transition-ecologique-a-bologne-en-italie\/121822\/","name":"Anna Lisa Boni, une architecte de la transition \u00e9cologique \u00e0 Bologne en Italie - Territorial Challenges","isPartOf":{"@id":"https:\/\/territorialchallenges.com\/#website"},"datePublished":"2023-11-20T09:55:40+00:00","dateModified":"2023-11-20T10:08:26+00:00","breadcrumb":{"@id":"https:\/\/territorialchallenges.com\/2023\/11\/20\/anna-lisa-boni-une-architecte-de-la-transition-ecologique-a-bologne-en-italie\/121822\/#breadcrumb"},"inLanguage":"de","potentialAction":[{"@type":"ReadAction","target":["https:\/\/territorialchallenges.com\/2023\/11\/20\/anna-lisa-boni-une-architecte-de-la-transition-ecologique-a-bologne-en-italie\/121822\/"]}]},{"@type":"BreadcrumbList","@id":"https:\/\/territorialchallenges.com\/2023\/11\/20\/anna-lisa-boni-une-architecte-de-la-transition-ecologique-a-bologne-en-italie\/121822\/#breadcrumb","itemListElement":[{"@type":"ListItem","position":1,"name":"Home","item":"https:\/\/territorialchallenges.com\/"},{"@type":"ListItem","position":2,"name":"Anna Lisa Boni, une architecte de la transition \u00e9cologique \u00e0 Bologne en Italie"}]},{"@type":"WebSite","@id":"https:\/\/territorialchallenges.com\/#website","url":"https:\/\/territorialchallenges.com\/","name":"Territoriale Herausforderungen","description":"Internationales Monitoring \u2013 Intelligente Strategien \u2013 Best Practices","publisher":{"@id":"https:\/\/territorialchallenges.com\/#organization"},"potentialAction":[{"@type":"SearchAction","target":{"@type":"EntryPoint","urlTemplate":"https:\/\/territorialchallenges.com\/?s={search_term_string}"},"query-input":"required name=search_term_string"}],"inLanguage":"de"},{"@type":"Organization","@id":"https:\/\/territorialchallenges.com\/#organization","name":"Territoriale Herausforderungen","url":"https:\/\/territorialchallenges.com\/","logo":{"@type":"ImageObject","inLanguage":"de","@id":"https:\/\/territorialchallenges.com\/#\/schema\/logo\/image\/","url":"https:\/\/territorialchallenges.com\/wp-content\/uploads\/2023\/10\/logo-1.png","contentUrl":"https:\/\/territorialchallenges.com\/wp-content\/uploads\/2023\/10\/logo-1.png","width":1832,"height":576,"caption":"Territorial Challenges"},"image":{"@id":"https:\/\/territorialchallenges.com\/#\/schema\/logo\/image\/"}},{"@type":"Person","@id":"https:\/\/territorialchallenges.com\/#\/schema\/person\/098f145c7c61a021c425e010f840080f","name":"ni.abdi","image":{"@type":"ImageObject","inLanguage":"de","@id":"https:\/\/territorialchallenges.com\/#\/schema\/person\/image\/","url":"https:\/\/secure.gravatar.com\/avatar\/2a2f2491f3c80039986ba989b1e4b510?s=96&d=identicon&r=g","contentUrl":"https:\/\/secure.gravatar.com\/avatar\/2a2f2491f3c80039986ba989b1e4b510?s=96&d=identicon&r=g","caption":"ni.abdi"},"sameAs":["https:\/\/twitter.com\/Ni.abdi"],"url":"https:\/\/territorialchallenges.com\/de\/author\/ni-abdi\/"}]}},"_links":{"self":[{"href":"https:\/\/territorialchallenges.com\/de\/wp-json\/wp\/v2\/posts\/121822"}],"collection":[{"href":"https:\/\/territorialchallenges.com\/de\/wp-json\/wp\/v2\/posts"}],"about":[{"href":"https:\/\/territorialchallenges.com\/de\/wp-json\/wp\/v2\/types\/post"}],"author":[{"embeddable":true,"href":"https:\/\/territorialchallenges.com\/de\/wp-json\/wp\/v2\/users\/11"}],"replies":[{"embeddable":true,"href":"https:\/\/territorialchallenges.com\/de\/wp-json\/wp\/v2\/comments?post=121822"}],"version-history":[{"count":1,"href":"https:\/\/territorialchallenges.com\/de\/wp-json\/wp\/v2\/posts\/121822\/revisions"}],"predecessor-version":[{"id":121824,"href":"https:\/\/territorialchallenges.com\/de\/wp-json\/wp\/v2\/posts\/121822\/revisions\/121824"}],"wp:featuredmedia":[{"embeddable":true,"href":"https:\/\/territorialchallenges.com\/de\/wp-json\/wp\/v2\/media\/121823"}],"wp:attachment":[{"href":"https:\/\/territorialchallenges.com\/de\/wp-json\/wp\/v2\/media?parent=121822"}],"wp:term":[{"taxonomy":"category","embeddable":true,"href":"https:\/\/territorialchallenges.com\/de\/wp-json\/wp\/v2\/categories?post=121822"},{"taxonomy":"post_tag","embeddable":true,"href":"https:\/\/territorialchallenges.com\/de\/wp-json\/wp\/v2\/tags?post=121822"}],"curies":[{"name":"wp","href":"https:\/\/api.w.org\/{rel}","templated":true}]}}