{"id":121079,"date":"2023-09-05T09:49:59","date_gmt":"2023-09-05T07:49:59","guid":{"rendered":"https:\/\/territorialchallenges.com\/?p=121079"},"modified":"2023-09-05T09:49:59","modified_gmt":"2023-09-05T07:49:59","slug":"mobilyze-pro-lia-au-service-de-lexpansion-intelligente-de-la-recharge-des-vehicules-electriques-en-amerique-du-nord","status":"publish","type":"post","link":"https:\/\/territorialchallenges.com\/de\/2023\/09\/05\/mobilyze-pro-lia-au-service-de-lexpansion-intelligente-de-la-recharge-des-vehicules-electriques-en-amerique-du-nord\/121079\/","title":{"rendered":"Mobilyze Pro: KI f\u00fcr den intelligenten Ausbau des Ladens von Elektrofahrzeugen in Nordamerika"},"content":{"rendered":"<p>FreeWire Technologies revolutioniert die Ladebranche f\u00fcr Elektrofahrzeuge mit Mobilyze Pro, einer KI-basierten Plattform, die es Betreibern von Ladestationen erm\u00f6glicht, ihre Ladeinfrastruktur f\u00fcr maximale Auslastung und Rentabilit\u00e4t zu optimieren. Diese Innovation verspricht, die L\u00fccke zwischen der wachsenden Nachfrage nach Schnellladel\u00f6sungen und der bestehenden Infrastruktur zu schlie\u00dfen, mit\u2026 <\/p>\n<div class=\"pmpro_content_message\">Artikel nur f\u00fcr Abonnenten sichtbar.<br \/><a href=\"https:\/\/territorialchallenges.com\/wp-login.php\">Verbindung<\/a><br \/><a href=\"https:\/\/territorialchallenges.com\/de\/wp-login.php\/?action=register\">Registrieren<\/a><\/div>","protected":false},"excerpt":{"rendered":"<p>FreeWire Technologies r\u00e9volutionne l&rsquo;industrie de la recharge des v\u00e9hicules \u00e9lectriques avec Mobilyze Pro, une plateforme aliment\u00e9e par l&rsquo;intelligence artificielle qui permet aux h\u00f4tes de sites de recharge d&rsquo;optimiser leurs d\u00e9ploiements pour une utilisation et une rentabilit\u00e9 maximales. Cette innovation promet de combler le foss\u00e9 entre la demande croissante de recharge rapide et l&rsquo;infrastructure actuelle, avec... <\/p>\n<div class=\"pmpro_content_message\">Artikel nur f\u00fcr Abonnenten sichtbar.<br \/><a href=\"https:\/\/territorialchallenges.com\/wp-login.php\">Verbindung<\/a><br \/><a href=\"https:\/\/territorialchallenges.com\/de\/wp-login.php\/?action=register\">Registrieren<\/a><\/div>","protected":false},"author":11,"featured_media":121080,"comment_status":"open","ping_status":"open","sticky":true,"template":"","format":"standard","meta":{"pmpro_default_level":0,"footnotes":""},"categories":[16,124],"tags":[],"blocksy_meta":"","yoast_head":"<!-- This site is optimized with the Yoast SEO plugin v21.5 - https:\/\/yoast.com\/wordpress\/plugins\/seo\/ -->\n<title>Mobilyze Pro : l&#039;IA au service de l&#039;expansion intelligente de la recharge des v\u00e9hicules \u00e9lectriques en Am\u00e9rique du Nord - Territorial Challenges<\/title>\n<meta name=\"robots\" content=\"index, follow, max-snippet:-1, max-image-preview:large, max-video-preview:-1\" \/>\n<link rel=\"canonical\" href=\"https:\/\/territorialchallenges.com\/de\/2023\/09\/05\/mobilyze-pro-lia-au-service-de-lexpansion-intelligente-de-la-recharge-des-vehicules-electriques-en-amerique-du-nord\/121079\/\" \/>\n<meta property=\"og:locale\" content=\"de_DE\" \/>\n<meta property=\"og:type\" content=\"article\" \/>\n<meta property=\"og:title\" content=\"Mobilyze Pro : l&#039;IA au service de l&#039;expansion intelligente de la recharge des v\u00e9hicules \u00e9lectriques en Am\u00e9rique du Nord - Territorial Challenges\" \/>\n<meta property=\"og:description\" content=\"FreeWire Technologies r\u00e9volutionne l&rsquo;industrie de la recharge des v\u00e9hicules \u00e9lectriques avec Mobilyze Pro, une plateforme aliment\u00e9e par l&rsquo;intelligence artificielle qui permet aux h\u00f4tes de sites de recharge d&rsquo;optimiser leurs d\u00e9ploiements pour une utilisation et une rentabilit\u00e9 maximales. Cette innovation promet de combler le foss\u00e9 entre la demande croissante de recharge rapide et l&rsquo;infrastructure actuelle, avec [&hellip;]\" \/>\n<meta property=\"og:url\" content=\"https:\/\/territorialchallenges.com\/de\/2023\/09\/05\/mobilyze-pro-lia-au-service-de-lexpansion-intelligente-de-la-recharge-des-vehicules-electriques-en-amerique-du-nord\/121079\/\" \/>\n<meta property=\"og:site_name\" content=\"Territorial Challenges\" \/>\n<meta property=\"article:published_time\" content=\"2023-09-05T07:49:59+00:00\" \/>\n<meta property=\"og:image\" content=\"https:\/\/territorialchallenges.com\/wp-content\/uploads\/2023\/09\/Iot5.09.23Photo.jpg\" \/>\n\t<meta property=\"og:image:width\" content=\"1280\" \/>\n\t<meta property=\"og:image:height\" content=\"501\" \/>\n\t<meta property=\"og:image:type\" content=\"image\/jpeg\" \/>\n<meta name=\"author\" content=\"ni.abdi\" \/>\n<meta name=\"twitter:card\" content=\"summary_large_image\" \/>\n<meta name=\"twitter:creator\" content=\"@Ni.abdi\" \/>\n<meta name=\"twitter:label1\" content=\"Verfasst von\" \/>\n\t<meta name=\"twitter:data1\" content=\"ni.abdi\" \/>\n\t<meta name=\"twitter:label2\" content=\"Gesch\u00e4tzte Lesezeit\" \/>\n\t<meta name=\"twitter:data2\" content=\"4\u00a0Minuten\" \/>\n<script type=\"application\/ld+json\" class=\"yoast-schema-graph\">{\"@context\":\"https:\/\/schema.org\",\"@graph\":[{\"@type\":\"Article\",\"@id\":\"https:\/\/territorialchallenges.com\/2023\/09\/05\/mobilyze-pro-lia-au-service-de-lexpansion-intelligente-de-la-recharge-des-vehicules-electriques-en-amerique-du-nord\/121079\/#article\",\"isPartOf\":{\"@id\":\"https:\/\/territorialchallenges.com\/2023\/09\/05\/mobilyze-pro-lia-au-service-de-lexpansion-intelligente-de-la-recharge-des-vehicules-electriques-en-amerique-du-nord\/121079\/\"},\"author\":{\"name\":\"ni.abdi\",\"@id\":\"https:\/\/territorialchallenges.com\/#\/schema\/person\/098f145c7c61a021c425e010f840080f\"},\"headline\":\"Mobilyze Pro : l&rsquo;IA au service de l&rsquo;expansion intelligente de la recharge des v\u00e9hicules \u00e9lectriques en Am\u00e9rique du Nord\",\"datePublished\":\"2023-09-05T07:49:59+00:00\",\"dateModified\":\"2023-09-05T07:49:59+00:00\",\"mainEntityOfPage\":{\"@id\":\"https:\/\/territorialchallenges.com\/2023\/09\/05\/mobilyze-pro-lia-au-service-de-lexpansion-intelligente-de-la-recharge-des-vehicules-electriques-en-amerique-du-nord\/121079\/\"},\"wordCount\":908,\"commentCount\":0,\"publisher\":{\"@id\":\"https:\/\/territorialchallenges.com\/#organization\"},\"articleSection\":[\"Donn\u00e9es\/Objets Connect\u00e9s\",\"Actualit\u00e9 internationale\"],\"inLanguage\":\"de\"},{\"@type\":\"WebPage\",\"@id\":\"https:\/\/territorialchallenges.com\/2023\/09\/05\/mobilyze-pro-lia-au-service-de-lexpansion-intelligente-de-la-recharge-des-vehicules-electriques-en-amerique-du-nord\/121079\/\",\"url\":\"https:\/\/territorialchallenges.com\/2023\/09\/05\/mobilyze-pro-lia-au-service-de-lexpansion-intelligente-de-la-recharge-des-vehicules-electriques-en-amerique-du-nord\/121079\/\",\"name\":\"Mobilyze Pro : l'IA au service de l'expansion intelligente de la recharge des v\u00e9hicules \u00e9lectriques en Am\u00e9rique du Nord - Territorial Challenges\",\"isPartOf\":{\"@id\":\"https:\/\/territorialchallenges.com\/#website\"},\"datePublished\":\"2023-09-05T07:49:59+00:00\",\"dateModified\":\"2023-09-05T07:49:59+00:00\",\"breadcrumb\":{\"@id\":\"https:\/\/territorialchallenges.com\/2023\/09\/05\/mobilyze-pro-lia-au-service-de-lexpansion-intelligente-de-la-recharge-des-vehicules-electriques-en-amerique-du-nord\/121079\/#breadcrumb\"},\"inLanguage\":\"de\",\"potentialAction\":[{\"@type\":\"ReadAction\",\"target\":[\"https:\/\/territorialchallenges.com\/2023\/09\/05\/mobilyze-pro-lia-au-service-de-lexpansion-intelligente-de-la-recharge-des-vehicules-electriques-en-amerique-du-nord\/121079\/\"]}]},{\"@type\":\"BreadcrumbList\",\"@id\":\"https:\/\/territorialchallenges.com\/2023\/09\/05\/mobilyze-pro-lia-au-service-de-lexpansion-intelligente-de-la-recharge-des-vehicules-electriques-en-amerique-du-nord\/121079\/#breadcrumb\",\"itemListElement\":[{\"@type\":\"ListItem\",\"position\":1,\"name\":\"Home\",\"item\":\"https:\/\/territorialchallenges.com\/\"},{\"@type\":\"ListItem\",\"position\":2,\"name\":\"Mobilyze Pro : l&rsquo;IA au service de l&rsquo;expansion intelligente de la recharge des v\u00e9hicules \u00e9lectriques en Am\u00e9rique du Nord\"}]},{\"@type\":\"WebSite\",\"@id\":\"https:\/\/territorialchallenges.com\/#website\",\"url\":\"https:\/\/territorialchallenges.com\/\",\"name\":\"Territorial Challenges\",\"description\":\"Veille Internationale - Strat\u00e9gie Intelligentes - Bonnes pratiques\",\"publisher\":{\"@id\":\"https:\/\/territorialchallenges.com\/#organization\"},\"potentialAction\":[{\"@type\":\"SearchAction\",\"target\":{\"@type\":\"EntryPoint\",\"urlTemplate\":\"https:\/\/territorialchallenges.com\/?s={search_term_string}\"},\"query-input\":\"required name=search_term_string\"}],\"inLanguage\":\"de\"},{\"@type\":\"Organization\",\"@id\":\"https:\/\/territorialchallenges.com\/#organization\",\"name\":\"Territorial Challenges\",\"url\":\"https:\/\/territorialchallenges.com\/\",\"logo\":{\"@type\":\"ImageObject\",\"inLanguage\":\"de\",\"@id\":\"https:\/\/territorialchallenges.com\/#\/schema\/logo\/image\/\",\"url\":\"https:\/\/territorialchallenges.com\/wp-content\/uploads\/2023\/10\/logo-1.png\",\"contentUrl\":\"https:\/\/territorialchallenges.com\/wp-content\/uploads\/2023\/10\/logo-1.png\",\"width\":1832,\"height\":576,\"caption\":\"Territorial Challenges\"},\"image\":{\"@id\":\"https:\/\/territorialchallenges.com\/#\/schema\/logo\/image\/\"}},{\"@type\":\"Person\",\"@id\":\"https:\/\/territorialchallenges.com\/#\/schema\/person\/098f145c7c61a021c425e010f840080f\",\"name\":\"ni.abdi\",\"image\":{\"@type\":\"ImageObject\",\"inLanguage\":\"de\",\"@id\":\"https:\/\/territorialchallenges.com\/#\/schema\/person\/image\/\",\"url\":\"https:\/\/secure.gravatar.com\/avatar\/2a2f2491f3c80039986ba989b1e4b510?s=96&d=identicon&r=g\",\"contentUrl\":\"https:\/\/secure.gravatar.com\/avatar\/2a2f2491f3c80039986ba989b1e4b510?s=96&d=identicon&r=g\",\"caption\":\"ni.abdi\"},\"sameAs\":[\"https:\/\/twitter.com\/Ni.abdi\"],\"url\":\"https:\/\/territorialchallenges.com\/de\/author\/ni-abdi\/\"}]}<\/script>\n<!-- \/ Yoast SEO plugin. -->","yoast_head_json":{"title":"Mobilyze Pro : l'IA au service de l'expansion intelligente de la recharge des v\u00e9hicules \u00e9lectriques en Am\u00e9rique du Nord - Territorial Challenges","robots":{"index":"index","follow":"follow","max-snippet":"max-snippet:-1","max-image-preview":"max-image-preview:large","max-video-preview":"max-video-preview:-1"},"canonical":"https:\/\/territorialchallenges.com\/de\/2023\/09\/05\/mobilyze-pro-lia-au-service-de-lexpansion-intelligente-de-la-recharge-des-vehicules-electriques-en-amerique-du-nord\/121079\/","og_locale":"de_DE","og_type":"article","og_title":"Mobilyze Pro : l'IA au service de l'expansion intelligente de la recharge des v\u00e9hicules \u00e9lectriques en Am\u00e9rique du Nord - Territorial Challenges","og_description":"FreeWire Technologies r\u00e9volutionne l&rsquo;industrie de la recharge des v\u00e9hicules \u00e9lectriques avec Mobilyze Pro, une plateforme aliment\u00e9e par l&rsquo;intelligence artificielle qui permet aux h\u00f4tes de sites de recharge d&rsquo;optimiser leurs d\u00e9ploiements pour une utilisation et une rentabilit\u00e9 maximales. Cette innovation promet de combler le foss\u00e9 entre la demande croissante de recharge rapide et l&rsquo;infrastructure actuelle, avec [&hellip;]","og_url":"https:\/\/territorialchallenges.com\/de\/2023\/09\/05\/mobilyze-pro-lia-au-service-de-lexpansion-intelligente-de-la-recharge-des-vehicules-electriques-en-amerique-du-nord\/121079\/","og_site_name":"Territorial Challenges","article_published_time":"2023-09-05T07:49:59+00:00","og_image":[{"width":1280,"height":501,"url":"https:\/\/territorialchallenges.com\/wp-content\/uploads\/2023\/09\/Iot5.09.23Photo.jpg","type":"image\/jpeg"}],"author":"ni.abdi","twitter_card":"summary_large_image","twitter_creator":"@Ni.abdi","twitter_misc":{"Verfasst von":"ni.abdi","Gesch\u00e4tzte Lesezeit":"4\u00a0Minuten"},"schema":{"@context":"https:\/\/schema.org","@graph":[{"@type":"Article","@id":"https:\/\/territorialchallenges.com\/2023\/09\/05\/mobilyze-pro-lia-au-service-de-lexpansion-intelligente-de-la-recharge-des-vehicules-electriques-en-amerique-du-nord\/121079\/#article","isPartOf":{"@id":"https:\/\/territorialchallenges.com\/2023\/09\/05\/mobilyze-pro-lia-au-service-de-lexpansion-intelligente-de-la-recharge-des-vehicules-electriques-en-amerique-du-nord\/121079\/"},"author":{"name":"ni.abdi","@id":"https:\/\/territorialchallenges.com\/#\/schema\/person\/098f145c7c61a021c425e010f840080f"},"headline":"Mobilyze Pro : l&rsquo;IA au service de l&rsquo;expansion intelligente de la recharge des v\u00e9hicules \u00e9lectriques en Am\u00e9rique du Nord","datePublished":"2023-09-05T07:49:59+00:00","dateModified":"2023-09-05T07:49:59+00:00","mainEntityOfPage":{"@id":"https:\/\/territorialchallenges.com\/2023\/09\/05\/mobilyze-pro-lia-au-service-de-lexpansion-intelligente-de-la-recharge-des-vehicules-electriques-en-amerique-du-nord\/121079\/"},"wordCount":908,"commentCount":0,"publisher":{"@id":"https:\/\/territorialchallenges.com\/#organization"},"articleSection":["Donn\u00e9es\/Objets Connect\u00e9s","Actualit\u00e9 internationale"],"inLanguage":"de"},{"@type":"WebPage","@id":"https:\/\/territorialchallenges.com\/2023\/09\/05\/mobilyze-pro-lia-au-service-de-lexpansion-intelligente-de-la-recharge-des-vehicules-electriques-en-amerique-du-nord\/121079\/","url":"https:\/\/territorialchallenges.com\/2023\/09\/05\/mobilyze-pro-lia-au-service-de-lexpansion-intelligente-de-la-recharge-des-vehicules-electriques-en-amerique-du-nord\/121079\/","name":"Mobilyze Pro : l'IA au service de l'expansion intelligente de la recharge des v\u00e9hicules \u00e9lectriques en Am\u00e9rique du Nord - Territorial Challenges","isPartOf":{"@id":"https:\/\/territorialchallenges.com\/#website"},"datePublished":"2023-09-05T07:49:59+00:00","dateModified":"2023-09-05T07:49:59+00:00","breadcrumb":{"@id":"https:\/\/territorialchallenges.com\/2023\/09\/05\/mobilyze-pro-lia-au-service-de-lexpansion-intelligente-de-la-recharge-des-vehicules-electriques-en-amerique-du-nord\/121079\/#breadcrumb"},"inLanguage":"de","potentialAction":[{"@type":"ReadAction","target":["https:\/\/territorialchallenges.com\/2023\/09\/05\/mobilyze-pro-lia-au-service-de-lexpansion-intelligente-de-la-recharge-des-vehicules-electriques-en-amerique-du-nord\/121079\/"]}]},{"@type":"BreadcrumbList","@id":"https:\/\/territorialchallenges.com\/2023\/09\/05\/mobilyze-pro-lia-au-service-de-lexpansion-intelligente-de-la-recharge-des-vehicules-electriques-en-amerique-du-nord\/121079\/#breadcrumb","itemListElement":[{"@type":"ListItem","position":1,"name":"Home","item":"https:\/\/territorialchallenges.com\/"},{"@type":"ListItem","position":2,"name":"Mobilyze Pro : l&rsquo;IA au service de l&rsquo;expansion intelligente de la recharge des v\u00e9hicules \u00e9lectriques en Am\u00e9rique du Nord"}]},{"@type":"WebSite","@id":"https:\/\/territorialchallenges.com\/#website","url":"https:\/\/territorialchallenges.com\/","name":"Territoriale Herausforderungen","description":"Internationales Monitoring \u2013 Intelligente Strategien \u2013 Best Practices","publisher":{"@id":"https:\/\/territorialchallenges.com\/#organization"},"potentialAction":[{"@type":"SearchAction","target":{"@type":"EntryPoint","urlTemplate":"https:\/\/territorialchallenges.com\/?s={search_term_string}"},"query-input":"required name=search_term_string"}],"inLanguage":"de"},{"@type":"Organization","@id":"https:\/\/territorialchallenges.com\/#organization","name":"Territoriale Herausforderungen","url":"https:\/\/territorialchallenges.com\/","logo":{"@type":"ImageObject","inLanguage":"de","@id":"https:\/\/territorialchallenges.com\/#\/schema\/logo\/image\/","url":"https:\/\/territorialchallenges.com\/wp-content\/uploads\/2023\/10\/logo-1.png","contentUrl":"https:\/\/territorialchallenges.com\/wp-content\/uploads\/2023\/10\/logo-1.png","width":1832,"height":576,"caption":"Territorial Challenges"},"image":{"@id":"https:\/\/territorialchallenges.com\/#\/schema\/logo\/image\/"}},{"@type":"Person","@id":"https:\/\/territorialchallenges.com\/#\/schema\/person\/098f145c7c61a021c425e010f840080f","name":"ni.abdi","image":{"@type":"ImageObject","inLanguage":"de","@id":"https:\/\/territorialchallenges.com\/#\/schema\/person\/image\/","url":"https:\/\/secure.gravatar.com\/avatar\/2a2f2491f3c80039986ba989b1e4b510?s=96&d=identicon&r=g","contentUrl":"https:\/\/secure.gravatar.com\/avatar\/2a2f2491f3c80039986ba989b1e4b510?s=96&d=identicon&r=g","caption":"ni.abdi"},"sameAs":["https:\/\/twitter.com\/Ni.abdi"],"url":"https:\/\/territorialchallenges.com\/de\/author\/ni-abdi\/"}]}},"_links":{"self":[{"href":"https:\/\/territorialchallenges.com\/de\/wp-json\/wp\/v2\/posts\/121079"}],"collection":[{"href":"https:\/\/territorialchallenges.com\/de\/wp-json\/wp\/v2\/posts"}],"about":[{"href":"https:\/\/territorialchallenges.com\/de\/wp-json\/wp\/v2\/types\/post"}],"author":[{"embeddable":true,"href":"https:\/\/territorialchallenges.com\/de\/wp-json\/wp\/v2\/users\/11"}],"replies":[{"embeddable":true,"href":"https:\/\/territorialchallenges.com\/de\/wp-json\/wp\/v2\/comments?post=121079"}],"version-history":[{"count":1,"href":"https:\/\/territorialchallenges.com\/de\/wp-json\/wp\/v2\/posts\/121079\/revisions"}],"predecessor-version":[{"id":121084,"href":"https:\/\/territorialchallenges.com\/de\/wp-json\/wp\/v2\/posts\/121079\/revisions\/121084"}],"wp:featuredmedia":[{"embeddable":true,"href":"https:\/\/territorialchallenges.com\/de\/wp-json\/wp\/v2\/media\/121080"}],"wp:attachment":[{"href":"https:\/\/territorialchallenges.com\/de\/wp-json\/wp\/v2\/media?parent=121079"}],"wp:term":[{"taxonomy":"category","embeddable":true,"href":"https:\/\/territorialchallenges.com\/de\/wp-json\/wp\/v2\/categories?post=121079"},{"taxonomy":"post_tag","embeddable":true,"href":"https:\/\/territorialchallenges.com\/de\/wp-json\/wp\/v2\/tags?post=121079"}],"curies":[{"name":"wp","href":"https:\/\/api.w.org\/{rel}","templated":true}]}}