{"id":120974,"date":"2023-08-15T08:40:29","date_gmt":"2023-08-15T06:40:29","guid":{"rendered":"https:\/\/territorialchallenges.com\/?p=120974"},"modified":"2023-08-15T08:40:29","modified_gmt":"2023-08-15T06:40:29","slug":"sotecin-un-appel-europeen-aux-innovateurs-sociaux-pour-une-revolution-circulaire-dans-lindustrie-4-0","status":"publish","type":"post","link":"https:\/\/territorialchallenges.com\/de\/2023\/08\/15\/sotecin-un-appel-europeen-aux-innovateurs-sociaux-pour-une-revolution-circulaire-dans-lindustrie-4-0\/120974\/","title":{"rendered":"SoTecIn: Ein europ\u00e4ischer Aufruf an soziale Innovatoren f\u00fcr eine zirkul\u00e4re Revolution in der Industrie 4.0"},"content":{"rendered":"<p>Die SoTecIn-Fabrik, ein EU-finanziertes Projekt, setzt auf soziale Innovatoren, um die Zukunft der Lebensmittel-, Textil-, Kunststoff- und Verpackungsindustrie durch zirkul\u00e4re und nachhaltige L\u00f6sungen zu gestalten. Entdecken Sie, wie dieses Konsortium f\u00fcr soziale Innovation industrielle Wertsch\u00f6pfungsketten f\u00fcr eine widerstandsf\u00e4higere und umweltfreundlichere Zukunft transformieren will. Die Wirtschaft\u2026 <\/p>\n<div class=\"pmpro_content_message\">Artikel nur f\u00fcr Abonnenten sichtbar.<br \/><a href=\"https:\/\/territorialchallenges.com\/wp-login.php\">Verbindung<\/a><br \/><a href=\"https:\/\/territorialchallenges.com\/de\/wp-login.php\/?action=register\">Registrieren<\/a><\/div>","protected":false},"excerpt":{"rendered":"<p>L&rsquo;usine SoTecIn, un projet financ\u00e9 par l&rsquo;UE, se tourne vers les innovateurs sociaux pour fa\u00e7onner l&rsquo;avenir de l&rsquo;industrie agroalimentaire, textile, plastique et de l&#8217;emballage en adoptant des solutions circulaires et durables. D\u00e9couvrez comment ce consortium d&rsquo;innovation sociale ambitionne de transformer les cha\u00eenes de valeur industrielles pour un avenir plus r\u00e9silient et respectueux de l&rsquo;environnement. L&rsquo;\u00e9conomie... <\/p>\n<div class=\"pmpro_content_message\">Artikel nur f\u00fcr Abonnenten sichtbar.<br \/><a href=\"https:\/\/territorialchallenges.com\/wp-login.php\">Verbindung<\/a><br \/><a href=\"https:\/\/territorialchallenges.com\/de\/wp-login.php\/?action=register\">Registrieren<\/a><\/div>","protected":false},"author":11,"featured_media":120975,"comment_status":"open","ping_status":"open","sticky":true,"template":"","format":"standard","meta":{"pmpro_default_level":0,"footnotes":""},"categories":[17,127],"tags":[],"blocksy_meta":"","yoast_head":"<!-- This site is optimized with the Yoast SEO plugin v21.5 - https:\/\/yoast.com\/wordpress\/plugins\/seo\/ -->\n<title>SoTecIn : Un Appel europ\u00e9en aux Innovateurs Sociaux pour une R\u00e9volution Circulaire dans l&#039;Industrie 4.0 - Territorial Challenges<\/title>\n<meta name=\"robots\" content=\"index, follow, max-snippet:-1, max-image-preview:large, max-video-preview:-1\" \/>\n<link rel=\"canonical\" href=\"https:\/\/territorialchallenges.com\/de\/2023\/08\/15\/sotecin-un-appel-europeen-aux-innovateurs-sociaux-pour-une-revolution-circulaire-dans-lindustrie-4-0\/120974\/\" \/>\n<meta property=\"og:locale\" content=\"de_DE\" \/>\n<meta property=\"og:type\" content=\"article\" \/>\n<meta property=\"og:title\" content=\"SoTecIn : Un Appel europ\u00e9en aux Innovateurs Sociaux pour une R\u00e9volution Circulaire dans l&#039;Industrie 4.0 - Territorial Challenges\" \/>\n<meta property=\"og:description\" content=\"L&rsquo;usine SoTecIn, un projet financ\u00e9 par l&rsquo;UE, se tourne vers les innovateurs sociaux pour fa\u00e7onner l&rsquo;avenir de l&rsquo;industrie agroalimentaire, textile, plastique et de l&#8217;emballage en adoptant des solutions circulaires et durables. D\u00e9couvrez comment ce consortium d&rsquo;innovation sociale ambitionne de transformer les cha\u00eenes de valeur industrielles pour un avenir plus r\u00e9silient et respectueux de l&rsquo;environnement. L&rsquo;\u00e9conomie [&hellip;]\" \/>\n<meta property=\"og:url\" content=\"https:\/\/territorialchallenges.com\/de\/2023\/08\/15\/sotecin-un-appel-europeen-aux-innovateurs-sociaux-pour-une-revolution-circulaire-dans-lindustrie-4-0\/120974\/\" \/>\n<meta property=\"og:site_name\" content=\"Territorial Challenges\" \/>\n<meta property=\"article:published_time\" content=\"2023-08-15T06:40:29+00:00\" \/>\n<meta property=\"og:image\" content=\"https:\/\/territorialchallenges.com\/wp-content\/uploads\/2023\/08\/smartindustryAmsterdamphoto.jpg\" \/>\n\t<meta property=\"og:image:width\" content=\"1280\" \/>\n\t<meta property=\"og:image:height\" content=\"632\" \/>\n\t<meta property=\"og:image:type\" content=\"image\/jpeg\" \/>\n<meta name=\"author\" content=\"ni.abdi\" \/>\n<meta name=\"twitter:card\" content=\"summary_large_image\" \/>\n<meta name=\"twitter:creator\" content=\"@Ni.abdi\" \/>\n<meta name=\"twitter:label1\" content=\"Verfasst von\" \/>\n\t<meta name=\"twitter:data1\" content=\"ni.abdi\" \/>\n\t<meta name=\"twitter:label2\" content=\"Gesch\u00e4tzte Lesezeit\" \/>\n\t<meta name=\"twitter:data2\" content=\"3\u00a0Minuten\" \/>\n<script type=\"application\/ld+json\" class=\"yoast-schema-graph\">{\"@context\":\"https:\/\/schema.org\",\"@graph\":[{\"@type\":\"Article\",\"@id\":\"https:\/\/territorialchallenges.com\/2023\/08\/15\/sotecin-un-appel-europeen-aux-innovateurs-sociaux-pour-une-revolution-circulaire-dans-lindustrie-4-0\/120974\/#article\",\"isPartOf\":{\"@id\":\"https:\/\/territorialchallenges.com\/2023\/08\/15\/sotecin-un-appel-europeen-aux-innovateurs-sociaux-pour-une-revolution-circulaire-dans-lindustrie-4-0\/120974\/\"},\"author\":{\"name\":\"ni.abdi\",\"@id\":\"https:\/\/territorialchallenges.com\/#\/schema\/person\/098f145c7c61a021c425e010f840080f\"},\"headline\":\"SoTecIn : Un Appel europ\u00e9en aux Innovateurs Sociaux pour une R\u00e9volution Circulaire dans l&rsquo;Industrie 4.0\",\"datePublished\":\"2023-08-15T06:40:29+00:00\",\"dateModified\":\"2023-08-15T06:40:29+00:00\",\"mainEntityOfPage\":{\"@id\":\"https:\/\/territorialchallenges.com\/2023\/08\/15\/sotecin-un-appel-europeen-aux-innovateurs-sociaux-pour-une-revolution-circulaire-dans-lindustrie-4-0\/120974\/\"},\"wordCount\":741,\"commentCount\":0,\"publisher\":{\"@id\":\"https:\/\/territorialchallenges.com\/#organization\"},\"articleSection\":[\"Industrie 5.0\",\"Actualit\u00e9 Europe\"],\"inLanguage\":\"de\"},{\"@type\":\"WebPage\",\"@id\":\"https:\/\/territorialchallenges.com\/2023\/08\/15\/sotecin-un-appel-europeen-aux-innovateurs-sociaux-pour-une-revolution-circulaire-dans-lindustrie-4-0\/120974\/\",\"url\":\"https:\/\/territorialchallenges.com\/2023\/08\/15\/sotecin-un-appel-europeen-aux-innovateurs-sociaux-pour-une-revolution-circulaire-dans-lindustrie-4-0\/120974\/\",\"name\":\"SoTecIn : Un Appel europ\u00e9en aux Innovateurs Sociaux pour une R\u00e9volution Circulaire dans l'Industrie 4.0 - Territorial Challenges\",\"isPartOf\":{\"@id\":\"https:\/\/territorialchallenges.com\/#website\"},\"datePublished\":\"2023-08-15T06:40:29+00:00\",\"dateModified\":\"2023-08-15T06:40:29+00:00\",\"breadcrumb\":{\"@id\":\"https:\/\/territorialchallenges.com\/2023\/08\/15\/sotecin-un-appel-europeen-aux-innovateurs-sociaux-pour-une-revolution-circulaire-dans-lindustrie-4-0\/120974\/#breadcrumb\"},\"inLanguage\":\"de\",\"potentialAction\":[{\"@type\":\"ReadAction\",\"target\":[\"https:\/\/territorialchallenges.com\/2023\/08\/15\/sotecin-un-appel-europeen-aux-innovateurs-sociaux-pour-une-revolution-circulaire-dans-lindustrie-4-0\/120974\/\"]}]},{\"@type\":\"BreadcrumbList\",\"@id\":\"https:\/\/territorialchallenges.com\/2023\/08\/15\/sotecin-un-appel-europeen-aux-innovateurs-sociaux-pour-une-revolution-circulaire-dans-lindustrie-4-0\/120974\/#breadcrumb\",\"itemListElement\":[{\"@type\":\"ListItem\",\"position\":1,\"name\":\"Home\",\"item\":\"https:\/\/territorialchallenges.com\/\"},{\"@type\":\"ListItem\",\"position\":2,\"name\":\"SoTecIn : Un Appel europ\u00e9en aux Innovateurs Sociaux pour une R\u00e9volution Circulaire dans l&rsquo;Industrie 4.0\"}]},{\"@type\":\"WebSite\",\"@id\":\"https:\/\/territorialchallenges.com\/#website\",\"url\":\"https:\/\/territorialchallenges.com\/\",\"name\":\"Territorial Challenges\",\"description\":\"Veille Internationale - Strat\u00e9gie Intelligentes - Bonnes pratiques\",\"publisher\":{\"@id\":\"https:\/\/territorialchallenges.com\/#organization\"},\"potentialAction\":[{\"@type\":\"SearchAction\",\"target\":{\"@type\":\"EntryPoint\",\"urlTemplate\":\"https:\/\/territorialchallenges.com\/?s={search_term_string}\"},\"query-input\":\"required name=search_term_string\"}],\"inLanguage\":\"de\"},{\"@type\":\"Organization\",\"@id\":\"https:\/\/territorialchallenges.com\/#organization\",\"name\":\"Territorial Challenges\",\"url\":\"https:\/\/territorialchallenges.com\/\",\"logo\":{\"@type\":\"ImageObject\",\"inLanguage\":\"de\",\"@id\":\"https:\/\/territorialchallenges.com\/#\/schema\/logo\/image\/\",\"url\":\"https:\/\/territorialchallenges.com\/wp-content\/uploads\/2023\/10\/logo-1.png\",\"contentUrl\":\"https:\/\/territorialchallenges.com\/wp-content\/uploads\/2023\/10\/logo-1.png\",\"width\":1832,\"height\":576,\"caption\":\"Territorial Challenges\"},\"image\":{\"@id\":\"https:\/\/territorialchallenges.com\/#\/schema\/logo\/image\/\"}},{\"@type\":\"Person\",\"@id\":\"https:\/\/territorialchallenges.com\/#\/schema\/person\/098f145c7c61a021c425e010f840080f\",\"name\":\"ni.abdi\",\"image\":{\"@type\":\"ImageObject\",\"inLanguage\":\"de\",\"@id\":\"https:\/\/territorialchallenges.com\/#\/schema\/person\/image\/\",\"url\":\"https:\/\/secure.gravatar.com\/avatar\/2a2f2491f3c80039986ba989b1e4b510?s=96&d=identicon&r=g\",\"contentUrl\":\"https:\/\/secure.gravatar.com\/avatar\/2a2f2491f3c80039986ba989b1e4b510?s=96&d=identicon&r=g\",\"caption\":\"ni.abdi\"},\"sameAs\":[\"https:\/\/twitter.com\/Ni.abdi\"],\"url\":\"https:\/\/territorialchallenges.com\/de\/author\/ni-abdi\/\"}]}<\/script>\n<!-- \/ Yoast SEO plugin. -->","yoast_head_json":{"title":"SoTecIn : Un Appel europ\u00e9en aux Innovateurs Sociaux pour une R\u00e9volution Circulaire dans l'Industrie 4.0 - Territorial Challenges","robots":{"index":"index","follow":"follow","max-snippet":"max-snippet:-1","max-image-preview":"max-image-preview:large","max-video-preview":"max-video-preview:-1"},"canonical":"https:\/\/territorialchallenges.com\/de\/2023\/08\/15\/sotecin-un-appel-europeen-aux-innovateurs-sociaux-pour-une-revolution-circulaire-dans-lindustrie-4-0\/120974\/","og_locale":"de_DE","og_type":"article","og_title":"SoTecIn : Un Appel europ\u00e9en aux Innovateurs Sociaux pour une R\u00e9volution Circulaire dans l'Industrie 4.0 - Territorial Challenges","og_description":"L&rsquo;usine SoTecIn, un projet financ\u00e9 par l&rsquo;UE, se tourne vers les innovateurs sociaux pour fa\u00e7onner l&rsquo;avenir de l&rsquo;industrie agroalimentaire, textile, plastique et de l&#8217;emballage en adoptant des solutions circulaires et durables. D\u00e9couvrez comment ce consortium d&rsquo;innovation sociale ambitionne de transformer les cha\u00eenes de valeur industrielles pour un avenir plus r\u00e9silient et respectueux de l&rsquo;environnement. L&rsquo;\u00e9conomie [&hellip;]","og_url":"https:\/\/territorialchallenges.com\/de\/2023\/08\/15\/sotecin-un-appel-europeen-aux-innovateurs-sociaux-pour-une-revolution-circulaire-dans-lindustrie-4-0\/120974\/","og_site_name":"Territorial Challenges","article_published_time":"2023-08-15T06:40:29+00:00","og_image":[{"width":1280,"height":632,"url":"https:\/\/territorialchallenges.com\/wp-content\/uploads\/2023\/08\/smartindustryAmsterdamphoto.jpg","type":"image\/jpeg"}],"author":"ni.abdi","twitter_card":"summary_large_image","twitter_creator":"@Ni.abdi","twitter_misc":{"Verfasst von":"ni.abdi","Gesch\u00e4tzte Lesezeit":"3\u00a0Minuten"},"schema":{"@context":"https:\/\/schema.org","@graph":[{"@type":"Article","@id":"https:\/\/territorialchallenges.com\/2023\/08\/15\/sotecin-un-appel-europeen-aux-innovateurs-sociaux-pour-une-revolution-circulaire-dans-lindustrie-4-0\/120974\/#article","isPartOf":{"@id":"https:\/\/territorialchallenges.com\/2023\/08\/15\/sotecin-un-appel-europeen-aux-innovateurs-sociaux-pour-une-revolution-circulaire-dans-lindustrie-4-0\/120974\/"},"author":{"name":"ni.abdi","@id":"https:\/\/territorialchallenges.com\/#\/schema\/person\/098f145c7c61a021c425e010f840080f"},"headline":"SoTecIn : Un Appel europ\u00e9en aux Innovateurs Sociaux pour une R\u00e9volution Circulaire dans l&rsquo;Industrie 4.0","datePublished":"2023-08-15T06:40:29+00:00","dateModified":"2023-08-15T06:40:29+00:00","mainEntityOfPage":{"@id":"https:\/\/territorialchallenges.com\/2023\/08\/15\/sotecin-un-appel-europeen-aux-innovateurs-sociaux-pour-une-revolution-circulaire-dans-lindustrie-4-0\/120974\/"},"wordCount":741,"commentCount":0,"publisher":{"@id":"https:\/\/territorialchallenges.com\/#organization"},"articleSection":["Industrie 5.0","Actualit\u00e9 Europe"],"inLanguage":"de"},{"@type":"WebPage","@id":"https:\/\/territorialchallenges.com\/2023\/08\/15\/sotecin-un-appel-europeen-aux-innovateurs-sociaux-pour-une-revolution-circulaire-dans-lindustrie-4-0\/120974\/","url":"https:\/\/territorialchallenges.com\/2023\/08\/15\/sotecin-un-appel-europeen-aux-innovateurs-sociaux-pour-une-revolution-circulaire-dans-lindustrie-4-0\/120974\/","name":"SoTecIn : Un Appel europ\u00e9en aux Innovateurs Sociaux pour une R\u00e9volution Circulaire dans l'Industrie 4.0 - Territorial Challenges","isPartOf":{"@id":"https:\/\/territorialchallenges.com\/#website"},"datePublished":"2023-08-15T06:40:29+00:00","dateModified":"2023-08-15T06:40:29+00:00","breadcrumb":{"@id":"https:\/\/territorialchallenges.com\/2023\/08\/15\/sotecin-un-appel-europeen-aux-innovateurs-sociaux-pour-une-revolution-circulaire-dans-lindustrie-4-0\/120974\/#breadcrumb"},"inLanguage":"de","potentialAction":[{"@type":"ReadAction","target":["https:\/\/territorialchallenges.com\/2023\/08\/15\/sotecin-un-appel-europeen-aux-innovateurs-sociaux-pour-une-revolution-circulaire-dans-lindustrie-4-0\/120974\/"]}]},{"@type":"BreadcrumbList","@id":"https:\/\/territorialchallenges.com\/2023\/08\/15\/sotecin-un-appel-europeen-aux-innovateurs-sociaux-pour-une-revolution-circulaire-dans-lindustrie-4-0\/120974\/#breadcrumb","itemListElement":[{"@type":"ListItem","position":1,"name":"Home","item":"https:\/\/territorialchallenges.com\/"},{"@type":"ListItem","position":2,"name":"SoTecIn : Un Appel europ\u00e9en aux Innovateurs Sociaux pour une R\u00e9volution Circulaire dans l&rsquo;Industrie 4.0"}]},{"@type":"WebSite","@id":"https:\/\/territorialchallenges.com\/#website","url":"https:\/\/territorialchallenges.com\/","name":"Territoriale Herausforderungen","description":"Internationales Monitoring \u2013 Intelligente Strategien \u2013 Best Practices","publisher":{"@id":"https:\/\/territorialchallenges.com\/#organization"},"potentialAction":[{"@type":"SearchAction","target":{"@type":"EntryPoint","urlTemplate":"https:\/\/territorialchallenges.com\/?s={search_term_string}"},"query-input":"required name=search_term_string"}],"inLanguage":"de"},{"@type":"Organization","@id":"https:\/\/territorialchallenges.com\/#organization","name":"Territoriale Herausforderungen","url":"https:\/\/territorialchallenges.com\/","logo":{"@type":"ImageObject","inLanguage":"de","@id":"https:\/\/territorialchallenges.com\/#\/schema\/logo\/image\/","url":"https:\/\/territorialchallenges.com\/wp-content\/uploads\/2023\/10\/logo-1.png","contentUrl":"https:\/\/territorialchallenges.com\/wp-content\/uploads\/2023\/10\/logo-1.png","width":1832,"height":576,"caption":"Territorial Challenges"},"image":{"@id":"https:\/\/territorialchallenges.com\/#\/schema\/logo\/image\/"}},{"@type":"Person","@id":"https:\/\/territorialchallenges.com\/#\/schema\/person\/098f145c7c61a021c425e010f840080f","name":"ni.abdi","image":{"@type":"ImageObject","inLanguage":"de","@id":"https:\/\/territorialchallenges.com\/#\/schema\/person\/image\/","url":"https:\/\/secure.gravatar.com\/avatar\/2a2f2491f3c80039986ba989b1e4b510?s=96&d=identicon&r=g","contentUrl":"https:\/\/secure.gravatar.com\/avatar\/2a2f2491f3c80039986ba989b1e4b510?s=96&d=identicon&r=g","caption":"ni.abdi"},"sameAs":["https:\/\/twitter.com\/Ni.abdi"],"url":"https:\/\/territorialchallenges.com\/de\/author\/ni-abdi\/"}]}},"_links":{"self":[{"href":"https:\/\/territorialchallenges.com\/de\/wp-json\/wp\/v2\/posts\/120974"}],"collection":[{"href":"https:\/\/territorialchallenges.com\/de\/wp-json\/wp\/v2\/posts"}],"about":[{"href":"https:\/\/territorialchallenges.com\/de\/wp-json\/wp\/v2\/types\/post"}],"author":[{"embeddable":true,"href":"https:\/\/territorialchallenges.com\/de\/wp-json\/wp\/v2\/users\/11"}],"replies":[{"embeddable":true,"href":"https:\/\/territorialchallenges.com\/de\/wp-json\/wp\/v2\/comments?post=120974"}],"version-history":[{"count":1,"href":"https:\/\/territorialchallenges.com\/de\/wp-json\/wp\/v2\/posts\/120974\/revisions"}],"predecessor-version":[{"id":120979,"href":"https:\/\/territorialchallenges.com\/de\/wp-json\/wp\/v2\/posts\/120974\/revisions\/120979"}],"wp:featuredmedia":[{"embeddable":true,"href":"https:\/\/territorialchallenges.com\/de\/wp-json\/wp\/v2\/media\/120975"}],"wp:attachment":[{"href":"https:\/\/territorialchallenges.com\/de\/wp-json\/wp\/v2\/media?parent=120974"}],"wp:term":[{"taxonomy":"category","embeddable":true,"href":"https:\/\/territorialchallenges.com\/de\/wp-json\/wp\/v2\/categories?post=120974"},{"taxonomy":"post_tag","embeddable":true,"href":"https:\/\/territorialchallenges.com\/de\/wp-json\/wp\/v2\/tags?post=120974"}],"curies":[{"name":"wp","href":"https:\/\/api.w.org\/{rel}","templated":true}]}}